{"id":19096,"date":"2025-07-15T16:03:59","date_gmt":"2025-07-15T16:03:59","guid":{"rendered":"https:\/\/discoveralmunecar.com\/?p=19096"},"modified":"2025-07-15T16:03:59","modified_gmt":"2025-07-15T16:03:59","slug":"fest-der-jungfrau-von-carmen-in-almunecar","status":"publish","type":"post","link":"https:\/\/discoveralmunecar.com\/de\/fest-der-jungfrau-von-carmen-in-almunecar\/","title":{"rendered":"Fest der Jungfrau von Carmen in Almu\u00f1\u00e9car"},"content":{"rendered":"<p>[vc_row][vc_column][vc_single_image image=&#8221;18896&#8243; img_size=&#8221;full&#8221;][\/vc_column][\/vc_row][vc_row][vc_column]<div class=\"text-block\" ><div class=\"simple-text \"><p>Wie jedes Jahr am 16. Juli schm\u00fcckt sich Almu\u00f1\u00e9car, die \u00e4lteste Mittelmeerstadt Spaniens, zu Ehren einer ihrer beliebtesten Verehrungsfiguren: der Jungfrau Carmen, der Schutzpatronin der Seefahrer. Dieses Fest, tief in den Herzen der Sexitanos verwurzelt, ist viel mehr als nur ein religi\u00f6ses Fest; es ist Ausdruck von Identit\u00e4t, Seefahrerkultur und gemeinsamen Emotionen, das Jahr f\u00fcr Jahr Einheimische und Besucher anzieht, um einen der sch\u00f6nsten Tage des Sommers zu erleben.<\/p>\n<\/div><\/div>[vc_empty_space]<div class=\"text-block\" ><div class=\"simple-text \"><h3>Ein Fest, das Land und Meer vereint<\/h3>\n<p>Das Fest Unserer Lieben Frau vom Berge Karmel in Almu\u00f1\u00e9car findet im Viertel Los Marinos neben dem Strand San Crist\u00f3bal statt, wo sich die kleine, aber charmante, der Jungfrau gewidmete Wallfahrtskirche befindet. Schon Tage zuvor erf\u00fcllt sich die Atmosph\u00e4re mit Inbrunst und Vorbereitungen. Die Stra\u00dfen sind mit Laternen, Fahnen und Blumen geschm\u00fcckt, w\u00e4hrend Fischer ihre Boote f\u00fcr die traditionelle Seeprozession schm\u00fccken.<\/p>\n<p>Der 16. Juli beginnt mit einer feierlichen Messe zu Ehren Unserer Lieben Frau vom Berge Karmel, bei der sich Einwohner, Beh\u00f6rden und Bruderschaften versammeln, um sie um Schutz zu bitten und f\u00fcr ihre F\u00fchrung zu danken. Der mit Spannung erwartete Moment kommt am Nachmittag, wenn das mit Blumen geschm\u00fcckte Bildnis der Jungfrau unter Jubel, Gesang und tiefen Emotionen in einer Prozession durch das Land getragen wird.<\/p>\n<\/div><\/div>[vc_empty_space]<div class=\"text-block\" ><div class=\"simple-text \"><h3>Die maritime Prozession: Die Seele des Festes<\/h3>\n<p>Eines der eindrucksvollsten und symboltr\u00e4chtigsten Ereignisse dieses Festes ist die maritime Prozession. Nach dem Durchqueren der Hauptstra\u00dfen wird die Jungfrau Maria auf den Schultern von Seeleuten ans Ufer getragen und dort vorsichtig auf eine traditionelle Jabega geladen. Von dort aus beginnt die Reise durch die Sexitana-Bucht, begleitet von Dutzenden Booten, die unter dem Klang von Sirenen, Leuchtraketen und Saluten dahinsegeln \u2013 ein unvergessliches Schauspiel.<\/p>\n<p>Das Meer wird zum gro\u00dfen Altar dieses Festes. Die mit Blumen, Flaggen und nautischen Motiven geschm\u00fcckten Boote umringen die Jungfrau Maria, w\u00e4hrend sie langsam die K\u00fcste entlangfahren. Auf halbem Weg wird ein Halt eingelegt, um den verstorbenen Seeleuten zu gedenken und einen Kranz ins Meer zu werfen \u2013 ein Akt voller Symbolik und Emotion.<\/p>\n<\/div><\/div>[vc_empty_space][vc_empty_space][vc_single_image image=&#8221;18902&#8243; img_size=&#8221;full&#8221;]<div class=\"text-block\" ><div class=\"simple-text \"><h3>Ein Erlebnis f\u00fcr alle Sinne<\/h3>\n<p>Das Fest der Virgen del Carmen w\u00e4re ohne seine unterhaltsamen und volkst\u00fcmlichen Elemente nicht komplett. Den ganzen Tag \u00fcber sind das Viertel Los Marinos und andere Stadtteile voller Musik, Essen und Freude. Die Terrassen f\u00fcllen sich mit Familien und Freundesgruppen, die die Gelegenheit nutzen, frittierten Fisch, Sardinenspie\u00dfe und andere lokale K\u00f6stlichkeiten zu genie\u00dfen, w\u00e4hrend Pasodobles, Sevillanas und Live-Musik erklingen.<\/p>\n<p>Dar\u00fcber hinaus organisiert die Stadt Almu\u00f1\u00e9car regelm\u00e4\u00dfig erg\u00e4nzende Aktivit\u00e4ten f\u00fcr alle Altersgruppen: Konzerte, Kinderspiele, Paraden und Feuerwerke, die die Sexitana-Nacht als kr\u00f6nenden Abschluss eines magischen Tages erhellen.<\/p>\n<\/div><\/div>[vc_empty_space]<div class=\"text-block\" ><div class=\"simple-text \"><h3>Ein Sommer-Event, das Sie an der Costa Tropical nicht verpassen sollten<\/h3>\n<p>Das Fest der Virgen del Carmen in Almu\u00f1\u00e9car ist ein unvergessliches Erlebnis. Die Kombination aus Hingabe, Seefahrerkultur, Natursch\u00f6nheit und festlicher Atmosph\u00e4re macht es zu einem Muss f\u00fcr alle, die im Juli die Costa Tropical besuchen. Es ist auch eine hervorragende Gelegenheit, die Seele eines Volkes zu erleben, das mit Dankbarkeit und Stolz auf das Meer blickt.<\/p>\n<p>Ob Sie Liebhaber volkst\u00fcmlicher Traditionen sind, authentische Momente erleben m\u00f6chten oder einfach nur einen einzigartigen Tag am Mittelmeer erleben m\u00f6chten \u2013 das Fest der Virgen del Carmen in Almu\u00f1\u00e9car erwartet Sie mit offenen Armen.<\/p>\n<\/div><\/div>[vc_empty_space]<div class=\"text-block\" ><div class=\"simple-text \"><h3>Planen Sie Ihren Besuch<\/h3>\n<p>Wenn Sie den Sommer 2025 in Almu\u00f1\u00e9car verbringen m\u00f6chten, sollten Sie sich den 16. Juli unbedingt vormerken. Kommen Sie fr\u00fchzeitig, um sich einen sch\u00f6nen Platz am Strand von San Crist\u00f3bal zu sichern, die lokale K\u00fcche zu probieren und in eine der beliebtesten Traditionen der Stadt einzutauchen.<\/p>\n<\/div><\/div>[vc_empty_space]<div class=\"text-block\" ><div class=\"simple-text \"><h3>Kommen Sie und erleben Sie die Jungfrau von Carmen!<\/h3>\n<p>Wir von Discover Almu\u00f1\u00e9car laden Sie ein, dieses Fest mit allen f\u00fcnf Sinnen zu genie\u00dfen, sich vom Seefahrerglauben einer Stadt ber\u00fchren zu lassen und mit uns einen Tag zu feiern, der Vergangenheit und Gegenwart am Meer vereint.<\/p>\n<p>Warten Sie nicht l\u00e4nger, sondern kommen Sie, erleben Sie es und genie\u00dfen Sie es \u2013 Sie werden es nicht bereuen.<\/p>\n<\/div><\/div>[\/vc_column][\/vc_row]<\/p>\n","protected":false},"excerpt":{"rendered":"<p>[vc_row][vc_column][vc_single_image image=&#8221;18896&#8243; img_size=&#8221;full&#8221;][\/vc_column][\/vc_row][vc_row][vc_column][vc_empty_space][vc_empty_space][vc_empty_space][vc_empty_space][vc_single_image image=&#8221;18902&#8243; img_size=&#8221;full&#8221;][vc_empty_space][vc_empty_space][vc_empty_space][\/vc_column][\/vc_row]<\/p>\n","protected":false},"author":2,"featured_media":18890,"comment_status":"open","ping_status":"closed","sticky":false,"template":"","format":"standard","meta":{"footnotes":""},"categories":[247,243,244,245],"tags":[],"class_list":["post-19096","post","type-post","status-publish","format-standard","has-post-thumbnail","hentry","category-geschichte-von-almunecar","category-kultur-in-almunecar","category-kulturprogramm-von-almunecar","category-veranstaltungen-in-almunecar"],"yoast_head":"<!-- This site is optimized with the Yoast SEO plugin v27.3 - https:\/\/yoast.com\/product\/yoast-seo-wordpress\/ -->\n<title>Fest der Jungfrau von Carmen in Almu\u00f1\u00e9car -<\/title>\n<meta name=\"robots\" content=\"index, follow, max-snippet:-1, max-image-preview:large, max-video-preview:-1\" \/>\n<link rel=\"canonical\" href=\"https:\/\/discoveralmunecar.com\/de\/fest-der-jungfrau-von-carmen-in-almunecar\/\" \/>\n<meta property=\"og:locale\" content=\"de_DE\" \/>\n<meta property=\"og:type\" content=\"article\" \/>\n<meta property=\"og:title\" content=\"Fest der Jungfrau von Carmen in Almu\u00f1\u00e9car -\" \/>\n<meta property=\"og:description\" content=\"[vc_row][vc_column][vc_single_image image=&#8221;18896&#8243; img_size=&#8221;full&#8221;][\/vc_column][\/vc_row][vc_row][vc_column][vc_empty_space][vc_empty_space][vc_empty_space][vc_empty_space][vc_single_image image=&#8221;18902&#8243; img_size=&#8221;full&#8221;][vc_empty_space][vc_empty_space][vc_empty_space][\/vc_column][\/vc_row]\" \/>\n<meta property=\"og:url\" content=\"https:\/\/discoveralmunecar.com\/de\/fest-der-jungfrau-von-carmen-in-almunecar\/\" \/>\n<meta property=\"article:published_time\" content=\"2025-07-15T16:03:59+00:00\" \/>\n<meta property=\"og:image\" content=\"https:\/\/discoveralmunecar.com\/wp-content\/uploads\/2025\/05\/Virgen-del-Carmen@0.5x.webp\" \/>\n\t<meta property=\"og:image:width\" content=\"2401\" \/>\n\t<meta property=\"og:image:height\" content=\"994\" \/>\n\t<meta property=\"og:image:type\" content=\"image\/webp\" \/>\n<meta name=\"author\" content=\"Admin\" \/>\n<meta name=\"twitter:card\" content=\"summary_large_image\" \/>\n<meta name=\"twitter:label1\" content=\"Verfasst von\" \/>\n\t<meta name=\"twitter:data1\" content=\"Admin\" \/>\n\t<meta name=\"twitter:label2\" content=\"Gesch\u00e4tzte Lesezeit\" \/>\n\t<meta name=\"twitter:data2\" content=\"4\u00a0Minuten\" \/>\n<script type=\"application\/ld+json\" class=\"yoast-schema-graph\">{\"@context\":\"https:\\\/\\\/schema.org\",\"@graph\":[{\"@type\":\"Article\",\"@id\":\"https:\\\/\\\/discoveralmunecar.com\\\/de\\\/fest-der-jungfrau-von-carmen-in-almunecar\\\/#article\",\"isPartOf\":{\"@id\":\"https:\\\/\\\/discoveralmunecar.com\\\/de\\\/fest-der-jungfrau-von-carmen-in-almunecar\\\/\"},\"author\":{\"name\":\"Admin\",\"@id\":\"https:\\\/\\\/discoveralmunecar.com\\\/de\\\/#\\\/schema\\\/person\\\/7d931359380d442b7e8832cd0d6a2db0\"},\"headline\":\"Fest der Jungfrau von Carmen in Almu\u00f1\u00e9car\",\"datePublished\":\"2025-07-15T16:03:59+00:00\",\"mainEntityOfPage\":{\"@id\":\"https:\\\/\\\/discoveralmunecar.com\\\/de\\\/fest-der-jungfrau-von-carmen-in-almunecar\\\/\"},\"wordCount\":789,\"commentCount\":0,\"image\":{\"@id\":\"https:\\\/\\\/discoveralmunecar.com\\\/de\\\/fest-der-jungfrau-von-carmen-in-almunecar\\\/#primaryimage\"},\"thumbnailUrl\":\"https:\\\/\\\/discoveralmunecar.com\\\/wp-content\\\/uploads\\\/2025\\\/05\\\/Virgen-del-Carmen@0.5x.webp\",\"articleSection\":[\"Geschichte von Almu\u00f1ecar\",\"Kultur in Almu\u00f1\u00e9car\",\"Kulturprogramm von Almu\u00f1\u00e9car\",\"Veranstaltungen in Almu\u00f1ecar\"],\"inLanguage\":\"de\",\"potentialAction\":[{\"@type\":\"CommentAction\",\"name\":\"Comment\",\"target\":[\"https:\\\/\\\/discoveralmunecar.com\\\/de\\\/fest-der-jungfrau-von-carmen-in-almunecar\\\/#respond\"]}]},{\"@type\":\"WebPage\",\"@id\":\"https:\\\/\\\/discoveralmunecar.com\\\/de\\\/fest-der-jungfrau-von-carmen-in-almunecar\\\/\",\"url\":\"https:\\\/\\\/discoveralmunecar.com\\\/de\\\/fest-der-jungfrau-von-carmen-in-almunecar\\\/\",\"name\":\"Fest der Jungfrau von Carmen in Almu\u00f1\u00e9car -\",\"isPartOf\":{\"@id\":\"https:\\\/\\\/discoveralmunecar.com\\\/de\\\/#website\"},\"primaryImageOfPage\":{\"@id\":\"https:\\\/\\\/discoveralmunecar.com\\\/de\\\/fest-der-jungfrau-von-carmen-in-almunecar\\\/#primaryimage\"},\"image\":{\"@id\":\"https:\\\/\\\/discoveralmunecar.com\\\/de\\\/fest-der-jungfrau-von-carmen-in-almunecar\\\/#primaryimage\"},\"thumbnailUrl\":\"https:\\\/\\\/discoveralmunecar.com\\\/wp-content\\\/uploads\\\/2025\\\/05\\\/Virgen-del-Carmen@0.5x.webp\",\"datePublished\":\"2025-07-15T16:03:59+00:00\",\"author\":{\"@id\":\"https:\\\/\\\/discoveralmunecar.com\\\/de\\\/#\\\/schema\\\/person\\\/7d931359380d442b7e8832cd0d6a2db0\"},\"breadcrumb\":{\"@id\":\"https:\\\/\\\/discoveralmunecar.com\\\/de\\\/fest-der-jungfrau-von-carmen-in-almunecar\\\/#breadcrumb\"},\"inLanguage\":\"de\",\"potentialAction\":[{\"@type\":\"ReadAction\",\"target\":[\"https:\\\/\\\/discoveralmunecar.com\\\/de\\\/fest-der-jungfrau-von-carmen-in-almunecar\\\/\"]}]},{\"@type\":\"ImageObject\",\"inLanguage\":\"de\",\"@id\":\"https:\\\/\\\/discoveralmunecar.com\\\/de\\\/fest-der-jungfrau-von-carmen-in-almunecar\\\/#primaryimage\",\"url\":\"https:\\\/\\\/discoveralmunecar.com\\\/wp-content\\\/uploads\\\/2025\\\/05\\\/Virgen-del-Carmen@0.5x.webp\",\"contentUrl\":\"https:\\\/\\\/discoveralmunecar.com\\\/wp-content\\\/uploads\\\/2025\\\/05\\\/Virgen-del-Carmen@0.5x.webp\",\"width\":2401,\"height\":994},{\"@type\":\"BreadcrumbList\",\"@id\":\"https:\\\/\\\/discoveralmunecar.com\\\/de\\\/fest-der-jungfrau-von-carmen-in-almunecar\\\/#breadcrumb\",\"itemListElement\":[{\"@type\":\"ListItem\",\"position\":1,\"name\":\"Home\",\"item\":\"https:\\\/\\\/discoveralmunecar.com\\\/de\\\/\"},{\"@type\":\"ListItem\",\"position\":2,\"name\":\"Fest der Jungfrau von Carmen in Almu\u00f1\u00e9car\"}]},{\"@type\":\"WebSite\",\"@id\":\"https:\\\/\\\/discoveralmunecar.com\\\/de\\\/#website\",\"url\":\"https:\\\/\\\/discoveralmunecar.com\\\/de\\\/\",\"name\":\"\",\"description\":\"Just another WordPress site\\n\",\"potentialAction\":[{\"@type\":\"SearchAction\",\"target\":{\"@type\":\"EntryPoint\",\"urlTemplate\":\"https:\\\/\\\/discoveralmunecar.com\\\/de\\\/?s={search_term_string}\"},\"query-input\":{\"@type\":\"PropertyValueSpecification\",\"valueRequired\":true,\"valueName\":\"search_term_string\"}}],\"inLanguage\":\"de\"},{\"@type\":\"Person\",\"@id\":\"https:\\\/\\\/discoveralmunecar.com\\\/de\\\/#\\\/schema\\\/person\\\/7d931359380d442b7e8832cd0d6a2db0\",\"name\":\"Admin\",\"image\":{\"@type\":\"ImageObject\",\"inLanguage\":\"de\",\"@id\":\"https:\\\/\\\/secure.gravatar.com\\\/avatar\\\/87aff11e22fb9eda78c606aa27a60cd99fc49aac3a2cf4688b14253df494fd22?s=96&d=mm&r=g\",\"url\":\"https:\\\/\\\/secure.gravatar.com\\\/avatar\\\/87aff11e22fb9eda78c606aa27a60cd99fc49aac3a2cf4688b14253df494fd22?s=96&d=mm&r=g\",\"contentUrl\":\"https:\\\/\\\/secure.gravatar.com\\\/avatar\\\/87aff11e22fb9eda78c606aa27a60cd99fc49aac3a2cf4688b14253df494fd22?s=96&d=mm&r=g\",\"caption\":\"Admin\"},\"url\":\"https:\\\/\\\/discoveralmunecar.com\\\/de\\\/author\\\/pedro-espinosa\\\/\"}]}<\/script>\n<!-- \/ Yoast SEO plugin. -->","yoast_head_json":{"title":"Fest der Jungfrau von Carmen in Almu\u00f1\u00e9car -","robots":{"index":"index","follow":"follow","max-snippet":"max-snippet:-1","max-image-preview":"max-image-preview:large","max-video-preview":"max-video-preview:-1"},"canonical":"https:\/\/discoveralmunecar.com\/de\/fest-der-jungfrau-von-carmen-in-almunecar\/","og_locale":"de_DE","og_type":"article","og_title":"Fest der Jungfrau von Carmen in Almu\u00f1\u00e9car -","og_description":"[vc_row][vc_column][vc_single_image image=&#8221;18896&#8243; img_size=&#8221;full&#8221;][\/vc_column][\/vc_row][vc_row][vc_column][vc_empty_space][vc_empty_space][vc_empty_space][vc_empty_space][vc_single_image image=&#8221;18902&#8243; img_size=&#8221;full&#8221;][vc_empty_space][vc_empty_space][vc_empty_space][\/vc_column][\/vc_row]","og_url":"https:\/\/discoveralmunecar.com\/de\/fest-der-jungfrau-von-carmen-in-almunecar\/","article_published_time":"2025-07-15T16:03:59+00:00","og_image":[{"width":2401,"height":994,"url":"https:\/\/discoveralmunecar.com\/wp-content\/uploads\/2025\/05\/Virgen-del-Carmen@0.5x.webp","type":"image\/webp"}],"author":"Admin","twitter_card":"summary_large_image","twitter_misc":{"Verfasst von":"Admin","Gesch\u00e4tzte Lesezeit":"4\u00a0Minuten"},"schema":{"@context":"https:\/\/schema.org","@graph":[{"@type":"Article","@id":"https:\/\/discoveralmunecar.com\/de\/fest-der-jungfrau-von-carmen-in-almunecar\/#article","isPartOf":{"@id":"https:\/\/discoveralmunecar.com\/de\/fest-der-jungfrau-von-carmen-in-almunecar\/"},"author":{"name":"Admin","@id":"https:\/\/discoveralmunecar.com\/de\/#\/schema\/person\/7d931359380d442b7e8832cd0d6a2db0"},"headline":"Fest der Jungfrau von Carmen in Almu\u00f1\u00e9car","datePublished":"2025-07-15T16:03:59+00:00","mainEntityOfPage":{"@id":"https:\/\/discoveralmunecar.com\/de\/fest-der-jungfrau-von-carmen-in-almunecar\/"},"wordCount":789,"commentCount":0,"image":{"@id":"https:\/\/discoveralmunecar.com\/de\/fest-der-jungfrau-von-carmen-in-almunecar\/#primaryimage"},"thumbnailUrl":"https:\/\/discoveralmunecar.com\/wp-content\/uploads\/2025\/05\/Virgen-del-Carmen@0.5x.webp","articleSection":["Geschichte von Almu\u00f1ecar","Kultur in Almu\u00f1\u00e9car","Kulturprogramm von Almu\u00f1\u00e9car","Veranstaltungen in Almu\u00f1ecar"],"inLanguage":"de","potentialAction":[{"@type":"CommentAction","name":"Comment","target":["https:\/\/discoveralmunecar.com\/de\/fest-der-jungfrau-von-carmen-in-almunecar\/#respond"]}]},{"@type":"WebPage","@id":"https:\/\/discoveralmunecar.com\/de\/fest-der-jungfrau-von-carmen-in-almunecar\/","url":"https:\/\/discoveralmunecar.com\/de\/fest-der-jungfrau-von-carmen-in-almunecar\/","name":"Fest der Jungfrau von Carmen in Almu\u00f1\u00e9car -","isPartOf":{"@id":"https:\/\/discoveralmunecar.com\/de\/#website"},"primaryImageOfPage":{"@id":"https:\/\/discoveralmunecar.com\/de\/fest-der-jungfrau-von-carmen-in-almunecar\/#primaryimage"},"image":{"@id":"https:\/\/discoveralmunecar.com\/de\/fest-der-jungfrau-von-carmen-in-almunecar\/#primaryimage"},"thumbnailUrl":"https:\/\/discoveralmunecar.com\/wp-content\/uploads\/2025\/05\/Virgen-del-Carmen@0.5x.webp","datePublished":"2025-07-15T16:03:59+00:00","author":{"@id":"https:\/\/discoveralmunecar.com\/de\/#\/schema\/person\/7d931359380d442b7e8832cd0d6a2db0"},"breadcrumb":{"@id":"https:\/\/discoveralmunecar.com\/de\/fest-der-jungfrau-von-carmen-in-almunecar\/#breadcrumb"},"inLanguage":"de","potentialAction":[{"@type":"ReadAction","target":["https:\/\/discoveralmunecar.com\/de\/fest-der-jungfrau-von-carmen-in-almunecar\/"]}]},{"@type":"ImageObject","inLanguage":"de","@id":"https:\/\/discoveralmunecar.com\/de\/fest-der-jungfrau-von-carmen-in-almunecar\/#primaryimage","url":"https:\/\/discoveralmunecar.com\/wp-content\/uploads\/2025\/05\/Virgen-del-Carmen@0.5x.webp","contentUrl":"https:\/\/discoveralmunecar.com\/wp-content\/uploads\/2025\/05\/Virgen-del-Carmen@0.5x.webp","width":2401,"height":994},{"@type":"BreadcrumbList","@id":"https:\/\/discoveralmunecar.com\/de\/fest-der-jungfrau-von-carmen-in-almunecar\/#breadcrumb","itemListElement":[{"@type":"ListItem","position":1,"name":"Home","item":"https:\/\/discoveralmunecar.com\/de\/"},{"@type":"ListItem","position":2,"name":"Fest der Jungfrau von Carmen in Almu\u00f1\u00e9car"}]},{"@type":"WebSite","@id":"https:\/\/discoveralmunecar.com\/de\/#website","url":"https:\/\/discoveralmunecar.com\/de\/","name":"","description":"Just another WordPress site\n","potentialAction":[{"@type":"SearchAction","target":{"@type":"EntryPoint","urlTemplate":"https:\/\/discoveralmunecar.com\/de\/?s={search_term_string}"},"query-input":{"@type":"PropertyValueSpecification","valueRequired":true,"valueName":"search_term_string"}}],"inLanguage":"de"},{"@type":"Person","@id":"https:\/\/discoveralmunecar.com\/de\/#\/schema\/person\/7d931359380d442b7e8832cd0d6a2db0","name":"Admin","image":{"@type":"ImageObject","inLanguage":"de","@id":"https:\/\/secure.gravatar.com\/avatar\/87aff11e22fb9eda78c606aa27a60cd99fc49aac3a2cf4688b14253df494fd22?s=96&d=mm&r=g","url":"https:\/\/secure.gravatar.com\/avatar\/87aff11e22fb9eda78c606aa27a60cd99fc49aac3a2cf4688b14253df494fd22?s=96&d=mm&r=g","contentUrl":"https:\/\/secure.gravatar.com\/avatar\/87aff11e22fb9eda78c606aa27a60cd99fc49aac3a2cf4688b14253df494fd22?s=96&d=mm&r=g","caption":"Admin"},"url":"https:\/\/discoveralmunecar.com\/de\/author\/pedro-espinosa\/"}]}},"_links":{"self":[{"href":"https:\/\/discoveralmunecar.com\/de\/wp-json\/wp\/v2\/posts\/19096","targetHints":{"allow":["GET"]}}],"collection":[{"href":"https:\/\/discoveralmunecar.com\/de\/wp-json\/wp\/v2\/posts"}],"about":[{"href":"https:\/\/discoveralmunecar.com\/de\/wp-json\/wp\/v2\/types\/post"}],"author":[{"embeddable":true,"href":"https:\/\/discoveralmunecar.com\/de\/wp-json\/wp\/v2\/users\/2"}],"replies":[{"embeddable":true,"href":"https:\/\/discoveralmunecar.com\/de\/wp-json\/wp\/v2\/comments?post=19096"}],"version-history":[{"count":2,"href":"https:\/\/discoveralmunecar.com\/de\/wp-json\/wp\/v2\/posts\/19096\/revisions"}],"predecessor-version":[{"id":19098,"href":"https:\/\/discoveralmunecar.com\/de\/wp-json\/wp\/v2\/posts\/19096\/revisions\/19098"}],"wp:featuredmedia":[{"embeddable":true,"href":"https:\/\/discoveralmunecar.com\/de\/wp-json\/wp\/v2\/media\/18890"}],"wp:attachment":[{"href":"https:\/\/discoveralmunecar.com\/de\/wp-json\/wp\/v2\/media?parent=19096"}],"wp:term":[{"taxonomy":"category","embeddable":true,"href":"https:\/\/discoveralmunecar.com\/de\/wp-json\/wp\/v2\/categories?post=19096"},{"taxonomy":"post_tag","embeddable":true,"href":"https:\/\/discoveralmunecar.com\/de\/wp-json\/wp\/v2\/tags?post=19096"}],"curies":[{"name":"wp","href":"https:\/\/api.w.org\/{rel}","templated":true}]}}