{"id":19433,"date":"2025-07-29T18:24:06","date_gmt":"2025-07-29T18:24:06","guid":{"rendered":"https:\/\/discoveralmunecar.com\/?p=19433"},"modified":"2025-07-29T18:59:18","modified_gmt":"2025-07-29T18:59:18","slug":"strand-von-cantarrijan","status":"publish","type":"post","link":"https:\/\/discoveralmunecar.com\/de\/strand-von-cantarrijan\/","title":{"rendered":"Strand von Cantarrij\u00e1n"},"content":{"rendered":"<p>[vc_row full_width=&#8221;stretch_row&#8221; awb_type=&#8221;video&#8221; awb_video_mobile=&#8221;1&#8243; css=&#8221;.vc_custom_1691776924207{padding-top: 650px !important;}&#8221; awb_video_mp4=&#8221;17209&#8243;][vc_column][\/vc_column][\/vc_row][vc_row][vc_column][vc_empty_space]<div class=\"text-block\" ><div class=\"simple-text \"><h3 data-start=\"380\" data-end=\"429\">\ud83c\udfdd\ufe0f Ein Naturparadies an der Costa Tropical<\/h3>\n<p data-start=\"430\" data-end=\"1072\">Der <strong data-start=\"434\" data-end=\"460\">Strand von Cantarrij\u00e1n<\/strong> ist ein echtes verstecktes Juwel im <a class=\"cursor-pointer\" target=\"_new\" rel=\"noopener\" data-start=\"497\" data-end=\"634\">Naturschutzgebiet der Klippen von Maro-Cerro Gordo<\/a>. Umgeben von beeindruckenden Klippen, mediterraner Vegetation \ud83c\udf3f und kristallklarem t\u00fcrkisfarbenem Wasser \ud83d\udc8e ist er der perfekte Ort f\u00fcr alle, die Ruhe und atemberaubende Landschaften suchen. Mit seinen <strong data-start=\"838\" data-end=\"876\">380\u202fMetern unber\u00fchrter K\u00fcstenlinie<\/strong> bietet dieser gesch\u00fctzte Strand ein einzigartiges Erlebnis fernab des Massentourismus. Weitere offizielle Informationen findest du auf der <a class=\"cursor-pointer\" target=\"_new\" rel=\"noopener\" data-start=\"1016\" data-end=\"1071\">Website von Cantarrij\u00e1n<\/a>.<\/p>\n<h3 data-start=\"1074\" data-end=\"1124\">\ud83d\udc59 Ein ber\u00fchmter FKK-Strand mit freiem Geist<\/h3>\n<p data-start=\"1125\" data-end=\"1692\">Cantarrij\u00e1n ist einer der <strong data-start=\"1151\" data-end=\"1191\">bekanntesten FKK-Str\u00e4nde Andalusiens<\/strong>. Hier wird <strong data-start=\"1203\" data-end=\"1229\">Freik\u00f6rperkultur (FKK)<\/strong> in v\u00f6lliger Freiheit praktiziert, was eine respektvolle und freundliche Atmosph\u00e4re schafft, in der FKK- und Nicht-FKK-Besucher harmonisch zusammenkommen \ud83c\udf1e. Ob du FKK zum ersten Mal ausprobieren m\u00f6chtest oder einfach nur in einer offenen und toleranten Umgebung entspannen willst \u2013 dieser Strand ist perfekt, um dich mit der Natur zu verbinden. Mehr Infos zu FKK-Str\u00e4nden in Spanien gibt es auf <a class=\"cursor-pointer\" target=\"_new\" rel=\"noopener\" data-start=\"1625\" data-end=\"1691\">Playas Nudistas<\/a>.<\/p>\n<h3 data-start=\"1694\" data-end=\"1736\">\ud83d\ude8c Bequemer Zugang mit Panoramafahrt<\/h3>\n<p data-start=\"1737\" data-end=\"2393\">Die Anreise nach Cantarrij\u00e1n ist bereits Teil des Abenteuers! \ud83d\ude97\u274c In der Hochsaison ist die Zufahrt mit privaten Fahrzeugen bis zum Strand untersagt, um die Natur zu sch\u00fctzen. Stattdessen gibt es einen <strong data-start=\"1939\" data-end=\"1961\">Shuttlebus-Service<\/strong>, der alle 10\u201315\u202fMinuten zwischen dem Parkplatz und dem Strand pendelt. Das Hin- und R\u00fcckticket kostet nur <strong data-start=\"2068\" data-end=\"2075\">3\u202f\u20ac<\/strong>, mit Wochenp\u00e4ssen f\u00fcr <strong data-start=\"2098\" data-end=\"2109\">15,75\u202f\u20ac<\/strong> und 10-Tages-P\u00e4ssen f\u00fcr <strong data-start=\"2134\" data-end=\"2145\">22,50\u202f\u20ac<\/strong>. Die Fahrt ist kurz, aber beeindruckend, mit spektakul\u00e4ren Ausblicken auf die Klippen, bevor man in diesem kleinen Paradies ankommt. Weitere Infos findest du auf der <a class=\"cursor-pointer\" target=\"_new\" rel=\"noopener\" data-start=\"2312\" data-end=\"2392\">offiziellen Website von Almu\u00f1\u00e9car-La Herradura<\/a>.<\/p>\n<h3 data-start=\"2395\" data-end=\"2444\">\ud83c\udf64 Mediterrane Gen\u00fcsse in La Barraca &amp; mehr<\/h3>\n<p data-start=\"2445\" data-end=\"3074\">Ein Strandtag ist ohne gutes Essen nicht komplett, und Cantarrij\u00e1n entt\u00e4uscht hier nicht. \ud83c\udf2e\ud83c\udf79 Es gibt zwei charmante Strandbars, wobei die bekannteste das <strong data-start=\"2601\" data-end=\"2688\"><a class=\"\" href=\"https:\/\/www.facebook.com\/ChiringuitoLaBarracaCantarrijan\/\" target=\"_new\" rel=\"noopener\" data-start=\"2603\" data-end=\"2686\">Chiringuito La Barraca<\/a><\/strong> ist, das f\u00fcr seine <strong data-start=\"2708\" data-end=\"2753\">frischen Fische, Meeresfr\u00fcchte und Paella<\/strong> bekannt ist, die direkt am Meer serviert werden. Stell dir vor, wie du gegrillte Sardinen mit einem k\u00fchlen Getr\u00e4nk \ud83c\udf7a genie\u00dft, w\u00e4hrend die Sonne im Meer untergeht \ud83c\udf05. Die zweite Strandbar bietet Tapas, mediterrane Gerichte und erfrischende Getr\u00e4nke an \u2013 ein kulinarisches Erlebnis, das den Strandbesuch perfekt abrundet.<\/p>\n<h3 data-start=\"3076\" data-end=\"3116\">\ud83e\udd3f Aktivit\u00e4ten f\u00fcr jeden Geschmack<\/h3>\n<p data-start=\"3117\" data-end=\"3691\">Neben Sonnenbaden und FKK ist Cantarrij\u00e1n perfekt f\u00fcr <strong data-start=\"3171\" data-end=\"3186\">Schnorcheln<\/strong> \ud83e\udd3f, bei dem du die reiche Unterwasserwelt entdecken kannst, <strong data-start=\"3247\" data-end=\"3258\">Tauchen<\/strong> \ud83d\udc20, <strong data-start=\"3263\" data-end=\"3280\">Paddle-Surfen<\/strong> \ud83c\udfc4\u200d\u2642\ufe0f und entspanntes Schwimmen. Dank der ruhigen Atmosph\u00e4re ist der Strand auch ideal, um <strong data-start=\"3372\" data-end=\"3388\">Yoga im Sand<\/strong> \ud83e\uddd8\u200d\u2640\ufe0f zu praktizieren, Spazierg\u00e4nge auf den umliegenden Naturpfaden zu unternehmen oder einfach ein gutes Buch in der Sonne Andalusiens \ud83d\udcd6\u2600\ufe0f zu genie\u00dfen. Die Kombination aus Freiheit, Natur, Gastronomie und Aktivit\u00e4ten macht den Strand von Cantarrij\u00e1n zu einem <strong data-start=\"3650\" data-end=\"3690\">absoluten Muss an der Costa Tropical<\/strong>.<\/p>\n<\/div><\/div>[vc_empty_space][vc_row_inner][vc_column_inner width=&#8221;1\/3&#8243;][vc_single_image image=&#8221;17189&#8243; img_size=&#8221;full&#8221;][\/vc_column_inner][vc_column_inner width=&#8221;1\/3&#8243;][vc_single_image image=&#8221;17184&#8243; img_size=&#8221;full&#8221;][\/vc_column_inner][vc_column_inner width=&#8221;1\/3&#8243;][vc_single_image image=&#8221;17204&#8243; img_size=&#8221;full&#8221;][\/vc_column_inner][\/vc_row_inner][vc_empty_space][vc_empty_space][vc_video link=&#8221;https:\/\/youtu.be\/8P57aYpRo3I&#8221;][vc_empty_space][vc_row_inner][vc_column_inner][\/vc_column_inner][\/vc_row_inner][\/vc_column][\/vc_row][vc_row][vc_column][vc_custom_heading text=&#8221;Nearby restaurants:&#8221; font_container=&#8221;tag:h5|font_size:20|text_align:left&#8221; use_theme_fonts=&#8221;yes&#8221;][vc_row_inner][vc_column_inner width=&#8221;1\/3&#8243;][vc_single_image image=&#8221;14427&#8243; img_size=&#8221;full&#8221; onclick=&#8221;custom_link&#8221; link=&#8221;\/freiduria-lute-y-jesus\/&#8221;][vc_custom_heading text=&#8221;Freidur\u00eda Lute y Jes\u00fas&#8221; font_container=&#8221;tag:h5|font_size:15|text_align:left&#8221; use_theme_fonts=&#8221;yes&#8221; link=&#8221;url:%2Frestaurante-tito-yayo-almunecar%2F|target:_blank&#8221;][\/vc_column_inner][vc_column_inner width=&#8221;1\/3&#8243;][vc_single_image image=&#8221;14580&#8243; img_size=&#8221;full&#8221; onclick=&#8221;custom_link&#8221; link=&#8221;\/restaurante-mar-de-plata\/&#8221;][vc_custom_heading text=&#8221;Mar de Plata Restaurant&#8221; font_container=&#8221;tag:h5|font_size:15|text_align:left&#8221; use_theme_fonts=&#8221;yes&#8221; link=&#8221;url:%2Frestaurante-mar-de-plata%2F|target:_blank&#8221;][\/vc_column_inner][vc_column_inner width=&#8221;1\/3&#8243;][vc_single_image image=&#8221;14462&#8243; img_size=&#8221;full&#8221; onclick=&#8221;custom_link&#8221; link=&#8221;\/restaurante-cortijillo-playa\/&#8221;][vc_custom_heading text=&#8221;Restaurante Cortijillo Playa&#8221; font_container=&#8221;tag:h5|font_size:15|text_align:left&#8221; use_theme_fonts=&#8221;yes&#8221; link=&#8221;url:%2Frestaurante-cortijillo-playa%2F|target:_blank&#8221;][\/vc_column_inner][\/vc_row_inner][vc_empty_space][vc_row_inner][vc_column_inner width=&#8221;1\/3&#8243;][vc_single_image image=&#8221;14619&#8243; img_size=&#8221;full&#8221; onclick=&#8221;custom_link&#8221; link=&#8221;\/restaurante-botos\/&#8221;][vc_custom_heading text=&#8221;Boto\u2019s Restaurant&#8221; font_container=&#8221;tag:h5|font_size:15|text_align:left&#8221; use_theme_fonts=&#8221;yes&#8221; link=&#8221;url:%2Frestaurante-botos%2F|target:_blank&#8221;][\/vc_column_inner][vc_column_inner width=&#8221;1\/3&#8243;][vc_single_image image=&#8221;14318&#8243; img_size=&#8221;full&#8221; onclick=&#8221;custom_link&#8221; link=&#8221;\/restaurante-emiliano\/&#8221;][vc_custom_heading text=&#8221;Emiliano Restaurant&#8221; font_container=&#8221;tag:h5|font_size:15|text_align:left&#8221; use_theme_fonts=&#8221;yes&#8221; link=&#8221;url:%2Frestaurante-emiliano%2F|target:_blank&#8221;][\/vc_column_inner][vc_column_inner width=&#8221;1\/3&#8243;][vc_single_image image=&#8221;14561&#8243; img_size=&#8221;full&#8221; onclick=&#8221;custom_link&#8221; link=&#8221;\/restaurante-cerveceria-el-cortijillo\/&#8221;][vc_custom_heading text=&#8221;El Cortijillo Restaurant&#8221; font_container=&#8221;tag:h5|font_size:15|text_align:left&#8221; use_theme_fonts=&#8221;yes&#8221; link=&#8221;url:%2Frestaurante-cerveceria-el-cortijillo%2F|target:_blank&#8221;][\/vc_column_inner][\/vc_row_inner][vc_empty_space][vc_row_inner][vc_column_inner width=&#8221;1\/3&#8243;][vc_single_image image=&#8221;14334&#8243; img_size=&#8221;full&#8221; onclick=&#8221;custom_link&#8221; link=&#8221;\/cafe-bar-madrid-almunecar\/&#8221;][vc_custom_heading text=&#8221;Cafe bar Madrid&#8221; font_container=&#8221;tag:h5|font_size:15|text_align:left&#8221; use_theme_fonts=&#8221;yes&#8221; link=&#8221;url:%2Fcafe-bar-madrid-almunecar%2F|target:_blank&#8221;][\/vc_column_inner][vc_column_inner width=&#8221;1\/3&#8243;][vc_single_image image=&#8221;14519&#8243; img_size=&#8221;full&#8221; onclick=&#8221;custom_link&#8221; link=&#8221;restaurante-sabina\/&#8221;][vc_custom_heading text=&#8221;Sabina Restaurant&#8221; font_container=&#8221;tag:h5|font_size:15|text_align:left&#8221; use_theme_fonts=&#8221;yes&#8221; link=&#8221;url:%2Frestaurante-sabina%2F|target:_blank&#8221;][\/vc_column_inner][vc_column_inner width=&#8221;1\/3&#8243;][vc_single_image image=&#8221;14219&#8243; img_size=&#8221;full&#8221; onclick=&#8221;custom_link&#8221; link=&#8221;\/restaurante-la-china-almunecar\/&#8221;][vc_custom_heading text=&#8221;La China Restaurant&#8221; font_container=&#8221;tag:h5|font_size:15|text_align:left&#8221; use_theme_fonts=&#8221;yes&#8221; link=&#8221;url:%2Frestaurante-la-china-almunecar%2F|target:_blank&#8221;][\/vc_column_inner][\/vc_row_inner][vc_empty_space][vc_row_inner][vc_column_inner width=&#8221;1\/3&#8243;][vc_single_image image=&#8221;14357&#8243; img_size=&#8221;full&#8221; onclick=&#8221;custom_link&#8221; link=&#8221;\/restaurante-pizzeria-vizcaya\/&#8221;][vc_custom_heading text=&#8221;Restaurante Pizzer\u00eda Vizcaya&#8221; font_container=&#8221;tag:h5|font_size:15|text_align:left&#8221; use_theme_fonts=&#8221;yes&#8221; link=&#8221;url:%2Frestaurante-pizzeria-vizcaya%2F|target:_blank&#8221;][\/vc_column_inner][vc_column_inner width=&#8221;1\/3&#8243;][vc_single_image image=&#8221;14284&#8243; img_size=&#8221;full&#8221; onclick=&#8221;custom_link&#8221; link=&#8221;\/chiringuito-dorada-plata-almunecar\/&#8221;][vc_custom_heading text=&#8221;Chiringuito la Dorada de Plata&#8221; font_container=&#8221;tag:h5|font_size:15|text_align:left&#8221; use_theme_fonts=&#8221;yes&#8221; link=&#8221;url:%2Fchiringuito-dorada-plata-almunecar%2F|target:_blank&#8221;][\/vc_column_inner][vc_column_inner width=&#8221;1\/3&#8243;][vc_single_image image=&#8221;14603&#8243; img_size=&#8221;full&#8221; onclick=&#8221;custom_link&#8221; link=&#8221;\/restaurante-pizzeria-la-osteria\/&#8221;][vc_custom_heading text=&#8221;Restaurant &#8211; Pizzer\u00eda la Osteria&#8221; font_container=&#8221;tag:h5|font_size:15|text_align:left&#8221; use_theme_fonts=&#8221;yes&#8221; link=&#8221;url:%2Frestaurante-pizzeria-la-osteria%2F|target:_blank&#8221;][\/vc_column_inner][\/vc_row_inner][vc_empty_space][vc_row_inner][vc_column_inner width=&#8221;1\/3&#8243;][vc_single_image image=&#8221;14526&#8243; img_size=&#8221;full&#8221; onclick=&#8221;custom_link&#8221; link=&#8221;\/restaurante-calabre\/&#8221;][vc_custom_heading text=&#8221;Calabr\u00e9 Restaurant&#8221; font_container=&#8221;tag:h5|font_size:15|text_align:left&#8221; use_theme_fonts=&#8221;yes&#8221; link=&#8221;url:%2Frestaurante-calabre%2F|target:_blank&#8221;][\/vc_column_inner][\/vc_row_inner][vc_empty_space][\/vc_column][\/vc_row][vc_row][vc_column][vc_row_inner][vc_column_inner][vc_empty_space][vc_custom_heading text=&#8221;So erreichen Sie den Strand von Cantarrijan&#8221; font_container=&#8221;tag:h3|text_align:left&#8221; use_theme_fonts=&#8221;yes&#8221;][vc_gmaps link=&#8221;#E-8_JTNDaWZyYW1lJTIwc3JjJTNEJTIyaHR0cHMlM0ElMkYlMkZ3d3cuZ29vZ2xlLmNvbSUyRm1hcHMlMkZlbWJlZCUzRnBiJTNEJTIxMW0xOCUyMTFtMTIlMjExbTMlMjExZDEyNzg5LjQzODM2NTM3MzE2MiUyMTJkLTMuNzc2OTYxOTk5OTk5OTk5MyUyMTNkMzYuNzM3OTM4OSUyMTJtMyUyMTFmMCUyMTJmMCUyMTNmMCUyMTNtMiUyMTFpMTAyNCUyMTJpNzY4JTIxNGYxMy4xJTIxM20zJTIxMW0yJTIxMXMweGQ3MjI3Y2VjNGNmZDZhZiUyNTNBMHg5ZmJiZTRkM2UyYmVmZjhjJTIxMnNQbGF5YSUyNTIwTnVkaXN0YSUyNTIwZGUlMjUyMENhbnRhcnJpaiUyNUMzJTI1QTFuJTIxNWUwJTIxM20yJTIxMXNlcyUyMTJzZXMlMjE0djE2OTAyMTQzOTUwODElMjE1bTIlMjExc2VzJTIxMnNlcyUyMiUyMHdpZHRoJTNEJTIyNjAwJTIyJTIwaGVpZ2h0JTNEJTIyNDUwJTIyJTIwc3R5bGUlM0QlMjJib3JkZXIlM0EwJTNCJTIyJTIwYWxsb3dmdWxsc2NyZWVuJTNEJTIyJTIyJTIwbG9hZGluZyUzRCUyMmxhenklMjIlMjByZWZlcnJlcnBvbGljeSUzRCUyMm5vLXJlZmVycmVyLXdoZW4tZG93bmdyYWRlJTIyJTNFJTNDJTJGaWZyYW1lJTNF&#8221;][\/vc_column_inner][\/vc_row_inner][\/vc_column][\/vc_row]<\/p>\n","protected":false},"excerpt":{"rendered":"<p>[vc_row full_width=&#8221;stretch_row&#8221; awb_type=&#8221;video&#8221; awb_video_mobile=&#8221;1&#8243; css=&#8221;.vc_custom_1691776924207{padding-top: 650px !important;}&#8221; awb_video_mp4=&#8221;17209&#8243;][vc_column][\/vc_column][\/vc_row][vc_row][vc_column][vc_empty_space][vc_empty_space][vc_row_inner][vc_column_inner width=&#8221;1\/3&#8243;][vc_single_image image=&#8221;17189&#8243; img_size=&#8221;full&#8221;][\/vc_column_inner][vc_column_inner width=&#8221;1\/3&#8243;][vc_single_image image=&#8221;17184&#8243; img_size=&#8221;full&#8221;][\/vc_column_inner][vc_column_inner width=&#8221;1\/3&#8243;][vc_single_image image=&#8221;17204&#8243; img_size=&#8221;full&#8221;][\/vc_column_inner][\/vc_row_inner][vc_empty_space][vc_empty_space][vc_video link=&#8221;https:\/\/youtu.be\/8P57aYpRo3I&#8221;][vc_empty_space][vc_row_inner][vc_column_inner][\/vc_column_inner][\/vc_row_inner][\/vc_column][\/vc_row][vc_row][vc_column][vc_custom_heading text=&#8221;Nearby restaurants:&#8221; font_container=&#8221;tag:h5|font_size:20|text_align:left&#8221; use_theme_fonts=&#8221;yes&#8221;][vc_row_inner][vc_column_inner width=&#8221;1\/3&#8243;][vc_single_image image=&#8221;14427&#8243; img_size=&#8221;full&#8221; onclick=&#8221;custom_link&#8221; link=&#8221;\/freiduria-lute-y-jesus\/&#8221;][vc_custom_heading text=&#8221;Freidur\u00eda Lute y Jes\u00fas&#8221; font_container=&#8221;tag:h5|font_size:15|text_align:left&#8221; use_theme_fonts=&#8221;yes&#8221; link=&#8221;url:%2Frestaurante-tito-yayo-almunecar%2F|target:_blank&#8221;][\/vc_column_inner][vc_column_inner width=&#8221;1\/3&#8243;][vc_single_image image=&#8221;14580&#8243; img_size=&#8221;full&#8221; onclick=&#8221;custom_link&#8221; link=&#8221;\/restaurante-mar-de-plata\/&#8221;][vc_custom_heading text=&#8221;Mar de Plata Restaurant&#8221; font_container=&#8221;tag:h5|font_size:15|text_align:left&#8221; use_theme_fonts=&#8221;yes&#8221; link=&#8221;url:%2Frestaurante-mar-de-plata%2F|target:_blank&#8221;][\/vc_column_inner][vc_column_inner width=&#8221;1\/3&#8243;][vc_single_image image=&#8221;14462&#8243; img_size=&#8221;full&#8221; onclick=&#8221;custom_link&#8221; link=&#8221;\/restaurante-cortijillo-playa\/&#8221;][vc_custom_heading text=&#8221;Restaurante Cortijillo Playa&#8221; font_container=&#8221;tag:h5|font_size:15|text_align:left&#8221; [&hellip;]<\/p>\n","protected":false},"author":2,"featured_media":17179,"comment_status":"open","ping_status":"closed","sticky":false,"template":"","format":"standard","meta":{"footnotes":""},"categories":[248,255,254],"tags":[],"class_list":["post-19433","post","type-post","status-publish","format-standard","has-post-thumbnail","hentry","category-la-herradura-de","category-straende-von-almunecar","category-was-ist-zu-tun"],"yoast_head":"<!-- This site is optimized with the Yoast SEO plugin v27.3 - https:\/\/yoast.com\/product\/yoast-seo-wordpress\/ -->\n<title>Strand von Cantarrij\u00e1n -<\/title>\n<meta name=\"description\" content=\"Entdecke den Strand von Cantarrij\u00e1n in La Herradura: ein wundersch\u00f6ner FKK-Strand mit einem Shuttlebus-Service f\u00fcr 3\u202f\u20ac, Strandbars wie La Barraca und Aktivit\u00e4ten wie Schnorcheln, Tauchen und Paddle-Surfen.\" \/>\n<meta name=\"robots\" content=\"index, follow, max-snippet:-1, max-image-preview:large, max-video-preview:-1\" \/>\n<link rel=\"canonical\" href=\"https:\/\/discoveralmunecar.com\/de\/strand-von-cantarrijan\/\" \/>\n<meta property=\"og:locale\" content=\"de_DE\" \/>\n<meta property=\"og:type\" content=\"article\" \/>\n<meta property=\"og:title\" content=\"Strand von Cantarrij\u00e1n -\" \/>\n<meta property=\"og:description\" content=\"Entdecke den Strand von Cantarrij\u00e1n in La Herradura: ein wundersch\u00f6ner FKK-Strand mit einem Shuttlebus-Service f\u00fcr 3\u202f\u20ac, Strandbars wie La Barraca und Aktivit\u00e4ten wie Schnorcheln, Tauchen und Paddle-Surfen.\" \/>\n<meta property=\"og:url\" content=\"https:\/\/discoveralmunecar.com\/de\/strand-von-cantarrijan\/\" \/>\n<meta property=\"article:published_time\" content=\"2025-07-29T18:24:06+00:00\" \/>\n<meta property=\"article:modified_time\" content=\"2025-07-29T18:59:18+00:00\" \/>\n<meta property=\"og:image\" content=\"https:\/\/discoveralmunecar.com\/wp-content\/uploads\/2023\/07\/C1.webp\" \/>\n\t<meta property=\"og:image:width\" content=\"1920\" \/>\n\t<meta property=\"og:image:height\" content=\"1080\" \/>\n\t<meta property=\"og:image:type\" content=\"image\/webp\" \/>\n<meta name=\"author\" content=\"Admin\" \/>\n<meta name=\"twitter:card\" content=\"summary_large_image\" \/>\n<meta name=\"twitter:label1\" content=\"Verfasst von\" \/>\n\t<meta name=\"twitter:data1\" content=\"Admin\" \/>\n\t<meta name=\"twitter:label2\" content=\"Gesch\u00e4tzte Lesezeit\" \/>\n\t<meta name=\"twitter:data2\" content=\"7\u00a0Minuten\" \/>\n<script type=\"application\/ld+json\" class=\"yoast-schema-graph\">{\"@context\":\"https:\\\/\\\/schema.org\",\"@graph\":[{\"@type\":\"Article\",\"@id\":\"https:\\\/\\\/discoveralmunecar.com\\\/de\\\/strand-von-cantarrijan\\\/#article\",\"isPartOf\":{\"@id\":\"https:\\\/\\\/discoveralmunecar.com\\\/de\\\/strand-von-cantarrijan\\\/\"},\"author\":{\"name\":\"Admin\",\"@id\":\"https:\\\/\\\/discoveralmunecar.com\\\/de\\\/#\\\/schema\\\/person\\\/7d931359380d442b7e8832cd0d6a2db0\"},\"headline\":\"Strand von Cantarrij\u00e1n\",\"datePublished\":\"2025-07-29T18:24:06+00:00\",\"dateModified\":\"2025-07-29T18:59:18+00:00\",\"mainEntityOfPage\":{\"@id\":\"https:\\\/\\\/discoveralmunecar.com\\\/de\\\/strand-von-cantarrijan\\\/\"},\"wordCount\":1337,\"commentCount\":0,\"image\":{\"@id\":\"https:\\\/\\\/discoveralmunecar.com\\\/de\\\/strand-von-cantarrijan\\\/#primaryimage\"},\"thumbnailUrl\":\"https:\\\/\\\/discoveralmunecar.com\\\/wp-content\\\/uploads\\\/2023\\\/07\\\/C1.webp\",\"articleSection\":[\"La Herradura\",\"Str\u00e4nde von Almu\u00f1\u00e9car\",\"Was ist zu tun?\"],\"inLanguage\":\"de\",\"potentialAction\":[{\"@type\":\"CommentAction\",\"name\":\"Comment\",\"target\":[\"https:\\\/\\\/discoveralmunecar.com\\\/de\\\/strand-von-cantarrijan\\\/#respond\"]}]},{\"@type\":\"WebPage\",\"@id\":\"https:\\\/\\\/discoveralmunecar.com\\\/de\\\/strand-von-cantarrijan\\\/\",\"url\":\"https:\\\/\\\/discoveralmunecar.com\\\/de\\\/strand-von-cantarrijan\\\/\",\"name\":\"Strand von Cantarrij\u00e1n -\",\"isPartOf\":{\"@id\":\"https:\\\/\\\/discoveralmunecar.com\\\/de\\\/#website\"},\"primaryImageOfPage\":{\"@id\":\"https:\\\/\\\/discoveralmunecar.com\\\/de\\\/strand-von-cantarrijan\\\/#primaryimage\"},\"image\":{\"@id\":\"https:\\\/\\\/discoveralmunecar.com\\\/de\\\/strand-von-cantarrijan\\\/#primaryimage\"},\"thumbnailUrl\":\"https:\\\/\\\/discoveralmunecar.com\\\/wp-content\\\/uploads\\\/2023\\\/07\\\/C1.webp\",\"datePublished\":\"2025-07-29T18:24:06+00:00\",\"dateModified\":\"2025-07-29T18:59:18+00:00\",\"author\":{\"@id\":\"https:\\\/\\\/discoveralmunecar.com\\\/de\\\/#\\\/schema\\\/person\\\/7d931359380d442b7e8832cd0d6a2db0\"},\"description\":\"Entdecke den Strand von Cantarrij\u00e1n in La Herradura: ein wundersch\u00f6ner FKK-Strand mit einem Shuttlebus-Service f\u00fcr 3\u202f\u20ac, Strandbars wie La Barraca und Aktivit\u00e4ten wie Schnorcheln, Tauchen und Paddle-Surfen.\",\"breadcrumb\":{\"@id\":\"https:\\\/\\\/discoveralmunecar.com\\\/de\\\/strand-von-cantarrijan\\\/#breadcrumb\"},\"inLanguage\":\"de\",\"potentialAction\":[{\"@type\":\"ReadAction\",\"target\":[\"https:\\\/\\\/discoveralmunecar.com\\\/de\\\/strand-von-cantarrijan\\\/\"]}]},{\"@type\":\"ImageObject\",\"inLanguage\":\"de\",\"@id\":\"https:\\\/\\\/discoveralmunecar.com\\\/de\\\/strand-von-cantarrijan\\\/#primaryimage\",\"url\":\"https:\\\/\\\/discoveralmunecar.com\\\/wp-content\\\/uploads\\\/2023\\\/07\\\/C1.webp\",\"contentUrl\":\"https:\\\/\\\/discoveralmunecar.com\\\/wp-content\\\/uploads\\\/2023\\\/07\\\/C1.webp\",\"width\":1920,\"height\":1080},{\"@type\":\"BreadcrumbList\",\"@id\":\"https:\\\/\\\/discoveralmunecar.com\\\/de\\\/strand-von-cantarrijan\\\/#breadcrumb\",\"itemListElement\":[{\"@type\":\"ListItem\",\"position\":1,\"name\":\"Home\",\"item\":\"https:\\\/\\\/discoveralmunecar.com\\\/de\\\/\"},{\"@type\":\"ListItem\",\"position\":2,\"name\":\"Strand von Cantarrij\u00e1n\"}]},{\"@type\":\"WebSite\",\"@id\":\"https:\\\/\\\/discoveralmunecar.com\\\/de\\\/#website\",\"url\":\"https:\\\/\\\/discoveralmunecar.com\\\/de\\\/\",\"name\":\"\",\"description\":\"Just another WordPress site\\n\",\"potentialAction\":[{\"@type\":\"SearchAction\",\"target\":{\"@type\":\"EntryPoint\",\"urlTemplate\":\"https:\\\/\\\/discoveralmunecar.com\\\/de\\\/?s={search_term_string}\"},\"query-input\":{\"@type\":\"PropertyValueSpecification\",\"valueRequired\":true,\"valueName\":\"search_term_string\"}}],\"inLanguage\":\"de\"},{\"@type\":\"Person\",\"@id\":\"https:\\\/\\\/discoveralmunecar.com\\\/de\\\/#\\\/schema\\\/person\\\/7d931359380d442b7e8832cd0d6a2db0\",\"name\":\"Admin\",\"image\":{\"@type\":\"ImageObject\",\"inLanguage\":\"de\",\"@id\":\"https:\\\/\\\/secure.gravatar.com\\\/avatar\\\/87aff11e22fb9eda78c606aa27a60cd99fc49aac3a2cf4688b14253df494fd22?s=96&d=mm&r=g\",\"url\":\"https:\\\/\\\/secure.gravatar.com\\\/avatar\\\/87aff11e22fb9eda78c606aa27a60cd99fc49aac3a2cf4688b14253df494fd22?s=96&d=mm&r=g\",\"contentUrl\":\"https:\\\/\\\/secure.gravatar.com\\\/avatar\\\/87aff11e22fb9eda78c606aa27a60cd99fc49aac3a2cf4688b14253df494fd22?s=96&d=mm&r=g\",\"caption\":\"Admin\"},\"url\":\"https:\\\/\\\/discoveralmunecar.com\\\/de\\\/author\\\/pedro-espinosa\\\/\"}]}<\/script>\n<!-- \/ Yoast SEO plugin. -->","yoast_head_json":{"title":"Strand von Cantarrij\u00e1n -","description":"Entdecke den Strand von Cantarrij\u00e1n in La Herradura: ein wundersch\u00f6ner FKK-Strand mit einem Shuttlebus-Service f\u00fcr 3\u202f\u20ac, Strandbars wie La Barraca und Aktivit\u00e4ten wie Schnorcheln, Tauchen und Paddle-Surfen.","robots":{"index":"index","follow":"follow","max-snippet":"max-snippet:-1","max-image-preview":"max-image-preview:large","max-video-preview":"max-video-preview:-1"},"canonical":"https:\/\/discoveralmunecar.com\/de\/strand-von-cantarrijan\/","og_locale":"de_DE","og_type":"article","og_title":"Strand von Cantarrij\u00e1n -","og_description":"Entdecke den Strand von Cantarrij\u00e1n in La Herradura: ein wundersch\u00f6ner FKK-Strand mit einem Shuttlebus-Service f\u00fcr 3\u202f\u20ac, Strandbars wie La Barraca und Aktivit\u00e4ten wie Schnorcheln, Tauchen und Paddle-Surfen.","og_url":"https:\/\/discoveralmunecar.com\/de\/strand-von-cantarrijan\/","article_published_time":"2025-07-29T18:24:06+00:00","article_modified_time":"2025-07-29T18:59:18+00:00","og_image":[{"width":1920,"height":1080,"url":"https:\/\/discoveralmunecar.com\/wp-content\/uploads\/2023\/07\/C1.webp","type":"image\/webp"}],"author":"Admin","twitter_card":"summary_large_image","twitter_misc":{"Verfasst von":"Admin","Gesch\u00e4tzte Lesezeit":"7\u00a0Minuten"},"schema":{"@context":"https:\/\/schema.org","@graph":[{"@type":"Article","@id":"https:\/\/discoveralmunecar.com\/de\/strand-von-cantarrijan\/#article","isPartOf":{"@id":"https:\/\/discoveralmunecar.com\/de\/strand-von-cantarrijan\/"},"author":{"name":"Admin","@id":"https:\/\/discoveralmunecar.com\/de\/#\/schema\/person\/7d931359380d442b7e8832cd0d6a2db0"},"headline":"Strand von Cantarrij\u00e1n","datePublished":"2025-07-29T18:24:06+00:00","dateModified":"2025-07-29T18:59:18+00:00","mainEntityOfPage":{"@id":"https:\/\/discoveralmunecar.com\/de\/strand-von-cantarrijan\/"},"wordCount":1337,"commentCount":0,"image":{"@id":"https:\/\/discoveralmunecar.com\/de\/strand-von-cantarrijan\/#primaryimage"},"thumbnailUrl":"https:\/\/discoveralmunecar.com\/wp-content\/uploads\/2023\/07\/C1.webp","articleSection":["La Herradura","Str\u00e4nde von Almu\u00f1\u00e9car","Was ist zu tun?"],"inLanguage":"de","potentialAction":[{"@type":"CommentAction","name":"Comment","target":["https:\/\/discoveralmunecar.com\/de\/strand-von-cantarrijan\/#respond"]}]},{"@type":"WebPage","@id":"https:\/\/discoveralmunecar.com\/de\/strand-von-cantarrijan\/","url":"https:\/\/discoveralmunecar.com\/de\/strand-von-cantarrijan\/","name":"Strand von Cantarrij\u00e1n -","isPartOf":{"@id":"https:\/\/discoveralmunecar.com\/de\/#website"},"primaryImageOfPage":{"@id":"https:\/\/discoveralmunecar.com\/de\/strand-von-cantarrijan\/#primaryimage"},"image":{"@id":"https:\/\/discoveralmunecar.com\/de\/strand-von-cantarrijan\/#primaryimage"},"thumbnailUrl":"https:\/\/discoveralmunecar.com\/wp-content\/uploads\/2023\/07\/C1.webp","datePublished":"2025-07-29T18:24:06+00:00","dateModified":"2025-07-29T18:59:18+00:00","author":{"@id":"https:\/\/discoveralmunecar.com\/de\/#\/schema\/person\/7d931359380d442b7e8832cd0d6a2db0"},"description":"Entdecke den Strand von Cantarrij\u00e1n in La Herradura: ein wundersch\u00f6ner FKK-Strand mit einem Shuttlebus-Service f\u00fcr 3\u202f\u20ac, Strandbars wie La Barraca und Aktivit\u00e4ten wie Schnorcheln, Tauchen und Paddle-Surfen.","breadcrumb":{"@id":"https:\/\/discoveralmunecar.com\/de\/strand-von-cantarrijan\/#breadcrumb"},"inLanguage":"de","potentialAction":[{"@type":"ReadAction","target":["https:\/\/discoveralmunecar.com\/de\/strand-von-cantarrijan\/"]}]},{"@type":"ImageObject","inLanguage":"de","@id":"https:\/\/discoveralmunecar.com\/de\/strand-von-cantarrijan\/#primaryimage","url":"https:\/\/discoveralmunecar.com\/wp-content\/uploads\/2023\/07\/C1.webp","contentUrl":"https:\/\/discoveralmunecar.com\/wp-content\/uploads\/2023\/07\/C1.webp","width":1920,"height":1080},{"@type":"BreadcrumbList","@id":"https:\/\/discoveralmunecar.com\/de\/strand-von-cantarrijan\/#breadcrumb","itemListElement":[{"@type":"ListItem","position":1,"name":"Home","item":"https:\/\/discoveralmunecar.com\/de\/"},{"@type":"ListItem","position":2,"name":"Strand von Cantarrij\u00e1n"}]},{"@type":"WebSite","@id":"https:\/\/discoveralmunecar.com\/de\/#website","url":"https:\/\/discoveralmunecar.com\/de\/","name":"","description":"Just another WordPress site\n","potentialAction":[{"@type":"SearchAction","target":{"@type":"EntryPoint","urlTemplate":"https:\/\/discoveralmunecar.com\/de\/?s={search_term_string}"},"query-input":{"@type":"PropertyValueSpecification","valueRequired":true,"valueName":"search_term_string"}}],"inLanguage":"de"},{"@type":"Person","@id":"https:\/\/discoveralmunecar.com\/de\/#\/schema\/person\/7d931359380d442b7e8832cd0d6a2db0","name":"Admin","image":{"@type":"ImageObject","inLanguage":"de","@id":"https:\/\/secure.gravatar.com\/avatar\/87aff11e22fb9eda78c606aa27a60cd99fc49aac3a2cf4688b14253df494fd22?s=96&d=mm&r=g","url":"https:\/\/secure.gravatar.com\/avatar\/87aff11e22fb9eda78c606aa27a60cd99fc49aac3a2cf4688b14253df494fd22?s=96&d=mm&r=g","contentUrl":"https:\/\/secure.gravatar.com\/avatar\/87aff11e22fb9eda78c606aa27a60cd99fc49aac3a2cf4688b14253df494fd22?s=96&d=mm&r=g","caption":"Admin"},"url":"https:\/\/discoveralmunecar.com\/de\/author\/pedro-espinosa\/"}]}},"_links":{"self":[{"href":"https:\/\/discoveralmunecar.com\/de\/wp-json\/wp\/v2\/posts\/19433","targetHints":{"allow":["GET"]}}],"collection":[{"href":"https:\/\/discoveralmunecar.com\/de\/wp-json\/wp\/v2\/posts"}],"about":[{"href":"https:\/\/discoveralmunecar.com\/de\/wp-json\/wp\/v2\/types\/post"}],"author":[{"embeddable":true,"href":"https:\/\/discoveralmunecar.com\/de\/wp-json\/wp\/v2\/users\/2"}],"replies":[{"embeddable":true,"href":"https:\/\/discoveralmunecar.com\/de\/wp-json\/wp\/v2\/comments?post=19433"}],"version-history":[{"count":4,"href":"https:\/\/discoveralmunecar.com\/de\/wp-json\/wp\/v2\/posts\/19433\/revisions"}],"predecessor-version":[{"id":19447,"href":"https:\/\/discoveralmunecar.com\/de\/wp-json\/wp\/v2\/posts\/19433\/revisions\/19447"}],"wp:featuredmedia":[{"embeddable":true,"href":"https:\/\/discoveralmunecar.com\/de\/wp-json\/wp\/v2\/media\/17179"}],"wp:attachment":[{"href":"https:\/\/discoveralmunecar.com\/de\/wp-json\/wp\/v2\/media?parent=19433"}],"wp:term":[{"taxonomy":"category","embeddable":true,"href":"https:\/\/discoveralmunecar.com\/de\/wp-json\/wp\/v2\/categories?post=19433"},{"taxonomy":"post_tag","embeddable":true,"href":"https:\/\/discoveralmunecar.com\/de\/wp-json\/wp\/v2\/tags?post=19433"}],"curies":[{"name":"wp","href":"https:\/\/api.w.org\/{rel}","templated":true}]}}