{"id":22513,"date":"2026-09-01T15:01:59","date_gmt":"2026-09-01T15:01:59","guid":{"rendered":"https:\/\/discoveralmunecar.com\/?p=22513"},"modified":"2026-09-01T15:01:59","modified_gmt":"2026-09-01T15:01:59","slug":"griechisch-roemisches-theater-in-almunecar-2026-programm-und-spielplan","status":"publish","type":"post","link":"https:\/\/discoveralmunecar.com\/de\/griechisch-roemisches-theater-in-almunecar-2026-programm-und-spielplan\/","title":{"rendered":"Griechisch-r\u00f6misches Theater in Almu\u00f1\u00e9car 2026: Programm und Spielplan"},"content":{"rendered":"<p>[vc_row][vc_column][vc_single_image image=&#8221;22485&#8243; img_size=&#8221;full&#8221;][vc_empty_space]<div class=\"text-block\" ><div class=\"simple-text \"><p class=\"PDq2pG_selectionAnchorContainer\" data-start=\"74\" data-end=\"624\">Das <strong data-start=\"78\" data-end=\"127\">griechisch-r\u00f6mische Theater in Almu\u00f1\u00e9car 2026<\/strong> kehrt in den <strong data-start=\"141\" data-end=\"162\">Parque El Majuelo<\/strong> zur\u00fcck. Dort findet die 18. Ausgabe des <strong data-start=\"203\" data-end=\"270\">Festivals f\u00fcr griechisch-r\u00f6misches Theater \u201eSexi Firmum Iulium\u201c<\/strong> statt, eines der bedeutendsten Kulturereignisse an der Costa Tropical. Almu\u00f1\u00e9car ist eng mit der Antike und seiner Vergangenheit als <em data-start=\"404\" data-end=\"424\">Sexi Firmum Iulium<\/em>, der r\u00f6mischen Stadt, verbunden. F\u00fcnf Abende lang erwacht das klassische Theater in einer einzigartigen Kulisse zu neuem Leben und verbindet Geschichte, Kulturerbe, Kultur und mediterranes Flair. \ud83c\udffa\u2728<\/p>\n<h3 data-section-id=\"nt6g2s\" data-start=\"626\" data-end=\"668\">\ud83c\udf1f\ud83c\udfad Ein ganz besonderes Festival 2026<\/h3>\n<p data-start=\"670\" data-end=\"1251\">Vom <strong data-start=\"674\" data-end=\"702\">2. bis 6. September 2026<\/strong> pr\u00e4sentiert das <strong data-start=\"719\" data-end=\"750\">Festival Sexi Firmum Iulium<\/strong> in Almu\u00f1\u00e9car f\u00fcnf Theaterauff\u00fchrungen, die von den gro\u00dfen Klassikern des antiken Griechenlands inspiriert sind. Eine wichtige Neuerung in diesem Jahr ist die Teilnahme von <strong data-start=\"923\" data-end=\"949\">lokalen Theatergruppen<\/strong>, die sich das Programm mit professionellen Produktionen teilen, die mit dem <strong data-start=\"1026\" data-end=\"1089\">Internationalen Festival f\u00fcr klassisches Theater von M\u00e9rida<\/strong> verbunden sind. Euripides, Aristophanes und gro\u00dfe Figuren der klassischen Mythologie stehen im Mittelpunkt dieser besonderen Abende unter dem Sternenhimmel. \ud83c\udf19\ud83c\udfad<\/p>\n<h3 data-section-id=\"w1s07d\" data-start=\"1253\" data-end=\"1323\">\ud83d\udcdc\ud83c\udf9f\ufe0f Programm des griechisch-r\u00f6mischen Theaters in Almu\u00f1\u00e9car 2026<\/h3>\n<p data-start=\"1325\" data-end=\"1584\"><strong data-start=\"1325\" data-end=\"1365\">1\ufe0f\u20e3 Mittwoch, 2. September \u2014 <em data-start=\"1356\" data-end=\"1363\">Medea<\/em><\/strong><br data-start=\"1365\" data-end=\"1368\" \/>\ud83c\udfad <em data-start=\"1371\" data-end=\"1398\">Elenco Teatro | Almu\u00f1\u00e9car<\/em><br data-start=\"1398\" data-end=\"1401\" \/>Die lokale Theatergruppe er\u00f6ffnet das Festival mit der ber\u00fchmten Trag\u00f6die von <strong data-start=\"1479\" data-end=\"1492\">Euripides<\/strong> \u2013 eine Geschichte \u00fcber Liebe, Verrat und Rache, die das Publikum seit Jahrhunderten bewegt.<\/p>\n<p data-start=\"1586\" data-end=\"1870\"><strong data-start=\"1586\" data-end=\"1640\">2\ufe0f\u20e3 Donnerstag, 3. September \u2014 <em data-start=\"1619\" data-end=\"1638\">Die Thesmophorien<\/em><\/strong><br data-start=\"1640\" data-end=\"1643\" \/>\ud83c\udfad <em data-start=\"1646\" data-end=\"1679\">Segundo Acto Teatro | Almu\u00f1\u00e9car<\/em><br data-start=\"1679\" data-end=\"1682\" \/>Die Kom\u00f6die von <strong data-start=\"1698\" data-end=\"1714\">Aristophanes<\/strong> wird von einer weiteren lokalen Theatergruppe aufgef\u00fchrt und bringt Humor, Satire und eine unterhaltsame Perspektive auf die klassische Welt auf die B\u00fchne.<\/p>\n<p data-start=\"1872\" data-end=\"2098\"><strong data-start=\"1872\" data-end=\"1926\">3\ufe0f\u20e3 Freitag, 4. September \u2014 <em data-start=\"1902\" data-end=\"1924\">Jason und die Furien<\/em><\/strong><br data-start=\"1926\" data-end=\"1929\" \/>\ud83c\udfad <em data-start=\"1932\" data-end=\"1955\">Teatro del Noct\u00e1mbulo<\/em><br data-start=\"1955\" data-end=\"1958\" \/>Die Mythen rund um Jason kommen mit dieser professionellen Produktion auf die B\u00fchne von El Majuelo und sind Teil des Festivalprogramms 2026.<\/p>\n<p data-start=\"2100\" data-end=\"2350\"><strong data-start=\"2100\" data-end=\"2158\">4\ufe0f\u20e3 Samstag, 5. September \u2014 <em data-start=\"2130\" data-end=\"2156\">Phaedra in der Unterwelt<\/em><\/strong><br data-start=\"2158\" data-end=\"2161\" \/>\ud83c\udfad <em data-start=\"2164\" data-end=\"2214\">Lidia Bosch, Julio Pe\u00f1a und Alejandro Albarrac\u00edn<\/em><br data-start=\"2214\" data-end=\"2217\" \/>Einer der H\u00f6hepunkte des diesj\u00e4hrigen Festivals. Die Produktion kommt nur wenige Wochen nach ihrer Premiere in M\u00e9rida nach Almu\u00f1\u00e9car.<\/p>\n<p data-start=\"2352\" data-end=\"2606\"><strong data-start=\"2352\" data-end=\"2416\">5\ufe0f\u20e3 Sonntag, 6. September \u2014 <em data-start=\"2382\" data-end=\"2414\">Antigone, die verfluchte Linie<\/em><\/strong><br data-start=\"2416\" data-end=\"2419\" \/>\ud83c\udfad <em data-start=\"2422\" data-end=\"2456\">Atalaya Teatro | Ricardo Iniesta<\/em><br data-start=\"2456\" data-end=\"2459\" \/>Die Trag\u00f6die der Antigone bildet den Abschluss des Festivals mit einer neuen Produktion von Atalaya Teatro unter der Regie von Ricardo Iniesta. \ud83c\udfdb\ufe0f<\/p>\n<h3 data-section-id=\"km9qke\" data-start=\"2454\" data-end=\"2496\"><img fetchpriority=\"high\" decoding=\"async\" class=\"alignnone size-large wp-image-22478\" src=\"https:\/\/discoveralmunecar.com\/wp-content\/uploads\/2026\/08\/DSC8587Teatro-Grecolatino-2025@0.5x-1620x1080.webp\" alt=\"\" width=\"1140\" height=\"760\" srcset=\"https:\/\/discoveralmunecar.com\/wp-content\/uploads\/2026\/08\/DSC8587Teatro-Grecolatino-2025@0.5x-1620x1080.webp 1620w, https:\/\/discoveralmunecar.com\/wp-content\/uploads\/2026\/08\/DSC8587Teatro-Grecolatino-2025@0.5x-300x200.webp 300w, https:\/\/discoveralmunecar.com\/wp-content\/uploads\/2026\/08\/DSC8587Teatro-Grecolatino-2025@0.5x-768x512.webp 768w, https:\/\/discoveralmunecar.com\/wp-content\/uploads\/2026\/08\/DSC8587Teatro-Grecolatino-2025@0.5x-1536x1024.webp 1536w, https:\/\/discoveralmunecar.com\/wp-content\/uploads\/2026\/08\/DSC8587Teatro-Grecolatino-2025@0.5x-2048x1365.webp 2048w, https:\/\/discoveralmunecar.com\/wp-content\/uploads\/2026\/08\/DSC8587Teatro-Grecolatino-2025@0.5x-500x333.webp 500w, https:\/\/discoveralmunecar.com\/wp-content\/uploads\/2026\/08\/DSC8587Teatro-Grecolatino-2025@0.5x-800x533.webp 800w, https:\/\/discoveralmunecar.com\/wp-content\/uploads\/2026\/08\/DSC8587Teatro-Grecolatino-2025@0.5x-1280x853.webp 1280w, https:\/\/discoveralmunecar.com\/wp-content\/uploads\/2026\/08\/DSC8587Teatro-Grecolatino-2025@0.5x-1920x1280.webp 1920w\" sizes=\"(max-width: 1140px) 100vw, 1140px\" \/><\/h3>\n<h3 class=\"PDq2pG_selectionAnchorContainer\" data-section-id=\"j9a86r\" data-start=\"2608\" data-end=\"2660\">\ud83d\udccd\ud83c\udf0a Klassisches Theater unter dem Sternenhimmel<\/h3>\n<p data-start=\"2662\" data-end=\"3090\">Der <strong data-start=\"2666\" data-end=\"2687\">Parque El Majuelo<\/strong> wird erneut zum perfekten Schauplatz f\u00fcr klassisches Theater in Almu\u00f1\u00e9car. F\u00fcr Besucher, die nach <strong data-start=\"2786\" data-end=\"2827\">Aktivit\u00e4ten in Almu\u00f1\u00e9car im September<\/strong> suchen, bietet dieses Festival eine au\u00dfergew\u00f6hnliche Kombination aus Kultur, Geschichte und Unterhaltung mitten im Herzen der Stadt. Die besondere Atmosph\u00e4re von El Majuelo verbindet die gro\u00dfen Geschichten der Antike mit dem mediterranen Flair von Almu\u00f1\u00e9car. \u2728\ud83c\udf0a<\/p>\n<h3 data-section-id=\"zvj3vw\" data-start=\"3092\" data-end=\"3135\">\ud83c\udf9f\ufe0f\ud83c\udffa Termine, Preise und Informationen<\/h3>\n<p data-start=\"3137\" data-end=\"3343\">\ud83d\udcc5 <strong data-start=\"3140\" data-end=\"3164\">2.\u20136. September 2026<\/strong><br data-start=\"3164\" data-end=\"3167\" \/>\ud83d\udccd <strong data-start=\"3170\" data-end=\"3216\">Auditorium im Parque El Majuelo, Almu\u00f1\u00e9car<\/strong><br data-start=\"3216\" data-end=\"3219\" \/>\ud83c\udf9f\ufe0f <strong data-start=\"3223\" data-end=\"3264\">Pass f\u00fcr alle f\u00fcnf Auff\u00fchrungen: 40 \u20ac<\/strong><br data-start=\"3264\" data-end=\"3267\" \/>\ud83c\udfab <strong data-start=\"3270\" data-end=\"3307\">Professionelle Produktionen: 15 \u20ac<\/strong><br data-start=\"3307\" data-end=\"3310\" \/>\ud83c\udfad <strong data-start=\"3313\" data-end=\"3343\">Lokale Theatergruppen: 5 \u20ac<\/strong><\/p>\n<p data-start=\"3345\" data-end=\"3669\" data-is-last-node=\"\" data-is-only-node=\"\">Das <strong data-start=\"3349\" data-end=\"3398\">griechisch-r\u00f6mische Theater in Almu\u00f1\u00e9car 2026<\/strong> ist ein besonderes Erlebnis f\u00fcr alle, die Kultur und Geschichte der Stadt auf eine andere Art entdecken m\u00f6chten. F\u00fcnf Abende, f\u00fcnf Auff\u00fchrungen und Tausende Jahre Geschichte treffen sich im El Majuelo und zeigen, dass die gro\u00dfen Klassiker bis heute lebendig sind. \ud83c\udfdb\ufe0f\ud83c\udfad\u2728<\/p>\n<\/div><\/div>[\/vc_column][\/vc_row]<\/p>\n","protected":false},"excerpt":{"rendered":"<p>[vc_row][vc_column][vc_single_image image=&#8221;22485&#8243; img_size=&#8221;full&#8221;][vc_empty_space][\/vc_column][\/vc_row]<\/p>\n","protected":false},"author":2,"featured_media":22500,"comment_status":"open","ping_status":"closed","sticky":false,"template":"","format":"standard","meta":{"footnotes":""},"categories":[243],"tags":[],"class_list":["post-22513","post","type-post","status-publish","format-standard","has-post-thumbnail","hentry","category-kultur-in-almunecar"],"yoast_head":"<!-- This site is optimized with the Yoast SEO plugin v27.8 - https:\/\/yoast.com\/product\/yoast-seo-wordpress\/ -->\n<title>Griechisch-r\u00f6misches Theater in Almu\u00f1\u00e9car 2026: Programm und Spielplan -<\/title>\n<meta name=\"robots\" content=\"index, follow, max-snippet:-1, max-image-preview:large, max-video-preview:-1\" \/>\n<link rel=\"canonical\" href=\"https:\/\/discoveralmunecar.com\/de\/griechisch-roemisches-theater-in-almunecar-2026-programm-und-spielplan\/\" \/>\n<meta property=\"og:locale\" content=\"de_DE\" \/>\n<meta property=\"og:type\" content=\"article\" \/>\n<meta property=\"og:title\" content=\"Griechisch-r\u00f6misches Theater in Almu\u00f1\u00e9car 2026: Programm und Spielplan -\" \/>\n<meta property=\"og:description\" content=\"[vc_row][vc_column][vc_single_image image=&#8221;22485&#8243; img_size=&#8221;full&#8221;][vc_empty_space][\/vc_column][\/vc_row]\" \/>\n<meta property=\"og:url\" content=\"https:\/\/discoveralmunecar.com\/de\/griechisch-roemisches-theater-in-almunecar-2026-programm-und-spielplan\/\" \/>\n<meta property=\"article:published_time\" content=\"2026-09-01T15:01:59+00:00\" \/>\n<meta property=\"og:image\" content=\"https:\/\/discoveralmunecar.com\/wp-content\/uploads\/2026\/08\/DSC8586Teatro-Grecolatino-2025@0.5x-2.webp\" \/>\n\t<meta property=\"og:image:width\" content=\"2331\" \/>\n\t<meta property=\"og:image:height\" content=\"1311\" \/>\n\t<meta property=\"og:image:type\" content=\"image\/webp\" \/>\n<meta name=\"author\" content=\"Admin\" \/>\n<meta name=\"twitter:card\" content=\"summary_large_image\" \/>\n<meta name=\"twitter:label1\" content=\"Verfasst von\" \/>\n\t<meta name=\"twitter:data1\" content=\"Admin\" \/>\n\t<meta name=\"twitter:label2\" content=\"Gesch\u00e4tzte Lesezeit\" \/>\n\t<meta name=\"twitter:data2\" content=\"3\u00a0Minuten\" \/>\n<script type=\"application\/ld+json\" class=\"yoast-schema-graph\">{\"@context\":\"https:\\\/\\\/schema.org\",\"@graph\":[{\"@type\":\"Article\",\"@id\":\"https:\\\/\\\/discoveralmunecar.com\\\/de\\\/griechisch-roemisches-theater-in-almunecar-2026-programm-und-spielplan\\\/#article\",\"isPartOf\":{\"@id\":\"https:\\\/\\\/discoveralmunecar.com\\\/de\\\/griechisch-roemisches-theater-in-almunecar-2026-programm-und-spielplan\\\/\"},\"author\":{\"name\":\"Admin\",\"@id\":\"https:\\\/\\\/discoveralmunecar.com\\\/de\\\/#\\\/schema\\\/person\\\/7d931359380d442b7e8832cd0d6a2db0\"},\"headline\":\"Griechisch-r\u00f6misches Theater in Almu\u00f1\u00e9car 2026: Programm und Spielplan\",\"datePublished\":\"2026-09-01T15:01:59+00:00\",\"mainEntityOfPage\":{\"@id\":\"https:\\\/\\\/discoveralmunecar.com\\\/de\\\/griechisch-roemisches-theater-in-almunecar-2026-programm-und-spielplan\\\/\"},\"wordCount\":532,\"commentCount\":0,\"image\":{\"@id\":\"https:\\\/\\\/discoveralmunecar.com\\\/de\\\/griechisch-roemisches-theater-in-almunecar-2026-programm-und-spielplan\\\/#primaryimage\"},\"thumbnailUrl\":\"https:\\\/\\\/discoveralmunecar.com\\\/wp-content\\\/uploads\\\/2026\\\/08\\\/DSC8586Teatro-Grecolatino-2025@0.5x-2.webp\",\"articleSection\":[\"Kultur in Almu\u00f1\u00e9car\"],\"inLanguage\":\"de\",\"potentialAction\":[{\"@type\":\"CommentAction\",\"name\":\"Comment\",\"target\":[\"https:\\\/\\\/discoveralmunecar.com\\\/de\\\/griechisch-roemisches-theater-in-almunecar-2026-programm-und-spielplan\\\/#respond\"]}]},{\"@type\":\"WebPage\",\"@id\":\"https:\\\/\\\/discoveralmunecar.com\\\/de\\\/griechisch-roemisches-theater-in-almunecar-2026-programm-und-spielplan\\\/\",\"url\":\"https:\\\/\\\/discoveralmunecar.com\\\/de\\\/griechisch-roemisches-theater-in-almunecar-2026-programm-und-spielplan\\\/\",\"name\":\"Griechisch-r\u00f6misches Theater in Almu\u00f1\u00e9car 2026: Programm und Spielplan -\",\"isPartOf\":{\"@id\":\"https:\\\/\\\/discoveralmunecar.com\\\/de\\\/#website\"},\"primaryImageOfPage\":{\"@id\":\"https:\\\/\\\/discoveralmunecar.com\\\/de\\\/griechisch-roemisches-theater-in-almunecar-2026-programm-und-spielplan\\\/#primaryimage\"},\"image\":{\"@id\":\"https:\\\/\\\/discoveralmunecar.com\\\/de\\\/griechisch-roemisches-theater-in-almunecar-2026-programm-und-spielplan\\\/#primaryimage\"},\"thumbnailUrl\":\"https:\\\/\\\/discoveralmunecar.com\\\/wp-content\\\/uploads\\\/2026\\\/08\\\/DSC8586Teatro-Grecolatino-2025@0.5x-2.webp\",\"datePublished\":\"2026-09-01T15:01:59+00:00\",\"author\":{\"@id\":\"https:\\\/\\\/discoveralmunecar.com\\\/de\\\/#\\\/schema\\\/person\\\/7d931359380d442b7e8832cd0d6a2db0\"},\"breadcrumb\":{\"@id\":\"https:\\\/\\\/discoveralmunecar.com\\\/de\\\/griechisch-roemisches-theater-in-almunecar-2026-programm-und-spielplan\\\/#breadcrumb\"},\"inLanguage\":\"de\",\"potentialAction\":[{\"@type\":\"ReadAction\",\"target\":[\"https:\\\/\\\/discoveralmunecar.com\\\/de\\\/griechisch-roemisches-theater-in-almunecar-2026-programm-und-spielplan\\\/\"]}]},{\"@type\":\"ImageObject\",\"inLanguage\":\"de\",\"@id\":\"https:\\\/\\\/discoveralmunecar.com\\\/de\\\/griechisch-roemisches-theater-in-almunecar-2026-programm-und-spielplan\\\/#primaryimage\",\"url\":\"https:\\\/\\\/discoveralmunecar.com\\\/wp-content\\\/uploads\\\/2026\\\/08\\\/DSC8586Teatro-Grecolatino-2025@0.5x-2.webp\",\"contentUrl\":\"https:\\\/\\\/discoveralmunecar.com\\\/wp-content\\\/uploads\\\/2026\\\/08\\\/DSC8586Teatro-Grecolatino-2025@0.5x-2.webp\",\"width\":2331,\"height\":1311},{\"@type\":\"BreadcrumbList\",\"@id\":\"https:\\\/\\\/discoveralmunecar.com\\\/de\\\/griechisch-roemisches-theater-in-almunecar-2026-programm-und-spielplan\\\/#breadcrumb\",\"itemListElement\":[{\"@type\":\"ListItem\",\"position\":1,\"name\":\"Home\",\"item\":\"https:\\\/\\\/discoveralmunecar.com\\\/de\\\/\"},{\"@type\":\"ListItem\",\"position\":2,\"name\":\"Griechisch-r\u00f6misches Theater in Almu\u00f1\u00e9car 2026: Programm und Spielplan\"}]},{\"@type\":\"WebSite\",\"@id\":\"https:\\\/\\\/discoveralmunecar.com\\\/de\\\/#website\",\"url\":\"https:\\\/\\\/discoveralmunecar.com\\\/de\\\/\",\"name\":\"\",\"description\":\"Just another WordPress site\\n\",\"potentialAction\":[{\"@type\":\"SearchAction\",\"target\":{\"@type\":\"EntryPoint\",\"urlTemplate\":\"https:\\\/\\\/discoveralmunecar.com\\\/de\\\/?s={search_term_string}\"},\"query-input\":{\"@type\":\"PropertyValueSpecification\",\"valueRequired\":true,\"valueName\":\"search_term_string\"}}],\"inLanguage\":\"de\"},{\"@type\":\"Person\",\"@id\":\"https:\\\/\\\/discoveralmunecar.com\\\/de\\\/#\\\/schema\\\/person\\\/7d931359380d442b7e8832cd0d6a2db0\",\"name\":\"Admin\",\"image\":{\"@type\":\"ImageObject\",\"inLanguage\":\"de\",\"@id\":\"https:\\\/\\\/secure.gravatar.com\\\/avatar\\\/87aff11e22fb9eda78c606aa27a60cd99fc49aac3a2cf4688b14253df494fd22?s=96&d=mm&r=g\",\"url\":\"https:\\\/\\\/secure.gravatar.com\\\/avatar\\\/87aff11e22fb9eda78c606aa27a60cd99fc49aac3a2cf4688b14253df494fd22?s=96&d=mm&r=g\",\"contentUrl\":\"https:\\\/\\\/secure.gravatar.com\\\/avatar\\\/87aff11e22fb9eda78c606aa27a60cd99fc49aac3a2cf4688b14253df494fd22?s=96&d=mm&r=g\",\"caption\":\"Admin\"},\"url\":\"https:\\\/\\\/discoveralmunecar.com\\\/de\\\/author\\\/pedro-espinosa\\\/\"}]}<\/script>\n<!-- \/ Yoast SEO plugin. -->","yoast_head_json":{"title":"Griechisch-r\u00f6misches Theater in Almu\u00f1\u00e9car 2026: Programm und Spielplan -","robots":{"index":"index","follow":"follow","max-snippet":"max-snippet:-1","max-image-preview":"max-image-preview:large","max-video-preview":"max-video-preview:-1"},"canonical":"https:\/\/discoveralmunecar.com\/de\/griechisch-roemisches-theater-in-almunecar-2026-programm-und-spielplan\/","og_locale":"de_DE","og_type":"article","og_title":"Griechisch-r\u00f6misches Theater in Almu\u00f1\u00e9car 2026: Programm und Spielplan -","og_description":"[vc_row][vc_column][vc_single_image image=&#8221;22485&#8243; img_size=&#8221;full&#8221;][vc_empty_space][\/vc_column][\/vc_row]","og_url":"https:\/\/discoveralmunecar.com\/de\/griechisch-roemisches-theater-in-almunecar-2026-programm-und-spielplan\/","article_published_time":"2026-09-01T15:01:59+00:00","og_image":[{"width":2331,"height":1311,"url":"https:\/\/discoveralmunecar.com\/wp-content\/uploads\/2026\/08\/DSC8586Teatro-Grecolatino-2025@0.5x-2.webp","type":"image\/webp"}],"author":"Admin","twitter_card":"summary_large_image","twitter_misc":{"Verfasst von":"Admin","Gesch\u00e4tzte Lesezeit":"3\u00a0Minuten"},"schema":{"@context":"https:\/\/schema.org","@graph":[{"@type":"Article","@id":"https:\/\/discoveralmunecar.com\/de\/griechisch-roemisches-theater-in-almunecar-2026-programm-und-spielplan\/#article","isPartOf":{"@id":"https:\/\/discoveralmunecar.com\/de\/griechisch-roemisches-theater-in-almunecar-2026-programm-und-spielplan\/"},"author":{"name":"Admin","@id":"https:\/\/discoveralmunecar.com\/de\/#\/schema\/person\/7d931359380d442b7e8832cd0d6a2db0"},"headline":"Griechisch-r\u00f6misches Theater in Almu\u00f1\u00e9car 2026: Programm und Spielplan","datePublished":"2026-09-01T15:01:59+00:00","mainEntityOfPage":{"@id":"https:\/\/discoveralmunecar.com\/de\/griechisch-roemisches-theater-in-almunecar-2026-programm-und-spielplan\/"},"wordCount":532,"commentCount":0,"image":{"@id":"https:\/\/discoveralmunecar.com\/de\/griechisch-roemisches-theater-in-almunecar-2026-programm-und-spielplan\/#primaryimage"},"thumbnailUrl":"https:\/\/discoveralmunecar.com\/wp-content\/uploads\/2026\/08\/DSC8586Teatro-Grecolatino-2025@0.5x-2.webp","articleSection":["Kultur in Almu\u00f1\u00e9car"],"inLanguage":"de","potentialAction":[{"@type":"CommentAction","name":"Comment","target":["https:\/\/discoveralmunecar.com\/de\/griechisch-roemisches-theater-in-almunecar-2026-programm-und-spielplan\/#respond"]}]},{"@type":"WebPage","@id":"https:\/\/discoveralmunecar.com\/de\/griechisch-roemisches-theater-in-almunecar-2026-programm-und-spielplan\/","url":"https:\/\/discoveralmunecar.com\/de\/griechisch-roemisches-theater-in-almunecar-2026-programm-und-spielplan\/","name":"Griechisch-r\u00f6misches Theater in Almu\u00f1\u00e9car 2026: Programm und Spielplan -","isPartOf":{"@id":"https:\/\/discoveralmunecar.com\/de\/#website"},"primaryImageOfPage":{"@id":"https:\/\/discoveralmunecar.com\/de\/griechisch-roemisches-theater-in-almunecar-2026-programm-und-spielplan\/#primaryimage"},"image":{"@id":"https:\/\/discoveralmunecar.com\/de\/griechisch-roemisches-theater-in-almunecar-2026-programm-und-spielplan\/#primaryimage"},"thumbnailUrl":"https:\/\/discoveralmunecar.com\/wp-content\/uploads\/2026\/08\/DSC8586Teatro-Grecolatino-2025@0.5x-2.webp","datePublished":"2026-09-01T15:01:59+00:00","author":{"@id":"https:\/\/discoveralmunecar.com\/de\/#\/schema\/person\/7d931359380d442b7e8832cd0d6a2db0"},"breadcrumb":{"@id":"https:\/\/discoveralmunecar.com\/de\/griechisch-roemisches-theater-in-almunecar-2026-programm-und-spielplan\/#breadcrumb"},"inLanguage":"de","potentialAction":[{"@type":"ReadAction","target":["https:\/\/discoveralmunecar.com\/de\/griechisch-roemisches-theater-in-almunecar-2026-programm-und-spielplan\/"]}]},{"@type":"ImageObject","inLanguage":"de","@id":"https:\/\/discoveralmunecar.com\/de\/griechisch-roemisches-theater-in-almunecar-2026-programm-und-spielplan\/#primaryimage","url":"https:\/\/discoveralmunecar.com\/wp-content\/uploads\/2026\/08\/DSC8586Teatro-Grecolatino-2025@0.5x-2.webp","contentUrl":"https:\/\/discoveralmunecar.com\/wp-content\/uploads\/2026\/08\/DSC8586Teatro-Grecolatino-2025@0.5x-2.webp","width":2331,"height":1311},{"@type":"BreadcrumbList","@id":"https:\/\/discoveralmunecar.com\/de\/griechisch-roemisches-theater-in-almunecar-2026-programm-und-spielplan\/#breadcrumb","itemListElement":[{"@type":"ListItem","position":1,"name":"Home","item":"https:\/\/discoveralmunecar.com\/de\/"},{"@type":"ListItem","position":2,"name":"Griechisch-r\u00f6misches Theater in Almu\u00f1\u00e9car 2026: Programm und Spielplan"}]},{"@type":"WebSite","@id":"https:\/\/discoveralmunecar.com\/de\/#website","url":"https:\/\/discoveralmunecar.com\/de\/","name":"","description":"Just another WordPress site\n","potentialAction":[{"@type":"SearchAction","target":{"@type":"EntryPoint","urlTemplate":"https:\/\/discoveralmunecar.com\/de\/?s={search_term_string}"},"query-input":{"@type":"PropertyValueSpecification","valueRequired":true,"valueName":"search_term_string"}}],"inLanguage":"de"},{"@type":"Person","@id":"https:\/\/discoveralmunecar.com\/de\/#\/schema\/person\/7d931359380d442b7e8832cd0d6a2db0","name":"Admin","image":{"@type":"ImageObject","inLanguage":"de","@id":"https:\/\/secure.gravatar.com\/avatar\/87aff11e22fb9eda78c606aa27a60cd99fc49aac3a2cf4688b14253df494fd22?s=96&d=mm&r=g","url":"https:\/\/secure.gravatar.com\/avatar\/87aff11e22fb9eda78c606aa27a60cd99fc49aac3a2cf4688b14253df494fd22?s=96&d=mm&r=g","contentUrl":"https:\/\/secure.gravatar.com\/avatar\/87aff11e22fb9eda78c606aa27a60cd99fc49aac3a2cf4688b14253df494fd22?s=96&d=mm&r=g","caption":"Admin"},"url":"https:\/\/discoveralmunecar.com\/de\/author\/pedro-espinosa\/"}]}},"_links":{"self":[{"href":"https:\/\/discoveralmunecar.com\/de\/wp-json\/wp\/v2\/posts\/22513","targetHints":{"allow":["GET"]}}],"collection":[{"href":"https:\/\/discoveralmunecar.com\/de\/wp-json\/wp\/v2\/posts"}],"about":[{"href":"https:\/\/discoveralmunecar.com\/de\/wp-json\/wp\/v2\/types\/post"}],"author":[{"embeddable":true,"href":"https:\/\/discoveralmunecar.com\/de\/wp-json\/wp\/v2\/users\/2"}],"replies":[{"embeddable":true,"href":"https:\/\/discoveralmunecar.com\/de\/wp-json\/wp\/v2\/comments?post=22513"}],"version-history":[{"count":2,"href":"https:\/\/discoveralmunecar.com\/de\/wp-json\/wp\/v2\/posts\/22513\/revisions"}],"predecessor-version":[{"id":22515,"href":"https:\/\/discoveralmunecar.com\/de\/wp-json\/wp\/v2\/posts\/22513\/revisions\/22515"}],"wp:featuredmedia":[{"embeddable":true,"href":"https:\/\/discoveralmunecar.com\/de\/wp-json\/wp\/v2\/media\/22500"}],"wp:attachment":[{"href":"https:\/\/discoveralmunecar.com\/de\/wp-json\/wp\/v2\/media?parent=22513"}],"wp:term":[{"taxonomy":"category","embeddable":true,"href":"https:\/\/discoveralmunecar.com\/de\/wp-json\/wp\/v2\/categories?post=22513"},{"taxonomy":"post_tag","embeddable":true,"href":"https:\/\/discoveralmunecar.com\/de\/wp-json\/wp\/v2\/tags?post=22513"}],"curies":[{"name":"wp","href":"https:\/\/api.w.org\/{rel}","templated":true}]}}