{"id":22631,"date":"2026-09-02T13:13:00","date_gmt":"2026-09-02T13:13:00","guid":{"rendered":"https:\/\/discoveralmunecar.com\/?p=22631"},"modified":"2026-09-02T13:13:00","modified_gmt":"2026-09-02T13:13:00","slug":"die-vuelta-a-espana-2026-startet-in-almunecar-der-loewe-der-costa-tropical-faehrt-zu-hause","status":"publish","type":"post","link":"https:\/\/discoveralmunecar.com\/de\/die-vuelta-a-espana-2026-startet-in-almunecar-der-loewe-der-costa-tropical-faehrt-zu-hause\/","title":{"rendered":"Die Vuelta a Espa\u00f1a 2026 startet in Almu\u00f1\u00e9car: Der L\u00f6we der Costa Tropical f\u00e4hrt zu Hause"},"content":{"rendered":"<p class=\"PDq2pG_selectionAnchorContainer\" data-start=\"215\" data-end=\"462\">Die <strong data-start=\"219\" data-end=\"243\">Vuelta a Espa\u00f1a 2026<\/strong> startet am Freitag, den 4. September, in <strong data-start=\"285\" data-end=\"298\">Almu\u00f1\u00e9car<\/strong>. F\u00fcr die Stadt und einen ihrer gro\u00dfen Sportler wird es ein ganz besonderer Tag: <strong data-start=\"379\" data-end=\"399\">Carlos Rodr\u00edguez<\/strong>, der in Almu\u00f1\u00e9car geboren wurde, wird hier an den Start gehen.<\/p>\n<p data-start=\"464\" data-end=\"750\">Zum ersten Mal ist Almu\u00f1\u00e9car Startort einer Etappe der Vuelta. F\u00fcr den <strong data-start=\"535\" data-end=\"572\">aus Almu\u00f1\u00e9car stammenden Radprofi<\/strong> ist dies ein ganz besonderer Moment, denn er kann eine Etappe einer gro\u00dfen Rundfahrt in seiner Heimatstadt beginnen \u2013 umgeben von Familie, Freunden und zahlreichen Radsportfans.<\/p>\n<h3 data-section-id=\"n0p1sq\" data-start=\"753\" data-end=\"802\">\ud83d\udeb4 Der L\u00f6we der Costa Tropical f\u00e4hrt zu Hause<\/h3>\n<p data-start=\"804\" data-end=\"1041\">Der <strong data-start=\"808\" data-end=\"827\">lokale Radprofi<\/strong> geh\u00f6rt zu den wichtigsten Sportpers\u00f6nlichkeiten von Almu\u00f1\u00e9car. Seine Profikarriere hat ihn zu den gr\u00f6\u00dften internationalen Radrennen gef\u00fchrt und ihn zu einem der bekanntesten Namen des spanischen Radsports gemacht.<\/p>\n<p data-start=\"1043\" data-end=\"1177\">Nun bietet ihm die Vuelta a Espa\u00f1a 2026 einen ganz besonderen Moment: Der Start erfolgt direkt von den Stra\u00dfen seiner <strong data-start=\"1161\" data-end=\"1176\">Heimatstadt<\/strong>.<\/p>\n<h3 data-section-id=\"1g8zm9s\" data-start=\"1180\" data-end=\"1239\">\ud83d\udccc Alle Informationen zum Start der Vuelta in Almu\u00f1\u00e9car<\/h3>\n<blockquote data-start=\"1241\" data-end=\"1888\">\n<p data-start=\"1243\" data-end=\"1286\"><strong data-start=\"1243\" data-end=\"1286\">\ud83d\udeb4 LA VUELTA A ESPA\u00d1A 2026 IN ALMU\u00d1\u00c9CAR<\/strong><\/p>\n<p data-start=\"1291\" data-end=\"1643\">\ud83d\udcc5 <strong data-start=\"1294\" data-end=\"1304\">Datum:<\/strong> Freitag, 4. September 2026<br data-start=\"1331\" data-end=\"1334\" \/>\ud83d\udeb4 <strong data-start=\"1339\" data-end=\"1350\">Etappe:<\/strong> 13. Etappe<br data-start=\"1361\" data-end=\"1364\" \/>\ud83d\udccd <strong data-start=\"1369\" data-end=\"1379\">Start:<\/strong> Almu\u00f1\u00e9car<br data-start=\"1389\" data-end=\"1392\" \/>\ud83c\udfc1 <strong data-start=\"1397\" data-end=\"1406\">Ziel:<\/strong> Loja<br data-start=\"1411\" data-end=\"1414\" \/>\ud83d\udccf <strong data-start=\"1419\" data-end=\"1431\">Distanz:<\/strong> 192,8 km<br data-start=\"1440\" data-end=\"1443\" \/>\u23f0 <strong data-start=\"1447\" data-end=\"1473\">Neutralisierter Start:<\/strong> 12:20 Uhr<br data-start=\"1483\" data-end=\"1486\" \/>\ud83d\udea6 <strong data-start=\"1491\" data-end=\"1513\">Offizieller Start:<\/strong> etwa 12:41 Uhr<br data-start=\"1528\" data-end=\"1531\" \/>\ud83d\udee3\ufe0f <strong data-start=\"1537\" data-end=\"1561\">Erste Fahrtrichtung:<\/strong> N-340 Richtung Motril<br data-start=\"1583\" data-end=\"1586\" \/>\ud83c\udfc1 <strong data-start=\"1591\" data-end=\"1628\">Voraussichtliche Ankunft in Loja:<\/strong> etwa 17:16 Uhr<\/p>\n<p data-start=\"1648\" data-end=\"1888\">\ud83d\udc40 <strong data-start=\"1651\" data-end=\"1660\">Tipp:<\/strong> Wer die Radprofis live sehen m\u00f6chte, sollte fr\u00fchzeitig kommen. Es werden zahlreiche Zuschauer erwartet. Au\u00dferdem kann es zu Verkehrsbeschr\u00e4nkungen, \u00c4nderungen bei den Zufahrten und Schwierigkeiten bei der Parkplatzsuche kommen.<\/p>\n<\/blockquote>\n<h3 data-section-id=\"1mxok5f\" data-start=\"1891\" data-end=\"1944\">\u2764\ufe0f Eine Stadt bereit, einem ihrer Besten zu ehren<\/h3>\n<p data-start=\"1946\" data-end=\"2191\">Die Vuelta ist auch eine neue Gelegenheit, dem <strong data-start=\"1993\" data-end=\"2020\">Radfahrer aus Almu\u00f1\u00e9car<\/strong> Anerkennung zu zeigen. Die Stadt hat seine sportlichen Erfolge bereits gew\u00fcrdigt und kann nun seine Teilnahme an einer Etappe feiern, die direkt in seiner Heimat beginnt.<\/p>\n<p data-start=\"2193\" data-end=\"2373\">Es wird ein besonderer Tag f\u00fcr den Fahrer und f\u00fcr die gesamte <strong data-start=\"2255\" data-end=\"2273\">Costa Tropical<\/strong>, wenn die Stra\u00dfen von Almu\u00f1\u00e9car zur Kulisse f\u00fcr eines der gro\u00dfen Sportereignisse des Jahres werden.<\/p>\n<h3 data-section-id=\"1jhxzeq\" data-start=\"2376\" data-end=\"2418\">\ud83c\udf34 Almu\u00f1\u00e9car im Mittelpunkt der Vuelta<\/h3>\n<p data-start=\"2420\" data-end=\"2538\">F\u00fcr einige Stunden wird <strong data-start=\"2444\" data-end=\"2457\">Almu\u00f1\u00e9car<\/strong> im Mittelpunkt der nationalen und internationalen Radsportaufmerksamkeit stehen.<\/p>\n<p data-start=\"2540\" data-end=\"2796\">Der Etappenstart bietet au\u00dferdem die M\u00f6glichkeit, einige der gr\u00f6\u00dften Attraktionen der Stadt zu pr\u00e4sentieren: das Mittelmeer, die Str\u00e4nde, die historische Altstadt, die <strong data-start=\"2708\" data-end=\"2731\">Burg von San Miguel<\/strong>, die lokale Gastronomie und die Landschaften der Costa Tropical.<\/p>\n<p data-start=\"2798\" data-end=\"2967\">F\u00fcr Besucher, die anl\u00e4sslich der Vuelta nach Almu\u00f1\u00e9car kommen, ist dies auch eine gute Gelegenheit, einige Tage l\u00e4nger zu bleiben und den Ort in aller Ruhe zu entdecken.<\/p>\n<h3 data-section-id=\"1plxmso\" data-start=\"2970\" data-end=\"3000\">\ud83d\udeb5 Von Almu\u00f1\u00e9car nach Loja<\/h3>\n<p data-start=\"3002\" data-end=\"3077\">Die Radprofis legen <strong data-start=\"3022\" data-end=\"3041\">192,8 Kilometer<\/strong> zwischen Almu\u00f1\u00e9car und Loja zur\u00fcck.<\/p>\n<p data-start=\"3079\" data-end=\"3327\">Das Rennen verl\u00e4sst die Costa Tropical in Richtung Motril und f\u00fchrt anschlie\u00dfend weiter ins Landesinnere der Provinz Granada. Mehrere Anstiege und wechselnde Streckenprofile machen den Tag anspruchsvoll, bevor die Fahrer das Ziel in Loja erreichen.<\/p>\n<h3 data-section-id=\"rsa28s\" data-start=\"3330\" data-end=\"3403\">\ud83d\udccd Was man w\u00e4hrend der Vuelta in Almu\u00f1\u00e9car sehen und unternehmen kann<\/h3>\n<h4 data-start=\"3406\" data-end=\"3455\">\ud83c\udfd8\ufe0f Durch die historische Altstadt spazieren<\/h4>\n<p data-start=\"3457\" data-end=\"3602\">Spazieren Sie durch die Stra\u00dfen der historischen Altstadt und entdecken Sie einige der traditionsreichsten und sch\u00f6nsten Ecken von <strong data-start=\"3588\" data-end=\"3601\">Almu\u00f1\u00e9car<\/strong>.<\/p>\n<h4 data-start=\"3605\" data-end=\"3645\">\ud83c\udff0 Die Burg von San Miguel besuchen<\/h4>\n<p data-start=\"3647\" data-end=\"3783\">Die <strong data-start=\"3651\" data-end=\"3674\">Burg von San Miguel<\/strong> ist eines der Wahrzeichen der Stadt und bietet einen hervorragenden Blick \u00fcber Almu\u00f1\u00e9car und das Mittelmeer.<\/p>\n<h4 data-start=\"3786\" data-end=\"3847\">\ud83c\udfd6\ufe0f Die Str\u00e4nde von Almu\u00f1\u00e9car und La Herradura entdecken<\/h4>\n<p data-start=\"3849\" data-end=\"3942\">Nach dem Start der Etappe k\u00f6nnen Sie die <strong data-start=\"3890\" data-end=\"3932\">Str\u00e4nde und Buchten der Costa Tropical<\/strong> genie\u00dfen.<\/p>\n<h4 data-start=\"3945\" data-end=\"3980\">\ud83c\udf7d\ufe0f Die lokale K\u00fcche probieren<\/h4>\n<p data-start=\"3982\" data-end=\"4119\">Frischer Fisch, tropische Fr\u00fcchte und traditionelle Gerichte geh\u00f6ren zu den kulinarischen Erlebnissen eines Aufenthalts in <strong data-start=\"4105\" data-end=\"4118\">Almu\u00f1\u00e9car<\/strong>.<\/p>\n<h3 data-section-id=\"1jxs739\" data-start=\"4122\" data-end=\"4153\">\ud83d\udeb4 Eine Region f\u00fcr Radsport<\/h3>\n<p data-start=\"4155\" data-end=\"4332\">Die Kombination aus <strong data-start=\"4175\" data-end=\"4242\">Meer, Bergen und Stra\u00dfen mit unterschiedlichen Streckenprofilen<\/strong> macht Almu\u00f1\u00e9car und die Costa Tropical zu einem attraktiven Ziel f\u00fcr Radsportbegeisterte.<\/p>\n<p data-start=\"4334\" data-end=\"4441\">Der Start der Vuelta st\u00e4rkt zudem das Image von <strong data-start=\"4382\" data-end=\"4420\">Almu\u00f1\u00e9car als Sport- und Reiseziel<\/strong> zu jeder Jahreszeit.<\/p>\n<h3 data-section-id=\"ipr7ev\" data-start=\"4444\" data-end=\"4485\">\ud83c\udf05 Ein historischer Tag f\u00fcr Almu\u00f1\u00e9car<\/h3>\n<p data-start=\"4487\" data-end=\"4567\">Der <strong data-start=\"4491\" data-end=\"4512\">4. September 2026<\/strong> wird als besonderer Tag im Kalender der Stadt bleiben.<\/p>\n<p data-start=\"4569\" data-end=\"4817\">Zum ersten Mal startet die Vuelta a Espa\u00f1a in Almu\u00f1\u00e9car \u2013 mit einem Fahrer aus der eigenen Stadt im Peloton. Den <strong data-start=\"4682\" data-end=\"4719\">aus Almu\u00f1\u00e9car stammenden Radprofi<\/strong> beim Start in seiner Heimatstadt zu sehen, wird einer der besonderen Momente dieser Ausgabe sein.<\/p>\n<p data-start=\"4819\" data-end=\"4918\">Wer <strong data-start=\"4823\" data-end=\"4859\">Almu\u00f1\u00e9car und die Costa Tropical<\/strong> entdecken m\u00f6chte, findet kaum einen besseren Anlass daf\u00fcr.<\/p>\n","protected":false},"excerpt":{"rendered":"<p>Die Vuelta a Espa\u00f1a 2026 startet am Freitag, den 4. September, in Almu\u00f1\u00e9car. F\u00fcr die Stadt und einen ihrer gro\u00dfen Sportler wird es ein ganz besonderer Tag: Carlos Rodr\u00edguez, der in Almu\u00f1\u00e9car geboren wurde, wird hier an den Start gehen. Zum ersten Mal ist Almu\u00f1\u00e9car Startort einer Etappe der Vuelta. F\u00fcr den aus Almu\u00f1\u00e9car stammenden [&hellip;]<\/p>\n","protected":false},"author":2,"featured_media":22542,"comment_status":"open","ping_status":"closed","sticky":false,"template":"","format":"standard","meta":{"footnotes":""},"categories":[246,243],"tags":[],"class_list":["post-22631","post","type-post","status-publish","format-standard","has-post-thumbnail","hentry","category-befragungen","category-kultur-in-almunecar"],"yoast_head":"<!-- This site is optimized with the Yoast SEO plugin v27.8 - https:\/\/yoast.com\/product\/yoast-seo-wordpress\/ -->\n<title>Die Vuelta a Espa\u00f1a 2026 startet in Almu\u00f1\u00e9car: Der L\u00f6we der Costa Tropical f\u00e4hrt zu Hause -<\/title>\n<meta name=\"robots\" content=\"index, follow, max-snippet:-1, max-image-preview:large, max-video-preview:-1\" \/>\n<link rel=\"canonical\" href=\"https:\/\/discoveralmunecar.com\/de\/die-vuelta-a-espana-2026-startet-in-almunecar-der-loewe-der-costa-tropical-faehrt-zu-hause\/\" \/>\n<meta property=\"og:locale\" content=\"de_DE\" \/>\n<meta property=\"og:type\" content=\"article\" \/>\n<meta property=\"og:title\" content=\"Die Vuelta a Espa\u00f1a 2026 startet in Almu\u00f1\u00e9car: Der L\u00f6we der Costa Tropical f\u00e4hrt zu Hause -\" \/>\n<meta property=\"og:description\" content=\"Die Vuelta a Espa\u00f1a 2026 startet am Freitag, den 4. September, in Almu\u00f1\u00e9car. F\u00fcr die Stadt und einen ihrer gro\u00dfen Sportler wird es ein ganz besonderer Tag: Carlos Rodr\u00edguez, der in Almu\u00f1\u00e9car geboren wurde, wird hier an den Start gehen. Zum ersten Mal ist Almu\u00f1\u00e9car Startort einer Etappe der Vuelta. F\u00fcr den aus Almu\u00f1\u00e9car stammenden [&hellip;]\" \/>\n<meta property=\"og:url\" content=\"https:\/\/discoveralmunecar.com\/de\/die-vuelta-a-espana-2026-startet-in-almunecar-der-loewe-der-costa-tropical-faehrt-zu-hause\/\" \/>\n<meta property=\"article:published_time\" content=\"2026-09-02T13:13:00+00:00\" \/>\n<meta property=\"og:image\" content=\"https:\/\/discoveralmunecar.com\/wp-content\/uploads\/2026\/08\/Ciclismo.webp\" \/>\n\t<meta property=\"og:image:width\" content=\"1584\" \/>\n\t<meta property=\"og:image:height\" content=\"672\" \/>\n\t<meta property=\"og:image:type\" content=\"image\/webp\" \/>\n<meta name=\"author\" content=\"Admin\" \/>\n<meta name=\"twitter:card\" content=\"summary_large_image\" \/>\n<meta name=\"twitter:label1\" content=\"Verfasst von\" \/>\n\t<meta name=\"twitter:data1\" content=\"Admin\" \/>\n\t<meta name=\"twitter:label2\" content=\"Gesch\u00e4tzte Lesezeit\" \/>\n\t<meta name=\"twitter:data2\" content=\"3\u00a0Minuten\" \/>\n<script type=\"application\/ld+json\" class=\"yoast-schema-graph\">{\"@context\":\"https:\\\/\\\/schema.org\",\"@graph\":[{\"@type\":\"Article\",\"@id\":\"https:\\\/\\\/discoveralmunecar.com\\\/de\\\/die-vuelta-a-espana-2026-startet-in-almunecar-der-loewe-der-costa-tropical-faehrt-zu-hause\\\/#article\",\"isPartOf\":{\"@id\":\"https:\\\/\\\/discoveralmunecar.com\\\/de\\\/die-vuelta-a-espana-2026-startet-in-almunecar-der-loewe-der-costa-tropical-faehrt-zu-hause\\\/\"},\"author\":{\"name\":\"Admin\",\"@id\":\"https:\\\/\\\/discoveralmunecar.com\\\/de\\\/#\\\/schema\\\/person\\\/7d931359380d442b7e8832cd0d6a2db0\"},\"headline\":\"Die Vuelta a Espa\u00f1a 2026 startet in Almu\u00f1\u00e9car: Der L\u00f6we der Costa Tropical f\u00e4hrt zu Hause\",\"datePublished\":\"2026-09-02T13:13:00+00:00\",\"mainEntityOfPage\":{\"@id\":\"https:\\\/\\\/discoveralmunecar.com\\\/de\\\/die-vuelta-a-espana-2026-startet-in-almunecar-der-loewe-der-costa-tropical-faehrt-zu-hause\\\/\"},\"wordCount\":732,\"commentCount\":0,\"image\":{\"@id\":\"https:\\\/\\\/discoveralmunecar.com\\\/de\\\/die-vuelta-a-espana-2026-startet-in-almunecar-der-loewe-der-costa-tropical-faehrt-zu-hause\\\/#primaryimage\"},\"thumbnailUrl\":\"https:\\\/\\\/discoveralmunecar.com\\\/wp-content\\\/uploads\\\/2026\\\/08\\\/Ciclismo.webp\",\"articleSection\":[\"Befragungen\",\"Kultur in Almu\u00f1\u00e9car\"],\"inLanguage\":\"de\",\"potentialAction\":[{\"@type\":\"CommentAction\",\"name\":\"Comment\",\"target\":[\"https:\\\/\\\/discoveralmunecar.com\\\/de\\\/die-vuelta-a-espana-2026-startet-in-almunecar-der-loewe-der-costa-tropical-faehrt-zu-hause\\\/#respond\"]}]},{\"@type\":\"WebPage\",\"@id\":\"https:\\\/\\\/discoveralmunecar.com\\\/de\\\/die-vuelta-a-espana-2026-startet-in-almunecar-der-loewe-der-costa-tropical-faehrt-zu-hause\\\/\",\"url\":\"https:\\\/\\\/discoveralmunecar.com\\\/de\\\/die-vuelta-a-espana-2026-startet-in-almunecar-der-loewe-der-costa-tropical-faehrt-zu-hause\\\/\",\"name\":\"Die Vuelta a Espa\u00f1a 2026 startet in Almu\u00f1\u00e9car: Der L\u00f6we der Costa Tropical f\u00e4hrt zu Hause -\",\"isPartOf\":{\"@id\":\"https:\\\/\\\/discoveralmunecar.com\\\/de\\\/#website\"},\"primaryImageOfPage\":{\"@id\":\"https:\\\/\\\/discoveralmunecar.com\\\/de\\\/die-vuelta-a-espana-2026-startet-in-almunecar-der-loewe-der-costa-tropical-faehrt-zu-hause\\\/#primaryimage\"},\"image\":{\"@id\":\"https:\\\/\\\/discoveralmunecar.com\\\/de\\\/die-vuelta-a-espana-2026-startet-in-almunecar-der-loewe-der-costa-tropical-faehrt-zu-hause\\\/#primaryimage\"},\"thumbnailUrl\":\"https:\\\/\\\/discoveralmunecar.com\\\/wp-content\\\/uploads\\\/2026\\\/08\\\/Ciclismo.webp\",\"datePublished\":\"2026-09-02T13:13:00+00:00\",\"author\":{\"@id\":\"https:\\\/\\\/discoveralmunecar.com\\\/de\\\/#\\\/schema\\\/person\\\/7d931359380d442b7e8832cd0d6a2db0\"},\"breadcrumb\":{\"@id\":\"https:\\\/\\\/discoveralmunecar.com\\\/de\\\/die-vuelta-a-espana-2026-startet-in-almunecar-der-loewe-der-costa-tropical-faehrt-zu-hause\\\/#breadcrumb\"},\"inLanguage\":\"de\",\"potentialAction\":[{\"@type\":\"ReadAction\",\"target\":[\"https:\\\/\\\/discoveralmunecar.com\\\/de\\\/die-vuelta-a-espana-2026-startet-in-almunecar-der-loewe-der-costa-tropical-faehrt-zu-hause\\\/\"]}]},{\"@type\":\"ImageObject\",\"inLanguage\":\"de\",\"@id\":\"https:\\\/\\\/discoveralmunecar.com\\\/de\\\/die-vuelta-a-espana-2026-startet-in-almunecar-der-loewe-der-costa-tropical-faehrt-zu-hause\\\/#primaryimage\",\"url\":\"https:\\\/\\\/discoveralmunecar.com\\\/wp-content\\\/uploads\\\/2026\\\/08\\\/Ciclismo.webp\",\"contentUrl\":\"https:\\\/\\\/discoveralmunecar.com\\\/wp-content\\\/uploads\\\/2026\\\/08\\\/Ciclismo.webp\",\"width\":1584,\"height\":672},{\"@type\":\"BreadcrumbList\",\"@id\":\"https:\\\/\\\/discoveralmunecar.com\\\/de\\\/die-vuelta-a-espana-2026-startet-in-almunecar-der-loewe-der-costa-tropical-faehrt-zu-hause\\\/#breadcrumb\",\"itemListElement\":[{\"@type\":\"ListItem\",\"position\":1,\"name\":\"Home\",\"item\":\"https:\\\/\\\/discoveralmunecar.com\\\/de\\\/\"},{\"@type\":\"ListItem\",\"position\":2,\"name\":\"Die Vuelta a Espa\u00f1a 2026 startet in Almu\u00f1\u00e9car: Der L\u00f6we der Costa Tropical f\u00e4hrt zu Hause\"}]},{\"@type\":\"WebSite\",\"@id\":\"https:\\\/\\\/discoveralmunecar.com\\\/de\\\/#website\",\"url\":\"https:\\\/\\\/discoveralmunecar.com\\\/de\\\/\",\"name\":\"\",\"description\":\"Just another WordPress site\\n\",\"potentialAction\":[{\"@type\":\"SearchAction\",\"target\":{\"@type\":\"EntryPoint\",\"urlTemplate\":\"https:\\\/\\\/discoveralmunecar.com\\\/de\\\/?s={search_term_string}\"},\"query-input\":{\"@type\":\"PropertyValueSpecification\",\"valueRequired\":true,\"valueName\":\"search_term_string\"}}],\"inLanguage\":\"de\"},{\"@type\":\"Person\",\"@id\":\"https:\\\/\\\/discoveralmunecar.com\\\/de\\\/#\\\/schema\\\/person\\\/7d931359380d442b7e8832cd0d6a2db0\",\"name\":\"Admin\",\"image\":{\"@type\":\"ImageObject\",\"inLanguage\":\"de\",\"@id\":\"https:\\\/\\\/secure.gravatar.com\\\/avatar\\\/87aff11e22fb9eda78c606aa27a60cd99fc49aac3a2cf4688b14253df494fd22?s=96&d=mm&r=g\",\"url\":\"https:\\\/\\\/secure.gravatar.com\\\/avatar\\\/87aff11e22fb9eda78c606aa27a60cd99fc49aac3a2cf4688b14253df494fd22?s=96&d=mm&r=g\",\"contentUrl\":\"https:\\\/\\\/secure.gravatar.com\\\/avatar\\\/87aff11e22fb9eda78c606aa27a60cd99fc49aac3a2cf4688b14253df494fd22?s=96&d=mm&r=g\",\"caption\":\"Admin\"},\"url\":\"https:\\\/\\\/discoveralmunecar.com\\\/de\\\/author\\\/pedro-espinosa\\\/\"}]}<\/script>\n<!-- \/ Yoast SEO plugin. -->","yoast_head_json":{"title":"Die Vuelta a Espa\u00f1a 2026 startet in Almu\u00f1\u00e9car: Der L\u00f6we der Costa Tropical f\u00e4hrt zu Hause -","robots":{"index":"index","follow":"follow","max-snippet":"max-snippet:-1","max-image-preview":"max-image-preview:large","max-video-preview":"max-video-preview:-1"},"canonical":"https:\/\/discoveralmunecar.com\/de\/die-vuelta-a-espana-2026-startet-in-almunecar-der-loewe-der-costa-tropical-faehrt-zu-hause\/","og_locale":"de_DE","og_type":"article","og_title":"Die Vuelta a Espa\u00f1a 2026 startet in Almu\u00f1\u00e9car: Der L\u00f6we der Costa Tropical f\u00e4hrt zu Hause -","og_description":"Die Vuelta a Espa\u00f1a 2026 startet am Freitag, den 4. September, in Almu\u00f1\u00e9car. F\u00fcr die Stadt und einen ihrer gro\u00dfen Sportler wird es ein ganz besonderer Tag: Carlos Rodr\u00edguez, der in Almu\u00f1\u00e9car geboren wurde, wird hier an den Start gehen. Zum ersten Mal ist Almu\u00f1\u00e9car Startort einer Etappe der Vuelta. F\u00fcr den aus Almu\u00f1\u00e9car stammenden [&hellip;]","og_url":"https:\/\/discoveralmunecar.com\/de\/die-vuelta-a-espana-2026-startet-in-almunecar-der-loewe-der-costa-tropical-faehrt-zu-hause\/","article_published_time":"2026-09-02T13:13:00+00:00","og_image":[{"width":1584,"height":672,"url":"https:\/\/discoveralmunecar.com\/wp-content\/uploads\/2026\/08\/Ciclismo.webp","type":"image\/webp"}],"author":"Admin","twitter_card":"summary_large_image","twitter_misc":{"Verfasst von":"Admin","Gesch\u00e4tzte Lesezeit":"3\u00a0Minuten"},"schema":{"@context":"https:\/\/schema.org","@graph":[{"@type":"Article","@id":"https:\/\/discoveralmunecar.com\/de\/die-vuelta-a-espana-2026-startet-in-almunecar-der-loewe-der-costa-tropical-faehrt-zu-hause\/#article","isPartOf":{"@id":"https:\/\/discoveralmunecar.com\/de\/die-vuelta-a-espana-2026-startet-in-almunecar-der-loewe-der-costa-tropical-faehrt-zu-hause\/"},"author":{"name":"Admin","@id":"https:\/\/discoveralmunecar.com\/de\/#\/schema\/person\/7d931359380d442b7e8832cd0d6a2db0"},"headline":"Die Vuelta a Espa\u00f1a 2026 startet in Almu\u00f1\u00e9car: Der L\u00f6we der Costa Tropical f\u00e4hrt zu Hause","datePublished":"2026-09-02T13:13:00+00:00","mainEntityOfPage":{"@id":"https:\/\/discoveralmunecar.com\/de\/die-vuelta-a-espana-2026-startet-in-almunecar-der-loewe-der-costa-tropical-faehrt-zu-hause\/"},"wordCount":732,"commentCount":0,"image":{"@id":"https:\/\/discoveralmunecar.com\/de\/die-vuelta-a-espana-2026-startet-in-almunecar-der-loewe-der-costa-tropical-faehrt-zu-hause\/#primaryimage"},"thumbnailUrl":"https:\/\/discoveralmunecar.com\/wp-content\/uploads\/2026\/08\/Ciclismo.webp","articleSection":["Befragungen","Kultur in Almu\u00f1\u00e9car"],"inLanguage":"de","potentialAction":[{"@type":"CommentAction","name":"Comment","target":["https:\/\/discoveralmunecar.com\/de\/die-vuelta-a-espana-2026-startet-in-almunecar-der-loewe-der-costa-tropical-faehrt-zu-hause\/#respond"]}]},{"@type":"WebPage","@id":"https:\/\/discoveralmunecar.com\/de\/die-vuelta-a-espana-2026-startet-in-almunecar-der-loewe-der-costa-tropical-faehrt-zu-hause\/","url":"https:\/\/discoveralmunecar.com\/de\/die-vuelta-a-espana-2026-startet-in-almunecar-der-loewe-der-costa-tropical-faehrt-zu-hause\/","name":"Die Vuelta a Espa\u00f1a 2026 startet in Almu\u00f1\u00e9car: Der L\u00f6we der Costa Tropical f\u00e4hrt zu Hause -","isPartOf":{"@id":"https:\/\/discoveralmunecar.com\/de\/#website"},"primaryImageOfPage":{"@id":"https:\/\/discoveralmunecar.com\/de\/die-vuelta-a-espana-2026-startet-in-almunecar-der-loewe-der-costa-tropical-faehrt-zu-hause\/#primaryimage"},"image":{"@id":"https:\/\/discoveralmunecar.com\/de\/die-vuelta-a-espana-2026-startet-in-almunecar-der-loewe-der-costa-tropical-faehrt-zu-hause\/#primaryimage"},"thumbnailUrl":"https:\/\/discoveralmunecar.com\/wp-content\/uploads\/2026\/08\/Ciclismo.webp","datePublished":"2026-09-02T13:13:00+00:00","author":{"@id":"https:\/\/discoveralmunecar.com\/de\/#\/schema\/person\/7d931359380d442b7e8832cd0d6a2db0"},"breadcrumb":{"@id":"https:\/\/discoveralmunecar.com\/de\/die-vuelta-a-espana-2026-startet-in-almunecar-der-loewe-der-costa-tropical-faehrt-zu-hause\/#breadcrumb"},"inLanguage":"de","potentialAction":[{"@type":"ReadAction","target":["https:\/\/discoveralmunecar.com\/de\/die-vuelta-a-espana-2026-startet-in-almunecar-der-loewe-der-costa-tropical-faehrt-zu-hause\/"]}]},{"@type":"ImageObject","inLanguage":"de","@id":"https:\/\/discoveralmunecar.com\/de\/die-vuelta-a-espana-2026-startet-in-almunecar-der-loewe-der-costa-tropical-faehrt-zu-hause\/#primaryimage","url":"https:\/\/discoveralmunecar.com\/wp-content\/uploads\/2026\/08\/Ciclismo.webp","contentUrl":"https:\/\/discoveralmunecar.com\/wp-content\/uploads\/2026\/08\/Ciclismo.webp","width":1584,"height":672},{"@type":"BreadcrumbList","@id":"https:\/\/discoveralmunecar.com\/de\/die-vuelta-a-espana-2026-startet-in-almunecar-der-loewe-der-costa-tropical-faehrt-zu-hause\/#breadcrumb","itemListElement":[{"@type":"ListItem","position":1,"name":"Home","item":"https:\/\/discoveralmunecar.com\/de\/"},{"@type":"ListItem","position":2,"name":"Die Vuelta a Espa\u00f1a 2026 startet in Almu\u00f1\u00e9car: Der L\u00f6we der Costa Tropical f\u00e4hrt zu Hause"}]},{"@type":"WebSite","@id":"https:\/\/discoveralmunecar.com\/de\/#website","url":"https:\/\/discoveralmunecar.com\/de\/","name":"","description":"Just another WordPress site\n","potentialAction":[{"@type":"SearchAction","target":{"@type":"EntryPoint","urlTemplate":"https:\/\/discoveralmunecar.com\/de\/?s={search_term_string}"},"query-input":{"@type":"PropertyValueSpecification","valueRequired":true,"valueName":"search_term_string"}}],"inLanguage":"de"},{"@type":"Person","@id":"https:\/\/discoveralmunecar.com\/de\/#\/schema\/person\/7d931359380d442b7e8832cd0d6a2db0","name":"Admin","image":{"@type":"ImageObject","inLanguage":"de","@id":"https:\/\/secure.gravatar.com\/avatar\/87aff11e22fb9eda78c606aa27a60cd99fc49aac3a2cf4688b14253df494fd22?s=96&d=mm&r=g","url":"https:\/\/secure.gravatar.com\/avatar\/87aff11e22fb9eda78c606aa27a60cd99fc49aac3a2cf4688b14253df494fd22?s=96&d=mm&r=g","contentUrl":"https:\/\/secure.gravatar.com\/avatar\/87aff11e22fb9eda78c606aa27a60cd99fc49aac3a2cf4688b14253df494fd22?s=96&d=mm&r=g","caption":"Admin"},"url":"https:\/\/discoveralmunecar.com\/de\/author\/pedro-espinosa\/"}]}},"_links":{"self":[{"href":"https:\/\/discoveralmunecar.com\/de\/wp-json\/wp\/v2\/posts\/22631","targetHints":{"allow":["GET"]}}],"collection":[{"href":"https:\/\/discoveralmunecar.com\/de\/wp-json\/wp\/v2\/posts"}],"about":[{"href":"https:\/\/discoveralmunecar.com\/de\/wp-json\/wp\/v2\/types\/post"}],"author":[{"embeddable":true,"href":"https:\/\/discoveralmunecar.com\/de\/wp-json\/wp\/v2\/users\/2"}],"replies":[{"embeddable":true,"href":"https:\/\/discoveralmunecar.com\/de\/wp-json\/wp\/v2\/comments?post=22631"}],"version-history":[{"count":1,"href":"https:\/\/discoveralmunecar.com\/de\/wp-json\/wp\/v2\/posts\/22631\/revisions"}],"predecessor-version":[{"id":22632,"href":"https:\/\/discoveralmunecar.com\/de\/wp-json\/wp\/v2\/posts\/22631\/revisions\/22632"}],"wp:featuredmedia":[{"embeddable":true,"href":"https:\/\/discoveralmunecar.com\/de\/wp-json\/wp\/v2\/media\/22542"}],"wp:attachment":[{"href":"https:\/\/discoveralmunecar.com\/de\/wp-json\/wp\/v2\/media?parent=22631"}],"wp:term":[{"taxonomy":"category","embeddable":true,"href":"https:\/\/discoveralmunecar.com\/de\/wp-json\/wp\/v2\/categories?post=22631"},{"taxonomy":"post_tag","embeddable":true,"href":"https:\/\/discoveralmunecar.com\/de\/wp-json\/wp\/v2\/tags?post=22631"}],"curies":[{"name":"wp","href":"https:\/\/api.w.org\/{rel}","templated":true}]}}