{"id":16509,"date":"2023-07-12T16:01:13","date_gmt":"2023-07-12T16:01:13","guid":{"rendered":"https:\/\/discoveralmunecar.com\/?p=16509"},"modified":"2023-07-12T16:09:51","modified_gmt":"2023-07-12T16:09:51","slug":"fiestas-de-la-virgen-del-carmen-en-almunecar-2023","status":"publish","type":"post","link":"https:\/\/discoveralmunecar.com\/es\/fiestas-de-la-virgen-del-carmen-en-almunecar-2023\/","title":{"rendered":"Fiestas de la Virgen del Carmen en Almu\u00f1\u00e9car 2023"},"content":{"rendered":"<p>[vc_row full_width=&#8221;stretch_row&#8221; awb_type=&#8221;video&#8221; awb_video_mobile=&#8221;1&#8243; css=&#8221;.vc_custom_1689066489046{padding-top: 650px !important;}&#8221; awb_video_mp4=&#8221;https:\/\/discoveralmunecar.com\/wp-content\/uploads\/2023\/07\/Virgen-del-Carmen.mp4&#8243;][vc_column][\/vc_column][\/vc_row][vc_row][vc_column][vc_empty_space][\/vc_column][\/vc_row][vc_row][vc_column]<div class=\"text-block\" ><div class=\"simple-text \"><p>El pr\u00f3ximo domingo d\u00eda 16 de julio se celebra ya sin ninguna restricci\u00f3n por la pandemia de la Covid 19 la procesi\u00f3n terrestre-mar\u00edtima de la Virgen del Carmen en Almu\u00f1\u00e9car, la ciudad m\u00e1s antigua del Mediterr\u00e1neo en Espa\u00f1a.<\/p>\n<p>En pleno apogeo de las vacaciones de verano, y con la ciudad llena de visitantes, turistas y curiosos, este domingo tendr\u00e1 lugar la espectacular procesi\u00f3n de la patrona del mar y de los marineros, que se celebra con especial devoci\u00f3n en Almu\u00f1\u00e9car sobre todo en el barrio de los marineros. Y que culminar\u00e1 con un impresionante castillo de fuegos artificiales que puede ser visto hasta desde las playas de Salobre\u00f1a y Motril.<\/p>\n<h3>Origen<\/h3>\n<p>La Virgen del Carmen o tambi\u00e9n conocida como Nuestra Se\u00f1ora del Carmen es como se llama la advocaci\u00f3n de la Virgen de Santa Mar\u00eda del Monte Carmelo. La devoci\u00f3n que recibe procede de la veneraci\u00f3n del Monte Carmelo en Israel muy cerca de la ciudad de Haifa.<\/p>\n<p>La palabra Carmen o Carmelo viene de la palabra hebrea Karmel o Al-Karmen que significa Jard\u00edn de Dios, aunque esta aceptaci\u00f3n tambi\u00e9n hace referencia a las casas con Jard\u00edn t\u00edpicas de algunos barrios de origen \u00e1rabe de Andaluc\u00eda, siendo los m\u00e1s caracter\u00edsticos y famosos los c\u00e1rmenes del barrio hist\u00f3rico del Albaic\u00edn de Granada, muy cerca de Almu\u00f1\u00e9car.<\/p>\n<p>La veneraci\u00f3n de la advocaci\u00f3n de la Virgen del Carmen ha sido extendida por todo el mundo por la Orden de Nuestra Se\u00f1ora del Monte Carmelo, tambi\u00e9n llamados carmelitas.<\/p>\n<p>Adem\u00e1s, hay que destacar que en varios pa\u00edses como Espa\u00f1a y otros de Am\u00e9rica como Costa Rica y Puerto Rico, la Virgen del Carmen es la patrona de los marineros y por ende de los pescadores, y tambi\u00e9n de la Armada Espa\u00f1ola.<\/p>\n<h3>Festividad de la &#8220;Virgen del Carmen&#8221;.<\/h3>\n<p>En Espa\u00f1a, un pa\u00eds con una gran tradici\u00f3n cristiana y cat\u00f3lica y lleno de pueblos y ciudades costeras, la veneraci\u00f3n por la advocaci\u00f3n de la Virgen del Carmen tiene un gran arraigo. Ya que esta advocaci\u00f3n es patrona de todos los marineros y de los pescadores.<\/p>\n<p>Hay que destacar que el 19 de abril de 1.901 la reina regente Do\u00f1a Mar\u00eda Cristina de Habsburgo, refrend\u00f3 junto al ministro de la marina Crist\u00f3bal Col\u00f3n de la Cerda, la orden por la cual se proclam\u00f3 a la Sant\u00edsima Virgen del Carmen Patrona de la Armada Espa\u00f1ola.<\/p>\n<p>Aunque para ese tiempo la veneraci\u00f3n a la Virgen del Carmen ya ten\u00eda un gran arraigo en toda Espa\u00f1a, porque desde el a\u00f1o 1.270 (en plena Edad Media) los carmelitas empezaron a llevar a cabo las primeras fundaciones de conventos y otras instituciones para la veneraci\u00f3n de la Virgen del Carmen.<\/p>\n<p>Por ello, pr\u00e1cticamente todas las ciudades y pueblos cercanos a la costa en Espa\u00f1a celebran el 16 de julio la veneraci\u00f3n a la Virgen del Carmen, y Almu\u00f1\u00e9car especialmente gracias a su gran tradici\u00f3n con esta advocaci\u00f3n de la virgen, culminada con unos espectaculares fuegos artificiales desde un lugar tan emblem\u00e1tico como son los Pe\u00f1ones del Santo.<\/p>\n<p>Aunque la devoci\u00f3n por la Virgen del Carmen no se circunscribe \u00fanicamente a los pueblos ciudades costeros, ya que algunos pueblos interiores tambi\u00e9n tienen sus fiestas en honor a la Virgen del Carmen, como Rute en la provincia de C\u00f3rdoba o Benal\u00faa en la misma provincia de Granada.<\/p>\n<h3>No solo en Almu\u00f1ecar: Europa celebra la festivida de &#8220;La Virgen del Carmen&#8221;.<\/h3>\n<p>De la ciudad de Valeta en Malta la Virgen del Carmen es su patrona.<\/p>\n<p>En el sur de Italia tambi\u00e9n tiene varias ciudades que veneran a Nuestra Se\u00f1ora del Carmen desde hace siglos.<\/p>\n<p>Y como hemos se\u00f1alado anteriormente tambi\u00e9n en Puerto Rico y Costa Rica tienen gran tradici\u00f3n de celebrar el d\u00eda de Nuestra Se\u00f1ora del Carmen, pero ninguna como en Almu\u00f1\u00e9car en plena temporada alta de afluencia de p\u00fablico, turistas, visitantes y curiosos.<\/p>\n<h3>Visita Almu\u00f1ecar el 16 de Julio.<\/h3>\n<p>Por todo ello, desde Descubre Almu\u00f1\u00e9car te invitamos a que vengas a participar de la gran fiesta de la patrona de los hombres del mar y de los pescadores, el pr\u00f3ximo domingo 16 de julio de 2023, para disfrutar de la toda la devoci\u00f3n y pasi\u00f3n por la venerada imagen, que ser\u00e1 procesionada desde su capilla hasta el mar por las calles m\u00e1s emblem\u00e1ticas de la ciudad, y para posteriormente subir a una embarcaci\u00f3n donde la procesi\u00f3n continuar\u00e1 por el mar y al pasar por los Pe\u00f1ones del Santo al comienzo de la playa de San Crist\u00f3bal recibir\u00e1 el castillo de fuegos artificiales muy espectacular que la Virgen se merece.<\/p>\n<\/div><\/div>[\/vc_column][\/vc_row]<\/p>\n","protected":false},"excerpt":{"rendered":"<p>[vc_row full_width=&#8221;stretch_row&#8221; awb_type=&#8221;video&#8221; awb_video_mobile=&#8221;1&#8243; css=&#8221;.vc_custom_1689066489046{padding-top: 650px !important;}&#8221; awb_video_mp4=&#8221;https:\/\/discoveralmunecar.com\/wp-content\/uploads\/2023\/07\/Virgen-del-Carmen.mp4&#8243;][vc_column][\/vc_column][\/vc_row][vc_row][vc_column][vc_empty_space][\/vc_column][\/vc_row][vc_row][vc_column][\/vc_column][\/vc_row]<\/p>\n","protected":false},"author":2,"featured_media":16638,"comment_status":"open","ping_status":"closed","sticky":false,"template":"","format":"standard","meta":{"footnotes":""},"categories":[9,78,16],"tags":[],"class_list":["post-16509","post","type-post","status-publish","format-standard","has-post-thumbnail","hentry","category-eventos-en-almunecar","category-fiestas-locales","category-que-hacer-en-almunecar"],"yoast_head":"<!-- This site is optimized with the Yoast SEO plugin v27.3 - https:\/\/yoast.com\/product\/yoast-seo-wordpress\/ -->\n<title>Fiestas de la Virgen del Carmen en Almu\u00f1\u00e9car 2023 -<\/title>\n<meta name=\"robots\" content=\"index, follow, max-snippet:-1, max-image-preview:large, max-video-preview:-1\" \/>\n<link rel=\"canonical\" href=\"https:\/\/discoveralmunecar.com\/es\/fiestas-de-la-virgen-del-carmen-en-almunecar-2023\/\" \/>\n<meta property=\"og:locale\" content=\"es_ES\" \/>\n<meta property=\"og:type\" content=\"article\" \/>\n<meta property=\"og:title\" content=\"Fiestas de la Virgen del Carmen en Almu\u00f1\u00e9car 2023 -\" \/>\n<meta property=\"og:description\" content=\"[vc_row full_width=&#8221;stretch_row&#8221; awb_type=&#8221;video&#8221; awb_video_mobile=&#8221;1&#8243; css=&#8221;.vc_custom_1689066489046{padding-top: 650px !important;}&#8221; awb_video_mp4=&#8221;https:\/\/discoveralmunecar.com\/wp-content\/uploads\/2023\/07\/Virgen-del-Carmen.mp4&#8243;][vc_column][\/vc_column][\/vc_row][vc_row][vc_column][vc_empty_space][\/vc_column][\/vc_row][vc_row][vc_column][\/vc_column][\/vc_row]\" \/>\n<meta property=\"og:url\" content=\"https:\/\/discoveralmunecar.com\/es\/fiestas-de-la-virgen-del-carmen-en-almunecar-2023\/\" \/>\n<meta property=\"article:published_time\" content=\"2023-07-12T16:01:13+00:00\" \/>\n<meta property=\"article:modified_time\" content=\"2023-07-12T16:09:51+00:00\" \/>\n<meta property=\"og:image\" content=\"https:\/\/discoveralmunecar.com\/wp-content\/uploads\/2023\/07\/1150024-1.webp\" \/>\n\t<meta property=\"og:image:width\" content=\"1751\" \/>\n\t<meta property=\"og:image:height\" content=\"985\" \/>\n\t<meta property=\"og:image:type\" content=\"image\/webp\" \/>\n<meta name=\"author\" content=\"Admin\" \/>\n<meta name=\"twitter:card\" content=\"summary_large_image\" \/>\n<meta name=\"twitter:label1\" content=\"Escrito por\" \/>\n\t<meta name=\"twitter:data1\" content=\"Admin\" \/>\n\t<meta name=\"twitter:label2\" content=\"Tiempo de lectura\" \/>\n\t<meta name=\"twitter:data2\" content=\"4 minutos\" \/>\n<script type=\"application\/ld+json\" class=\"yoast-schema-graph\">{\"@context\":\"https:\\\/\\\/schema.org\",\"@graph\":[{\"@type\":\"Article\",\"@id\":\"https:\\\/\\\/discoveralmunecar.com\\\/es\\\/fiestas-de-la-virgen-del-carmen-en-almunecar-2023\\\/#article\",\"isPartOf\":{\"@id\":\"https:\\\/\\\/discoveralmunecar.com\\\/es\\\/fiestas-de-la-virgen-del-carmen-en-almunecar-2023\\\/\"},\"author\":{\"name\":\"Admin\",\"@id\":\"https:\\\/\\\/discoveralmunecar.com\\\/es\\\/#\\\/schema\\\/person\\\/7d931359380d442b7e8832cd0d6a2db0\"},\"headline\":\"Fiestas de la Virgen del Carmen en Almu\u00f1\u00e9car 2023\",\"datePublished\":\"2023-07-12T16:01:13+00:00\",\"dateModified\":\"2023-07-12T16:09:51+00:00\",\"mainEntityOfPage\":{\"@id\":\"https:\\\/\\\/discoveralmunecar.com\\\/es\\\/fiestas-de-la-virgen-del-carmen-en-almunecar-2023\\\/\"},\"wordCount\":896,\"commentCount\":0,\"image\":{\"@id\":\"https:\\\/\\\/discoveralmunecar.com\\\/es\\\/fiestas-de-la-virgen-del-carmen-en-almunecar-2023\\\/#primaryimage\"},\"thumbnailUrl\":\"https:\\\/\\\/discoveralmunecar.com\\\/wp-content\\\/uploads\\\/2023\\\/07\\\/1150024-1.webp\",\"articleSection\":[\"Eventos en Almu\u00f1\u00e9car\",\"Fiestas locales\",\"Qu\u00e9 hacer\"],\"inLanguage\":\"es\",\"potentialAction\":[{\"@type\":\"CommentAction\",\"name\":\"Comment\",\"target\":[\"https:\\\/\\\/discoveralmunecar.com\\\/es\\\/fiestas-de-la-virgen-del-carmen-en-almunecar-2023\\\/#respond\"]}]},{\"@type\":\"WebPage\",\"@id\":\"https:\\\/\\\/discoveralmunecar.com\\\/es\\\/fiestas-de-la-virgen-del-carmen-en-almunecar-2023\\\/\",\"url\":\"https:\\\/\\\/discoveralmunecar.com\\\/es\\\/fiestas-de-la-virgen-del-carmen-en-almunecar-2023\\\/\",\"name\":\"Fiestas de la Virgen del Carmen en Almu\u00f1\u00e9car 2023 -\",\"isPartOf\":{\"@id\":\"https:\\\/\\\/discoveralmunecar.com\\\/es\\\/#website\"},\"primaryImageOfPage\":{\"@id\":\"https:\\\/\\\/discoveralmunecar.com\\\/es\\\/fiestas-de-la-virgen-del-carmen-en-almunecar-2023\\\/#primaryimage\"},\"image\":{\"@id\":\"https:\\\/\\\/discoveralmunecar.com\\\/es\\\/fiestas-de-la-virgen-del-carmen-en-almunecar-2023\\\/#primaryimage\"},\"thumbnailUrl\":\"https:\\\/\\\/discoveralmunecar.com\\\/wp-content\\\/uploads\\\/2023\\\/07\\\/1150024-1.webp\",\"datePublished\":\"2023-07-12T16:01:13+00:00\",\"dateModified\":\"2023-07-12T16:09:51+00:00\",\"author\":{\"@id\":\"https:\\\/\\\/discoveralmunecar.com\\\/es\\\/#\\\/schema\\\/person\\\/7d931359380d442b7e8832cd0d6a2db0\"},\"breadcrumb\":{\"@id\":\"https:\\\/\\\/discoveralmunecar.com\\\/es\\\/fiestas-de-la-virgen-del-carmen-en-almunecar-2023\\\/#breadcrumb\"},\"inLanguage\":\"es\",\"potentialAction\":[{\"@type\":\"ReadAction\",\"target\":[\"https:\\\/\\\/discoveralmunecar.com\\\/es\\\/fiestas-de-la-virgen-del-carmen-en-almunecar-2023\\\/\"]}]},{\"@type\":\"ImageObject\",\"inLanguage\":\"es\",\"@id\":\"https:\\\/\\\/discoveralmunecar.com\\\/es\\\/fiestas-de-la-virgen-del-carmen-en-almunecar-2023\\\/#primaryimage\",\"url\":\"https:\\\/\\\/discoveralmunecar.com\\\/wp-content\\\/uploads\\\/2023\\\/07\\\/1150024-1.webp\",\"contentUrl\":\"https:\\\/\\\/discoveralmunecar.com\\\/wp-content\\\/uploads\\\/2023\\\/07\\\/1150024-1.webp\",\"width\":1751,\"height\":985},{\"@type\":\"BreadcrumbList\",\"@id\":\"https:\\\/\\\/discoveralmunecar.com\\\/es\\\/fiestas-de-la-virgen-del-carmen-en-almunecar-2023\\\/#breadcrumb\",\"itemListElement\":[{\"@type\":\"ListItem\",\"position\":1,\"name\":\"Home\",\"item\":\"https:\\\/\\\/discoveralmunecar.com\\\/es\\\/\"},{\"@type\":\"ListItem\",\"position\":2,\"name\":\"Fiestas de la Virgen del Carmen en Almu\u00f1\u00e9car 2023\"}]},{\"@type\":\"WebSite\",\"@id\":\"https:\\\/\\\/discoveralmunecar.com\\\/es\\\/#website\",\"url\":\"https:\\\/\\\/discoveralmunecar.com\\\/es\\\/\",\"name\":\"\",\"description\":\"Just another WordPress site\\n\",\"potentialAction\":[{\"@type\":\"SearchAction\",\"target\":{\"@type\":\"EntryPoint\",\"urlTemplate\":\"https:\\\/\\\/discoveralmunecar.com\\\/es\\\/?s={search_term_string}\"},\"query-input\":{\"@type\":\"PropertyValueSpecification\",\"valueRequired\":true,\"valueName\":\"search_term_string\"}}],\"inLanguage\":\"es\"},{\"@type\":\"Person\",\"@id\":\"https:\\\/\\\/discoveralmunecar.com\\\/es\\\/#\\\/schema\\\/person\\\/7d931359380d442b7e8832cd0d6a2db0\",\"name\":\"Admin\",\"image\":{\"@type\":\"ImageObject\",\"inLanguage\":\"es\",\"@id\":\"https:\\\/\\\/secure.gravatar.com\\\/avatar\\\/87aff11e22fb9eda78c606aa27a60cd99fc49aac3a2cf4688b14253df494fd22?s=96&d=mm&r=g\",\"url\":\"https:\\\/\\\/secure.gravatar.com\\\/avatar\\\/87aff11e22fb9eda78c606aa27a60cd99fc49aac3a2cf4688b14253df494fd22?s=96&d=mm&r=g\",\"contentUrl\":\"https:\\\/\\\/secure.gravatar.com\\\/avatar\\\/87aff11e22fb9eda78c606aa27a60cd99fc49aac3a2cf4688b14253df494fd22?s=96&d=mm&r=g\",\"caption\":\"Admin\"},\"url\":\"https:\\\/\\\/discoveralmunecar.com\\\/es\\\/author\\\/pedro-espinosa\\\/\"}]}<\/script>\n<!-- \/ Yoast SEO plugin. -->","yoast_head_json":{"title":"Fiestas de la Virgen del Carmen en Almu\u00f1\u00e9car 2023 -","robots":{"index":"index","follow":"follow","max-snippet":"max-snippet:-1","max-image-preview":"max-image-preview:large","max-video-preview":"max-video-preview:-1"},"canonical":"https:\/\/discoveralmunecar.com\/es\/fiestas-de-la-virgen-del-carmen-en-almunecar-2023\/","og_locale":"es_ES","og_type":"article","og_title":"Fiestas de la Virgen del Carmen en Almu\u00f1\u00e9car 2023 -","og_description":"[vc_row full_width=&#8221;stretch_row&#8221; awb_type=&#8221;video&#8221; awb_video_mobile=&#8221;1&#8243; css=&#8221;.vc_custom_1689066489046{padding-top: 650px !important;}&#8221; awb_video_mp4=&#8221;https:\/\/discoveralmunecar.com\/wp-content\/uploads\/2023\/07\/Virgen-del-Carmen.mp4&#8243;][vc_column][\/vc_column][\/vc_row][vc_row][vc_column][vc_empty_space][\/vc_column][\/vc_row][vc_row][vc_column][\/vc_column][\/vc_row]","og_url":"https:\/\/discoveralmunecar.com\/es\/fiestas-de-la-virgen-del-carmen-en-almunecar-2023\/","article_published_time":"2023-07-12T16:01:13+00:00","article_modified_time":"2023-07-12T16:09:51+00:00","og_image":[{"width":1751,"height":985,"url":"https:\/\/discoveralmunecar.com\/wp-content\/uploads\/2023\/07\/1150024-1.webp","type":"image\/webp"}],"author":"Admin","twitter_card":"summary_large_image","twitter_misc":{"Escrito por":"Admin","Tiempo de lectura":"4 minutos"},"schema":{"@context":"https:\/\/schema.org","@graph":[{"@type":"Article","@id":"https:\/\/discoveralmunecar.com\/es\/fiestas-de-la-virgen-del-carmen-en-almunecar-2023\/#article","isPartOf":{"@id":"https:\/\/discoveralmunecar.com\/es\/fiestas-de-la-virgen-del-carmen-en-almunecar-2023\/"},"author":{"name":"Admin","@id":"https:\/\/discoveralmunecar.com\/es\/#\/schema\/person\/7d931359380d442b7e8832cd0d6a2db0"},"headline":"Fiestas de la Virgen del Carmen en Almu\u00f1\u00e9car 2023","datePublished":"2023-07-12T16:01:13+00:00","dateModified":"2023-07-12T16:09:51+00:00","mainEntityOfPage":{"@id":"https:\/\/discoveralmunecar.com\/es\/fiestas-de-la-virgen-del-carmen-en-almunecar-2023\/"},"wordCount":896,"commentCount":0,"image":{"@id":"https:\/\/discoveralmunecar.com\/es\/fiestas-de-la-virgen-del-carmen-en-almunecar-2023\/#primaryimage"},"thumbnailUrl":"https:\/\/discoveralmunecar.com\/wp-content\/uploads\/2023\/07\/1150024-1.webp","articleSection":["Eventos en Almu\u00f1\u00e9car","Fiestas locales","Qu\u00e9 hacer"],"inLanguage":"es","potentialAction":[{"@type":"CommentAction","name":"Comment","target":["https:\/\/discoveralmunecar.com\/es\/fiestas-de-la-virgen-del-carmen-en-almunecar-2023\/#respond"]}]},{"@type":"WebPage","@id":"https:\/\/discoveralmunecar.com\/es\/fiestas-de-la-virgen-del-carmen-en-almunecar-2023\/","url":"https:\/\/discoveralmunecar.com\/es\/fiestas-de-la-virgen-del-carmen-en-almunecar-2023\/","name":"Fiestas de la Virgen del Carmen en Almu\u00f1\u00e9car 2023 -","isPartOf":{"@id":"https:\/\/discoveralmunecar.com\/es\/#website"},"primaryImageOfPage":{"@id":"https:\/\/discoveralmunecar.com\/es\/fiestas-de-la-virgen-del-carmen-en-almunecar-2023\/#primaryimage"},"image":{"@id":"https:\/\/discoveralmunecar.com\/es\/fiestas-de-la-virgen-del-carmen-en-almunecar-2023\/#primaryimage"},"thumbnailUrl":"https:\/\/discoveralmunecar.com\/wp-content\/uploads\/2023\/07\/1150024-1.webp","datePublished":"2023-07-12T16:01:13+00:00","dateModified":"2023-07-12T16:09:51+00:00","author":{"@id":"https:\/\/discoveralmunecar.com\/es\/#\/schema\/person\/7d931359380d442b7e8832cd0d6a2db0"},"breadcrumb":{"@id":"https:\/\/discoveralmunecar.com\/es\/fiestas-de-la-virgen-del-carmen-en-almunecar-2023\/#breadcrumb"},"inLanguage":"es","potentialAction":[{"@type":"ReadAction","target":["https:\/\/discoveralmunecar.com\/es\/fiestas-de-la-virgen-del-carmen-en-almunecar-2023\/"]}]},{"@type":"ImageObject","inLanguage":"es","@id":"https:\/\/discoveralmunecar.com\/es\/fiestas-de-la-virgen-del-carmen-en-almunecar-2023\/#primaryimage","url":"https:\/\/discoveralmunecar.com\/wp-content\/uploads\/2023\/07\/1150024-1.webp","contentUrl":"https:\/\/discoveralmunecar.com\/wp-content\/uploads\/2023\/07\/1150024-1.webp","width":1751,"height":985},{"@type":"BreadcrumbList","@id":"https:\/\/discoveralmunecar.com\/es\/fiestas-de-la-virgen-del-carmen-en-almunecar-2023\/#breadcrumb","itemListElement":[{"@type":"ListItem","position":1,"name":"Home","item":"https:\/\/discoveralmunecar.com\/es\/"},{"@type":"ListItem","position":2,"name":"Fiestas de la Virgen del Carmen en Almu\u00f1\u00e9car 2023"}]},{"@type":"WebSite","@id":"https:\/\/discoveralmunecar.com\/es\/#website","url":"https:\/\/discoveralmunecar.com\/es\/","name":"","description":"Just another WordPress site\n","potentialAction":[{"@type":"SearchAction","target":{"@type":"EntryPoint","urlTemplate":"https:\/\/discoveralmunecar.com\/es\/?s={search_term_string}"},"query-input":{"@type":"PropertyValueSpecification","valueRequired":true,"valueName":"search_term_string"}}],"inLanguage":"es"},{"@type":"Person","@id":"https:\/\/discoveralmunecar.com\/es\/#\/schema\/person\/7d931359380d442b7e8832cd0d6a2db0","name":"Admin","image":{"@type":"ImageObject","inLanguage":"es","@id":"https:\/\/secure.gravatar.com\/avatar\/87aff11e22fb9eda78c606aa27a60cd99fc49aac3a2cf4688b14253df494fd22?s=96&d=mm&r=g","url":"https:\/\/secure.gravatar.com\/avatar\/87aff11e22fb9eda78c606aa27a60cd99fc49aac3a2cf4688b14253df494fd22?s=96&d=mm&r=g","contentUrl":"https:\/\/secure.gravatar.com\/avatar\/87aff11e22fb9eda78c606aa27a60cd99fc49aac3a2cf4688b14253df494fd22?s=96&d=mm&r=g","caption":"Admin"},"url":"https:\/\/discoveralmunecar.com\/es\/author\/pedro-espinosa\/"}]}},"_links":{"self":[{"href":"https:\/\/discoveralmunecar.com\/es\/wp-json\/wp\/v2\/posts\/16509","targetHints":{"allow":["GET"]}}],"collection":[{"href":"https:\/\/discoveralmunecar.com\/es\/wp-json\/wp\/v2\/posts"}],"about":[{"href":"https:\/\/discoveralmunecar.com\/es\/wp-json\/wp\/v2\/types\/post"}],"author":[{"embeddable":true,"href":"https:\/\/discoveralmunecar.com\/es\/wp-json\/wp\/v2\/users\/2"}],"replies":[{"embeddable":true,"href":"https:\/\/discoveralmunecar.com\/es\/wp-json\/wp\/v2\/comments?post=16509"}],"version-history":[{"count":2,"href":"https:\/\/discoveralmunecar.com\/es\/wp-json\/wp\/v2\/posts\/16509\/revisions"}],"predecessor-version":[{"id":16511,"href":"https:\/\/discoveralmunecar.com\/es\/wp-json\/wp\/v2\/posts\/16509\/revisions\/16511"}],"wp:featuredmedia":[{"embeddable":true,"href":"https:\/\/discoveralmunecar.com\/es\/wp-json\/wp\/v2\/media\/16638"}],"wp:attachment":[{"href":"https:\/\/discoveralmunecar.com\/es\/wp-json\/wp\/v2\/media?parent=16509"}],"wp:term":[{"taxonomy":"category","embeddable":true,"href":"https:\/\/discoveralmunecar.com\/es\/wp-json\/wp\/v2\/categories?post=16509"},{"taxonomy":"post_tag","embeddable":true,"href":"https:\/\/discoveralmunecar.com\/es\/wp-json\/wp\/v2\/tags?post=16509"}],"curies":[{"name":"wp","href":"https:\/\/api.w.org\/{rel}","templated":true}]}}