{"id":17910,"date":"2024-09-04T14:42:54","date_gmt":"2024-09-04T14:42:54","guid":{"rendered":"https:\/\/discoveralmunecar.com\/?p=17910"},"modified":"2024-09-04T14:52:18","modified_gmt":"2024-09-04T14:52:18","slug":"festival-de-teatro-grecolatino-de-almunecar-2-024","status":"publish","type":"post","link":"https:\/\/discoveralmunecar.com\/es\/festival-de-teatro-grecolatino-de-almunecar-2-024\/","title":{"rendered":"Festival de Teatro Grecolatino de Almu\u00f1\u00e9car 2.024"},"content":{"rendered":"<p>[vc_row full_width=&#8221;stretch_row_content&#8221; awb_type=&#8221;video&#8221; awb_video_mobile=&#8221;1&#8243; css=&#8221;.vc_custom_1725450231208{padding-top: 750px !important;}&#8221; awb_video_mp4=&#8221;17898&#8243;][vc_column][\/vc_column][\/vc_row][vc_row][vc_column][vc_empty_space]<div class=\"text-block\" ><div class=\"simple-text \"><p>Llega septiembre y aunque terminando la temporada alta de mayor afluencia de p\u00fablico a la ciudad m\u00e1s antigua ba\u00f1ada por el Mediterr\u00e1neo en Espa\u00f1a, Almu\u00f1\u00e9car, a\u00fan queda el Festival de Teatro Grecolatino, que este a\u00f1o cumple ya su decimosexta edici\u00f3n en el Parque de El Majuelo.<br \/>\nCuando ser\u00e1 el XVI Festival de Teatro Grecolatino 2.024 de Almu\u00f1\u00e9car:<br \/>\nPues se celebrar\u00e1 el fin de semana del <strong>cinco de septiembre al domingo ocho de septiembre<\/strong> de 2.024. Este festival es llamado \u201cSexi Firmum Iulium\u201d que es el nombre completo que usaron los romanos para denominar Almu\u00f1\u00e9car cuando la conquistaron, y de donde proviene su gentilicio sexitanos y sexitanas, porque sexi no es lo mismo que sexy.<\/p>\n<h3>Organizaci\u00f3n del evento<\/h3>\n<p>El festival de teatro grecolatino de Almu\u00f1\u00e9car est\u00e1 organizado por el SKS Teatro y su coordinador Antonio Cantudo, que cada a\u00f1o dan lo mejor de s\u00ed para que este festival sea un \u00e9xito.\u00a0\u00a0Cantudo est\u00e1 pendiente, durante todo el a\u00f1o, para traer a Almu\u00f1\u00e9car obras de gran nivel, con el apoyo de la Concejal\u00eda de Cultura del Ayuntamiento de Almu\u00f1\u00e9car. Con la premisa principal de la tem\u00e1tica del teatro grecolatino.<\/p>\n<h3>Programa completo del Sexi Firmum Iulium:<\/h3>\n<p>El Programa de este a\u00f1o nos trae al parque de El Majuelo, junto a la f\u00e1brica de garum por la que fue famosa en la antig\u00fcedad la ciudad sexitana, cuatro obras, tres profesionales y otra amateur una cada d\u00eda a partir de las diez de la noche, en la que tenemos que destacar \u201cElectra\u201d del grupo P\u00edlades, ya que esta representaci\u00f3n del cl\u00e1sico ha sido galardonada con el prestigioso premio MAX al mejor espect\u00e1culo revelaci\u00f3n de 2.024. Que ser\u00e1 representada la noche del s\u00e1bado d\u00eda 7 de septiembre.<br \/>\nPero el resto del programa no se queda atr\u00e1s, ya que la noche del d\u00eda cinco de septiembre en el auditorio del parque de El Majuelo se podr\u00e1 disfrutar de la obra \u201cLas Tesmoforias\u201d interpretado por el grupo Alezeia Teatro, un grupo del colegio Las Maravillas de la localidad de la Costa del Sol Benalmadena. Que presentan una divertida y actualizada versi\u00f3n de Las Tesmoforias de Arist\u00f3fanes. Tambi\u00e9n hay que decir que esta obra no est\u00e1 incluida en el abono que se ofrece para ver el resto de las representaciones.<\/p>\n<p><strong>La noche del viernes d\u00eda 6 de septiembre<\/strong> se podr\u00e1 disfrutar de la obra cl\u00e1sica \u201cLa Aparici\u00f3n\u201d de Menandro, que es una obra estrenada en el Festival de M\u00e9rida este mismo a\u00f1o 2.024. Lo presenta Producciones Verbo, un grupo muy consolidado de actores extreme\u00f1os y que ya son muy conocidos en la capital del turismo de la Costa Tropical de Granada, Almu\u00f1\u00e9car, puesto que han interpretado otras obras en a\u00f1os anteriores en este mismo festival.<\/p>\n<p><strong>La noche del s\u00e1bado d\u00eda 7 de septiembre<\/strong>, c\u00f3mo ya hemos se\u00f1alado podremos deleitarnos de la obra \u201cElectra\u201d de P\u00edlades Teatro, que es el plato fuerte de este festival y que ha ganado dos premios MAX en 2024, al mejor espect\u00e1culo revelaci\u00f3n y a la mejor adaptaci\u00f3n. Adem\u00e1s el coordinador del festival, Antonio Cantudo ha destacado que \u201ces un espect\u00e1culo completamente diferente a lo que hemos visto hasta ahora. Una adaptaci\u00f3n diferente, moderna, contempor\u00e1nea, muy sorprendente que creemos que va a impactar en el p\u00fablico\u201d.<\/p>\n<p>Y para cerrar esta decimosexta edici\u00f3n del festival de teatro grecolatino de Almu\u00f1\u00e9car, Sexi Firmun Iulium, <strong>la noche del domingo d\u00eda ocho de septiembre<\/strong> el grupo \u201cLas Ni\u00f1as de C\u00e1diz\u201d interpretar\u00e1 para el disfrute de todos los asistentes la obra \u201cLas Bingueras de Eur\u00edpides\u201d, que ya estuvieron en la pasada edici\u00f3n de 2.023 del festival de teatro de Almu\u00f1\u00e9car, y fueron toda una revelaci\u00f3n y un gran \u00e9xito. En este caso el coordinador del evento Antonio Cantudo, ha apuntado que \u201ces un espect\u00e1culo divertid\u00edsimo, ocurrente, inteligente y actual que yo recomiendo al 100%, porque vamos a ver cultural de la calle, carnaval de C\u00e1diz y tragedia griega, todo mezclado\u201d.<\/p>\n<\/div><\/div><div class=\"text-block\" ><div class=\"simple-text \"><h3>Los abonos<\/h3>\n<p>El abono, <strong>por tan solo 30 euros<\/strong>,\u00a0 se puede obtener en www.bravoentradas,es, Viajes Azulmarino \u00a0 y\u00a0 en la Casa de la Cultura de Almu\u00f1\u00e9car.<\/p>\n<h3>Ven a disfrutar del Teatro Grecolatino a Almu\u00f1\u00e9car<\/h3>\n<p>No lo dudes y si est\u00e1s en alg\u00fan lugar de la Costa del Sol de M\u00e1laga o de la Costa Tropical de Granada, ven y disfruta de todo el teatro cl\u00e1sico en un lugar tan emblem\u00e1tico y oportuno c\u00f3mo el Parque El Majuelo junto a las ruinas fenicio-romanas de la f\u00e1brica de Garum de Almu\u00f1\u00e9car.<\/p>\n<\/div><\/div>[\/vc_column][\/vc_row]<\/p>\n","protected":false},"excerpt":{"rendered":"<p>[vc_row full_width=&#8221;stretch_row_content&#8221; awb_type=&#8221;video&#8221; awb_video_mobile=&#8221;1&#8243; css=&#8221;.vc_custom_1725450231208{padding-top: 750px !important;}&#8221; awb_video_mp4=&#8221;17898&#8243;][vc_column][\/vc_column][\/vc_row][vc_row][vc_column][vc_empty_space][\/vc_column][\/vc_row]<\/p>\n","protected":false},"author":2,"featured_media":17907,"comment_status":"open","ping_status":"closed","sticky":false,"template":"","format":"standard","meta":{"footnotes":""},"categories":[267,266,9],"tags":[],"class_list":["post-17910","post","type-post","status-publish","format-standard","has-post-thumbnail","hentry","category-agenda-cultural-de-almunecar","category-cultura-en-almunecar","category-eventos-en-almunecar"],"yoast_head":"<!-- This site is optimized with the Yoast SEO plugin v27.3 - https:\/\/yoast.com\/product\/yoast-seo-wordpress\/ -->\n<title>Festival de Teatro Grecolatino de Almu\u00f1\u00e9car 2.024 -<\/title>\n<meta name=\"robots\" content=\"index, follow, max-snippet:-1, max-image-preview:large, max-video-preview:-1\" \/>\n<link rel=\"canonical\" href=\"https:\/\/discoveralmunecar.com\/es\/festival-de-teatro-grecolatino-de-almunecar-2-024\/\" \/>\n<meta property=\"og:locale\" content=\"es_ES\" \/>\n<meta property=\"og:type\" content=\"article\" \/>\n<meta property=\"og:title\" content=\"Festival de Teatro Grecolatino de Almu\u00f1\u00e9car 2.024 -\" \/>\n<meta property=\"og:description\" content=\"[vc_row full_width=&#8221;stretch_row_content&#8221; awb_type=&#8221;video&#8221; awb_video_mobile=&#8221;1&#8243; css=&#8221;.vc_custom_1725450231208{padding-top: 750px !important;}&#8221; awb_video_mp4=&#8221;17898&#8243;][vc_column][\/vc_column][\/vc_row][vc_row][vc_column][vc_empty_space][\/vc_column][\/vc_row]\" \/>\n<meta property=\"og:url\" content=\"https:\/\/discoveralmunecar.com\/es\/festival-de-teatro-grecolatino-de-almunecar-2-024\/\" \/>\n<meta property=\"article:published_time\" content=\"2024-09-04T14:42:54+00:00\" \/>\n<meta property=\"article:modified_time\" content=\"2024-09-04T14:52:18+00:00\" \/>\n<meta property=\"og:image\" content=\"https:\/\/discoveralmunecar.com\/wp-content\/uploads\/2024\/09\/Teatro@0.5x.webp\" \/>\n\t<meta property=\"og:image:width\" content=\"1920\" \/>\n\t<meta property=\"og:image:height\" content=\"1080\" \/>\n\t<meta property=\"og:image:type\" content=\"image\/webp\" \/>\n<meta name=\"author\" content=\"Admin\" \/>\n<meta name=\"twitter:card\" content=\"summary_large_image\" \/>\n<meta name=\"twitter:label1\" content=\"Escrito por\" \/>\n\t<meta name=\"twitter:data1\" content=\"Admin\" \/>\n\t<meta name=\"twitter:label2\" content=\"Tiempo de lectura\" \/>\n\t<meta name=\"twitter:data2\" content=\"4 minutos\" \/>\n<script type=\"application\/ld+json\" class=\"yoast-schema-graph\">{\"@context\":\"https:\\\/\\\/schema.org\",\"@graph\":[{\"@type\":\"Article\",\"@id\":\"https:\\\/\\\/discoveralmunecar.com\\\/es\\\/festival-de-teatro-grecolatino-de-almunecar-2-024\\\/#article\",\"isPartOf\":{\"@id\":\"https:\\\/\\\/discoveralmunecar.com\\\/es\\\/festival-de-teatro-grecolatino-de-almunecar-2-024\\\/\"},\"author\":{\"name\":\"Admin\",\"@id\":\"https:\\\/\\\/discoveralmunecar.com\\\/es\\\/#\\\/schema\\\/person\\\/7d931359380d442b7e8832cd0d6a2db0\"},\"headline\":\"Festival de Teatro Grecolatino de Almu\u00f1\u00e9car 2.024\",\"datePublished\":\"2024-09-04T14:42:54+00:00\",\"dateModified\":\"2024-09-04T14:52:18+00:00\",\"mainEntityOfPage\":{\"@id\":\"https:\\\/\\\/discoveralmunecar.com\\\/es\\\/festival-de-teatro-grecolatino-de-almunecar-2-024\\\/\"},\"wordCount\":855,\"commentCount\":0,\"image\":{\"@id\":\"https:\\\/\\\/discoveralmunecar.com\\\/es\\\/festival-de-teatro-grecolatino-de-almunecar-2-024\\\/#primaryimage\"},\"thumbnailUrl\":\"https:\\\/\\\/discoveralmunecar.com\\\/wp-content\\\/uploads\\\/2024\\\/09\\\/Teatro@0.5x.webp\",\"articleSection\":[\"Agenda cultural de Almu\u00f1ecar\",\"Cultura en Almu\u00f1ecar\",\"Eventos en Almu\u00f1\u00e9car\"],\"inLanguage\":\"es\",\"potentialAction\":[{\"@type\":\"CommentAction\",\"name\":\"Comment\",\"target\":[\"https:\\\/\\\/discoveralmunecar.com\\\/es\\\/festival-de-teatro-grecolatino-de-almunecar-2-024\\\/#respond\"]}]},{\"@type\":\"WebPage\",\"@id\":\"https:\\\/\\\/discoveralmunecar.com\\\/es\\\/festival-de-teatro-grecolatino-de-almunecar-2-024\\\/\",\"url\":\"https:\\\/\\\/discoveralmunecar.com\\\/es\\\/festival-de-teatro-grecolatino-de-almunecar-2-024\\\/\",\"name\":\"Festival de Teatro Grecolatino de Almu\u00f1\u00e9car 2.024 -\",\"isPartOf\":{\"@id\":\"https:\\\/\\\/discoveralmunecar.com\\\/es\\\/#website\"},\"primaryImageOfPage\":{\"@id\":\"https:\\\/\\\/discoveralmunecar.com\\\/es\\\/festival-de-teatro-grecolatino-de-almunecar-2-024\\\/#primaryimage\"},\"image\":{\"@id\":\"https:\\\/\\\/discoveralmunecar.com\\\/es\\\/festival-de-teatro-grecolatino-de-almunecar-2-024\\\/#primaryimage\"},\"thumbnailUrl\":\"https:\\\/\\\/discoveralmunecar.com\\\/wp-content\\\/uploads\\\/2024\\\/09\\\/Teatro@0.5x.webp\",\"datePublished\":\"2024-09-04T14:42:54+00:00\",\"dateModified\":\"2024-09-04T14:52:18+00:00\",\"author\":{\"@id\":\"https:\\\/\\\/discoveralmunecar.com\\\/es\\\/#\\\/schema\\\/person\\\/7d931359380d442b7e8832cd0d6a2db0\"},\"breadcrumb\":{\"@id\":\"https:\\\/\\\/discoveralmunecar.com\\\/es\\\/festival-de-teatro-grecolatino-de-almunecar-2-024\\\/#breadcrumb\"},\"inLanguage\":\"es\",\"potentialAction\":[{\"@type\":\"ReadAction\",\"target\":[\"https:\\\/\\\/discoveralmunecar.com\\\/es\\\/festival-de-teatro-grecolatino-de-almunecar-2-024\\\/\"]}]},{\"@type\":\"ImageObject\",\"inLanguage\":\"es\",\"@id\":\"https:\\\/\\\/discoveralmunecar.com\\\/es\\\/festival-de-teatro-grecolatino-de-almunecar-2-024\\\/#primaryimage\",\"url\":\"https:\\\/\\\/discoveralmunecar.com\\\/wp-content\\\/uploads\\\/2024\\\/09\\\/Teatro@0.5x.webp\",\"contentUrl\":\"https:\\\/\\\/discoveralmunecar.com\\\/wp-content\\\/uploads\\\/2024\\\/09\\\/Teatro@0.5x.webp\",\"width\":1920,\"height\":1080},{\"@type\":\"BreadcrumbList\",\"@id\":\"https:\\\/\\\/discoveralmunecar.com\\\/es\\\/festival-de-teatro-grecolatino-de-almunecar-2-024\\\/#breadcrumb\",\"itemListElement\":[{\"@type\":\"ListItem\",\"position\":1,\"name\":\"Home\",\"item\":\"https:\\\/\\\/discoveralmunecar.com\\\/es\\\/\"},{\"@type\":\"ListItem\",\"position\":2,\"name\":\"Festival de Teatro Grecolatino de Almu\u00f1\u00e9car 2.024\"}]},{\"@type\":\"WebSite\",\"@id\":\"https:\\\/\\\/discoveralmunecar.com\\\/es\\\/#website\",\"url\":\"https:\\\/\\\/discoveralmunecar.com\\\/es\\\/\",\"name\":\"\",\"description\":\"Just another WordPress site\\n\",\"potentialAction\":[{\"@type\":\"SearchAction\",\"target\":{\"@type\":\"EntryPoint\",\"urlTemplate\":\"https:\\\/\\\/discoveralmunecar.com\\\/es\\\/?s={search_term_string}\"},\"query-input\":{\"@type\":\"PropertyValueSpecification\",\"valueRequired\":true,\"valueName\":\"search_term_string\"}}],\"inLanguage\":\"es\"},{\"@type\":\"Person\",\"@id\":\"https:\\\/\\\/discoveralmunecar.com\\\/es\\\/#\\\/schema\\\/person\\\/7d931359380d442b7e8832cd0d6a2db0\",\"name\":\"Admin\",\"image\":{\"@type\":\"ImageObject\",\"inLanguage\":\"es\",\"@id\":\"https:\\\/\\\/secure.gravatar.com\\\/avatar\\\/87aff11e22fb9eda78c606aa27a60cd99fc49aac3a2cf4688b14253df494fd22?s=96&d=mm&r=g\",\"url\":\"https:\\\/\\\/secure.gravatar.com\\\/avatar\\\/87aff11e22fb9eda78c606aa27a60cd99fc49aac3a2cf4688b14253df494fd22?s=96&d=mm&r=g\",\"contentUrl\":\"https:\\\/\\\/secure.gravatar.com\\\/avatar\\\/87aff11e22fb9eda78c606aa27a60cd99fc49aac3a2cf4688b14253df494fd22?s=96&d=mm&r=g\",\"caption\":\"Admin\"},\"url\":\"https:\\\/\\\/discoveralmunecar.com\\\/es\\\/author\\\/pedro-espinosa\\\/\"}]}<\/script>\n<!-- \/ Yoast SEO plugin. -->","yoast_head_json":{"title":"Festival de Teatro Grecolatino de Almu\u00f1\u00e9car 2.024 -","robots":{"index":"index","follow":"follow","max-snippet":"max-snippet:-1","max-image-preview":"max-image-preview:large","max-video-preview":"max-video-preview:-1"},"canonical":"https:\/\/discoveralmunecar.com\/es\/festival-de-teatro-grecolatino-de-almunecar-2-024\/","og_locale":"es_ES","og_type":"article","og_title":"Festival de Teatro Grecolatino de Almu\u00f1\u00e9car 2.024 -","og_description":"[vc_row full_width=&#8221;stretch_row_content&#8221; awb_type=&#8221;video&#8221; awb_video_mobile=&#8221;1&#8243; css=&#8221;.vc_custom_1725450231208{padding-top: 750px !important;}&#8221; awb_video_mp4=&#8221;17898&#8243;][vc_column][\/vc_column][\/vc_row][vc_row][vc_column][vc_empty_space][\/vc_column][\/vc_row]","og_url":"https:\/\/discoveralmunecar.com\/es\/festival-de-teatro-grecolatino-de-almunecar-2-024\/","article_published_time":"2024-09-04T14:42:54+00:00","article_modified_time":"2024-09-04T14:52:18+00:00","og_image":[{"width":1920,"height":1080,"url":"https:\/\/discoveralmunecar.com\/wp-content\/uploads\/2024\/09\/Teatro@0.5x.webp","type":"image\/webp"}],"author":"Admin","twitter_card":"summary_large_image","twitter_misc":{"Escrito por":"Admin","Tiempo de lectura":"4 minutos"},"schema":{"@context":"https:\/\/schema.org","@graph":[{"@type":"Article","@id":"https:\/\/discoveralmunecar.com\/es\/festival-de-teatro-grecolatino-de-almunecar-2-024\/#article","isPartOf":{"@id":"https:\/\/discoveralmunecar.com\/es\/festival-de-teatro-grecolatino-de-almunecar-2-024\/"},"author":{"name":"Admin","@id":"https:\/\/discoveralmunecar.com\/es\/#\/schema\/person\/7d931359380d442b7e8832cd0d6a2db0"},"headline":"Festival de Teatro Grecolatino de Almu\u00f1\u00e9car 2.024","datePublished":"2024-09-04T14:42:54+00:00","dateModified":"2024-09-04T14:52:18+00:00","mainEntityOfPage":{"@id":"https:\/\/discoveralmunecar.com\/es\/festival-de-teatro-grecolatino-de-almunecar-2-024\/"},"wordCount":855,"commentCount":0,"image":{"@id":"https:\/\/discoveralmunecar.com\/es\/festival-de-teatro-grecolatino-de-almunecar-2-024\/#primaryimage"},"thumbnailUrl":"https:\/\/discoveralmunecar.com\/wp-content\/uploads\/2024\/09\/Teatro@0.5x.webp","articleSection":["Agenda cultural de Almu\u00f1ecar","Cultura en Almu\u00f1ecar","Eventos en Almu\u00f1\u00e9car"],"inLanguage":"es","potentialAction":[{"@type":"CommentAction","name":"Comment","target":["https:\/\/discoveralmunecar.com\/es\/festival-de-teatro-grecolatino-de-almunecar-2-024\/#respond"]}]},{"@type":"WebPage","@id":"https:\/\/discoveralmunecar.com\/es\/festival-de-teatro-grecolatino-de-almunecar-2-024\/","url":"https:\/\/discoveralmunecar.com\/es\/festival-de-teatro-grecolatino-de-almunecar-2-024\/","name":"Festival de Teatro Grecolatino de Almu\u00f1\u00e9car 2.024 -","isPartOf":{"@id":"https:\/\/discoveralmunecar.com\/es\/#website"},"primaryImageOfPage":{"@id":"https:\/\/discoveralmunecar.com\/es\/festival-de-teatro-grecolatino-de-almunecar-2-024\/#primaryimage"},"image":{"@id":"https:\/\/discoveralmunecar.com\/es\/festival-de-teatro-grecolatino-de-almunecar-2-024\/#primaryimage"},"thumbnailUrl":"https:\/\/discoveralmunecar.com\/wp-content\/uploads\/2024\/09\/Teatro@0.5x.webp","datePublished":"2024-09-04T14:42:54+00:00","dateModified":"2024-09-04T14:52:18+00:00","author":{"@id":"https:\/\/discoveralmunecar.com\/es\/#\/schema\/person\/7d931359380d442b7e8832cd0d6a2db0"},"breadcrumb":{"@id":"https:\/\/discoveralmunecar.com\/es\/festival-de-teatro-grecolatino-de-almunecar-2-024\/#breadcrumb"},"inLanguage":"es","potentialAction":[{"@type":"ReadAction","target":["https:\/\/discoveralmunecar.com\/es\/festival-de-teatro-grecolatino-de-almunecar-2-024\/"]}]},{"@type":"ImageObject","inLanguage":"es","@id":"https:\/\/discoveralmunecar.com\/es\/festival-de-teatro-grecolatino-de-almunecar-2-024\/#primaryimage","url":"https:\/\/discoveralmunecar.com\/wp-content\/uploads\/2024\/09\/Teatro@0.5x.webp","contentUrl":"https:\/\/discoveralmunecar.com\/wp-content\/uploads\/2024\/09\/Teatro@0.5x.webp","width":1920,"height":1080},{"@type":"BreadcrumbList","@id":"https:\/\/discoveralmunecar.com\/es\/festival-de-teatro-grecolatino-de-almunecar-2-024\/#breadcrumb","itemListElement":[{"@type":"ListItem","position":1,"name":"Home","item":"https:\/\/discoveralmunecar.com\/es\/"},{"@type":"ListItem","position":2,"name":"Festival de Teatro Grecolatino de Almu\u00f1\u00e9car 2.024"}]},{"@type":"WebSite","@id":"https:\/\/discoveralmunecar.com\/es\/#website","url":"https:\/\/discoveralmunecar.com\/es\/","name":"","description":"Just another WordPress site\n","potentialAction":[{"@type":"SearchAction","target":{"@type":"EntryPoint","urlTemplate":"https:\/\/discoveralmunecar.com\/es\/?s={search_term_string}"},"query-input":{"@type":"PropertyValueSpecification","valueRequired":true,"valueName":"search_term_string"}}],"inLanguage":"es"},{"@type":"Person","@id":"https:\/\/discoveralmunecar.com\/es\/#\/schema\/person\/7d931359380d442b7e8832cd0d6a2db0","name":"Admin","image":{"@type":"ImageObject","inLanguage":"es","@id":"https:\/\/secure.gravatar.com\/avatar\/87aff11e22fb9eda78c606aa27a60cd99fc49aac3a2cf4688b14253df494fd22?s=96&d=mm&r=g","url":"https:\/\/secure.gravatar.com\/avatar\/87aff11e22fb9eda78c606aa27a60cd99fc49aac3a2cf4688b14253df494fd22?s=96&d=mm&r=g","contentUrl":"https:\/\/secure.gravatar.com\/avatar\/87aff11e22fb9eda78c606aa27a60cd99fc49aac3a2cf4688b14253df494fd22?s=96&d=mm&r=g","caption":"Admin"},"url":"https:\/\/discoveralmunecar.com\/es\/author\/pedro-espinosa\/"}]}},"_links":{"self":[{"href":"https:\/\/discoveralmunecar.com\/es\/wp-json\/wp\/v2\/posts\/17910","targetHints":{"allow":["GET"]}}],"collection":[{"href":"https:\/\/discoveralmunecar.com\/es\/wp-json\/wp\/v2\/posts"}],"about":[{"href":"https:\/\/discoveralmunecar.com\/es\/wp-json\/wp\/v2\/types\/post"}],"author":[{"embeddable":true,"href":"https:\/\/discoveralmunecar.com\/es\/wp-json\/wp\/v2\/users\/2"}],"replies":[{"embeddable":true,"href":"https:\/\/discoveralmunecar.com\/es\/wp-json\/wp\/v2\/comments?post=17910"}],"version-history":[{"count":4,"href":"https:\/\/discoveralmunecar.com\/es\/wp-json\/wp\/v2\/posts\/17910\/revisions"}],"predecessor-version":[{"id":20012,"href":"https:\/\/discoveralmunecar.com\/es\/wp-json\/wp\/v2\/posts\/17910\/revisions\/20012"}],"wp:featuredmedia":[{"embeddable":true,"href":"https:\/\/discoveralmunecar.com\/es\/wp-json\/wp\/v2\/media\/17907"}],"wp:attachment":[{"href":"https:\/\/discoveralmunecar.com\/es\/wp-json\/wp\/v2\/media?parent=17910"}],"wp:term":[{"taxonomy":"category","embeddable":true,"href":"https:\/\/discoveralmunecar.com\/es\/wp-json\/wp\/v2\/categories?post=17910"},{"taxonomy":"post_tag","embeddable":true,"href":"https:\/\/discoveralmunecar.com\/es\/wp-json\/wp\/v2\/tags?post=17910"}],"curies":[{"name":"wp","href":"https:\/\/api.w.org\/{rel}","templated":true}]}}