{"id":18700,"date":"2025-06-17T11:22:20","date_gmt":"2025-06-17T11:22:20","guid":{"rendered":"https:\/\/discoveralmunecar.com\/?p=18700"},"modified":"2025-06-17T11:30:24","modified_gmt":"2025-06-17T11:30:24","slug":"la-magica-noche-de-san-juan-en-almunecar","status":"publish","type":"post","link":"https:\/\/discoveralmunecar.com\/es\/la-magica-noche-de-san-juan-en-almunecar\/","title":{"rendered":"La M\u00e1gica Noche de San Juan en Almu\u00f1\u00e9car"},"content":{"rendered":"<p>[vc_row][vc_column]<div class=\"text-block\" ><div class=\"simple-text \"><p>La Noche de San Juan es una de las celebraciones m\u00e1s emblem\u00e1ticas de la costa andaluza, y Almu\u00f1\u00e9car, el coraz\u00f3n del turismo en la Costa Tropical de la provincia de Granada, se prepara cada a\u00f1o para recibir a miles de personas que acuden a sus playas para dar la bienvenida al verano con fuego, m\u00fasica y tradici\u00f3n. Y este a\u00f1o 2.025 gracias a las experiencias recientes ofrecen una idea clara de c\u00f3mo se vive esta festividad en las playas de la ciudad m\u00e1s antigua fundada en el Mediterr\u00e1neo en Espa\u00f1a.<\/p>\n<\/div><\/div>[vc_empty_space]<div class=\"text-block\" ><div class=\"simple-text \"><h3>Mucha tradici\u00f3n y m\u00e1s ambiente festivo<\/h3>\n<p>La noche del 23 al 24 de junio, que es la v\u00edspera del d\u00eda de San Juan, todas las playas de Almu\u00f1\u00e9car se llenan de vida. Desde familias, a grupos de amigos y muchos visitantes se congregan para encender hogueras, compartir comidas, bebidas y disfrutar de la m\u00fasica bajo las estrellas. Es una noche m\u00e1gica donde las tradiciones y el ambiente festivo se mezclan con la alegr\u00eda del inicio del verano.<\/p>\n<div><\/div>\n<\/div><\/div>[vc_empty_space][vc_single_image image=&#8221;18672&#8243; img_size=&#8221;full&#8221;][vc_empty_space]<div class=\"text-block\" ><div class=\"simple-text \"><h3>Origen de la fiesta<\/h3>\n<p>La Fiesta de San Juan tiene un origen complejo que combina festividades paganas y religiosas cristianas. Originalmente, la fecha marcaba el solsticio de verano y era celebrada con hogueras para honrar al sol y asegurar buenas cosechas. El cristianismo adapt\u00f3 esta celebraci\u00f3n, asoci\u00e1ndola con el nacimiento de San Juan Bautista, quien naci\u00f3 seis meses antes de Jesucristo.<\/p>\n<div><\/div>\n<div><\/div>\n<\/div><\/div>[vc_empty_space][vc_single_image image=&#8221;18677&#8243; img_size=&#8221;full&#8221;][vc_empty_space]<div class=\"text-block\" ><div class=\"simple-text \"><h3>Normativas y recomendaciones<\/h3>\n<p>Para garantizar la seguridad y el respeto al medio ambiente, el Ayuntamiento de Almu\u00f1\u00e9car emite cada a\u00f1o un bando con normas espec\u00edficas para la celebraci\u00f3n. Se permite la instalaci\u00f3n de estructuras desmontables, como toldos y sombrillas, desde las 10:00 horas del 23 de junio, las cuales deben retirarse antes de las 22:00 horas del 24 de junio. En cuanto a las hogueras, s\u00f3lo se permite el uso de maderas sin clavos, prohibi\u00e9ndose materiales como neum\u00e1ticos, pl\u00e1sticos o aerosoles que puedan ser peligrosos o contaminantes. Adem\u00e1s, se insiste en la importancia de apagar completamente las hogueras antes de abandonar la playa y no enterrarlas, facilitando as\u00ed las labores de limpieza posteriores.<\/p>\n<\/div><\/div>[vc_empty_space][vc_single_image image=&#8221;18682&#8243; img_size=&#8221;full&#8221;][vc_empty_space]<div class=\"text-block\" ><div class=\"simple-text \"><h3>Dispositivo de seguridad y limpieza<\/h3>\n<p>La seguridad es una prioridad durante esta festividad. En a\u00f1os anteriores, el dispositivo ha contado con alrededor de 100 agentes entre Guardia Civil y Polic\u00eda Local, apoyados por los voluntarios de Protecci\u00f3n Civil, Bomberos y el Servicio Andaluz de Salud. Este despliegue busca garantizar el bienestar de todos los asistentes y el cumplimiento de las normativas establecidas.<\/p>\n<p>En cuanto a la limpieza, el Ayuntamiento coordina un operativo especial para recoger los residuos generados durante la noche. Por ejemplo, en la edici\u00f3n de 2024, se retiraron aproximadamente 100 toneladas de residuos de las playas y su entorno. Un equipo de m\u00e1s de 30 personas, apoyado por maquinaria especializada, trabaj\u00f3 desde primeras horas de la ma\u00f1ana para dejar las playas en perfecto estado.<\/p>\n<p>Por eso es aconsejable que todo el mundo intente en la manera de lo posible dejar la playa igual que la encontr\u00f3.<\/p>\n<\/div><\/div>[vc_empty_space][vc_single_image image=&#8221;18687&#8243; img_size=&#8221;full&#8221;][vc_empty_space]<div class=\"text-block\" ><div class=\"simple-text \"><h3>Participaci\u00f3n ciudadana y sostenibilidad<\/h3>\n<p>El \u00e9xito de la Noche de San Juan en Almu\u00f1\u00e9car tambi\u00e9n depende de la colaboraci\u00f3n de los asistentes. El Ayuntamiento hace un llamado a la responsabilidad individual, instando a los ciudadanos y visitantes a respetar las normas, utilizar envases reciclables y depositar los residuos en los contenedores adecuados, que adem\u00e1s durante esta festividad se instalar\u00e1n m\u00e1s. Esta actitud c\u00edvica contribuye a mantener la belleza natural de las playas y a preservar el medio ambiente. Que a la postre beneficia a todos, tanto habitantes de Almu\u00f1\u00e9car, c\u00f3mo a todos sus visitantes.<\/p>\n<\/div><\/div>[vc_empty_space][vc_single_image image=&#8221;18692&#8243; img_size=&#8221;full&#8221;][vc_empty_space]<div class=\"text-block\" ><div class=\"simple-text \"><h3>Expectativas para 2025<\/h3>\n<p>Aunque a\u00fan no se han publicado detalles espec\u00edficos para la Noche de San Juan 2025, es previsible que el Ayuntamiento mantenga las medidas que han demostrado ser efectivas en a\u00f1os anteriores. Se espera una alta afluencia de p\u00fablico, por lo que se recomienda planificar con antelaci\u00f3n y seguir las indicaciones oficiales que se difundir\u00e1n a medida que se acerque la fecha.<\/p>\n<p>En resumen, la Noche de San Juan en Almu\u00f1\u00e9car es una celebraci\u00f3n que combina tradici\u00f3n, alegr\u00eda y respeto por el entorno. Con la colaboraci\u00f3n de todos, se puede disfrutar de una noche inolvidable que da la bienvenida al verano en un ambiente seguro y sostenible<\/p>\n<\/div><\/div>[vc_empty_space][vc_single_image image=&#8221;18697&#8243; img_size=&#8221;full&#8221;][vc_empty_space]<div class=\"text-block\" ><div class=\"simple-text \"><h3>Ven a disfrutar de la M\u00e1gica Noche de San Juan<\/h3>\n<div>No te lo pienses m\u00e1s y ven a disfrutar de la M\u00e1gica Noche de San Juan a Almu\u00f1\u00e9car, la ciudad m\u00e1s antigua del Mediterr\u00e1neo en Espa\u00f1a, ser\u00e1 una noche fant\u00e1stica, llena de diversi\u00f3n, tradici\u00f3n, el primer ba\u00f1o del a\u00f1o, el inicio de la temporada de verano y muchas m\u00e1s sorpresas que te esperan. No te lo pierdas.<\/div>\n<\/div><\/div>[\/vc_column][\/vc_row]<\/p>\n","protected":false},"excerpt":{"rendered":"<p>[vc_row][vc_column][vc_empty_space][vc_empty_space][vc_single_image image=&#8221;18672&#8243; img_size=&#8221;full&#8221;][vc_empty_space][vc_empty_space][vc_single_image image=&#8221;18677&#8243; img_size=&#8221;full&#8221;][vc_empty_space][vc_empty_space][vc_single_image image=&#8221;18682&#8243; img_size=&#8221;full&#8221;][vc_empty_space][vc_empty_space][vc_single_image image=&#8221;18687&#8243; img_size=&#8221;full&#8221;][vc_empty_space][vc_empty_space][vc_single_image image=&#8221;18692&#8243; img_size=&#8221;full&#8221;][vc_empty_space][vc_empty_space][vc_single_image image=&#8221;18697&#8243; img_size=&#8221;full&#8221;][vc_empty_space][\/vc_column][\/vc_row]<\/p>\n","protected":false},"author":2,"featured_media":18786,"comment_status":"open","ping_status":"closed","sticky":false,"template":"","format":"standard","meta":{"footnotes":""},"categories":[267,266,9],"tags":[],"class_list":["post-18700","post","type-post","status-publish","format-standard","has-post-thumbnail","hentry","category-agenda-cultural-de-almunecar","category-cultura-en-almunecar","category-eventos-en-almunecar"],"yoast_head":"<!-- This site is optimized with the Yoast SEO plugin v27.3 - https:\/\/yoast.com\/product\/yoast-seo-wordpress\/ -->\n<title>La M\u00e1gica Noche de San Juan en Almu\u00f1\u00e9car -<\/title>\n<meta name=\"robots\" content=\"index, follow, max-snippet:-1, max-image-preview:large, max-video-preview:-1\" \/>\n<link rel=\"canonical\" href=\"https:\/\/discoveralmunecar.com\/es\/la-magica-noche-de-san-juan-en-almunecar\/\" \/>\n<meta property=\"og:locale\" content=\"es_ES\" \/>\n<meta property=\"og:type\" content=\"article\" \/>\n<meta property=\"og:title\" content=\"La M\u00e1gica Noche de San Juan en Almu\u00f1\u00e9car -\" \/>\n<meta property=\"og:description\" content=\"[vc_row][vc_column][vc_empty_space][vc_empty_space][vc_single_image image=&#8221;18672&#8243; img_size=&#8221;full&#8221;][vc_empty_space][vc_empty_space][vc_single_image image=&#8221;18677&#8243; img_size=&#8221;full&#8221;][vc_empty_space][vc_empty_space][vc_single_image image=&#8221;18682&#8243; img_size=&#8221;full&#8221;][vc_empty_space][vc_empty_space][vc_single_image image=&#8221;18687&#8243; img_size=&#8221;full&#8221;][vc_empty_space][vc_empty_space][vc_single_image image=&#8221;18692&#8243; img_size=&#8221;full&#8221;][vc_empty_space][vc_empty_space][vc_single_image image=&#8221;18697&#8243; img_size=&#8221;full&#8221;][vc_empty_space][\/vc_column][\/vc_row]\" \/>\n<meta property=\"og:url\" content=\"https:\/\/discoveralmunecar.com\/es\/la-magica-noche-de-san-juan-en-almunecar\/\" \/>\n<meta property=\"article:published_time\" content=\"2025-06-17T11:22:20+00:00\" \/>\n<meta property=\"article:modified_time\" content=\"2025-06-17T11:30:24+00:00\" \/>\n<meta property=\"og:image\" content=\"https:\/\/discoveralmunecar.com\/wp-content\/uploads\/2025\/05\/20230623-_1170245@0.5x.webp\" \/>\n\t<meta property=\"og:image:width\" content=\"1556\" \/>\n\t<meta property=\"og:image:height\" content=\"875\" \/>\n\t<meta property=\"og:image:type\" content=\"image\/webp\" \/>\n<meta name=\"author\" content=\"Admin\" \/>\n<meta name=\"twitter:card\" content=\"summary_large_image\" \/>\n<meta name=\"twitter:label1\" content=\"Escrito por\" \/>\n\t<meta name=\"twitter:data1\" content=\"Admin\" \/>\n\t<meta name=\"twitter:label2\" content=\"Tiempo de lectura\" \/>\n\t<meta name=\"twitter:data2\" content=\"5 minutos\" \/>\n<script type=\"application\/ld+json\" class=\"yoast-schema-graph\">{\"@context\":\"https:\\\/\\\/schema.org\",\"@graph\":[{\"@type\":\"Article\",\"@id\":\"https:\\\/\\\/discoveralmunecar.com\\\/es\\\/la-magica-noche-de-san-juan-en-almunecar\\\/#article\",\"isPartOf\":{\"@id\":\"https:\\\/\\\/discoveralmunecar.com\\\/es\\\/la-magica-noche-de-san-juan-en-almunecar\\\/\"},\"author\":{\"name\":\"Admin\",\"@id\":\"https:\\\/\\\/discoveralmunecar.com\\\/es\\\/#\\\/schema\\\/person\\\/7d931359380d442b7e8832cd0d6a2db0\"},\"headline\":\"La M\u00e1gica Noche de San Juan en Almu\u00f1\u00e9car\",\"datePublished\":\"2025-06-17T11:22:20+00:00\",\"dateModified\":\"2025-06-17T11:30:24+00:00\",\"mainEntityOfPage\":{\"@id\":\"https:\\\/\\\/discoveralmunecar.com\\\/es\\\/la-magica-noche-de-san-juan-en-almunecar\\\/\"},\"wordCount\":965,\"commentCount\":0,\"image\":{\"@id\":\"https:\\\/\\\/discoveralmunecar.com\\\/es\\\/la-magica-noche-de-san-juan-en-almunecar\\\/#primaryimage\"},\"thumbnailUrl\":\"https:\\\/\\\/discoveralmunecar.com\\\/wp-content\\\/uploads\\\/2025\\\/05\\\/Sin-titulo@0.5x.webp\",\"articleSection\":[\"Agenda cultural de Almu\u00f1ecar\",\"Cultura en Almu\u00f1ecar\",\"Eventos en Almu\u00f1\u00e9car\"],\"inLanguage\":\"es\",\"potentialAction\":[{\"@type\":\"CommentAction\",\"name\":\"Comment\",\"target\":[\"https:\\\/\\\/discoveralmunecar.com\\\/es\\\/la-magica-noche-de-san-juan-en-almunecar\\\/#respond\"]}]},{\"@type\":\"WebPage\",\"@id\":\"https:\\\/\\\/discoveralmunecar.com\\\/es\\\/la-magica-noche-de-san-juan-en-almunecar\\\/\",\"url\":\"https:\\\/\\\/discoveralmunecar.com\\\/es\\\/la-magica-noche-de-san-juan-en-almunecar\\\/\",\"name\":\"La M\u00e1gica Noche de San Juan en Almu\u00f1\u00e9car -\",\"isPartOf\":{\"@id\":\"https:\\\/\\\/discoveralmunecar.com\\\/es\\\/#website\"},\"primaryImageOfPage\":{\"@id\":\"https:\\\/\\\/discoveralmunecar.com\\\/es\\\/la-magica-noche-de-san-juan-en-almunecar\\\/#primaryimage\"},\"image\":{\"@id\":\"https:\\\/\\\/discoveralmunecar.com\\\/es\\\/la-magica-noche-de-san-juan-en-almunecar\\\/#primaryimage\"},\"thumbnailUrl\":\"https:\\\/\\\/discoveralmunecar.com\\\/wp-content\\\/uploads\\\/2025\\\/05\\\/Sin-titulo@0.5x.webp\",\"datePublished\":\"2025-06-17T11:22:20+00:00\",\"dateModified\":\"2025-06-17T11:30:24+00:00\",\"author\":{\"@id\":\"https:\\\/\\\/discoveralmunecar.com\\\/es\\\/#\\\/schema\\\/person\\\/7d931359380d442b7e8832cd0d6a2db0\"},\"breadcrumb\":{\"@id\":\"https:\\\/\\\/discoveralmunecar.com\\\/es\\\/la-magica-noche-de-san-juan-en-almunecar\\\/#breadcrumb\"},\"inLanguage\":\"es\",\"potentialAction\":[{\"@type\":\"ReadAction\",\"target\":[\"https:\\\/\\\/discoveralmunecar.com\\\/es\\\/la-magica-noche-de-san-juan-en-almunecar\\\/\"]}]},{\"@type\":\"ImageObject\",\"inLanguage\":\"es\",\"@id\":\"https:\\\/\\\/discoveralmunecar.com\\\/es\\\/la-magica-noche-de-san-juan-en-almunecar\\\/#primaryimage\",\"url\":\"https:\\\/\\\/discoveralmunecar.com\\\/wp-content\\\/uploads\\\/2025\\\/05\\\/Sin-titulo@0.5x.webp\",\"contentUrl\":\"https:\\\/\\\/discoveralmunecar.com\\\/wp-content\\\/uploads\\\/2025\\\/05\\\/Sin-titulo@0.5x.webp\",\"width\":1920,\"height\":1080},{\"@type\":\"BreadcrumbList\",\"@id\":\"https:\\\/\\\/discoveralmunecar.com\\\/es\\\/la-magica-noche-de-san-juan-en-almunecar\\\/#breadcrumb\",\"itemListElement\":[{\"@type\":\"ListItem\",\"position\":1,\"name\":\"Home\",\"item\":\"https:\\\/\\\/discoveralmunecar.com\\\/es\\\/\"},{\"@type\":\"ListItem\",\"position\":2,\"name\":\"La M\u00e1gica Noche de San Juan en Almu\u00f1\u00e9car\"}]},{\"@type\":\"WebSite\",\"@id\":\"https:\\\/\\\/discoveralmunecar.com\\\/es\\\/#website\",\"url\":\"https:\\\/\\\/discoveralmunecar.com\\\/es\\\/\",\"name\":\"\",\"description\":\"Just another WordPress site\\n\",\"potentialAction\":[{\"@type\":\"SearchAction\",\"target\":{\"@type\":\"EntryPoint\",\"urlTemplate\":\"https:\\\/\\\/discoveralmunecar.com\\\/es\\\/?s={search_term_string}\"},\"query-input\":{\"@type\":\"PropertyValueSpecification\",\"valueRequired\":true,\"valueName\":\"search_term_string\"}}],\"inLanguage\":\"es\"},{\"@type\":\"Person\",\"@id\":\"https:\\\/\\\/discoveralmunecar.com\\\/es\\\/#\\\/schema\\\/person\\\/7d931359380d442b7e8832cd0d6a2db0\",\"name\":\"Admin\",\"image\":{\"@type\":\"ImageObject\",\"inLanguage\":\"es\",\"@id\":\"https:\\\/\\\/secure.gravatar.com\\\/avatar\\\/87aff11e22fb9eda78c606aa27a60cd99fc49aac3a2cf4688b14253df494fd22?s=96&d=mm&r=g\",\"url\":\"https:\\\/\\\/secure.gravatar.com\\\/avatar\\\/87aff11e22fb9eda78c606aa27a60cd99fc49aac3a2cf4688b14253df494fd22?s=96&d=mm&r=g\",\"contentUrl\":\"https:\\\/\\\/secure.gravatar.com\\\/avatar\\\/87aff11e22fb9eda78c606aa27a60cd99fc49aac3a2cf4688b14253df494fd22?s=96&d=mm&r=g\",\"caption\":\"Admin\"},\"url\":\"https:\\\/\\\/discoveralmunecar.com\\\/es\\\/author\\\/pedro-espinosa\\\/\"}]}<\/script>\n<!-- \/ Yoast SEO plugin. -->","yoast_head_json":{"title":"La M\u00e1gica Noche de San Juan en Almu\u00f1\u00e9car -","robots":{"index":"index","follow":"follow","max-snippet":"max-snippet:-1","max-image-preview":"max-image-preview:large","max-video-preview":"max-video-preview:-1"},"canonical":"https:\/\/discoveralmunecar.com\/es\/la-magica-noche-de-san-juan-en-almunecar\/","og_locale":"es_ES","og_type":"article","og_title":"La M\u00e1gica Noche de San Juan en Almu\u00f1\u00e9car -","og_description":"[vc_row][vc_column][vc_empty_space][vc_empty_space][vc_single_image image=&#8221;18672&#8243; img_size=&#8221;full&#8221;][vc_empty_space][vc_empty_space][vc_single_image image=&#8221;18677&#8243; img_size=&#8221;full&#8221;][vc_empty_space][vc_empty_space][vc_single_image image=&#8221;18682&#8243; img_size=&#8221;full&#8221;][vc_empty_space][vc_empty_space][vc_single_image image=&#8221;18687&#8243; img_size=&#8221;full&#8221;][vc_empty_space][vc_empty_space][vc_single_image image=&#8221;18692&#8243; img_size=&#8221;full&#8221;][vc_empty_space][vc_empty_space][vc_single_image image=&#8221;18697&#8243; img_size=&#8221;full&#8221;][vc_empty_space][\/vc_column][\/vc_row]","og_url":"https:\/\/discoveralmunecar.com\/es\/la-magica-noche-de-san-juan-en-almunecar\/","article_published_time":"2025-06-17T11:22:20+00:00","article_modified_time":"2025-06-17T11:30:24+00:00","og_image":[{"width":1556,"height":875,"url":"https:\/\/discoveralmunecar.com\/wp-content\/uploads\/2025\/05\/20230623-_1170245@0.5x.webp","type":"image\/webp"}],"author":"Admin","twitter_card":"summary_large_image","twitter_misc":{"Escrito por":"Admin","Tiempo de lectura":"5 minutos"},"schema":{"@context":"https:\/\/schema.org","@graph":[{"@type":"Article","@id":"https:\/\/discoveralmunecar.com\/es\/la-magica-noche-de-san-juan-en-almunecar\/#article","isPartOf":{"@id":"https:\/\/discoveralmunecar.com\/es\/la-magica-noche-de-san-juan-en-almunecar\/"},"author":{"name":"Admin","@id":"https:\/\/discoveralmunecar.com\/es\/#\/schema\/person\/7d931359380d442b7e8832cd0d6a2db0"},"headline":"La M\u00e1gica Noche de San Juan en Almu\u00f1\u00e9car","datePublished":"2025-06-17T11:22:20+00:00","dateModified":"2025-06-17T11:30:24+00:00","mainEntityOfPage":{"@id":"https:\/\/discoveralmunecar.com\/es\/la-magica-noche-de-san-juan-en-almunecar\/"},"wordCount":965,"commentCount":0,"image":{"@id":"https:\/\/discoveralmunecar.com\/es\/la-magica-noche-de-san-juan-en-almunecar\/#primaryimage"},"thumbnailUrl":"https:\/\/discoveralmunecar.com\/wp-content\/uploads\/2025\/05\/Sin-titulo@0.5x.webp","articleSection":["Agenda cultural de Almu\u00f1ecar","Cultura en Almu\u00f1ecar","Eventos en Almu\u00f1\u00e9car"],"inLanguage":"es","potentialAction":[{"@type":"CommentAction","name":"Comment","target":["https:\/\/discoveralmunecar.com\/es\/la-magica-noche-de-san-juan-en-almunecar\/#respond"]}]},{"@type":"WebPage","@id":"https:\/\/discoveralmunecar.com\/es\/la-magica-noche-de-san-juan-en-almunecar\/","url":"https:\/\/discoveralmunecar.com\/es\/la-magica-noche-de-san-juan-en-almunecar\/","name":"La M\u00e1gica Noche de San Juan en Almu\u00f1\u00e9car -","isPartOf":{"@id":"https:\/\/discoveralmunecar.com\/es\/#website"},"primaryImageOfPage":{"@id":"https:\/\/discoveralmunecar.com\/es\/la-magica-noche-de-san-juan-en-almunecar\/#primaryimage"},"image":{"@id":"https:\/\/discoveralmunecar.com\/es\/la-magica-noche-de-san-juan-en-almunecar\/#primaryimage"},"thumbnailUrl":"https:\/\/discoveralmunecar.com\/wp-content\/uploads\/2025\/05\/Sin-titulo@0.5x.webp","datePublished":"2025-06-17T11:22:20+00:00","dateModified":"2025-06-17T11:30:24+00:00","author":{"@id":"https:\/\/discoveralmunecar.com\/es\/#\/schema\/person\/7d931359380d442b7e8832cd0d6a2db0"},"breadcrumb":{"@id":"https:\/\/discoveralmunecar.com\/es\/la-magica-noche-de-san-juan-en-almunecar\/#breadcrumb"},"inLanguage":"es","potentialAction":[{"@type":"ReadAction","target":["https:\/\/discoveralmunecar.com\/es\/la-magica-noche-de-san-juan-en-almunecar\/"]}]},{"@type":"ImageObject","inLanguage":"es","@id":"https:\/\/discoveralmunecar.com\/es\/la-magica-noche-de-san-juan-en-almunecar\/#primaryimage","url":"https:\/\/discoveralmunecar.com\/wp-content\/uploads\/2025\/05\/Sin-titulo@0.5x.webp","contentUrl":"https:\/\/discoveralmunecar.com\/wp-content\/uploads\/2025\/05\/Sin-titulo@0.5x.webp","width":1920,"height":1080},{"@type":"BreadcrumbList","@id":"https:\/\/discoveralmunecar.com\/es\/la-magica-noche-de-san-juan-en-almunecar\/#breadcrumb","itemListElement":[{"@type":"ListItem","position":1,"name":"Home","item":"https:\/\/discoveralmunecar.com\/es\/"},{"@type":"ListItem","position":2,"name":"La M\u00e1gica Noche de San Juan en Almu\u00f1\u00e9car"}]},{"@type":"WebSite","@id":"https:\/\/discoveralmunecar.com\/es\/#website","url":"https:\/\/discoveralmunecar.com\/es\/","name":"","description":"Just another WordPress site\n","potentialAction":[{"@type":"SearchAction","target":{"@type":"EntryPoint","urlTemplate":"https:\/\/discoveralmunecar.com\/es\/?s={search_term_string}"},"query-input":{"@type":"PropertyValueSpecification","valueRequired":true,"valueName":"search_term_string"}}],"inLanguage":"es"},{"@type":"Person","@id":"https:\/\/discoveralmunecar.com\/es\/#\/schema\/person\/7d931359380d442b7e8832cd0d6a2db0","name":"Admin","image":{"@type":"ImageObject","inLanguage":"es","@id":"https:\/\/secure.gravatar.com\/avatar\/87aff11e22fb9eda78c606aa27a60cd99fc49aac3a2cf4688b14253df494fd22?s=96&d=mm&r=g","url":"https:\/\/secure.gravatar.com\/avatar\/87aff11e22fb9eda78c606aa27a60cd99fc49aac3a2cf4688b14253df494fd22?s=96&d=mm&r=g","contentUrl":"https:\/\/secure.gravatar.com\/avatar\/87aff11e22fb9eda78c606aa27a60cd99fc49aac3a2cf4688b14253df494fd22?s=96&d=mm&r=g","caption":"Admin"},"url":"https:\/\/discoveralmunecar.com\/es\/author\/pedro-espinosa\/"}]}},"_links":{"self":[{"href":"https:\/\/discoveralmunecar.com\/es\/wp-json\/wp\/v2\/posts\/18700","targetHints":{"allow":["GET"]}}],"collection":[{"href":"https:\/\/discoveralmunecar.com\/es\/wp-json\/wp\/v2\/posts"}],"about":[{"href":"https:\/\/discoveralmunecar.com\/es\/wp-json\/wp\/v2\/types\/post"}],"author":[{"embeddable":true,"href":"https:\/\/discoveralmunecar.com\/es\/wp-json\/wp\/v2\/users\/2"}],"replies":[{"embeddable":true,"href":"https:\/\/discoveralmunecar.com\/es\/wp-json\/wp\/v2\/comments?post=18700"}],"version-history":[{"count":3,"href":"https:\/\/discoveralmunecar.com\/es\/wp-json\/wp\/v2\/posts\/18700\/revisions"}],"predecessor-version":[{"id":18708,"href":"https:\/\/discoveralmunecar.com\/es\/wp-json\/wp\/v2\/posts\/18700\/revisions\/18708"}],"wp:featuredmedia":[{"embeddable":true,"href":"https:\/\/discoveralmunecar.com\/es\/wp-json\/wp\/v2\/media\/18786"}],"wp:attachment":[{"href":"https:\/\/discoveralmunecar.com\/es\/wp-json\/wp\/v2\/media?parent=18700"}],"wp:term":[{"taxonomy":"category","embeddable":true,"href":"https:\/\/discoveralmunecar.com\/es\/wp-json\/wp\/v2\/categories?post=18700"},{"taxonomy":"post_tag","embeddable":true,"href":"https:\/\/discoveralmunecar.com\/es\/wp-json\/wp\/v2\/tags?post=18700"}],"curies":[{"name":"wp","href":"https:\/\/api.w.org\/{rel}","templated":true}]}}