{"id":19077,"date":"2025-07-15T15:34:02","date_gmt":"2025-07-15T15:34:02","guid":{"rendered":"https:\/\/discoveralmunecar.com\/?p=19077"},"modified":"2025-07-15T15:34:02","modified_gmt":"2025-07-15T15:34:02","slug":"la-virgen-del-carmen-2025-en-la-herradura-devocion-mar-y-tradicion-viva","status":"publish","type":"post","link":"https:\/\/discoveralmunecar.com\/es\/la-virgen-del-carmen-2025-en-la-herradura-devocion-mar-y-tradicion-viva\/","title":{"rendered":"La Virgen del Carmen 2025 en La Herradura: Devoci\u00f3n, Mar y Tradici\u00f3n Viva."},"content":{"rendered":"<p>[vc_row][vc_column]<div class=\"text-block\" ><div class=\"simple-text \"><p>Cada 16 de julio, el coraz\u00f3n marinero de La Herradura late con fuerza al comp\u00e1s de la devoci\u00f3n, la emoci\u00f3n y la tradici\u00f3n. La festividad de la Virgen del Carmen, patrona de los marineros y protectora de los pescadores, es una de las celebraciones m\u00e1s sentidas del municipio vecino a Almu\u00f1\u00e9car, la ciudad m\u00e1s antigua ba\u00f1ada por el Mediterr\u00e1neo en Espa\u00f1a.<\/p>\n<p>En 2025, esta festividad promete volver a llenar la bah\u00eda herradure\u00f1a de color, fe y alegr\u00eda, convirti\u00e9ndose una vez m\u00e1s en una cita imprescindible tanto para los vecinos como para los visitantes que desean vivir una experiencia aut\u00e9nticamente andaluza junto al mar.<\/p>\n<\/div><\/div>[vc_empty_space]<div class=\"text-block\" ><div class=\"simple-text \"><h3>Una devoci\u00f3n profundamente arraigada<\/h3>\n<p>La Virgen del Carmen es s\u00edmbolo de protecci\u00f3n y gu\u00eda para quienes hacen del mar su vida. En La Herradura, con su fuerte tradici\u00f3n marinera, la veneraci\u00f3n a esta imagen es mucho m\u00e1s que un acto religioso: es parte de la identidad del pueblo. Desde generaciones pasadas, las familias de pescadores han depositado su confianza en la Virgen, agradeciendo cada jornada de faena y pidiendo su amparo en los momentos dif\u00edciles.<\/p>\n<p>Este 2.025, la celebraci\u00f3n comenzar\u00e1 d\u00edas antes del 16 de julio, con una programaci\u00f3n que combina actos religiosos, actividades culturales y eventos l\u00fadicos. El ambiente festivo se respira en cada rinc\u00f3n del municipio, con calles engalanadas, balcones decorados con mantones y flores, y un sentimiento colectivo de orgullo y tradici\u00f3n que se hace contagioso.<\/p>\n<\/div><\/div>[vc_empty_space]<div class=\"text-block\" ><div class=\"simple-text \"><h3>Actos religiosos y momentos de gran emotividad<\/h3>\n<p>El d\u00eda grande de la festividad, el 16 de julio, comenzar\u00e1 con la tradicional misa en honor a la Virgen del Carmen, celebrada en la iglesia parroquial de San Jos\u00e9. A ella acuden autoridades locales, cofrades, marineros y vecinos, todos unidos por un mismo sentimiento de devoci\u00f3n. Tras la misa, la imagen de la Virgen es trasladada en procesi\u00f3n por las calles de La Herradura, acompa\u00f1ada por el repique de campanas, marchas procesionales y una multitud de fieles.<\/p>\n<p>Uno de los momentos m\u00e1s esperados y emotivos es la procesi\u00f3n mar\u00edtimo-terrestre. La Virgen del Carmen es llevada hasta la orilla del mar, donde la esperan las embarcaciones engalanadas con banderas, flores y luces. Desde la playa, marineros y devotos la embarcan con cuidado, iniciando una procesi\u00f3n por la bah\u00eda que deja im\u00e1genes inolvidables: decenas de barcos acompa\u00f1an a la patrona sobre las aguas del Mediterr\u00e1neo, mientras suenan sirenas y se lanzan p\u00e9talos al mar.<\/p>\n<p>La estampa es simplemente m\u00e1gica. El reflejo del sol en el agua, la brisa marina, el aroma del incienso y la emoci\u00f3n de los asistentes crean una atm\u00f3sfera \u00fanica. Muchos aprovechan para lanzar al mar ramos de flores en honor a los marineros fallecidos, recordando con respeto y cari\u00f1o a aquellos que ya no est\u00e1n.<\/p>\n<\/div><\/div>[vc_empty_space]<div class=\"text-block\" ><div class=\"simple-text \"><h3>Fiesta en tierra y mar<\/h3>\n<p>Tras la procesi\u00f3n mar\u00edtima, la celebraci\u00f3n contin\u00faa en tierra firme. La Herradura se llena de vida con actividades para todas las edades: conciertos, verbenas, mercadillos artesanales, concursos populares y espect\u00e1culos pirot\u00e9cnicos. La plaza de la Independencia y el Paseo Mar\u00edtimo se convierten en puntos de encuentro para locales y turistas que quieren disfrutar del ambiente festivo, probar tapas t\u00edpicas y bailar hasta bien entrada la madrugada.<\/p>\n<p>La gastronom\u00eda tambi\u00e9n juega un papel fundamental en estas fiestas. Los chiringuitos y restaurantes ofrecen platos tradicionales como el espeto de sardinas, el pesca\u00edto frito o el arroz caldoso, acompa\u00f1ados de vinos de la tierra o el refrescante tinto de verano.<\/p>\n<\/div><\/div>[vc_empty_space]<div class=\"text-block\" ><div class=\"simple-text \"><h3>Una experiencia \u00fanica para el visitante<\/h3>\n<p>Vivir la Virgen del Carmen en La Herradura es mucho m\u00e1s que asistir a una fiesta: es sumergirse en la esencia del sur, en la pasi\u00f3n de un pueblo por sus ra\u00edces, en la relaci\u00f3n \u00edntima entre el mar y su gente. Es tambi\u00e9n una oportunidad para descubrir la belleza natural de este rinc\u00f3n de la Costa Tropical, con su bah\u00eda de aguas cristalinas, su ambiente acogedor y su rica oferta tur\u00edstica.<\/p>\n<p>Si est\u00e1s planificando una visita a la Costa Tropical de Granada, ven a disfrutar en La Herradura el 16 de julio esta celebraci\u00f3n. La devoci\u00f3n, el mar, la m\u00fasica y la tradici\u00f3n te esperan para ofrecerte una experiencia inolvidable que te har\u00e1 sentir parte de esta comunidad costera, aunque sea solo por unos d\u00edas.<\/p>\n<\/div><\/div>[\/vc_column][\/vc_row]<\/p>\n","protected":false},"excerpt":{"rendered":"<p>[vc_row][vc_column][vc_empty_space][vc_empty_space][vc_empty_space][vc_empty_space][\/vc_column][\/vc_row]<\/p>\n","protected":false},"author":2,"featured_media":18918,"comment_status":"open","ping_status":"closed","sticky":false,"template":"","format":"standard","meta":{"footnotes":""},"categories":[266,9,63],"tags":[],"class_list":["post-19077","post","type-post","status-publish","format-standard","has-post-thumbnail","hentry","category-cultura-en-almunecar","category-eventos-en-almunecar","category-la-herradura"],"yoast_head":"<!-- This site is optimized with the Yoast SEO plugin v27.3 - https:\/\/yoast.com\/product\/yoast-seo-wordpress\/ -->\n<title>La Virgen del Carmen 2025 en La Herradura: Devoci\u00f3n, Mar y Tradici\u00f3n Viva. -<\/title>\n<meta name=\"robots\" content=\"index, follow, max-snippet:-1, max-image-preview:large, max-video-preview:-1\" \/>\n<link rel=\"canonical\" href=\"https:\/\/discoveralmunecar.com\/es\/la-virgen-del-carmen-2025-en-la-herradura-devocion-mar-y-tradicion-viva\/\" \/>\n<meta property=\"og:locale\" content=\"es_ES\" \/>\n<meta property=\"og:type\" content=\"article\" \/>\n<meta property=\"og:title\" content=\"La Virgen del Carmen 2025 en La Herradura: Devoci\u00f3n, Mar y Tradici\u00f3n Viva. -\" \/>\n<meta property=\"og:description\" content=\"[vc_row][vc_column][vc_empty_space][vc_empty_space][vc_empty_space][vc_empty_space][\/vc_column][\/vc_row]\" \/>\n<meta property=\"og:url\" content=\"https:\/\/discoveralmunecar.com\/es\/la-virgen-del-carmen-2025-en-la-herradura-devocion-mar-y-tradicion-viva\/\" \/>\n<meta property=\"article:published_time\" content=\"2025-07-15T15:34:02+00:00\" \/>\n<meta property=\"og:image\" content=\"https:\/\/discoveralmunecar.com\/wp-content\/uploads\/2025\/05\/Puesta-de-sol-2@0.5x.webp\" \/>\n\t<meta property=\"og:image:width\" content=\"1655\" \/>\n\t<meta property=\"og:image:height\" content=\"685\" \/>\n\t<meta property=\"og:image:type\" content=\"image\/webp\" \/>\n<meta name=\"author\" content=\"Admin\" \/>\n<meta name=\"twitter:card\" content=\"summary_large_image\" \/>\n<meta name=\"twitter:label1\" content=\"Escrito por\" \/>\n\t<meta name=\"twitter:data1\" content=\"Admin\" \/>\n\t<meta name=\"twitter:label2\" content=\"Tiempo de lectura\" \/>\n\t<meta name=\"twitter:data2\" content=\"4 minutos\" \/>\n<script type=\"application\/ld+json\" class=\"yoast-schema-graph\">{\"@context\":\"https:\\\/\\\/schema.org\",\"@graph\":[{\"@type\":\"Article\",\"@id\":\"https:\\\/\\\/discoveralmunecar.com\\\/es\\\/la-virgen-del-carmen-2025-en-la-herradura-devocion-mar-y-tradicion-viva\\\/#article\",\"isPartOf\":{\"@id\":\"https:\\\/\\\/discoveralmunecar.com\\\/es\\\/la-virgen-del-carmen-2025-en-la-herradura-devocion-mar-y-tradicion-viva\\\/\"},\"author\":{\"name\":\"Admin\",\"@id\":\"https:\\\/\\\/discoveralmunecar.com\\\/es\\\/#\\\/schema\\\/person\\\/7d931359380d442b7e8832cd0d6a2db0\"},\"headline\":\"La Virgen del Carmen 2025 en La Herradura: Devoci\u00f3n, Mar y Tradici\u00f3n Viva.\",\"datePublished\":\"2025-07-15T15:34:02+00:00\",\"mainEntityOfPage\":{\"@id\":\"https:\\\/\\\/discoveralmunecar.com\\\/es\\\/la-virgen-del-carmen-2025-en-la-herradura-devocion-mar-y-tradicion-viva\\\/\"},\"wordCount\":824,\"commentCount\":0,\"image\":{\"@id\":\"https:\\\/\\\/discoveralmunecar.com\\\/es\\\/la-virgen-del-carmen-2025-en-la-herradura-devocion-mar-y-tradicion-viva\\\/#primaryimage\"},\"thumbnailUrl\":\"https:\\\/\\\/discoveralmunecar.com\\\/wp-content\\\/uploads\\\/2025\\\/05\\\/Puesta-de-sol-2@0.5x.webp\",\"articleSection\":[\"Cultura en Almu\u00f1ecar\",\"Eventos en Almu\u00f1\u00e9car\",\"La Herradura\"],\"inLanguage\":\"es\",\"potentialAction\":[{\"@type\":\"CommentAction\",\"name\":\"Comment\",\"target\":[\"https:\\\/\\\/discoveralmunecar.com\\\/es\\\/la-virgen-del-carmen-2025-en-la-herradura-devocion-mar-y-tradicion-viva\\\/#respond\"]}]},{\"@type\":\"WebPage\",\"@id\":\"https:\\\/\\\/discoveralmunecar.com\\\/es\\\/la-virgen-del-carmen-2025-en-la-herradura-devocion-mar-y-tradicion-viva\\\/\",\"url\":\"https:\\\/\\\/discoveralmunecar.com\\\/es\\\/la-virgen-del-carmen-2025-en-la-herradura-devocion-mar-y-tradicion-viva\\\/\",\"name\":\"La Virgen del Carmen 2025 en La Herradura: Devoci\u00f3n, Mar y Tradici\u00f3n Viva. -\",\"isPartOf\":{\"@id\":\"https:\\\/\\\/discoveralmunecar.com\\\/es\\\/#website\"},\"primaryImageOfPage\":{\"@id\":\"https:\\\/\\\/discoveralmunecar.com\\\/es\\\/la-virgen-del-carmen-2025-en-la-herradura-devocion-mar-y-tradicion-viva\\\/#primaryimage\"},\"image\":{\"@id\":\"https:\\\/\\\/discoveralmunecar.com\\\/es\\\/la-virgen-del-carmen-2025-en-la-herradura-devocion-mar-y-tradicion-viva\\\/#primaryimage\"},\"thumbnailUrl\":\"https:\\\/\\\/discoveralmunecar.com\\\/wp-content\\\/uploads\\\/2025\\\/05\\\/Puesta-de-sol-2@0.5x.webp\",\"datePublished\":\"2025-07-15T15:34:02+00:00\",\"author\":{\"@id\":\"https:\\\/\\\/discoveralmunecar.com\\\/es\\\/#\\\/schema\\\/person\\\/7d931359380d442b7e8832cd0d6a2db0\"},\"breadcrumb\":{\"@id\":\"https:\\\/\\\/discoveralmunecar.com\\\/es\\\/la-virgen-del-carmen-2025-en-la-herradura-devocion-mar-y-tradicion-viva\\\/#breadcrumb\"},\"inLanguage\":\"es\",\"potentialAction\":[{\"@type\":\"ReadAction\",\"target\":[\"https:\\\/\\\/discoveralmunecar.com\\\/es\\\/la-virgen-del-carmen-2025-en-la-herradura-devocion-mar-y-tradicion-viva\\\/\"]}]},{\"@type\":\"ImageObject\",\"inLanguage\":\"es\",\"@id\":\"https:\\\/\\\/discoveralmunecar.com\\\/es\\\/la-virgen-del-carmen-2025-en-la-herradura-devocion-mar-y-tradicion-viva\\\/#primaryimage\",\"url\":\"https:\\\/\\\/discoveralmunecar.com\\\/wp-content\\\/uploads\\\/2025\\\/05\\\/Puesta-de-sol-2@0.5x.webp\",\"contentUrl\":\"https:\\\/\\\/discoveralmunecar.com\\\/wp-content\\\/uploads\\\/2025\\\/05\\\/Puesta-de-sol-2@0.5x.webp\",\"width\":1655,\"height\":685},{\"@type\":\"BreadcrumbList\",\"@id\":\"https:\\\/\\\/discoveralmunecar.com\\\/es\\\/la-virgen-del-carmen-2025-en-la-herradura-devocion-mar-y-tradicion-viva\\\/#breadcrumb\",\"itemListElement\":[{\"@type\":\"ListItem\",\"position\":1,\"name\":\"Home\",\"item\":\"https:\\\/\\\/discoveralmunecar.com\\\/es\\\/\"},{\"@type\":\"ListItem\",\"position\":2,\"name\":\"La Virgen del Carmen 2025 en La Herradura: Devoci\u00f3n, Mar y Tradici\u00f3n Viva.\"}]},{\"@type\":\"WebSite\",\"@id\":\"https:\\\/\\\/discoveralmunecar.com\\\/es\\\/#website\",\"url\":\"https:\\\/\\\/discoveralmunecar.com\\\/es\\\/\",\"name\":\"\",\"description\":\"Just another WordPress site\\n\",\"potentialAction\":[{\"@type\":\"SearchAction\",\"target\":{\"@type\":\"EntryPoint\",\"urlTemplate\":\"https:\\\/\\\/discoveralmunecar.com\\\/es\\\/?s={search_term_string}\"},\"query-input\":{\"@type\":\"PropertyValueSpecification\",\"valueRequired\":true,\"valueName\":\"search_term_string\"}}],\"inLanguage\":\"es\"},{\"@type\":\"Person\",\"@id\":\"https:\\\/\\\/discoveralmunecar.com\\\/es\\\/#\\\/schema\\\/person\\\/7d931359380d442b7e8832cd0d6a2db0\",\"name\":\"Admin\",\"image\":{\"@type\":\"ImageObject\",\"inLanguage\":\"es\",\"@id\":\"https:\\\/\\\/secure.gravatar.com\\\/avatar\\\/87aff11e22fb9eda78c606aa27a60cd99fc49aac3a2cf4688b14253df494fd22?s=96&d=mm&r=g\",\"url\":\"https:\\\/\\\/secure.gravatar.com\\\/avatar\\\/87aff11e22fb9eda78c606aa27a60cd99fc49aac3a2cf4688b14253df494fd22?s=96&d=mm&r=g\",\"contentUrl\":\"https:\\\/\\\/secure.gravatar.com\\\/avatar\\\/87aff11e22fb9eda78c606aa27a60cd99fc49aac3a2cf4688b14253df494fd22?s=96&d=mm&r=g\",\"caption\":\"Admin\"},\"url\":\"https:\\\/\\\/discoveralmunecar.com\\\/es\\\/author\\\/pedro-espinosa\\\/\"}]}<\/script>\n<!-- \/ Yoast SEO plugin. -->","yoast_head_json":{"title":"La Virgen del Carmen 2025 en La Herradura: Devoci\u00f3n, Mar y Tradici\u00f3n Viva. -","robots":{"index":"index","follow":"follow","max-snippet":"max-snippet:-1","max-image-preview":"max-image-preview:large","max-video-preview":"max-video-preview:-1"},"canonical":"https:\/\/discoveralmunecar.com\/es\/la-virgen-del-carmen-2025-en-la-herradura-devocion-mar-y-tradicion-viva\/","og_locale":"es_ES","og_type":"article","og_title":"La Virgen del Carmen 2025 en La Herradura: Devoci\u00f3n, Mar y Tradici\u00f3n Viva. -","og_description":"[vc_row][vc_column][vc_empty_space][vc_empty_space][vc_empty_space][vc_empty_space][\/vc_column][\/vc_row]","og_url":"https:\/\/discoveralmunecar.com\/es\/la-virgen-del-carmen-2025-en-la-herradura-devocion-mar-y-tradicion-viva\/","article_published_time":"2025-07-15T15:34:02+00:00","og_image":[{"width":1655,"height":685,"url":"https:\/\/discoveralmunecar.com\/wp-content\/uploads\/2025\/05\/Puesta-de-sol-2@0.5x.webp","type":"image\/webp"}],"author":"Admin","twitter_card":"summary_large_image","twitter_misc":{"Escrito por":"Admin","Tiempo de lectura":"4 minutos"},"schema":{"@context":"https:\/\/schema.org","@graph":[{"@type":"Article","@id":"https:\/\/discoveralmunecar.com\/es\/la-virgen-del-carmen-2025-en-la-herradura-devocion-mar-y-tradicion-viva\/#article","isPartOf":{"@id":"https:\/\/discoveralmunecar.com\/es\/la-virgen-del-carmen-2025-en-la-herradura-devocion-mar-y-tradicion-viva\/"},"author":{"name":"Admin","@id":"https:\/\/discoveralmunecar.com\/es\/#\/schema\/person\/7d931359380d442b7e8832cd0d6a2db0"},"headline":"La Virgen del Carmen 2025 en La Herradura: Devoci\u00f3n, Mar y Tradici\u00f3n Viva.","datePublished":"2025-07-15T15:34:02+00:00","mainEntityOfPage":{"@id":"https:\/\/discoveralmunecar.com\/es\/la-virgen-del-carmen-2025-en-la-herradura-devocion-mar-y-tradicion-viva\/"},"wordCount":824,"commentCount":0,"image":{"@id":"https:\/\/discoveralmunecar.com\/es\/la-virgen-del-carmen-2025-en-la-herradura-devocion-mar-y-tradicion-viva\/#primaryimage"},"thumbnailUrl":"https:\/\/discoveralmunecar.com\/wp-content\/uploads\/2025\/05\/Puesta-de-sol-2@0.5x.webp","articleSection":["Cultura en Almu\u00f1ecar","Eventos en Almu\u00f1\u00e9car","La Herradura"],"inLanguage":"es","potentialAction":[{"@type":"CommentAction","name":"Comment","target":["https:\/\/discoveralmunecar.com\/es\/la-virgen-del-carmen-2025-en-la-herradura-devocion-mar-y-tradicion-viva\/#respond"]}]},{"@type":"WebPage","@id":"https:\/\/discoveralmunecar.com\/es\/la-virgen-del-carmen-2025-en-la-herradura-devocion-mar-y-tradicion-viva\/","url":"https:\/\/discoveralmunecar.com\/es\/la-virgen-del-carmen-2025-en-la-herradura-devocion-mar-y-tradicion-viva\/","name":"La Virgen del Carmen 2025 en La Herradura: Devoci\u00f3n, Mar y Tradici\u00f3n Viva. -","isPartOf":{"@id":"https:\/\/discoveralmunecar.com\/es\/#website"},"primaryImageOfPage":{"@id":"https:\/\/discoveralmunecar.com\/es\/la-virgen-del-carmen-2025-en-la-herradura-devocion-mar-y-tradicion-viva\/#primaryimage"},"image":{"@id":"https:\/\/discoveralmunecar.com\/es\/la-virgen-del-carmen-2025-en-la-herradura-devocion-mar-y-tradicion-viva\/#primaryimage"},"thumbnailUrl":"https:\/\/discoveralmunecar.com\/wp-content\/uploads\/2025\/05\/Puesta-de-sol-2@0.5x.webp","datePublished":"2025-07-15T15:34:02+00:00","author":{"@id":"https:\/\/discoveralmunecar.com\/es\/#\/schema\/person\/7d931359380d442b7e8832cd0d6a2db0"},"breadcrumb":{"@id":"https:\/\/discoveralmunecar.com\/es\/la-virgen-del-carmen-2025-en-la-herradura-devocion-mar-y-tradicion-viva\/#breadcrumb"},"inLanguage":"es","potentialAction":[{"@type":"ReadAction","target":["https:\/\/discoveralmunecar.com\/es\/la-virgen-del-carmen-2025-en-la-herradura-devocion-mar-y-tradicion-viva\/"]}]},{"@type":"ImageObject","inLanguage":"es","@id":"https:\/\/discoveralmunecar.com\/es\/la-virgen-del-carmen-2025-en-la-herradura-devocion-mar-y-tradicion-viva\/#primaryimage","url":"https:\/\/discoveralmunecar.com\/wp-content\/uploads\/2025\/05\/Puesta-de-sol-2@0.5x.webp","contentUrl":"https:\/\/discoveralmunecar.com\/wp-content\/uploads\/2025\/05\/Puesta-de-sol-2@0.5x.webp","width":1655,"height":685},{"@type":"BreadcrumbList","@id":"https:\/\/discoveralmunecar.com\/es\/la-virgen-del-carmen-2025-en-la-herradura-devocion-mar-y-tradicion-viva\/#breadcrumb","itemListElement":[{"@type":"ListItem","position":1,"name":"Home","item":"https:\/\/discoveralmunecar.com\/es\/"},{"@type":"ListItem","position":2,"name":"La Virgen del Carmen 2025 en La Herradura: Devoci\u00f3n, Mar y Tradici\u00f3n Viva."}]},{"@type":"WebSite","@id":"https:\/\/discoveralmunecar.com\/es\/#website","url":"https:\/\/discoveralmunecar.com\/es\/","name":"","description":"Just another WordPress site\n","potentialAction":[{"@type":"SearchAction","target":{"@type":"EntryPoint","urlTemplate":"https:\/\/discoveralmunecar.com\/es\/?s={search_term_string}"},"query-input":{"@type":"PropertyValueSpecification","valueRequired":true,"valueName":"search_term_string"}}],"inLanguage":"es"},{"@type":"Person","@id":"https:\/\/discoveralmunecar.com\/es\/#\/schema\/person\/7d931359380d442b7e8832cd0d6a2db0","name":"Admin","image":{"@type":"ImageObject","inLanguage":"es","@id":"https:\/\/secure.gravatar.com\/avatar\/87aff11e22fb9eda78c606aa27a60cd99fc49aac3a2cf4688b14253df494fd22?s=96&d=mm&r=g","url":"https:\/\/secure.gravatar.com\/avatar\/87aff11e22fb9eda78c606aa27a60cd99fc49aac3a2cf4688b14253df494fd22?s=96&d=mm&r=g","contentUrl":"https:\/\/secure.gravatar.com\/avatar\/87aff11e22fb9eda78c606aa27a60cd99fc49aac3a2cf4688b14253df494fd22?s=96&d=mm&r=g","caption":"Admin"},"url":"https:\/\/discoveralmunecar.com\/es\/author\/pedro-espinosa\/"}]}},"_links":{"self":[{"href":"https:\/\/discoveralmunecar.com\/es\/wp-json\/wp\/v2\/posts\/19077","targetHints":{"allow":["GET"]}}],"collection":[{"href":"https:\/\/discoveralmunecar.com\/es\/wp-json\/wp\/v2\/posts"}],"about":[{"href":"https:\/\/discoveralmunecar.com\/es\/wp-json\/wp\/v2\/types\/post"}],"author":[{"embeddable":true,"href":"https:\/\/discoveralmunecar.com\/es\/wp-json\/wp\/v2\/users\/2"}],"replies":[{"embeddable":true,"href":"https:\/\/discoveralmunecar.com\/es\/wp-json\/wp\/v2\/comments?post=19077"}],"version-history":[{"count":1,"href":"https:\/\/discoveralmunecar.com\/es\/wp-json\/wp\/v2\/posts\/19077\/revisions"}],"predecessor-version":[{"id":19078,"href":"https:\/\/discoveralmunecar.com\/es\/wp-json\/wp\/v2\/posts\/19077\/revisions\/19078"}],"wp:featuredmedia":[{"embeddable":true,"href":"https:\/\/discoveralmunecar.com\/es\/wp-json\/wp\/v2\/media\/18918"}],"wp:attachment":[{"href":"https:\/\/discoveralmunecar.com\/es\/wp-json\/wp\/v2\/media?parent=19077"}],"wp:term":[{"taxonomy":"category","embeddable":true,"href":"https:\/\/discoveralmunecar.com\/es\/wp-json\/wp\/v2\/categories?post=19077"},{"taxonomy":"post_tag","embeddable":true,"href":"https:\/\/discoveralmunecar.com\/es\/wp-json\/wp\/v2\/tags?post=19077"}],"curies":[{"name":"wp","href":"https:\/\/api.w.org\/{rel}","templated":true}]}}