{"id":19089,"date":"2025-07-15T15:51:35","date_gmt":"2025-07-15T15:51:35","guid":{"rendered":"https:\/\/discoveralmunecar.com\/?p=19089"},"modified":"2025-07-15T15:51:35","modified_gmt":"2025-07-15T15:51:35","slug":"fiesta-de-la-virgen-del-carmen-en-almunecar","status":"publish","type":"post","link":"https:\/\/discoveralmunecar.com\/es\/fiesta-de-la-virgen-del-carmen-en-almunecar\/","title":{"rendered":"Fiesta de la Virgen del Carmen en Almu\u00f1\u00e9car"},"content":{"rendered":"<p>[vc_row][vc_column][vc_single_image image=&#8221;18898&#8243; img_size=&#8221;full&#8221;][\/vc_column][\/vc_row][vc_row][vc_column]<div class=\"text-block\" ><div class=\"simple-text \"><p>C\u00f3mo cada 16 de julio, Almu\u00f1\u00e9car, la ciudad m\u00e1s antigua del Mediterr\u00e1neo en Espa\u00f1a, se viste de gala para rendir homenaje a una de sus advocaciones m\u00e1s queridas: la Virgen del Carmen, patrona de los marineros. Esta fiesta, profundamente arraigada en el coraz\u00f3n de los sexitanos, es mucho m\u00e1s que una celebraci\u00f3n religiosa; es una expresi\u00f3n de identidad, de cultura marinera y de emoci\u00f3n compartida que, a\u00f1o tras a\u00f1o, atrae a vecinos y visitantes a vivir una de las jornadas m\u00e1s especiales del verano.<\/p>\n<\/div><\/div>[vc_empty_space]<div class=\"text-block\" ><div class=\"simple-text \"><h3>Un evento que une tierra y mar<\/h3>\n<p>La fiesta de la Virgen del Carmen en Almu\u00f1\u00e9car tiene como epicentro el barrio de Los Marinos, junto a la playa de San Crist\u00f3bal, donde se encuentra la peque\u00f1a pero entra\u00f1able ermita dedicada a la Virgen. Desde d\u00edas antes, el ambiente se empieza a llenar de fervor y preparativos. Las calles se decoran con farolillos, banderas y flores, mientras que los pescadores engalanan sus embarcaciones para la tradicional procesi\u00f3n mar\u00edtima.<\/p>\n<p>El 16 de julio comienza con una misa solemne en honor a la Virgen del Carmen, donde vecinos, autoridades y cofrad\u00edas se re\u00fanen para pedir su protecci\u00f3n y agradecer su gu\u00eda. El momento m\u00e1s esperado llega por la tarde, cuando la imagen de la Virgen, bellamente adornada con flores, es sacada en procesi\u00f3n por tierra entre v\u00edtores, c\u00e1nticos y emociones a flor de piel.<\/p>\n<\/div><\/div>[vc_empty_space]<div class=\"text-block\" ><div class=\"simple-text \"><h3>La procesi\u00f3n mar\u00edtima: el alma de la celebraci\u00f3n<\/h3>\n<p>Uno de los actos m\u00e1s impresionantes y simb\u00f3licos de esta festividad es la procesi\u00f3n mar\u00edtima. Despu\u00e9s de recorrer las calles principales, la imagen es llevada en hombros hasta la orilla de la playa, donde es embarcada cuidadosamente por los marineros en una j\u00e1bega tradicional. Desde all\u00ed, comienza su recorrido por la bah\u00eda sexitana, acompa\u00f1ada por decenas de embarcaciones que navegan al son de sirenas, bengalas y salvas, en un espect\u00e1culo visual inolvidable.<\/p>\n<p>El mar se convierte en el gran altar de esta celebraci\u00f3n. Las embarcaciones, decoradas con flores, banderas y motivos marineros, rodean a la Virgen mientras avanzan lentamente por la costa. En mitad del recorrido, se realiza una parada para rendir homenaje a los marineros fallecidos, arrojando al mar una corona de flores en un acto cargado de simbolismo y emoci\u00f3n.<\/p>\n<\/div><\/div>[vc_empty_space][vc_empty_space][vc_single_image image=&#8221;18904&#8243; img_size=&#8221;full&#8221;]<div class=\"text-block\" ><div class=\"simple-text \"><h3>Una experiencia para todos los sentidos<\/h3>\n<p>La fiesta de la Virgen del Carmen no ser\u00eda completa sin su parte l\u00fadica y popular. Durante todo el d\u00eda, el barrio de Los Marinos y otras zonas de la ciudad se llenan de m\u00fasica, gastronom\u00eda y alegr\u00eda. Las terrazas se llenan de familias y grupos de amigos que aprovechan para degustar pesca\u00edto frito, espetos de sardinas y otras delicias locales, mientras suenan pasodobles, sevillanas y m\u00fasica en directo.<\/p>\n<p>Adem\u00e1s, el Ayuntamiento de Almu\u00f1\u00e9car suele organizar actividades complementarias para todos los p\u00fablicos: conciertos, juegos infantiles, pasacalles y fuegos artificiales que iluminan la noche sexitana como broche final a una jornada m\u00e1gica.<\/p>\n<\/div><\/div>[vc_empty_space]<div class=\"text-block\" ><div class=\"simple-text \"><h3>Una cita imprescindible del verano en la Costa Tropical<\/h3>\n<p>La celebraci\u00f3n de la Virgen del Carmen en Almu\u00f1\u00e9car es una de esas experiencias que dejan huella. Su combinaci\u00f3n de devoci\u00f3n, cultura marinera, belleza natural y ambiente festivo la convierten en una cita imprescindible para quienes visitan la Costa Tropical en julio. Es tambi\u00e9n una excelente oportunidad para conocer el alma de un pueblo que mira al mar con gratitud y orgullo.<\/p>\n<p>Ya seas amante de las tradiciones populares, visitante en busca de momentos aut\u00e9nticos o simplemente alguien que quiere vivir una jornada diferente junto al Mediterr\u00e1neo, la fiesta de la Virgen del Carmen en Almu\u00f1\u00e9car te espera con los brazos abiertos.<\/p>\n<\/div><\/div>[vc_empty_space]<div class=\"text-block\" ><div class=\"simple-text \"><h3>Planifica tu visita<\/h3>\n<p>Si tienes previsto disfrutar del verano 2.025 en Almu\u00f1\u00e9car, no olvides reservar el 16 de julio en tu agenda. Llega con tiempo para encontrar buen sitio en la playa de San Crist\u00f3bal, prueba la gastronom\u00eda local y prep\u00e1rate para sumergirte en una de las tradiciones m\u00e1s queridas de la localidad.<\/p>\n<\/div><\/div>[vc_empty_space]<div class=\"text-block\" ><div class=\"simple-text \"><h3>Ven a disfrutar de la Virgen del Carmen<\/h3>\n<p>En Descubre Almu\u00f1\u00e9car te invitamos a disfrutar esta fiesta con los cinco sentidos, a emocionarte con la fe marinera de un pueblo y a celebrar con nosotros una jornada que une pasado y presente frente al mar.<\/p>\n<p>No esperes a que te lo cuenten, ven, v\u00edvelo y disfr\u00fatalo, no te arrepentir\u00e1s.<\/p>\n<\/div><\/div>[\/vc_column][\/vc_row]<\/p>\n","protected":false},"excerpt":{"rendered":"<p>[vc_row][vc_column][vc_single_image image=&#8221;18898&#8243; img_size=&#8221;full&#8221;][\/vc_column][\/vc_row][vc_row][vc_column][vc_empty_space][vc_empty_space][vc_empty_space][vc_empty_space][vc_single_image image=&#8221;18904&#8243; img_size=&#8221;full&#8221;][vc_empty_space][vc_empty_space][vc_empty_space][\/vc_column][\/vc_row]<\/p>\n","protected":false},"author":2,"featured_media":18892,"comment_status":"open","ping_status":"closed","sticky":false,"template":"","format":"standard","meta":{"footnotes":""},"categories":[267,266,9,77],"tags":[],"class_list":["post-19089","post","type-post","status-publish","format-standard","has-post-thumbnail","hentry","category-agenda-cultural-de-almunecar","category-cultura-en-almunecar","category-eventos-en-almunecar","category-historia"],"yoast_head":"<!-- This site is optimized with the Yoast SEO plugin v27.3 - https:\/\/yoast.com\/product\/yoast-seo-wordpress\/ -->\n<title>Fiesta de la Virgen del Carmen en Almu\u00f1\u00e9car -<\/title>\n<meta name=\"robots\" content=\"index, follow, max-snippet:-1, max-image-preview:large, max-video-preview:-1\" \/>\n<link rel=\"canonical\" href=\"https:\/\/discoveralmunecar.com\/es\/fiesta-de-la-virgen-del-carmen-en-almunecar\/\" \/>\n<meta property=\"og:locale\" content=\"es_ES\" \/>\n<meta property=\"og:type\" content=\"article\" \/>\n<meta property=\"og:title\" content=\"Fiesta de la Virgen del Carmen en Almu\u00f1\u00e9car -\" \/>\n<meta property=\"og:description\" content=\"[vc_row][vc_column][vc_single_image image=&#8221;18898&#8243; img_size=&#8221;full&#8221;][\/vc_column][\/vc_row][vc_row][vc_column][vc_empty_space][vc_empty_space][vc_empty_space][vc_empty_space][vc_single_image image=&#8221;18904&#8243; img_size=&#8221;full&#8221;][vc_empty_space][vc_empty_space][vc_empty_space][\/vc_column][\/vc_row]\" \/>\n<meta property=\"og:url\" content=\"https:\/\/discoveralmunecar.com\/es\/fiesta-de-la-virgen-del-carmen-en-almunecar\/\" \/>\n<meta property=\"article:published_time\" content=\"2025-07-15T15:51:35+00:00\" \/>\n<meta property=\"og:image\" content=\"https:\/\/discoveralmunecar.com\/wp-content\/uploads\/2025\/05\/Virgen-del-Carmen@0.5x.webp\" \/>\n\t<meta property=\"og:image:width\" content=\"2401\" \/>\n\t<meta property=\"og:image:height\" content=\"994\" \/>\n\t<meta property=\"og:image:type\" content=\"image\/webp\" \/>\n<meta name=\"author\" content=\"Admin\" \/>\n<meta name=\"twitter:card\" content=\"summary_large_image\" \/>\n<meta name=\"twitter:label1\" content=\"Escrito por\" \/>\n\t<meta name=\"twitter:data1\" content=\"Admin\" \/>\n\t<meta name=\"twitter:label2\" content=\"Tiempo de lectura\" \/>\n\t<meta name=\"twitter:data2\" content=\"4 minutos\" \/>\n<script type=\"application\/ld+json\" class=\"yoast-schema-graph\">{\"@context\":\"https:\\\/\\\/schema.org\",\"@graph\":[{\"@type\":\"Article\",\"@id\":\"https:\\\/\\\/discoveralmunecar.com\\\/es\\\/fiesta-de-la-virgen-del-carmen-en-almunecar\\\/#article\",\"isPartOf\":{\"@id\":\"https:\\\/\\\/discoveralmunecar.com\\\/es\\\/fiesta-de-la-virgen-del-carmen-en-almunecar\\\/\"},\"author\":{\"name\":\"Admin\",\"@id\":\"https:\\\/\\\/discoveralmunecar.com\\\/es\\\/#\\\/schema\\\/person\\\/7d931359380d442b7e8832cd0d6a2db0\"},\"headline\":\"Fiesta de la Virgen del Carmen en Almu\u00f1\u00e9car\",\"datePublished\":\"2025-07-15T15:51:35+00:00\",\"mainEntityOfPage\":{\"@id\":\"https:\\\/\\\/discoveralmunecar.com\\\/es\\\/fiesta-de-la-virgen-del-carmen-en-almunecar\\\/\"},\"wordCount\":865,\"commentCount\":0,\"image\":{\"@id\":\"https:\\\/\\\/discoveralmunecar.com\\\/es\\\/fiesta-de-la-virgen-del-carmen-en-almunecar\\\/#primaryimage\"},\"thumbnailUrl\":\"https:\\\/\\\/discoveralmunecar.com\\\/wp-content\\\/uploads\\\/2025\\\/05\\\/Virgen-del-Carmen@0.5x.webp\",\"articleSection\":[\"Agenda cultural de Almu\u00f1ecar\",\"Cultura en Almu\u00f1ecar\",\"Eventos en Almu\u00f1\u00e9car\",\"Historia\"],\"inLanguage\":\"es\",\"potentialAction\":[{\"@type\":\"CommentAction\",\"name\":\"Comment\",\"target\":[\"https:\\\/\\\/discoveralmunecar.com\\\/es\\\/fiesta-de-la-virgen-del-carmen-en-almunecar\\\/#respond\"]}]},{\"@type\":\"WebPage\",\"@id\":\"https:\\\/\\\/discoveralmunecar.com\\\/es\\\/fiesta-de-la-virgen-del-carmen-en-almunecar\\\/\",\"url\":\"https:\\\/\\\/discoveralmunecar.com\\\/es\\\/fiesta-de-la-virgen-del-carmen-en-almunecar\\\/\",\"name\":\"Fiesta de la Virgen del Carmen en Almu\u00f1\u00e9car -\",\"isPartOf\":{\"@id\":\"https:\\\/\\\/discoveralmunecar.com\\\/es\\\/#website\"},\"primaryImageOfPage\":{\"@id\":\"https:\\\/\\\/discoveralmunecar.com\\\/es\\\/fiesta-de-la-virgen-del-carmen-en-almunecar\\\/#primaryimage\"},\"image\":{\"@id\":\"https:\\\/\\\/discoveralmunecar.com\\\/es\\\/fiesta-de-la-virgen-del-carmen-en-almunecar\\\/#primaryimage\"},\"thumbnailUrl\":\"https:\\\/\\\/discoveralmunecar.com\\\/wp-content\\\/uploads\\\/2025\\\/05\\\/Virgen-del-Carmen@0.5x.webp\",\"datePublished\":\"2025-07-15T15:51:35+00:00\",\"author\":{\"@id\":\"https:\\\/\\\/discoveralmunecar.com\\\/es\\\/#\\\/schema\\\/person\\\/7d931359380d442b7e8832cd0d6a2db0\"},\"breadcrumb\":{\"@id\":\"https:\\\/\\\/discoveralmunecar.com\\\/es\\\/fiesta-de-la-virgen-del-carmen-en-almunecar\\\/#breadcrumb\"},\"inLanguage\":\"es\",\"potentialAction\":[{\"@type\":\"ReadAction\",\"target\":[\"https:\\\/\\\/discoveralmunecar.com\\\/es\\\/fiesta-de-la-virgen-del-carmen-en-almunecar\\\/\"]}]},{\"@type\":\"ImageObject\",\"inLanguage\":\"es\",\"@id\":\"https:\\\/\\\/discoveralmunecar.com\\\/es\\\/fiesta-de-la-virgen-del-carmen-en-almunecar\\\/#primaryimage\",\"url\":\"https:\\\/\\\/discoveralmunecar.com\\\/wp-content\\\/uploads\\\/2025\\\/05\\\/Virgen-del-Carmen@0.5x.webp\",\"contentUrl\":\"https:\\\/\\\/discoveralmunecar.com\\\/wp-content\\\/uploads\\\/2025\\\/05\\\/Virgen-del-Carmen@0.5x.webp\",\"width\":2401,\"height\":994},{\"@type\":\"BreadcrumbList\",\"@id\":\"https:\\\/\\\/discoveralmunecar.com\\\/es\\\/fiesta-de-la-virgen-del-carmen-en-almunecar\\\/#breadcrumb\",\"itemListElement\":[{\"@type\":\"ListItem\",\"position\":1,\"name\":\"Home\",\"item\":\"https:\\\/\\\/discoveralmunecar.com\\\/es\\\/\"},{\"@type\":\"ListItem\",\"position\":2,\"name\":\"Fiesta de la Virgen del Carmen en Almu\u00f1\u00e9car\"}]},{\"@type\":\"WebSite\",\"@id\":\"https:\\\/\\\/discoveralmunecar.com\\\/es\\\/#website\",\"url\":\"https:\\\/\\\/discoveralmunecar.com\\\/es\\\/\",\"name\":\"\",\"description\":\"Just another WordPress site\\n\",\"potentialAction\":[{\"@type\":\"SearchAction\",\"target\":{\"@type\":\"EntryPoint\",\"urlTemplate\":\"https:\\\/\\\/discoveralmunecar.com\\\/es\\\/?s={search_term_string}\"},\"query-input\":{\"@type\":\"PropertyValueSpecification\",\"valueRequired\":true,\"valueName\":\"search_term_string\"}}],\"inLanguage\":\"es\"},{\"@type\":\"Person\",\"@id\":\"https:\\\/\\\/discoveralmunecar.com\\\/es\\\/#\\\/schema\\\/person\\\/7d931359380d442b7e8832cd0d6a2db0\",\"name\":\"Admin\",\"image\":{\"@type\":\"ImageObject\",\"inLanguage\":\"es\",\"@id\":\"https:\\\/\\\/secure.gravatar.com\\\/avatar\\\/87aff11e22fb9eda78c606aa27a60cd99fc49aac3a2cf4688b14253df494fd22?s=96&d=mm&r=g\",\"url\":\"https:\\\/\\\/secure.gravatar.com\\\/avatar\\\/87aff11e22fb9eda78c606aa27a60cd99fc49aac3a2cf4688b14253df494fd22?s=96&d=mm&r=g\",\"contentUrl\":\"https:\\\/\\\/secure.gravatar.com\\\/avatar\\\/87aff11e22fb9eda78c606aa27a60cd99fc49aac3a2cf4688b14253df494fd22?s=96&d=mm&r=g\",\"caption\":\"Admin\"},\"url\":\"https:\\\/\\\/discoveralmunecar.com\\\/es\\\/author\\\/pedro-espinosa\\\/\"}]}<\/script>\n<!-- \/ Yoast SEO plugin. -->","yoast_head_json":{"title":"Fiesta de la Virgen del Carmen en Almu\u00f1\u00e9car -","robots":{"index":"index","follow":"follow","max-snippet":"max-snippet:-1","max-image-preview":"max-image-preview:large","max-video-preview":"max-video-preview:-1"},"canonical":"https:\/\/discoveralmunecar.com\/es\/fiesta-de-la-virgen-del-carmen-en-almunecar\/","og_locale":"es_ES","og_type":"article","og_title":"Fiesta de la Virgen del Carmen en Almu\u00f1\u00e9car -","og_description":"[vc_row][vc_column][vc_single_image image=&#8221;18898&#8243; img_size=&#8221;full&#8221;][\/vc_column][\/vc_row][vc_row][vc_column][vc_empty_space][vc_empty_space][vc_empty_space][vc_empty_space][vc_single_image image=&#8221;18904&#8243; img_size=&#8221;full&#8221;][vc_empty_space][vc_empty_space][vc_empty_space][\/vc_column][\/vc_row]","og_url":"https:\/\/discoveralmunecar.com\/es\/fiesta-de-la-virgen-del-carmen-en-almunecar\/","article_published_time":"2025-07-15T15:51:35+00:00","og_image":[{"width":2401,"height":994,"url":"https:\/\/discoveralmunecar.com\/wp-content\/uploads\/2025\/05\/Virgen-del-Carmen@0.5x.webp","type":"image\/webp"}],"author":"Admin","twitter_card":"summary_large_image","twitter_misc":{"Escrito por":"Admin","Tiempo de lectura":"4 minutos"},"schema":{"@context":"https:\/\/schema.org","@graph":[{"@type":"Article","@id":"https:\/\/discoveralmunecar.com\/es\/fiesta-de-la-virgen-del-carmen-en-almunecar\/#article","isPartOf":{"@id":"https:\/\/discoveralmunecar.com\/es\/fiesta-de-la-virgen-del-carmen-en-almunecar\/"},"author":{"name":"Admin","@id":"https:\/\/discoveralmunecar.com\/es\/#\/schema\/person\/7d931359380d442b7e8832cd0d6a2db0"},"headline":"Fiesta de la Virgen del Carmen en Almu\u00f1\u00e9car","datePublished":"2025-07-15T15:51:35+00:00","mainEntityOfPage":{"@id":"https:\/\/discoveralmunecar.com\/es\/fiesta-de-la-virgen-del-carmen-en-almunecar\/"},"wordCount":865,"commentCount":0,"image":{"@id":"https:\/\/discoveralmunecar.com\/es\/fiesta-de-la-virgen-del-carmen-en-almunecar\/#primaryimage"},"thumbnailUrl":"https:\/\/discoveralmunecar.com\/wp-content\/uploads\/2025\/05\/Virgen-del-Carmen@0.5x.webp","articleSection":["Agenda cultural de Almu\u00f1ecar","Cultura en Almu\u00f1ecar","Eventos en Almu\u00f1\u00e9car","Historia"],"inLanguage":"es","potentialAction":[{"@type":"CommentAction","name":"Comment","target":["https:\/\/discoveralmunecar.com\/es\/fiesta-de-la-virgen-del-carmen-en-almunecar\/#respond"]}]},{"@type":"WebPage","@id":"https:\/\/discoveralmunecar.com\/es\/fiesta-de-la-virgen-del-carmen-en-almunecar\/","url":"https:\/\/discoveralmunecar.com\/es\/fiesta-de-la-virgen-del-carmen-en-almunecar\/","name":"Fiesta de la Virgen del Carmen en Almu\u00f1\u00e9car -","isPartOf":{"@id":"https:\/\/discoveralmunecar.com\/es\/#website"},"primaryImageOfPage":{"@id":"https:\/\/discoveralmunecar.com\/es\/fiesta-de-la-virgen-del-carmen-en-almunecar\/#primaryimage"},"image":{"@id":"https:\/\/discoveralmunecar.com\/es\/fiesta-de-la-virgen-del-carmen-en-almunecar\/#primaryimage"},"thumbnailUrl":"https:\/\/discoveralmunecar.com\/wp-content\/uploads\/2025\/05\/Virgen-del-Carmen@0.5x.webp","datePublished":"2025-07-15T15:51:35+00:00","author":{"@id":"https:\/\/discoveralmunecar.com\/es\/#\/schema\/person\/7d931359380d442b7e8832cd0d6a2db0"},"breadcrumb":{"@id":"https:\/\/discoveralmunecar.com\/es\/fiesta-de-la-virgen-del-carmen-en-almunecar\/#breadcrumb"},"inLanguage":"es","potentialAction":[{"@type":"ReadAction","target":["https:\/\/discoveralmunecar.com\/es\/fiesta-de-la-virgen-del-carmen-en-almunecar\/"]}]},{"@type":"ImageObject","inLanguage":"es","@id":"https:\/\/discoveralmunecar.com\/es\/fiesta-de-la-virgen-del-carmen-en-almunecar\/#primaryimage","url":"https:\/\/discoveralmunecar.com\/wp-content\/uploads\/2025\/05\/Virgen-del-Carmen@0.5x.webp","contentUrl":"https:\/\/discoveralmunecar.com\/wp-content\/uploads\/2025\/05\/Virgen-del-Carmen@0.5x.webp","width":2401,"height":994},{"@type":"BreadcrumbList","@id":"https:\/\/discoveralmunecar.com\/es\/fiesta-de-la-virgen-del-carmen-en-almunecar\/#breadcrumb","itemListElement":[{"@type":"ListItem","position":1,"name":"Home","item":"https:\/\/discoveralmunecar.com\/es\/"},{"@type":"ListItem","position":2,"name":"Fiesta de la Virgen del Carmen en Almu\u00f1\u00e9car"}]},{"@type":"WebSite","@id":"https:\/\/discoveralmunecar.com\/es\/#website","url":"https:\/\/discoveralmunecar.com\/es\/","name":"","description":"Just another WordPress site\n","potentialAction":[{"@type":"SearchAction","target":{"@type":"EntryPoint","urlTemplate":"https:\/\/discoveralmunecar.com\/es\/?s={search_term_string}"},"query-input":{"@type":"PropertyValueSpecification","valueRequired":true,"valueName":"search_term_string"}}],"inLanguage":"es"},{"@type":"Person","@id":"https:\/\/discoveralmunecar.com\/es\/#\/schema\/person\/7d931359380d442b7e8832cd0d6a2db0","name":"Admin","image":{"@type":"ImageObject","inLanguage":"es","@id":"https:\/\/secure.gravatar.com\/avatar\/87aff11e22fb9eda78c606aa27a60cd99fc49aac3a2cf4688b14253df494fd22?s=96&d=mm&r=g","url":"https:\/\/secure.gravatar.com\/avatar\/87aff11e22fb9eda78c606aa27a60cd99fc49aac3a2cf4688b14253df494fd22?s=96&d=mm&r=g","contentUrl":"https:\/\/secure.gravatar.com\/avatar\/87aff11e22fb9eda78c606aa27a60cd99fc49aac3a2cf4688b14253df494fd22?s=96&d=mm&r=g","caption":"Admin"},"url":"https:\/\/discoveralmunecar.com\/es\/author\/pedro-espinosa\/"}]}},"_links":{"self":[{"href":"https:\/\/discoveralmunecar.com\/es\/wp-json\/wp\/v2\/posts\/19089","targetHints":{"allow":["GET"]}}],"collection":[{"href":"https:\/\/discoveralmunecar.com\/es\/wp-json\/wp\/v2\/posts"}],"about":[{"href":"https:\/\/discoveralmunecar.com\/es\/wp-json\/wp\/v2\/types\/post"}],"author":[{"embeddable":true,"href":"https:\/\/discoveralmunecar.com\/es\/wp-json\/wp\/v2\/users\/2"}],"replies":[{"embeddable":true,"href":"https:\/\/discoveralmunecar.com\/es\/wp-json\/wp\/v2\/comments?post=19089"}],"version-history":[{"count":2,"href":"https:\/\/discoveralmunecar.com\/es\/wp-json\/wp\/v2\/posts\/19089\/revisions"}],"predecessor-version":[{"id":19091,"href":"https:\/\/discoveralmunecar.com\/es\/wp-json\/wp\/v2\/posts\/19089\/revisions\/19091"}],"wp:featuredmedia":[{"embeddable":true,"href":"https:\/\/discoveralmunecar.com\/es\/wp-json\/wp\/v2\/media\/18892"}],"wp:attachment":[{"href":"https:\/\/discoveralmunecar.com\/es\/wp-json\/wp\/v2\/media?parent=19089"}],"wp:term":[{"taxonomy":"category","embeddable":true,"href":"https:\/\/discoveralmunecar.com\/es\/wp-json\/wp\/v2\/categories?post=19089"},{"taxonomy":"post_tag","embeddable":true,"href":"https:\/\/discoveralmunecar.com\/es\/wp-json\/wp\/v2\/tags?post=19089"}],"curies":[{"name":"wp","href":"https:\/\/api.w.org\/{rel}","templated":true}]}}