{"id":19420,"date":"2025-07-29T18:07:28","date_gmt":"2025-07-29T18:07:28","guid":{"rendered":"https:\/\/discoveralmunecar.com\/?p=19420"},"modified":"2025-07-29T18:13:52","modified_gmt":"2025-07-29T18:13:52","slug":"playa-de-cantarrijan","status":"publish","type":"post","link":"https:\/\/discoveralmunecar.com\/es\/playa-de-cantarrijan\/","title":{"rendered":"Playa de Cantarrij\u00e1n"},"content":{"rendered":"<p>[vc_row full_width=&#8221;stretch_row&#8221; awb_type=&#8221;video&#8221; awb_video_mobile=&#8221;1&#8243; css=&#8221;.vc_custom_1691776924207{padding-top: 650px !important;}&#8221; awb_video_mp4=&#8221;17209&#8243;][vc_column][\/vc_column][\/vc_row][vc_row][vc_column][vc_empty_space][vc_empty_space]<div class=\"text-block\" ><div class=\"simple-text \"><h3 data-start=\"399\" data-end=\"448\">\ud83c\udfdd\ufe0f Un para\u00edso natural en la Costa Tropical<\/h3>\n<p data-start=\"449\" data-end=\"1051\">La <strong data-start=\"452\" data-end=\"476\">Playa de Cantarrij\u00e1n<\/strong> es una aut\u00e9ntica joya escondida dentro del <a class=\"cursor-pointer\" target=\"_new\" rel=\"noopener\" data-start=\"520\" data-end=\"660\">Paraje Natural de los Acantilados de Maro-Cerro Gordo<\/a>. Rodeada de acantilados imponentes, vegetaci\u00f3n mediterr\u00e1nea \ud83c\udf3f y aguas cristalinas de color turquesa \ud83d\udc8e, es el lugar perfecto para quienes buscan tranquilidad y paisajes de postal. Con <strong data-start=\"846\" data-end=\"876\">380 metros de costa virgen<\/strong>, esta playa protegida ofrece una experiencia \u00fanica, lejos del turismo masivo. Para m\u00e1s informaci\u00f3n oficial, visita la <a class=\"cursor-pointer\" target=\"_new\" rel=\"noopener\" data-start=\"995\" data-end=\"1048\">p\u00e1gina de Cantarrij\u00e1n<\/a>.<\/p>\n<h3 data-start=\"1053\" data-end=\"1097\">\ud83d\udc59 Una playa nudista de esp\u00edritu libre<\/h3>\n<p data-start=\"1098\" data-end=\"1585\">Cantarrij\u00e1n es una de las <strong data-start=\"1124\" data-end=\"1168\">playas nudistas m\u00e1s famosas de Andaluc\u00eda<\/strong>. Aqu\u00ed el <strong data-start=\"1178\" data-end=\"1191\">naturismo<\/strong> se practica con total libertad, creando un ambiente respetuoso y acogedor donde conviven nudistas y no nudistas \ud83c\udf1e. Es el lugar ideal para quienes desean probar el naturismo por primera vez o simplemente relajarse en un entorno abierto y tolerante. Tambi\u00e9n puedes consultar <a class=\"cursor-pointer\" target=\"_new\" rel=\"noopener\" data-start=\"1466\" data-end=\"1532\">Playas Nudistas<\/a> para m\u00e1s informaci\u00f3n sobre el naturismo en Espa\u00f1a.<\/p>\n<h3 data-start=\"1587\" data-end=\"1632\">\ud83d\ude8c Acceso f\u00e1cil con un viaje panor\u00e1mico<\/h3>\n<p data-start=\"1633\" data-end=\"2258\">Llegar a Cantarrij\u00e1n ya forma parte de la experiencia. \ud83d\ude97\u274c Durante la temporada alta, no se permite bajar en coche hasta la orilla para proteger el entorno natural. En su lugar, funciona un <strong data-start=\"1823\" data-end=\"1852\">servicio de bus lanzadera<\/strong> cada 10\u201315 minutos, que conecta el aparcamiento con la playa. El billete de ida y vuelta cuesta solo <strong data-start=\"1954\" data-end=\"1961\">3\u202f\u20ac<\/strong>, con pases semanales de <strong data-start=\"1986\" data-end=\"1997\">15,75\u202f\u20ac<\/strong> y de 10 d\u00edas por <strong data-start=\"2015\" data-end=\"2026\">22,50\u202f\u20ac<\/strong>. El trayecto es corto pero encantador, con vistas espectaculares de los acantilados antes de llegar a este peque\u00f1o para\u00edso. M\u00e1s informaci\u00f3n disponible en la <a class=\"cursor-pointer\" target=\"_new\" rel=\"noopener\" data-start=\"2184\" data-end=\"2255\">web oficial de Almu\u00f1\u00e9car-La Herradura<\/a>.<\/p>\n<h3 data-start=\"2260\" data-end=\"2307\">\ud83c\udf64 Sabor mediterr\u00e1neo en La Barraca y m\u00e1s<\/h3>\n<p data-start=\"2308\" data-end=\"2852\">Un d\u00eda de playa no est\u00e1 completo sin buena comida, y Cantarrij\u00e1n lo sabe. \ud83c\udf2e\ud83c\udf79 Cuenta con dos encantadores chiringuitos, destacando el <strong data-start=\"2443\" data-end=\"2530\"><a class=\"\" href=\"https:\/\/www.facebook.com\/ChiringuitoLaBarracaCantarrijan\/\" target=\"_new\" rel=\"noopener\" data-start=\"2445\" data-end=\"2528\">Chiringuito La Barraca<\/a><\/strong>, famoso por sus <strong data-start=\"2547\" data-end=\"2587\">pescados frescos, mariscos y paellas<\/strong> servidos junto al mar. Imagina saborear un espeto de sardinas con una bebida fr\u00eda \ud83c\udf7a mientras contemplas el atardecer \ud83c\udf05. El otro chiringuito ofrece tapas, platos mediterr\u00e1neos y refrescos, convirtiendo la experiencia gastron\u00f3mica en parte esencial de la visita.<\/p>\n<h3 data-start=\"2854\" data-end=\"2885\">\ud83e\udd3f Actividades para todos<\/h3>\n<p data-start=\"2886\" data-end=\"3450\">Adem\u00e1s de tomar el sol y practicar el naturismo, Cantarrij\u00e1n es ideal para el <strong data-start=\"2964\" data-end=\"2975\">snorkel<\/strong> \ud83e\udd3f, descubriendo la rica vida marina, el <strong data-start=\"3017\" data-end=\"3026\">buceo<\/strong> \ud83d\udc20, el <strong data-start=\"3034\" data-end=\"3049\">paddle surf<\/strong> \ud83c\udfc4\u200d\u2642\ufe0f y la nataci\u00f3n relajada. Su ambiente tranquilo la convierte tambi\u00e9n en un lugar perfecto para practicar <strong data-start=\"3159\" data-end=\"3179\">yoga en la arena<\/strong> \ud83e\uddd8\u200d\u2640\ufe0f, caminar por senderos naturales cercanos o simplemente disfrutar de un buen libro bajo el sol andaluz \ud83d\udcd6\u2600\ufe0f. La combinaci\u00f3n de libertad, naturaleza, gastronom\u00eda y actividades hace que la Playa de Cantarrij\u00e1n sea un <strong data-start=\"3400\" data-end=\"3447\">destino imprescindible de la Costa Tropical<\/strong>.<\/p>\n<\/div><\/div>[vc_empty_space][vc_row_inner][vc_column_inner width=&#8221;1\/3&#8243;][vc_single_image image=&#8221;17191&#8243; img_size=&#8221;full&#8221;][\/vc_column_inner][vc_column_inner width=&#8221;1\/3&#8243;][vc_single_image image=&#8221;17186&#8243; img_size=&#8221;full&#8221;][\/vc_column_inner][vc_column_inner width=&#8221;1\/3&#8243;][vc_single_image image=&#8221;17181&#8243; img_size=&#8221;full&#8221;][\/vc_column_inner][\/vc_row_inner][vc_empty_space][vc_empty_space][vc_video link=&#8221;https:\/\/youtu.be\/8P57aYpRo3I&#8221;][vc_empty_space][vc_row_inner][vc_column_inner][\/vc_column_inner][\/vc_row_inner][\/vc_column][\/vc_row][vc_row][vc_column][vc_custom_heading text=&#8221;Nearby restaurants:&#8221; font_container=&#8221;tag:h5|font_size:20|text_align:left&#8221; use_theme_fonts=&#8221;yes&#8221;][vc_row_inner][vc_column_inner width=&#8221;1\/3&#8243;][vc_single_image image=&#8221;1400&#8243; img_size=&#8221;full&#8221; onclick=&#8221;custom_link&#8221; link=&#8221;\/freiduria-lute-y-jesus\/&#8221;][vc_custom_heading text=&#8221;Freidur\u00eda Lute y Jes\u00fas&#8221; font_container=&#8221;tag:h5|font_size:15|text_align:left&#8221; use_theme_fonts=&#8221;yes&#8221; link=&#8221;url:%2Frestaurante-tito-yayo-almunecar%2F|target:_blank&#8221;][\/vc_column_inner][vc_column_inner width=&#8221;1\/3&#8243;][vc_single_image image=&#8221;1753&#8243; img_size=&#8221;full&#8221; onclick=&#8221;custom_link&#8221; link=&#8221;\/restaurante-mar-de-plata\/&#8221;][vc_custom_heading text=&#8221;Mar de Plata Restaurant&#8221; font_container=&#8221;tag:h5|font_size:15|text_align:left&#8221; use_theme_fonts=&#8221;yes&#8221; link=&#8221;url:%2Frestaurante-mar-de-plata%2F|target:_blank&#8221;][\/vc_column_inner][vc_column_inner width=&#8221;1\/3&#8243;][vc_single_image image=&#8221;1471&#8243; img_size=&#8221;full&#8221; onclick=&#8221;custom_link&#8221; link=&#8221;\/restaurante-cortijillo-playa\/&#8221;][vc_custom_heading text=&#8221;Restaurante Cortijillo Playa&#8221; font_container=&#8221;tag:h5|font_size:15|text_align:left&#8221; use_theme_fonts=&#8221;yes&#8221; link=&#8221;url:%2Frestaurante-cortijillo-playa%2F|target:_blank&#8221;][\/vc_column_inner][\/vc_row_inner][vc_empty_space][vc_row_inner][vc_column_inner width=&#8221;1\/3&#8243;][vc_single_image image=&#8221;1897&#8243; img_size=&#8221;full&#8221; onclick=&#8221;custom_link&#8221; link=&#8221;\/restaurante-botos\/&#8221;][vc_custom_heading text=&#8221;Boto\u2019s Restaurant&#8221; font_container=&#8221;tag:h5|font_size:15|text_align:left&#8221; use_theme_fonts=&#8221;yes&#8221; link=&#8221;url:%2Frestaurante-botos%2F|target:_blank&#8221;][\/vc_column_inner][vc_column_inner width=&#8221;1\/3&#8243;][vc_single_image image=&#8221;1236&#8243; img_size=&#8221;full&#8221; onclick=&#8221;custom_link&#8221; link=&#8221;\/restaurante-emiliano\/&#8221;][vc_custom_heading text=&#8221;Emiliano Restaurant&#8221; font_container=&#8221;tag:h5|font_size:15|text_align:left&#8221; use_theme_fonts=&#8221;yes&#8221; link=&#8221;url:%2Frestaurante-emiliano%2F|target:_blank&#8221;][\/vc_column_inner][vc_column_inner width=&#8221;1\/3&#8243;][vc_single_image image=&#8221;1713&#8243; img_size=&#8221;full&#8221; onclick=&#8221;custom_link&#8221; link=&#8221;\/restaurante-cerveceria-el-cortijillo\/&#8221;][vc_custom_heading text=&#8221;El Cortijillo Restaurant&#8221; font_container=&#8221;tag:h5|font_size:15|text_align:left&#8221; use_theme_fonts=&#8221;yes&#8221; link=&#8221;url:%2Frestaurante-cerveceria-el-cortijillo%2F|target:_blank&#8221;][\/vc_column_inner][\/vc_row_inner][vc_empty_space][vc_row_inner][vc_column_inner width=&#8221;1\/3&#8243;][vc_single_image image=&#8221;1258&#8243; img_size=&#8221;full&#8221; onclick=&#8221;custom_link&#8221; link=&#8221;\/cafe-bar-madrid-almunecar\/&#8221;][vc_custom_heading text=&#8221;Cafe bar Madrid&#8221; font_container=&#8221;tag:h5|font_size:15|text_align:left&#8221; use_theme_fonts=&#8221;yes&#8221; link=&#8221;url:%2Fcafe-bar-madrid-almunecar%2F|target:_blank&#8221;][\/vc_column_inner][vc_column_inner width=&#8221;1\/3&#8243;][vc_single_image image=&#8221;1611&#8243; img_size=&#8221;full&#8221; onclick=&#8221;custom_link&#8221; link=&#8221;restaurante-sabina\/&#8221;][vc_custom_heading text=&#8221;Sabina Restaurant&#8221; font_container=&#8221;tag:h5|font_size:15|text_align:left&#8221; use_theme_fonts=&#8221;yes&#8221; link=&#8221;url:%2Frestaurante-sabina%2F|target:_blank&#8221;][\/vc_column_inner][vc_column_inner width=&#8221;1\/3&#8243;][vc_single_image image=&#8221;1036&#8243; img_size=&#8221;full&#8221; onclick=&#8221;custom_link&#8221; link=&#8221;\/restaurante-la-china-almunecar\/&#8221;][vc_custom_heading text=&#8221;La China Restaurant&#8221; font_container=&#8221;tag:h5|font_size:15|text_align:left&#8221; use_theme_fonts=&#8221;yes&#8221; link=&#8221;url:%2Frestaurante-la-china-almunecar%2F|target:_blank&#8221;][\/vc_column_inner][\/vc_row_inner][vc_empty_space][vc_row_inner][vc_column_inner width=&#8221;1\/3&#8243;][vc_single_image image=&#8221;1294&#8243; img_size=&#8221;full&#8221; onclick=&#8221;custom_link&#8221; link=&#8221;\/restaurante-pizzeria-vizcaya\/&#8221;][vc_custom_heading text=&#8221;Restaurante Pizzer\u00eda Vizcaya&#8221; font_container=&#8221;tag:h5|font_size:15|text_align:left&#8221; use_theme_fonts=&#8221;yes&#8221; link=&#8221;url:%2Frestaurante-pizzeria-vizcaya%2F|target:_blank&#8221;][\/vc_column_inner][vc_column_inner width=&#8221;1\/3&#8243;][vc_single_image image=&#8221;1179&#8243; img_size=&#8221;full&#8221; onclick=&#8221;custom_link&#8221; link=&#8221;\/chiringuito-dorada-plata-almunecar\/&#8221;][vc_custom_heading text=&#8221;Chiringuito la Dorada de Plata&#8221; font_container=&#8221;tag:h5|font_size:15|text_align:left&#8221; use_theme_fonts=&#8221;yes&#8221; link=&#8221;url:%2Fchiringuito-dorada-plata-almunecar%2F|target:_blank&#8221;][\/vc_column_inner][vc_column_inner width=&#8221;1\/3&#8243;][vc_single_image image=&#8221;1844&#8243; img_size=&#8221;full&#8221; onclick=&#8221;custom_link&#8221; link=&#8221;\/restaurante-pizzeria-la-osteria\/&#8221;][vc_custom_heading text=&#8221;Restaurant &#8211; Pizzer\u00eda la Osteria&#8221; font_container=&#8221;tag:h5|font_size:15|text_align:left&#8221; use_theme_fonts=&#8221;yes&#8221; link=&#8221;url:%2Frestaurante-pizzeria-la-osteria%2F|target:_blank&#8221;][\/vc_column_inner][\/vc_row_inner][vc_empty_space][vc_row_inner][vc_column_inner width=&#8221;1\/3&#8243;][vc_single_image image=&#8221;1630&#8243; img_size=&#8221;full&#8221; onclick=&#8221;custom_link&#8221; link=&#8221;\/restaurante-calabre\/&#8221;][vc_custom_heading text=&#8221;Calabr\u00e9 Restaurant&#8221; font_container=&#8221;tag:h5|font_size:15|text_align:left&#8221; use_theme_fonts=&#8221;yes&#8221; link=&#8221;url:%2Frestaurante-calabre%2F|target:_blank&#8221;][\/vc_column_inner][\/vc_row_inner][vc_empty_space][\/vc_column][\/vc_row][vc_row][vc_column][vc_row_inner][vc_column_inner][vc_empty_space][vc_custom_heading text=&#8221;\u00bfComo llegar a la Playa de Cantarrij\u00e1n?&#8221; font_container=&#8221;tag:h3|text_align:left&#8221; use_theme_fonts=&#8221;yes&#8221;][vc_gmaps link=&#8221;#E-8_JTNDaWZyYW1lJTIwc3JjJTNEJTIyaHR0cHMlM0ElMkYlMkZ3d3cuZ29vZ2xlLmNvbSUyRm1hcHMlMkZlbWJlZCUzRnBiJTNEJTIxMW0xOCUyMTFtMTIlMjExbTMlMjExZDEyNzg5LjQzODM2NTM3MzE2MiUyMTJkLTMuNzc2OTYxOTk5OTk5OTk5MyUyMTNkMzYuNzM3OTM4OSUyMTJtMyUyMTFmMCUyMTJmMCUyMTNmMCUyMTNtMiUyMTFpMTAyNCUyMTJpNzY4JTIxNGYxMy4xJTIxM20zJTIxMW0yJTIxMXMweGQ3MjI3Y2VjNGNmZDZhZiUyNTNBMHg5ZmJiZTRkM2UyYmVmZjhjJTIxMnNQbGF5YSUyNTIwTnVkaXN0YSUyNTIwZGUlMjUyMENhbnRhcnJpaiUyNUMzJTI1QTFuJTIxNWUwJTIxM20yJTIxMXNlcyUyMTJzZXMlMjE0djE2OTAyMTQzOTUwODElMjE1bTIlMjExc2VzJTIxMnNlcyUyMiUyMHdpZHRoJTNEJTIyNjAwJTIyJTIwaGVpZ2h0JTNEJTIyNDUwJTIyJTIwc3R5bGUlM0QlMjJib3JkZXIlM0EwJTNCJTIyJTIwYWxsb3dmdWxsc2NyZWVuJTNEJTIyJTIyJTIwbG9hZGluZyUzRCUyMmxhenklMjIlMjByZWZlcnJlcnBvbGljeSUzRCUyMm5vLXJlZmVycmVyLXdoZW4tZG93bmdyYWRlJTIyJTNFJTNDJTJGaWZyYW1lJTNF&#8221;][\/vc_column_inner][\/vc_row_inner][\/vc_column][\/vc_row]<\/p>\n","protected":false},"excerpt":{"rendered":"<p>[vc_row full_width=&#8221;stretch_row&#8221; awb_type=&#8221;video&#8221; awb_video_mobile=&#8221;1&#8243; css=&#8221;.vc_custom_1691776924207{padding-top: 650px !important;}&#8221; awb_video_mp4=&#8221;17209&#8243;][vc_column][\/vc_column][\/vc_row][vc_row][vc_column][vc_empty_space][vc_empty_space][vc_empty_space][vc_row_inner][vc_column_inner width=&#8221;1\/3&#8243;][vc_single_image image=&#8221;17191&#8243; img_size=&#8221;full&#8221;][\/vc_column_inner][vc_column_inner width=&#8221;1\/3&#8243;][vc_single_image image=&#8221;17186&#8243; img_size=&#8221;full&#8221;][\/vc_column_inner][vc_column_inner width=&#8221;1\/3&#8243;][vc_single_image image=&#8221;17181&#8243; img_size=&#8221;full&#8221;][\/vc_column_inner][\/vc_row_inner][vc_empty_space][vc_empty_space][vc_video link=&#8221;https:\/\/youtu.be\/8P57aYpRo3I&#8221;][vc_empty_space][vc_row_inner][vc_column_inner][\/vc_column_inner][\/vc_row_inner][\/vc_column][\/vc_row][vc_row][vc_column][vc_custom_heading text=&#8221;Nearby restaurants:&#8221; font_container=&#8221;tag:h5|font_size:20|text_align:left&#8221; use_theme_fonts=&#8221;yes&#8221;][vc_row_inner][vc_column_inner width=&#8221;1\/3&#8243;][vc_single_image image=&#8221;1400&#8243; img_size=&#8221;full&#8221; onclick=&#8221;custom_link&#8221; link=&#8221;\/freiduria-lute-y-jesus\/&#8221;][vc_custom_heading text=&#8221;Freidur\u00eda Lute y Jes\u00fas&#8221; font_container=&#8221;tag:h5|font_size:15|text_align:left&#8221; use_theme_fonts=&#8221;yes&#8221; link=&#8221;url:%2Frestaurante-tito-yayo-almunecar%2F|target:_blank&#8221;][\/vc_column_inner][vc_column_inner width=&#8221;1\/3&#8243;][vc_single_image image=&#8221;1753&#8243; img_size=&#8221;full&#8221; onclick=&#8221;custom_link&#8221; link=&#8221;\/restaurante-mar-de-plata\/&#8221;][vc_custom_heading text=&#8221;Mar de Plata Restaurant&#8221; font_container=&#8221;tag:h5|font_size:15|text_align:left&#8221; use_theme_fonts=&#8221;yes&#8221; link=&#8221;url:%2Frestaurante-mar-de-plata%2F|target:_blank&#8221;][\/vc_column_inner][vc_column_inner width=&#8221;1\/3&#8243;][vc_single_image image=&#8221;1471&#8243; img_size=&#8221;full&#8221; onclick=&#8221;custom_link&#8221; link=&#8221;\/restaurante-cortijillo-playa\/&#8221;][vc_custom_heading text=&#8221;Restaurante Cortijillo Playa&#8221; font_container=&#8221;tag:h5|font_size:15|text_align:left&#8221; [&hellip;]<\/p>\n","protected":false},"author":2,"featured_media":17181,"comment_status":"open","ping_status":"closed","sticky":false,"template":"","format":"standard","meta":{"footnotes":""},"categories":[63,42,16],"tags":[],"class_list":["post-19420","post","type-post","status-publish","format-standard","has-post-thumbnail","hentry","category-la-herradura","category-playas-de-almunecar","category-que-hacer-en-almunecar"],"yoast_head":"<!-- This site is optimized with the Yoast SEO plugin v27.3 - https:\/\/yoast.com\/product\/yoast-seo-wordpress\/ -->\n<title>Playa de Cantarrij\u00e1n -<\/title>\n<meta name=\"robots\" content=\"index, follow, max-snippet:-1, max-image-preview:large, max-video-preview:-1\" \/>\n<link rel=\"canonical\" href=\"https:\/\/discoveralmunecar.com\/es\/playa-de-cantarrijan\/\" \/>\n<meta property=\"og:locale\" content=\"es_ES\" \/>\n<meta property=\"og:type\" content=\"article\" \/>\n<meta property=\"og:title\" content=\"Playa de Cantarrij\u00e1n -\" \/>\n<meta property=\"og:description\" content=\"[vc_row full_width=&#8221;stretch_row&#8221; awb_type=&#8221;video&#8221; awb_video_mobile=&#8221;1&#8243; css=&#8221;.vc_custom_1691776924207{padding-top: 650px !important;}&#8221; awb_video_mp4=&#8221;17209&#8243;][vc_column][\/vc_column][\/vc_row][vc_row][vc_column][vc_empty_space][vc_empty_space][vc_empty_space][vc_row_inner][vc_column_inner width=&#8221;1\/3&#8243;][vc_single_image image=&#8221;17191&#8243; img_size=&#8221;full&#8221;][\/vc_column_inner][vc_column_inner width=&#8221;1\/3&#8243;][vc_single_image image=&#8221;17186&#8243; img_size=&#8221;full&#8221;][\/vc_column_inner][vc_column_inner width=&#8221;1\/3&#8243;][vc_single_image image=&#8221;17181&#8243; img_size=&#8221;full&#8221;][\/vc_column_inner][\/vc_row_inner][vc_empty_space][vc_empty_space][vc_video link=&#8221;https:\/\/youtu.be\/8P57aYpRo3I&#8221;][vc_empty_space][vc_row_inner][vc_column_inner][\/vc_column_inner][\/vc_row_inner][\/vc_column][\/vc_row][vc_row][vc_column][vc_custom_heading text=&#8221;Nearby restaurants:&#8221; font_container=&#8221;tag:h5|font_size:20|text_align:left&#8221; use_theme_fonts=&#8221;yes&#8221;][vc_row_inner][vc_column_inner width=&#8221;1\/3&#8243;][vc_single_image image=&#8221;1400&#8243; img_size=&#8221;full&#8221; onclick=&#8221;custom_link&#8221; link=&#8221;\/freiduria-lute-y-jesus\/&#8221;][vc_custom_heading text=&#8221;Freidur\u00eda Lute y Jes\u00fas&#8221; font_container=&#8221;tag:h5|font_size:15|text_align:left&#8221; use_theme_fonts=&#8221;yes&#8221; link=&#8221;url:%2Frestaurante-tito-yayo-almunecar%2F|target:_blank&#8221;][\/vc_column_inner][vc_column_inner width=&#8221;1\/3&#8243;][vc_single_image image=&#8221;1753&#8243; img_size=&#8221;full&#8221; onclick=&#8221;custom_link&#8221; link=&#8221;\/restaurante-mar-de-plata\/&#8221;][vc_custom_heading text=&#8221;Mar de Plata Restaurant&#8221; font_container=&#8221;tag:h5|font_size:15|text_align:left&#8221; use_theme_fonts=&#8221;yes&#8221; link=&#8221;url:%2Frestaurante-mar-de-plata%2F|target:_blank&#8221;][\/vc_column_inner][vc_column_inner width=&#8221;1\/3&#8243;][vc_single_image image=&#8221;1471&#8243; img_size=&#8221;full&#8221; onclick=&#8221;custom_link&#8221; link=&#8221;\/restaurante-cortijillo-playa\/&#8221;][vc_custom_heading text=&#8221;Restaurante Cortijillo Playa&#8221; font_container=&#8221;tag:h5|font_size:15|text_align:left&#8221; [&hellip;]\" \/>\n<meta property=\"og:url\" content=\"https:\/\/discoveralmunecar.com\/es\/playa-de-cantarrijan\/\" \/>\n<meta property=\"article:published_time\" content=\"2025-07-29T18:07:28+00:00\" \/>\n<meta property=\"article:modified_time\" content=\"2025-07-29T18:13:52+00:00\" \/>\n<meta property=\"og:image\" content=\"https:\/\/discoveralmunecar.com\/wp-content\/uploads\/2023\/07\/C1.webp\" \/>\n\t<meta property=\"og:image:width\" content=\"1920\" \/>\n\t<meta property=\"og:image:height\" content=\"1080\" \/>\n\t<meta property=\"og:image:type\" content=\"image\/webp\" \/>\n<meta name=\"author\" content=\"Admin\" \/>\n<meta name=\"twitter:card\" content=\"summary_large_image\" \/>\n<meta name=\"twitter:label1\" content=\"Escrito por\" \/>\n\t<meta name=\"twitter:data1\" content=\"Admin\" \/>\n\t<meta name=\"twitter:label2\" content=\"Tiempo de lectura\" \/>\n\t<meta name=\"twitter:data2\" content=\"5 minutos\" \/>\n<script type=\"application\/ld+json\" class=\"yoast-schema-graph\">{\"@context\":\"https:\\\/\\\/schema.org\",\"@graph\":[{\"@type\":\"Article\",\"@id\":\"https:\\\/\\\/discoveralmunecar.com\\\/es\\\/playa-de-cantarrijan\\\/#article\",\"isPartOf\":{\"@id\":\"https:\\\/\\\/discoveralmunecar.com\\\/es\\\/playa-de-cantarrijan\\\/\"},\"author\":{\"name\":\"Admin\",\"@id\":\"https:\\\/\\\/discoveralmunecar.com\\\/es\\\/#\\\/schema\\\/person\\\/7d931359380d442b7e8832cd0d6a2db0\"},\"headline\":\"Playa de Cantarrij\u00e1n\",\"datePublished\":\"2025-07-29T18:07:28+00:00\",\"dateModified\":\"2025-07-29T18:13:52+00:00\",\"mainEntityOfPage\":{\"@id\":\"https:\\\/\\\/discoveralmunecar.com\\\/es\\\/playa-de-cantarrijan\\\/\"},\"wordCount\":1343,\"commentCount\":0,\"image\":{\"@id\":\"https:\\\/\\\/discoveralmunecar.com\\\/es\\\/playa-de-cantarrijan\\\/#primaryimage\"},\"thumbnailUrl\":\"https:\\\/\\\/discoveralmunecar.com\\\/wp-content\\\/uploads\\\/2023\\\/07\\\/C1.webp\",\"articleSection\":[\"La Herradura\",\"Playas de Almu\u00f1\u00e9car\",\"Qu\u00e9 hacer\"],\"inLanguage\":\"es\",\"potentialAction\":[{\"@type\":\"CommentAction\",\"name\":\"Comment\",\"target\":[\"https:\\\/\\\/discoveralmunecar.com\\\/es\\\/playa-de-cantarrijan\\\/#respond\"]}]},{\"@type\":\"WebPage\",\"@id\":\"https:\\\/\\\/discoveralmunecar.com\\\/es\\\/playa-de-cantarrijan\\\/\",\"url\":\"https:\\\/\\\/discoveralmunecar.com\\\/es\\\/playa-de-cantarrijan\\\/\",\"name\":\"Playa de Cantarrij\u00e1n -\",\"isPartOf\":{\"@id\":\"https:\\\/\\\/discoveralmunecar.com\\\/es\\\/#website\"},\"primaryImageOfPage\":{\"@id\":\"https:\\\/\\\/discoveralmunecar.com\\\/es\\\/playa-de-cantarrijan\\\/#primaryimage\"},\"image\":{\"@id\":\"https:\\\/\\\/discoveralmunecar.com\\\/es\\\/playa-de-cantarrijan\\\/#primaryimage\"},\"thumbnailUrl\":\"https:\\\/\\\/discoveralmunecar.com\\\/wp-content\\\/uploads\\\/2023\\\/07\\\/C1.webp\",\"datePublished\":\"2025-07-29T18:07:28+00:00\",\"dateModified\":\"2025-07-29T18:13:52+00:00\",\"author\":{\"@id\":\"https:\\\/\\\/discoveralmunecar.com\\\/es\\\/#\\\/schema\\\/person\\\/7d931359380d442b7e8832cd0d6a2db0\"},\"breadcrumb\":{\"@id\":\"https:\\\/\\\/discoveralmunecar.com\\\/es\\\/playa-de-cantarrijan\\\/#breadcrumb\"},\"inLanguage\":\"es\",\"potentialAction\":[{\"@type\":\"ReadAction\",\"target\":[\"https:\\\/\\\/discoveralmunecar.com\\\/es\\\/playa-de-cantarrijan\\\/\"]}]},{\"@type\":\"ImageObject\",\"inLanguage\":\"es\",\"@id\":\"https:\\\/\\\/discoveralmunecar.com\\\/es\\\/playa-de-cantarrijan\\\/#primaryimage\",\"url\":\"https:\\\/\\\/discoveralmunecar.com\\\/wp-content\\\/uploads\\\/2023\\\/07\\\/C1.webp\",\"contentUrl\":\"https:\\\/\\\/discoveralmunecar.com\\\/wp-content\\\/uploads\\\/2023\\\/07\\\/C1.webp\",\"width\":1920,\"height\":1080},{\"@type\":\"BreadcrumbList\",\"@id\":\"https:\\\/\\\/discoveralmunecar.com\\\/es\\\/playa-de-cantarrijan\\\/#breadcrumb\",\"itemListElement\":[{\"@type\":\"ListItem\",\"position\":1,\"name\":\"Home\",\"item\":\"https:\\\/\\\/discoveralmunecar.com\\\/es\\\/\"},{\"@type\":\"ListItem\",\"position\":2,\"name\":\"Playa de Cantarrij\u00e1n\"}]},{\"@type\":\"WebSite\",\"@id\":\"https:\\\/\\\/discoveralmunecar.com\\\/es\\\/#website\",\"url\":\"https:\\\/\\\/discoveralmunecar.com\\\/es\\\/\",\"name\":\"\",\"description\":\"Just another WordPress site\\n\",\"potentialAction\":[{\"@type\":\"SearchAction\",\"target\":{\"@type\":\"EntryPoint\",\"urlTemplate\":\"https:\\\/\\\/discoveralmunecar.com\\\/es\\\/?s={search_term_string}\"},\"query-input\":{\"@type\":\"PropertyValueSpecification\",\"valueRequired\":true,\"valueName\":\"search_term_string\"}}],\"inLanguage\":\"es\"},{\"@type\":\"Person\",\"@id\":\"https:\\\/\\\/discoveralmunecar.com\\\/es\\\/#\\\/schema\\\/person\\\/7d931359380d442b7e8832cd0d6a2db0\",\"name\":\"Admin\",\"image\":{\"@type\":\"ImageObject\",\"inLanguage\":\"es\",\"@id\":\"https:\\\/\\\/secure.gravatar.com\\\/avatar\\\/87aff11e22fb9eda78c606aa27a60cd99fc49aac3a2cf4688b14253df494fd22?s=96&d=mm&r=g\",\"url\":\"https:\\\/\\\/secure.gravatar.com\\\/avatar\\\/87aff11e22fb9eda78c606aa27a60cd99fc49aac3a2cf4688b14253df494fd22?s=96&d=mm&r=g\",\"contentUrl\":\"https:\\\/\\\/secure.gravatar.com\\\/avatar\\\/87aff11e22fb9eda78c606aa27a60cd99fc49aac3a2cf4688b14253df494fd22?s=96&d=mm&r=g\",\"caption\":\"Admin\"},\"url\":\"https:\\\/\\\/discoveralmunecar.com\\\/es\\\/author\\\/pedro-espinosa\\\/\"}]}<\/script>\n<!-- \/ Yoast SEO plugin. -->","yoast_head_json":{"title":"Playa de Cantarrij\u00e1n -","robots":{"index":"index","follow":"follow","max-snippet":"max-snippet:-1","max-image-preview":"max-image-preview:large","max-video-preview":"max-video-preview:-1"},"canonical":"https:\/\/discoveralmunecar.com\/es\/playa-de-cantarrijan\/","og_locale":"es_ES","og_type":"article","og_title":"Playa de Cantarrij\u00e1n -","og_description":"[vc_row full_width=&#8221;stretch_row&#8221; awb_type=&#8221;video&#8221; awb_video_mobile=&#8221;1&#8243; css=&#8221;.vc_custom_1691776924207{padding-top: 650px !important;}&#8221; awb_video_mp4=&#8221;17209&#8243;][vc_column][\/vc_column][\/vc_row][vc_row][vc_column][vc_empty_space][vc_empty_space][vc_empty_space][vc_row_inner][vc_column_inner width=&#8221;1\/3&#8243;][vc_single_image image=&#8221;17191&#8243; img_size=&#8221;full&#8221;][\/vc_column_inner][vc_column_inner width=&#8221;1\/3&#8243;][vc_single_image image=&#8221;17186&#8243; img_size=&#8221;full&#8221;][\/vc_column_inner][vc_column_inner width=&#8221;1\/3&#8243;][vc_single_image image=&#8221;17181&#8243; img_size=&#8221;full&#8221;][\/vc_column_inner][\/vc_row_inner][vc_empty_space][vc_empty_space][vc_video link=&#8221;https:\/\/youtu.be\/8P57aYpRo3I&#8221;][vc_empty_space][vc_row_inner][vc_column_inner][\/vc_column_inner][\/vc_row_inner][\/vc_column][\/vc_row][vc_row][vc_column][vc_custom_heading text=&#8221;Nearby restaurants:&#8221; font_container=&#8221;tag:h5|font_size:20|text_align:left&#8221; use_theme_fonts=&#8221;yes&#8221;][vc_row_inner][vc_column_inner width=&#8221;1\/3&#8243;][vc_single_image image=&#8221;1400&#8243; img_size=&#8221;full&#8221; onclick=&#8221;custom_link&#8221; link=&#8221;\/freiduria-lute-y-jesus\/&#8221;][vc_custom_heading text=&#8221;Freidur\u00eda Lute y Jes\u00fas&#8221; font_container=&#8221;tag:h5|font_size:15|text_align:left&#8221; use_theme_fonts=&#8221;yes&#8221; link=&#8221;url:%2Frestaurante-tito-yayo-almunecar%2F|target:_blank&#8221;][\/vc_column_inner][vc_column_inner width=&#8221;1\/3&#8243;][vc_single_image image=&#8221;1753&#8243; img_size=&#8221;full&#8221; onclick=&#8221;custom_link&#8221; link=&#8221;\/restaurante-mar-de-plata\/&#8221;][vc_custom_heading text=&#8221;Mar de Plata Restaurant&#8221; font_container=&#8221;tag:h5|font_size:15|text_align:left&#8221; use_theme_fonts=&#8221;yes&#8221; link=&#8221;url:%2Frestaurante-mar-de-plata%2F|target:_blank&#8221;][\/vc_column_inner][vc_column_inner width=&#8221;1\/3&#8243;][vc_single_image image=&#8221;1471&#8243; img_size=&#8221;full&#8221; onclick=&#8221;custom_link&#8221; link=&#8221;\/restaurante-cortijillo-playa\/&#8221;][vc_custom_heading text=&#8221;Restaurante Cortijillo Playa&#8221; font_container=&#8221;tag:h5|font_size:15|text_align:left&#8221; [&hellip;]","og_url":"https:\/\/discoveralmunecar.com\/es\/playa-de-cantarrijan\/","article_published_time":"2025-07-29T18:07:28+00:00","article_modified_time":"2025-07-29T18:13:52+00:00","og_image":[{"width":1920,"height":1080,"url":"https:\/\/discoveralmunecar.com\/wp-content\/uploads\/2023\/07\/C1.webp","type":"image\/webp"}],"author":"Admin","twitter_card":"summary_large_image","twitter_misc":{"Escrito por":"Admin","Tiempo de lectura":"5 minutos"},"schema":{"@context":"https:\/\/schema.org","@graph":[{"@type":"Article","@id":"https:\/\/discoveralmunecar.com\/es\/playa-de-cantarrijan\/#article","isPartOf":{"@id":"https:\/\/discoveralmunecar.com\/es\/playa-de-cantarrijan\/"},"author":{"name":"Admin","@id":"https:\/\/discoveralmunecar.com\/es\/#\/schema\/person\/7d931359380d442b7e8832cd0d6a2db0"},"headline":"Playa de Cantarrij\u00e1n","datePublished":"2025-07-29T18:07:28+00:00","dateModified":"2025-07-29T18:13:52+00:00","mainEntityOfPage":{"@id":"https:\/\/discoveralmunecar.com\/es\/playa-de-cantarrijan\/"},"wordCount":1343,"commentCount":0,"image":{"@id":"https:\/\/discoveralmunecar.com\/es\/playa-de-cantarrijan\/#primaryimage"},"thumbnailUrl":"https:\/\/discoveralmunecar.com\/wp-content\/uploads\/2023\/07\/C1.webp","articleSection":["La Herradura","Playas de Almu\u00f1\u00e9car","Qu\u00e9 hacer"],"inLanguage":"es","potentialAction":[{"@type":"CommentAction","name":"Comment","target":["https:\/\/discoveralmunecar.com\/es\/playa-de-cantarrijan\/#respond"]}]},{"@type":"WebPage","@id":"https:\/\/discoveralmunecar.com\/es\/playa-de-cantarrijan\/","url":"https:\/\/discoveralmunecar.com\/es\/playa-de-cantarrijan\/","name":"Playa de Cantarrij\u00e1n -","isPartOf":{"@id":"https:\/\/discoveralmunecar.com\/es\/#website"},"primaryImageOfPage":{"@id":"https:\/\/discoveralmunecar.com\/es\/playa-de-cantarrijan\/#primaryimage"},"image":{"@id":"https:\/\/discoveralmunecar.com\/es\/playa-de-cantarrijan\/#primaryimage"},"thumbnailUrl":"https:\/\/discoveralmunecar.com\/wp-content\/uploads\/2023\/07\/C1.webp","datePublished":"2025-07-29T18:07:28+00:00","dateModified":"2025-07-29T18:13:52+00:00","author":{"@id":"https:\/\/discoveralmunecar.com\/es\/#\/schema\/person\/7d931359380d442b7e8832cd0d6a2db0"},"breadcrumb":{"@id":"https:\/\/discoveralmunecar.com\/es\/playa-de-cantarrijan\/#breadcrumb"},"inLanguage":"es","potentialAction":[{"@type":"ReadAction","target":["https:\/\/discoveralmunecar.com\/es\/playa-de-cantarrijan\/"]}]},{"@type":"ImageObject","inLanguage":"es","@id":"https:\/\/discoveralmunecar.com\/es\/playa-de-cantarrijan\/#primaryimage","url":"https:\/\/discoveralmunecar.com\/wp-content\/uploads\/2023\/07\/C1.webp","contentUrl":"https:\/\/discoveralmunecar.com\/wp-content\/uploads\/2023\/07\/C1.webp","width":1920,"height":1080},{"@type":"BreadcrumbList","@id":"https:\/\/discoveralmunecar.com\/es\/playa-de-cantarrijan\/#breadcrumb","itemListElement":[{"@type":"ListItem","position":1,"name":"Home","item":"https:\/\/discoveralmunecar.com\/es\/"},{"@type":"ListItem","position":2,"name":"Playa de Cantarrij\u00e1n"}]},{"@type":"WebSite","@id":"https:\/\/discoveralmunecar.com\/es\/#website","url":"https:\/\/discoveralmunecar.com\/es\/","name":"","description":"Just another WordPress site\n","potentialAction":[{"@type":"SearchAction","target":{"@type":"EntryPoint","urlTemplate":"https:\/\/discoveralmunecar.com\/es\/?s={search_term_string}"},"query-input":{"@type":"PropertyValueSpecification","valueRequired":true,"valueName":"search_term_string"}}],"inLanguage":"es"},{"@type":"Person","@id":"https:\/\/discoveralmunecar.com\/es\/#\/schema\/person\/7d931359380d442b7e8832cd0d6a2db0","name":"Admin","image":{"@type":"ImageObject","inLanguage":"es","@id":"https:\/\/secure.gravatar.com\/avatar\/87aff11e22fb9eda78c606aa27a60cd99fc49aac3a2cf4688b14253df494fd22?s=96&d=mm&r=g","url":"https:\/\/secure.gravatar.com\/avatar\/87aff11e22fb9eda78c606aa27a60cd99fc49aac3a2cf4688b14253df494fd22?s=96&d=mm&r=g","contentUrl":"https:\/\/secure.gravatar.com\/avatar\/87aff11e22fb9eda78c606aa27a60cd99fc49aac3a2cf4688b14253df494fd22?s=96&d=mm&r=g","caption":"Admin"},"url":"https:\/\/discoveralmunecar.com\/es\/author\/pedro-espinosa\/"}]}},"_links":{"self":[{"href":"https:\/\/discoveralmunecar.com\/es\/wp-json\/wp\/v2\/posts\/19420","targetHints":{"allow":["GET"]}}],"collection":[{"href":"https:\/\/discoveralmunecar.com\/es\/wp-json\/wp\/v2\/posts"}],"about":[{"href":"https:\/\/discoveralmunecar.com\/es\/wp-json\/wp\/v2\/types\/post"}],"author":[{"embeddable":true,"href":"https:\/\/discoveralmunecar.com\/es\/wp-json\/wp\/v2\/users\/2"}],"replies":[{"embeddable":true,"href":"https:\/\/discoveralmunecar.com\/es\/wp-json\/wp\/v2\/comments?post=19420"}],"version-history":[{"count":7,"href":"https:\/\/discoveralmunecar.com\/es\/wp-json\/wp\/v2\/posts\/19420\/revisions"}],"predecessor-version":[{"id":19429,"href":"https:\/\/discoveralmunecar.com\/es\/wp-json\/wp\/v2\/posts\/19420\/revisions\/19429"}],"wp:featuredmedia":[{"embeddable":true,"href":"https:\/\/discoveralmunecar.com\/es\/wp-json\/wp\/v2\/media\/17181"}],"wp:attachment":[{"href":"https:\/\/discoveralmunecar.com\/es\/wp-json\/wp\/v2\/media?parent=19420"}],"wp:term":[{"taxonomy":"category","embeddable":true,"href":"https:\/\/discoveralmunecar.com\/es\/wp-json\/wp\/v2\/categories?post=19420"},{"taxonomy":"post_tag","embeddable":true,"href":"https:\/\/discoveralmunecar.com\/es\/wp-json\/wp\/v2\/tags?post=19420"}],"curies":[{"name":"wp","href":"https:\/\/api.w.org\/{rel}","templated":true}]}}