{"id":19916,"date":"2025-08-21T08:25:08","date_gmt":"2025-08-21T08:25:08","guid":{"rendered":"https:\/\/discoveralmunecar.com\/?p=19916"},"modified":"2025-08-21T08:32:13","modified_gmt":"2025-08-21T08:32:13","slug":"chirimoya-sound-2025-en-almunecar-festival-flamenco-en-la-costa-tropical","status":"publish","type":"post","link":"https:\/\/discoveralmunecar.com\/es\/chirimoya-sound-2025-en-almunecar-festival-flamenco-en-la-costa-tropical\/","title":{"rendered":"Chirimoya Sound 2025 en Almu\u00f1\u00e9car: Festival Flamenco en la Costa Tropical"},"content":{"rendered":"<p>[vc_row][vc_column]<div class=\"text-block\" ><div class=\"simple-text \"><div>\n<\/div><\/div>[\/vc_column][\/vc_row][vc_row][vc_column][vc_empty_space][\/vc_column][\/vc_row][vc_row][vc_column width=&#8221;1\/3&#8243; offset=&#8221;vc_col-xs-4&#8243;][vc_single_image image=&#8221;12267&#8243; img_size=&#8221;50&#215;50&#8243; alignment=&#8221;center&#8221;]<div class=\"text-block\" ><div class=\"simple-text \"><p style=\"text-align: center;\"><span style=\"color: #339966;\">Parque El Majuelo<\/span><br \/>\nAv. Europa, s\/n<br \/>\nAlmu\u00f1\u00e9car<\/p>\n<\/div><\/div>[\/vc_column][vc_column width=&#8221;1\/3&#8243; offset=&#8221;vc_col-xs-4&#8243;][vc_single_image image=&#8221;9828&#8243; img_size=&#8221;50&#215;50&#8243; alignment=&#8221;center&#8221;]<div class=\"text-block\" ><div class=\"simple-text \"><p style=\"text-align: center;\">Almu\u00f1ecar: Todas las noches<br \/>\n<span style=\"color: #339966;\">28 al 30 de Agosto<\/span><\/p>\n<\/div><\/div>[\/vc_column][vc_column width=&#8221;1\/3&#8243; offset=&#8221;vc_col-xs-4&#8243;][vc_single_image image=&#8221;9504&#8243; img_size=&#8221;50&#215;50&#8243; alignment=&#8221;center&#8221;]<div class=\"text-block\" ><div class=\"simple-text \"><p style=\"text-align: center;\">Desde las 10:30 p.m.<\/p>\n<\/div><\/div>[\/vc_column][\/vc_row][vc_row][vc_column][vc_empty_space][vc_empty_space]<div class=\"text-block\" ><div class=\"simple-text \"><h3 data-start=\"688\" data-end=\"718\">\ud83c\udf48 Historia del Festival<\/h3>\n<p data-start=\"719\" data-end=\"1368\">El <strong data-start=\"722\" data-end=\"759\">Chirimoya Sound en Almu\u00f1\u00e9car 2025<\/strong> es uno de los <strong data-start=\"774\" data-end=\"846\">festivales de flamenco m\u00e1s esperados en la Costa Tropical de Granada<\/strong>. Naci\u00f3 hace varios veranos y hoy en d\u00eda es un referente para quienes buscan disfrutar de la <strong data-start=\"939\" data-end=\"972\">cultura flamenca en Almu\u00f1\u00e9car<\/strong>. Sus escenarios principales, el <strong data-start=\"1005\" data-end=\"1035\">Parque Bot\u00e1nico El Majuelo<\/strong> y el Castillo de La Herradura, convierten cada edici\u00f3n en una experiencia \u00fanica bajo las estrellas del Mediterr\u00e1neo. Artistas de renombre como Navajita Plate\u00e1, Capullo de Jerez, Raimundo Amador o Jos\u00e9 Ortega Manzanita han pasado por este festival, consolid\u00e1ndolo como una de las <strong data-start=\"1315\" data-end=\"1365\">mejores cosas que hacer en Almu\u00f1\u00e9car en verano<\/strong>.<\/p>\n<h3 data-start=\"1370\" data-end=\"1422\">\ud83d\udcc5 Programaci\u00f3n Chirimoya Sound Almu\u00f1\u00e9car 2025<\/h3>\n<h4 data-start=\"1424\" data-end=\"1454\"><strong data-start=\"1429\" data-end=\"1452\">Jueves 28 de agosto<\/strong><\/h4>\n<p data-start=\"1455\" data-end=\"1525\"><strong data-start=\"1455\" data-end=\"1477\">Artista principal:<\/strong> <em data-start=\"1478\" data-end=\"1490\">La H\u00fangara<\/em> (noche de apertura del festival)<\/p>\n<ul>\n<li data-start=\"1528\" data-end=\"1549\">\u23f0 <strong data-start=\"1530\" data-end=\"1539\">Hora:<\/strong> 22:30 h<\/li>\n<li data-start=\"1528\" data-end=\"1549\">\ud83d\udcb5 <strong data-start=\"1555\" data-end=\"1566\">Precio:<\/strong> Anticipada desde 20 \u20ac<\/li>\n<li data-start=\"1528\" data-end=\"1549\">\ud83d\udccc <em data-start=\"1596\" data-end=\"1639\">La H\u00fangara en concierto en Almu\u00f1\u00e9car 2025<\/em><\/li>\n<\/ul>\n<h4 data-start=\"1694\" data-end=\"1725\"><strong data-start=\"1699\" data-end=\"1723\"><img fetchpriority=\"high\" decoding=\"async\" class=\"alignnone size-large wp-image-19889\" src=\"https:\/\/discoveralmunecar.com\/wp-content\/uploads\/2025\/08\/3c43b2fe-7336-4934-bc82-274be4688255@0.5x-697x1080.webp\" alt=\"\" width=\"697\" height=\"1080\" srcset=\"https:\/\/discoveralmunecar.com\/wp-content\/uploads\/2025\/08\/3c43b2fe-7336-4934-bc82-274be4688255@0.5x-697x1080.webp 697w, https:\/\/discoveralmunecar.com\/wp-content\/uploads\/2025\/08\/3c43b2fe-7336-4934-bc82-274be4688255@0.5x-194x300.webp 194w, https:\/\/discoveralmunecar.com\/wp-content\/uploads\/2025\/08\/3c43b2fe-7336-4934-bc82-274be4688255@0.5x-768x1191.webp 768w, https:\/\/discoveralmunecar.com\/wp-content\/uploads\/2025\/08\/3c43b2fe-7336-4934-bc82-274be4688255@0.5x-500x775.webp 500w, https:\/\/discoveralmunecar.com\/wp-content\/uploads\/2025\/08\/3c43b2fe-7336-4934-bc82-274be4688255@0.5x-800x1240.webp 800w, https:\/\/discoveralmunecar.com\/wp-content\/uploads\/2025\/08\/3c43b2fe-7336-4934-bc82-274be4688255@0.5x.webp 963w\" sizes=\"(max-width: 697px) 100vw, 697px\" \/><\/strong><\/h4>\n<h4 data-start=\"1694\" data-end=\"1725\"><strong data-start=\"1699\" data-end=\"1723\">Viernes 29 de agosto<\/strong><\/h4>\n<p data-start=\"1726\" data-end=\"1827\"><strong data-start=\"1726\" data-end=\"1742\">Espect\u00e1culo:<\/strong> <em data-start=\"1743\" data-end=\"1761\">Flamenco de Cuna<\/em> \u2013 Juana Carmona, Juan El Coquillo, Nono Heredia y Curro Heredia<\/p>\n<ul>\n<li data-start=\"1830\" data-end=\"1851\">\u23f0 <strong data-start=\"1832\" data-end=\"1841\">Hora:<\/strong> 22:30 h<\/li>\n<li data-start=\"1830\" data-end=\"1851\">\ud83d\udcb5 <strong data-start=\"1857\" data-end=\"1868\">Precio:<\/strong> 12 \u20ac (anticipada)<\/li>\n<li data-start=\"1830\" data-end=\"1851\">\ud83d\udccc <em data-start=\"1894\" data-end=\"1944\">Noche flamenca en el Parque El Majuelo Almu\u00f1\u00e9car<\/em><\/li>\n<\/ul>\n<h4 data-start=\"2035\" data-end=\"2065\"><strong data-start=\"2040\" data-end=\"2063\"><img decoding=\"async\" class=\"alignnone size-full wp-image-19894\" src=\"https:\/\/discoveralmunecar.com\/wp-content\/uploads\/2025\/08\/c_chirimoyasound2508.webp\" alt=\"\" width=\"587\" height=\"609\" srcset=\"https:\/\/discoveralmunecar.com\/wp-content\/uploads\/2025\/08\/c_chirimoyasound2508.webp 587w, https:\/\/discoveralmunecar.com\/wp-content\/uploads\/2025\/08\/c_chirimoyasound2508-289x300.webp 289w, https:\/\/discoveralmunecar.com\/wp-content\/uploads\/2025\/08\/c_chirimoyasound2508-500x519.webp 500w\" sizes=\"(max-width: 587px) 100vw, 587px\" \/><\/strong><\/h4>\n<h4 data-start=\"2035\" data-end=\"2065\"><\/h4>\n<h4 data-start=\"2035\" data-end=\"2065\"><strong data-start=\"2040\" data-end=\"2063\">S\u00e1bado 30 de agosto<\/strong><\/h4>\n<p data-start=\"2066\" data-end=\"2159\"><strong data-start=\"2066\" data-end=\"2089\">Fiesta de Clausura:<\/strong> Doble King, Tony Mart\u00edn, Los Gintonic, MVP BOYI y DJ Roberto Garc\u00eda<\/p>\n<ul>\n<li data-start=\"2162\" data-end=\"2198\">\u23f0 <strong data-start=\"2164\" data-end=\"2173\">Hora:<\/strong> a partir de medianoche<\/li>\n<li data-start=\"2162\" data-end=\"2198\">\ud83d\udcb5 <strong data-start=\"2204\" data-end=\"2215\">Precio:<\/strong> Entrada gratuita<\/li>\n<li data-start=\"2162\" data-end=\"2198\">\ud83d\udccc <em data-start=\"2240\" data-end=\"2303\">Fiesta de clausura gratuita Chirimoya Sound 2025 en Almu\u00f1\u00e9car<\/em><\/li>\n<\/ul>\n<h4 data-start=\"2389\" data-end=\"2421\"><img decoding=\"async\" class=\"alignnone size-large wp-image-19899\" src=\"https:\/\/discoveralmunecar.com\/wp-content\/uploads\/2025\/08\/Clausura-768x1117-1-743x1080.webp\" alt=\"\" width=\"743\" height=\"1080\" srcset=\"https:\/\/discoveralmunecar.com\/wp-content\/uploads\/2025\/08\/Clausura-768x1117-1-743x1080.webp 743w, https:\/\/discoveralmunecar.com\/wp-content\/uploads\/2025\/08\/Clausura-768x1117-1-206x300.webp 206w, https:\/\/discoveralmunecar.com\/wp-content\/uploads\/2025\/08\/Clausura-768x1117-1-500x727.webp 500w, https:\/\/discoveralmunecar.com\/wp-content\/uploads\/2025\/08\/Clausura-768x1117-1.webp 768w\" sizes=\"(max-width: 743px) 100vw, 743px\" \/><\/h4>\n<h4 data-start=\"2389\" data-end=\"2421\">\ud83d\udcdd Rese\u00f1a de los artistas<\/h4>\n<ul>\n<li data-start=\"1915\" data-end=\"2243\"><strong data-start=\"1915\" data-end=\"1932\">La H\u00fangara \ud83c\udfa4<\/strong>: Sonia Priego es una de las grandes voces del <strong data-start=\"1979\" data-end=\"2003\">flamenco-pop andaluz<\/strong>. Con m\u00e1s de 20 a\u00f1os de carrera y discos de \u00e9xito como <em data-start=\"2058\" data-end=\"2078\">\u201cYo soy canastera\u201d<\/em> o <em data-start=\"2081\" data-end=\"2104\">\u201cMe duele el coraz\u00f3n\u201d<\/em>, ha conquistado tanto al p\u00fablico tradicional como al joven. Su carisma y entrega en directo aseguran una apertura vibrante del festival.<\/li>\n<li data-start=\"1915\" data-end=\"2243\"><strong data-start=\"2246\" data-end=\"2266\">Juana Carmona \ud83d\udc83<\/strong>: cantaora de larga tradici\u00f3n familiar, reconocida por su <strong data-start=\"2324\" data-end=\"2360\">cante profundo y lleno de duende<\/strong>. Mantiene vivas las ra\u00edces del cante jondo, transmitiendo en cada actuaci\u00f3n la esencia del flamenco m\u00e1s puro.<\/li>\n<li data-start=\"1915\" data-end=\"2243\"><strong data-start=\"2475\" data-end=\"2498\">Juan El Coquillo \ud83c\udfb6<\/strong>: joven promesa que aporta frescura y versatilidad en los distintos palos. Representa a una nueva generaci\u00f3n que respeta la tradici\u00f3n mientras innova para atraer nuevos p\u00fablicos.<\/li>\n<li data-start=\"1915\" data-end=\"2243\"><strong data-start=\"2681\" data-end=\"2716\">Nono Heredia &amp; Curro Heredia \ud83c\udfb8<\/strong>: guitarristas de prestigio que han acompa\u00f1ado a grandes figuras en escenarios nacionales e internacionales. Su toque, entre lo cl\u00e1sico y lo contempor\u00e1neo, promete un espect\u00e1culo \u00fanico.<\/li>\n<li data-start=\"1915\" data-end=\"2243\"><strong data-start=\"2906\" data-end=\"2923\">Doble King \ud83d\udd25<\/strong>: grupo urbano que fusiona <strong data-start=\"2950\" data-end=\"2987\">flamenco, rap y ritmos callejeros<\/strong>. Su propuesta fresca conecta con el p\u00fablico joven, aportando un aire diferente a la clausura del festival.<\/li>\n<li data-start=\"1915\" data-end=\"2243\"><strong data-start=\"3099\" data-end=\"3117\">Tony Mart\u00edn \ud83c\udf0a<\/strong>: artista local de Almu\u00f1\u00e9car que combina <strong data-start=\"3158\" data-end=\"3184\">pop y flamenco moderno<\/strong>. Representa el talento emergente de la Costa Tropical y su actuaci\u00f3n es muy esperada por los vecinos de la ciudad.<\/li>\n<li data-start=\"1915\" data-end=\"2243\"><strong data-start=\"3304\" data-end=\"3323\">Los Gintonic \ud83c\udf79<\/strong>: banda festiva y divertida que mezcla versiones conocidas y temas propios. Sus conciertos son sin\u00f3nimo de buen humor, baile y complicidad con el p\u00fablico.<\/li>\n<li data-start=\"1915\" data-end=\"2243\"><strong data-start=\"3482\" data-end=\"3496\">MVP BOYI \u26a1<\/strong>: artista emergente que fusiona <strong data-start=\"3528\" data-end=\"3547\">trap y flamenco<\/strong>, con un estilo urbano innovador. Aporta frescura y un sonido actual a la programaci\u00f3n.<\/li>\n<li data-start=\"1915\" data-end=\"2243\"><strong data-start=\"3639\" data-end=\"3663\">DJ Roberto Garc\u00eda \ud83c\udfa7<\/strong>: referente en la Costa Tropical, especialista en cerrar noches con sesiones bailables que aseguran una fiesta hasta altas horas.<\/li>\n<\/ul>\n<h3 data-start=\"5065\" data-end=\"5105\">\ud83d\udccd C\u00f3mo llegar dentro de Almu\u00f1\u00e9car<\/h3>\n<p data-start=\"5106\" data-end=\"5298\">El <strong data-start=\"5109\" data-end=\"5139\">Parque Bot\u00e1nico El Majuelo<\/strong>, sede principal del <strong data-start=\"5160\" data-end=\"5192\">Chirimoya Sound en Almu\u00f1\u00e9car<\/strong>, est\u00e1 en pleno centro hist\u00f3rico, junto al Castillo de San Miguel y a pocos pasos del Paseo del Altillo.<\/p>\n<p data-start=\"5300\" data-end=\"5761\"><strong data-start=\"5300\" data-end=\"5313\">\ud83d\udeb6 A pie:<\/strong> Desde la mayor\u00eda de hoteles y apartamentos en Almu\u00f1\u00e9car se llega en menos de 15 minutos, con se\u00f1alizaci\u00f3n clara.<br data-start=\"5426\" data-end=\"5429\" \/><strong data-start=\"5429\" data-end=\"5459\">\ud83d\ude96 Taxi y movilidad local:<\/strong> Hay paradas en el centro y paseo mar\u00edtimo; una opci\u00f3n c\u00f3moda para la vuelta nocturna.<br data-start=\"5545\" data-end=\"5548\" \/><strong data-start=\"5548\" data-end=\"5568\">\ud83d\ude97 Aparcamiento:<\/strong> Existen aparcamientos en Paseo del Altillo, mercado municipal y zonas cercanas al Parque Majuelo. Se recomienda llegar con antelaci\u00f3n (especialmente jueves y viernes) por la mayor afluencia.<\/p>\n<h3 data-start=\"5763\" data-end=\"5798\">\ud83c\udf10 M\u00e1s informaci\u00f3n y entradas<\/h3>\n<p data-start=\"5799\" data-end=\"6051\">Consulta programaci\u00f3n oficial, novedades y <strong data-start=\"5842\" data-end=\"5863\">venta de entradas<\/strong> en la web del festival: <strong data-start=\"5888\" data-end=\"5941\"><a class=\"decorated-link\" href=\"https:\/\/chirimoyasound.com\/\" target=\"_new\" rel=\"noopener\" data-start=\"5890\" data-end=\"5939\">chirimoyasound.com<\/a><\/strong>. All\u00ed encontrar\u00e1s horarios, precios y artistas confirmados de este <strong data-start=\"6009\" data-end=\"6048\">festival flamenco en Almu\u00f1\u00e9car 2025<\/strong>.<\/p>\n<h3 data-start=\"6053\" data-end=\"6080\">\ud83c\udfa4 \u00a1No te lo pierdas!<\/h3>\n<p data-start=\"6081\" data-end=\"6505\">Si buscas <strong data-start=\"6091\" data-end=\"6132\">qu\u00e9 hacer en Almu\u00f1\u00e9car en agosto 2025<\/strong>, el <strong data-start=\"6137\" data-end=\"6156\">Chirimoya Sound<\/strong> es tu plan perfecto. M\u00fasica flamenca, ambiente festivo y la magia de las noches de verano en la <strong data-start=\"6253\" data-end=\"6271\">Costa Tropical<\/strong> har\u00e1n de esta cita una experiencia inolvidable. La apertura con <strong data-start=\"6336\" data-end=\"6350\">La H\u00fangara<\/strong> promete un inicio vibrante, seguido de noches llenas de arte, cultura y tradici\u00f3n. \u00a1Te esperamos en Almu\u00f1\u00e9car para vivir el flamenco bajo las estrellas!<\/p>\n<\/div><\/div>[\/vc_column][\/vc_row][vc_row][vc_column]<div class=\"text-block\" ><div class=\"simple-text \"><\/div>\n<\/div><\/div>[\/vc_column][\/vc_row]<\/p>\n","protected":false},"excerpt":{"rendered":"<p>[vc_row][vc_column][\/vc_column][\/vc_row][vc_row][vc_column][vc_empty_space][\/vc_column][\/vc_row][vc_row][vc_column width=&#8221;1\/3&#8243; offset=&#8221;vc_col-xs-4&#8243;][vc_single_image image=&#8221;12267&#8243; img_size=&#8221;50&#215;50&#8243; alignment=&#8221;center&#8221;][\/vc_column][vc_column width=&#8221;1\/3&#8243; offset=&#8221;vc_col-xs-4&#8243;][vc_single_image image=&#8221;9828&#8243; img_size=&#8221;50&#215;50&#8243; alignment=&#8221;center&#8221;][\/vc_column][vc_column width=&#8221;1\/3&#8243; offset=&#8221;vc_col-xs-4&#8243;][vc_single_image image=&#8221;9504&#8243; img_size=&#8221;50&#215;50&#8243; alignment=&#8221;center&#8221;][\/vc_column][\/vc_row][vc_row][vc_column][vc_empty_space][vc_empty_space][\/vc_column][\/vc_row][vc_row][vc_column][\/vc_column][\/vc_row]<\/p>\n","protected":false},"author":2,"featured_media":19909,"comment_status":"open","ping_status":"closed","sticky":false,"template":"","format":"standard","meta":{"footnotes":""},"categories":[267,266,9,16],"tags":[],"class_list":["post-19916","post","type-post","status-publish","format-standard","has-post-thumbnail","hentry","category-agenda-cultural-de-almunecar","category-cultura-en-almunecar","category-eventos-en-almunecar","category-que-hacer-en-almunecar"],"yoast_head":"<!-- This site is optimized with the Yoast SEO plugin v27.3 - https:\/\/yoast.com\/product\/yoast-seo-wordpress\/ -->\n<title>Chirimoya Sound Almu\u00f1\u00e9car 2025 | Festival Flamenco en la Costa Tropical<\/title>\n<meta name=\"description\" content=\"Descubre el Chirimoya Sound 2025 en Almu\u00f1\u00e9car: La H\u00fangara, Juana Carmona, Doble King y m\u00e1s en el Parque El Majuelo. Programaci\u00f3n, entradas y toda la informaci\u00f3n del festival flamenco de la Costa Tropical.\" \/>\n<meta name=\"robots\" content=\"index, follow, max-snippet:-1, max-image-preview:large, max-video-preview:-1\" \/>\n<link rel=\"canonical\" href=\"https:\/\/discoveralmunecar.com\/es\/chirimoya-sound-2025-en-almunecar-festival-flamenco-en-la-costa-tropical\/\" \/>\n<meta property=\"og:locale\" content=\"es_ES\" \/>\n<meta property=\"og:type\" content=\"article\" \/>\n<meta property=\"og:title\" content=\"Chirimoya Sound Almu\u00f1\u00e9car 2025 | Festival Flamenco en la Costa Tropical\" \/>\n<meta property=\"og:description\" content=\"Descubre el Chirimoya Sound 2025 en Almu\u00f1\u00e9car: La H\u00fangara, Juana Carmona, Doble King y m\u00e1s en el Parque El Majuelo. Programaci\u00f3n, entradas y toda la informaci\u00f3n del festival flamenco de la Costa Tropical.\" \/>\n<meta property=\"og:url\" content=\"https:\/\/discoveralmunecar.com\/es\/chirimoya-sound-2025-en-almunecar-festival-flamenco-en-la-costa-tropical\/\" \/>\n<meta property=\"article:published_time\" content=\"2025-08-21T08:25:08+00:00\" \/>\n<meta property=\"article:modified_time\" content=\"2025-08-21T08:32:13+00:00\" \/>\n<meta property=\"og:image\" content=\"https:\/\/discoveralmunecar.com\/wp-content\/uploads\/2025\/08\/Portada.webp\" \/>\n\t<meta property=\"og:image:width\" content=\"2304\" \/>\n\t<meta property=\"og:image:height\" content=\"717\" \/>\n\t<meta property=\"og:image:type\" content=\"image\/webp\" \/>\n<meta name=\"author\" content=\"Admin\" \/>\n<meta name=\"twitter:card\" content=\"summary_large_image\" \/>\n<meta name=\"twitter:label1\" content=\"Escrito por\" \/>\n\t<meta name=\"twitter:data1\" content=\"Admin\" \/>\n\t<meta name=\"twitter:label2\" content=\"Tiempo de lectura\" \/>\n\t<meta name=\"twitter:data2\" content=\"5 minutos\" \/>\n<script type=\"application\/ld+json\" class=\"yoast-schema-graph\">{\"@context\":\"https:\\\/\\\/schema.org\",\"@graph\":[{\"@type\":\"Article\",\"@id\":\"https:\\\/\\\/discoveralmunecar.com\\\/es\\\/chirimoya-sound-2025-en-almunecar-festival-flamenco-en-la-costa-tropical\\\/#article\",\"isPartOf\":{\"@id\":\"https:\\\/\\\/discoveralmunecar.com\\\/es\\\/chirimoya-sound-2025-en-almunecar-festival-flamenco-en-la-costa-tropical\\\/\"},\"author\":{\"name\":\"Admin\",\"@id\":\"https:\\\/\\\/discoveralmunecar.com\\\/es\\\/#\\\/schema\\\/person\\\/7d931359380d442b7e8832cd0d6a2db0\"},\"headline\":\"Chirimoya Sound 2025 en Almu\u00f1\u00e9car: Festival Flamenco en la Costa Tropical\",\"datePublished\":\"2025-08-21T08:25:08+00:00\",\"dateModified\":\"2025-08-21T08:32:13+00:00\",\"mainEntityOfPage\":{\"@id\":\"https:\\\/\\\/discoveralmunecar.com\\\/es\\\/chirimoya-sound-2025-en-almunecar-festival-flamenco-en-la-costa-tropical\\\/\"},\"wordCount\":913,\"commentCount\":0,\"image\":{\"@id\":\"https:\\\/\\\/discoveralmunecar.com\\\/es\\\/chirimoya-sound-2025-en-almunecar-festival-flamenco-en-la-costa-tropical\\\/#primaryimage\"},\"thumbnailUrl\":\"https:\\\/\\\/discoveralmunecar.com\\\/wp-content\\\/uploads\\\/2025\\\/08\\\/Portada.webp\",\"articleSection\":[\"Agenda cultural de Almu\u00f1ecar\",\"Cultura en Almu\u00f1ecar\",\"Eventos en Almu\u00f1\u00e9car\",\"Qu\u00e9 hacer\"],\"inLanguage\":\"es\",\"potentialAction\":[{\"@type\":\"CommentAction\",\"name\":\"Comment\",\"target\":[\"https:\\\/\\\/discoveralmunecar.com\\\/es\\\/chirimoya-sound-2025-en-almunecar-festival-flamenco-en-la-costa-tropical\\\/#respond\"]}]},{\"@type\":\"WebPage\",\"@id\":\"https:\\\/\\\/discoveralmunecar.com\\\/es\\\/chirimoya-sound-2025-en-almunecar-festival-flamenco-en-la-costa-tropical\\\/\",\"url\":\"https:\\\/\\\/discoveralmunecar.com\\\/es\\\/chirimoya-sound-2025-en-almunecar-festival-flamenco-en-la-costa-tropical\\\/\",\"name\":\"Chirimoya Sound Almu\u00f1\u00e9car 2025 | Festival Flamenco en la Costa Tropical\",\"isPartOf\":{\"@id\":\"https:\\\/\\\/discoveralmunecar.com\\\/es\\\/#website\"},\"primaryImageOfPage\":{\"@id\":\"https:\\\/\\\/discoveralmunecar.com\\\/es\\\/chirimoya-sound-2025-en-almunecar-festival-flamenco-en-la-costa-tropical\\\/#primaryimage\"},\"image\":{\"@id\":\"https:\\\/\\\/discoveralmunecar.com\\\/es\\\/chirimoya-sound-2025-en-almunecar-festival-flamenco-en-la-costa-tropical\\\/#primaryimage\"},\"thumbnailUrl\":\"https:\\\/\\\/discoveralmunecar.com\\\/wp-content\\\/uploads\\\/2025\\\/08\\\/Portada.webp\",\"datePublished\":\"2025-08-21T08:25:08+00:00\",\"dateModified\":\"2025-08-21T08:32:13+00:00\",\"author\":{\"@id\":\"https:\\\/\\\/discoveralmunecar.com\\\/es\\\/#\\\/schema\\\/person\\\/7d931359380d442b7e8832cd0d6a2db0\"},\"description\":\"Descubre el Chirimoya Sound 2025 en Almu\u00f1\u00e9car: La H\u00fangara, Juana Carmona, Doble King y m\u00e1s en el Parque El Majuelo. Programaci\u00f3n, entradas y toda la informaci\u00f3n del festival flamenco de la Costa Tropical.\",\"breadcrumb\":{\"@id\":\"https:\\\/\\\/discoveralmunecar.com\\\/es\\\/chirimoya-sound-2025-en-almunecar-festival-flamenco-en-la-costa-tropical\\\/#breadcrumb\"},\"inLanguage\":\"es\",\"potentialAction\":[{\"@type\":\"ReadAction\",\"target\":[\"https:\\\/\\\/discoveralmunecar.com\\\/es\\\/chirimoya-sound-2025-en-almunecar-festival-flamenco-en-la-costa-tropical\\\/\"]}]},{\"@type\":\"ImageObject\",\"inLanguage\":\"es\",\"@id\":\"https:\\\/\\\/discoveralmunecar.com\\\/es\\\/chirimoya-sound-2025-en-almunecar-festival-flamenco-en-la-costa-tropical\\\/#primaryimage\",\"url\":\"https:\\\/\\\/discoveralmunecar.com\\\/wp-content\\\/uploads\\\/2025\\\/08\\\/Portada.webp\",\"contentUrl\":\"https:\\\/\\\/discoveralmunecar.com\\\/wp-content\\\/uploads\\\/2025\\\/08\\\/Portada.webp\",\"width\":2304,\"height\":717},{\"@type\":\"BreadcrumbList\",\"@id\":\"https:\\\/\\\/discoveralmunecar.com\\\/es\\\/chirimoya-sound-2025-en-almunecar-festival-flamenco-en-la-costa-tropical\\\/#breadcrumb\",\"itemListElement\":[{\"@type\":\"ListItem\",\"position\":1,\"name\":\"Home\",\"item\":\"https:\\\/\\\/discoveralmunecar.com\\\/es\\\/\"},{\"@type\":\"ListItem\",\"position\":2,\"name\":\"Chirimoya Sound 2025 en Almu\u00f1\u00e9car: Festival Flamenco en la Costa Tropical\"}]},{\"@type\":\"WebSite\",\"@id\":\"https:\\\/\\\/discoveralmunecar.com\\\/es\\\/#website\",\"url\":\"https:\\\/\\\/discoveralmunecar.com\\\/es\\\/\",\"name\":\"\",\"description\":\"Just another WordPress site\\n\",\"potentialAction\":[{\"@type\":\"SearchAction\",\"target\":{\"@type\":\"EntryPoint\",\"urlTemplate\":\"https:\\\/\\\/discoveralmunecar.com\\\/es\\\/?s={search_term_string}\"},\"query-input\":{\"@type\":\"PropertyValueSpecification\",\"valueRequired\":true,\"valueName\":\"search_term_string\"}}],\"inLanguage\":\"es\"},{\"@type\":\"Person\",\"@id\":\"https:\\\/\\\/discoveralmunecar.com\\\/es\\\/#\\\/schema\\\/person\\\/7d931359380d442b7e8832cd0d6a2db0\",\"name\":\"Admin\",\"image\":{\"@type\":\"ImageObject\",\"inLanguage\":\"es\",\"@id\":\"https:\\\/\\\/secure.gravatar.com\\\/avatar\\\/87aff11e22fb9eda78c606aa27a60cd99fc49aac3a2cf4688b14253df494fd22?s=96&d=mm&r=g\",\"url\":\"https:\\\/\\\/secure.gravatar.com\\\/avatar\\\/87aff11e22fb9eda78c606aa27a60cd99fc49aac3a2cf4688b14253df494fd22?s=96&d=mm&r=g\",\"contentUrl\":\"https:\\\/\\\/secure.gravatar.com\\\/avatar\\\/87aff11e22fb9eda78c606aa27a60cd99fc49aac3a2cf4688b14253df494fd22?s=96&d=mm&r=g\",\"caption\":\"Admin\"},\"url\":\"https:\\\/\\\/discoveralmunecar.com\\\/es\\\/author\\\/pedro-espinosa\\\/\"}]}<\/script>\n<!-- \/ Yoast SEO plugin. -->","yoast_head_json":{"title":"Chirimoya Sound Almu\u00f1\u00e9car 2025 | Festival Flamenco en la Costa Tropical","description":"Descubre el Chirimoya Sound 2025 en Almu\u00f1\u00e9car: La H\u00fangara, Juana Carmona, Doble King y m\u00e1s en el Parque El Majuelo. Programaci\u00f3n, entradas y toda la informaci\u00f3n del festival flamenco de la Costa Tropical.","robots":{"index":"index","follow":"follow","max-snippet":"max-snippet:-1","max-image-preview":"max-image-preview:large","max-video-preview":"max-video-preview:-1"},"canonical":"https:\/\/discoveralmunecar.com\/es\/chirimoya-sound-2025-en-almunecar-festival-flamenco-en-la-costa-tropical\/","og_locale":"es_ES","og_type":"article","og_title":"Chirimoya Sound Almu\u00f1\u00e9car 2025 | Festival Flamenco en la Costa Tropical","og_description":"Descubre el Chirimoya Sound 2025 en Almu\u00f1\u00e9car: La H\u00fangara, Juana Carmona, Doble King y m\u00e1s en el Parque El Majuelo. Programaci\u00f3n, entradas y toda la informaci\u00f3n del festival flamenco de la Costa Tropical.","og_url":"https:\/\/discoveralmunecar.com\/es\/chirimoya-sound-2025-en-almunecar-festival-flamenco-en-la-costa-tropical\/","article_published_time":"2025-08-21T08:25:08+00:00","article_modified_time":"2025-08-21T08:32:13+00:00","og_image":[{"width":2304,"height":717,"url":"https:\/\/discoveralmunecar.com\/wp-content\/uploads\/2025\/08\/Portada.webp","type":"image\/webp"}],"author":"Admin","twitter_card":"summary_large_image","twitter_misc":{"Escrito por":"Admin","Tiempo de lectura":"5 minutos"},"schema":{"@context":"https:\/\/schema.org","@graph":[{"@type":"Article","@id":"https:\/\/discoveralmunecar.com\/es\/chirimoya-sound-2025-en-almunecar-festival-flamenco-en-la-costa-tropical\/#article","isPartOf":{"@id":"https:\/\/discoveralmunecar.com\/es\/chirimoya-sound-2025-en-almunecar-festival-flamenco-en-la-costa-tropical\/"},"author":{"name":"Admin","@id":"https:\/\/discoveralmunecar.com\/es\/#\/schema\/person\/7d931359380d442b7e8832cd0d6a2db0"},"headline":"Chirimoya Sound 2025 en Almu\u00f1\u00e9car: Festival Flamenco en la Costa Tropical","datePublished":"2025-08-21T08:25:08+00:00","dateModified":"2025-08-21T08:32:13+00:00","mainEntityOfPage":{"@id":"https:\/\/discoveralmunecar.com\/es\/chirimoya-sound-2025-en-almunecar-festival-flamenco-en-la-costa-tropical\/"},"wordCount":913,"commentCount":0,"image":{"@id":"https:\/\/discoveralmunecar.com\/es\/chirimoya-sound-2025-en-almunecar-festival-flamenco-en-la-costa-tropical\/#primaryimage"},"thumbnailUrl":"https:\/\/discoveralmunecar.com\/wp-content\/uploads\/2025\/08\/Portada.webp","articleSection":["Agenda cultural de Almu\u00f1ecar","Cultura en Almu\u00f1ecar","Eventos en Almu\u00f1\u00e9car","Qu\u00e9 hacer"],"inLanguage":"es","potentialAction":[{"@type":"CommentAction","name":"Comment","target":["https:\/\/discoveralmunecar.com\/es\/chirimoya-sound-2025-en-almunecar-festival-flamenco-en-la-costa-tropical\/#respond"]}]},{"@type":"WebPage","@id":"https:\/\/discoveralmunecar.com\/es\/chirimoya-sound-2025-en-almunecar-festival-flamenco-en-la-costa-tropical\/","url":"https:\/\/discoveralmunecar.com\/es\/chirimoya-sound-2025-en-almunecar-festival-flamenco-en-la-costa-tropical\/","name":"Chirimoya Sound Almu\u00f1\u00e9car 2025 | Festival Flamenco en la Costa Tropical","isPartOf":{"@id":"https:\/\/discoveralmunecar.com\/es\/#website"},"primaryImageOfPage":{"@id":"https:\/\/discoveralmunecar.com\/es\/chirimoya-sound-2025-en-almunecar-festival-flamenco-en-la-costa-tropical\/#primaryimage"},"image":{"@id":"https:\/\/discoveralmunecar.com\/es\/chirimoya-sound-2025-en-almunecar-festival-flamenco-en-la-costa-tropical\/#primaryimage"},"thumbnailUrl":"https:\/\/discoveralmunecar.com\/wp-content\/uploads\/2025\/08\/Portada.webp","datePublished":"2025-08-21T08:25:08+00:00","dateModified":"2025-08-21T08:32:13+00:00","author":{"@id":"https:\/\/discoveralmunecar.com\/es\/#\/schema\/person\/7d931359380d442b7e8832cd0d6a2db0"},"description":"Descubre el Chirimoya Sound 2025 en Almu\u00f1\u00e9car: La H\u00fangara, Juana Carmona, Doble King y m\u00e1s en el Parque El Majuelo. Programaci\u00f3n, entradas y toda la informaci\u00f3n del festival flamenco de la Costa Tropical.","breadcrumb":{"@id":"https:\/\/discoveralmunecar.com\/es\/chirimoya-sound-2025-en-almunecar-festival-flamenco-en-la-costa-tropical\/#breadcrumb"},"inLanguage":"es","potentialAction":[{"@type":"ReadAction","target":["https:\/\/discoveralmunecar.com\/es\/chirimoya-sound-2025-en-almunecar-festival-flamenco-en-la-costa-tropical\/"]}]},{"@type":"ImageObject","inLanguage":"es","@id":"https:\/\/discoveralmunecar.com\/es\/chirimoya-sound-2025-en-almunecar-festival-flamenco-en-la-costa-tropical\/#primaryimage","url":"https:\/\/discoveralmunecar.com\/wp-content\/uploads\/2025\/08\/Portada.webp","contentUrl":"https:\/\/discoveralmunecar.com\/wp-content\/uploads\/2025\/08\/Portada.webp","width":2304,"height":717},{"@type":"BreadcrumbList","@id":"https:\/\/discoveralmunecar.com\/es\/chirimoya-sound-2025-en-almunecar-festival-flamenco-en-la-costa-tropical\/#breadcrumb","itemListElement":[{"@type":"ListItem","position":1,"name":"Home","item":"https:\/\/discoveralmunecar.com\/es\/"},{"@type":"ListItem","position":2,"name":"Chirimoya Sound 2025 en Almu\u00f1\u00e9car: Festival Flamenco en la Costa Tropical"}]},{"@type":"WebSite","@id":"https:\/\/discoveralmunecar.com\/es\/#website","url":"https:\/\/discoveralmunecar.com\/es\/","name":"","description":"Just another WordPress site\n","potentialAction":[{"@type":"SearchAction","target":{"@type":"EntryPoint","urlTemplate":"https:\/\/discoveralmunecar.com\/es\/?s={search_term_string}"},"query-input":{"@type":"PropertyValueSpecification","valueRequired":true,"valueName":"search_term_string"}}],"inLanguage":"es"},{"@type":"Person","@id":"https:\/\/discoveralmunecar.com\/es\/#\/schema\/person\/7d931359380d442b7e8832cd0d6a2db0","name":"Admin","image":{"@type":"ImageObject","inLanguage":"es","@id":"https:\/\/secure.gravatar.com\/avatar\/87aff11e22fb9eda78c606aa27a60cd99fc49aac3a2cf4688b14253df494fd22?s=96&d=mm&r=g","url":"https:\/\/secure.gravatar.com\/avatar\/87aff11e22fb9eda78c606aa27a60cd99fc49aac3a2cf4688b14253df494fd22?s=96&d=mm&r=g","contentUrl":"https:\/\/secure.gravatar.com\/avatar\/87aff11e22fb9eda78c606aa27a60cd99fc49aac3a2cf4688b14253df494fd22?s=96&d=mm&r=g","caption":"Admin"},"url":"https:\/\/discoveralmunecar.com\/es\/author\/pedro-espinosa\/"}]}},"_links":{"self":[{"href":"https:\/\/discoveralmunecar.com\/es\/wp-json\/wp\/v2\/posts\/19916","targetHints":{"allow":["GET"]}}],"collection":[{"href":"https:\/\/discoveralmunecar.com\/es\/wp-json\/wp\/v2\/posts"}],"about":[{"href":"https:\/\/discoveralmunecar.com\/es\/wp-json\/wp\/v2\/types\/post"}],"author":[{"embeddable":true,"href":"https:\/\/discoveralmunecar.com\/es\/wp-json\/wp\/v2\/users\/2"}],"replies":[{"embeddable":true,"href":"https:\/\/discoveralmunecar.com\/es\/wp-json\/wp\/v2\/comments?post=19916"}],"version-history":[{"count":2,"href":"https:\/\/discoveralmunecar.com\/es\/wp-json\/wp\/v2\/posts\/19916\/revisions"}],"predecessor-version":[{"id":19922,"href":"https:\/\/discoveralmunecar.com\/es\/wp-json\/wp\/v2\/posts\/19916\/revisions\/19922"}],"wp:featuredmedia":[{"embeddable":true,"href":"https:\/\/discoveralmunecar.com\/es\/wp-json\/wp\/v2\/media\/19909"}],"wp:attachment":[{"href":"https:\/\/discoveralmunecar.com\/es\/wp-json\/wp\/v2\/media?parent=19916"}],"wp:term":[{"taxonomy":"category","embeddable":true,"href":"https:\/\/discoveralmunecar.com\/es\/wp-json\/wp\/v2\/categories?post=19916"},{"taxonomy":"post_tag","embeddable":true,"href":"https:\/\/discoveralmunecar.com\/es\/wp-json\/wp\/v2\/tags?post=19916"}],"curies":[{"name":"wp","href":"https:\/\/api.w.org\/{rel}","templated":true}]}}