{"id":20017,"date":"2025-08-31T18:02:31","date_gmt":"2025-08-31T18:02:31","guid":{"rendered":"https:\/\/discoveralmunecar.com\/?p=20017"},"modified":"2025-08-31T19:03:36","modified_gmt":"2025-08-31T19:03:36","slug":"%f0%9f%8e%ad-festival-de-teatro-greco-latino-2025-tradicion-y-cultura-en-escena","status":"publish","type":"post","link":"https:\/\/discoveralmunecar.com\/es\/%f0%9f%8e%ad-festival-de-teatro-greco-latino-2025-tradicion-y-cultura-en-escena\/","title":{"rendered":"\ud83c\udfad Festival de Teatro Greco-Latino 2025: tradici\u00f3n y cultura en escena"},"content":{"rendered":"<p>[vc_row full_width=&#8221;stretch_row_content&#8221; awb_type=&#8221;video&#8221; awb_video_mobile=&#8221;1&#8243; css=&#8221;.vc_custom_1725450231208{padding-top: 750px !important;}&#8221; awb_video_mp4=&#8221;17898&#8243;][vc_column][\/vc_column][\/vc_row][vc_row][vc_column][vc_empty_space][vc_empty_space]<div class=\"text-block\" ><div class=\"simple-text \"><h3 data-start=\"730\" data-end=\"780\">\ud83d\udcd6 La historia que nos conecta con el pasado<\/h3>\n<p data-start=\"781\" data-end=\"1347\">El <strong data-start=\"784\" data-end=\"845\">Festival de Teatro Greco-Latino \u201cSexi Firmum Iulium\u201d 2025<\/strong> en Almu\u00f1\u00e9car sigue fiel a su esp\u00edritu de revivir las obras cl\u00e1sicas en un entorno hist\u00f3rico \u00fanico. Creado en el a\u00f1o 2000 para difundir el patrimonio arqueol\u00f3gico cl\u00e1sico, hoy se ha convertido en una de las grandes citas culturales de Andaluc\u00eda. En esta XVII edici\u00f3n, el festival vuelve con estrenos recientes y grandes nombres de la escena nacional, consolid\u00e1ndose como una propuesta imprescindible en la Costa Tropical (<a class=\"decorated-link\" href=\"https:\/\/sexifirmumiulium.com\/?utm_source=chatgpt.com\" target=\"_new\" rel=\"noopener\" data-start=\"1267\" data-end=\"1343\">sexifirmumiulium.com<\/a>).<\/p>\n<\/div><\/div>[vc_empty_space][vc_empty_space][vc_single_image image=&#8221;20033&#8243; img_size=&#8221;full&#8221;][vc_empty_space]<div class=\"text-block\" ><div class=\"simple-text \"><h3 data-start=\"1349\" data-end=\"1387\">\ud83c\udfac El programa del Festival 2025<\/h3>\n<p data-start=\"1388\" data-end=\"1505\">El <strong data-start=\"1391\" data-end=\"1426\">Auditorio del Parque El Majuelo<\/strong> ser\u00e1, del 4 al 7 de septiembre, el escenario del siguiente programa oficial:<\/p>\n<ul>\n<li data-start=\"1509\" data-end=\"1598\">\ud83c\udfad <strong data-start=\"1512\" data-end=\"1531\">4 de septiembre<\/strong> \u2013 <em data-start=\"1534\" data-end=\"1561\">La Comedia de la Cestilla<\/em> (<em data-start=\"1563\" data-end=\"1571\">Plauto<\/em>), por Arthistri\u00f3n Teatro<\/li>\n<li data-start=\"1509\" data-end=\"1598\">\ud83d\udc51 <strong data-start=\"1604\" data-end=\"1623\">5 de septiembre<\/strong> \u2013 <em data-start=\"1626\" data-end=\"1635\">Electra<\/em>, con <strong data-start=\"1641\" data-end=\"1655\">Mar\u00eda Le\u00f3n<\/strong> y <strong data-start=\"1658\" data-end=\"1675\">Elisa Matilla<\/strong> (estreno en M\u00e9rida 2025)<\/li>\n<li data-start=\"1509\" data-end=\"1598\">\ud83d\ude02 <strong data-start=\"1708\" data-end=\"1727\">6 de septiembre<\/strong> \u2013 <em data-start=\"1730\" data-end=\"1744\">Los Hermanos<\/em> (<em data-start=\"1746\" data-end=\"1756\">Terencio<\/em>), con <strong data-start=\"1763\" data-end=\"1778\">Pep\u00f3n Nieto<\/strong> y <strong data-start=\"1781\" data-end=\"1795\">Eva Isanta<\/strong> (estreno en M\u00e9rida 2025)<\/li>\n<li data-start=\"1509\" data-end=\"1598\">\ud83c\udfdb\ufe0f <strong data-start=\"1829\" data-end=\"1848\">7 de septiembre<\/strong> \u2013 <em data-start=\"1851\" data-end=\"1862\">Orestiada<\/em> (<em data-start=\"1864\" data-end=\"1873\">Esquilo<\/em>), montaje estrenado en el Teatro de la Abad\u00eda en 2025<\/li>\n<\/ul>\n<p data-start=\"1931\" data-end=\"2285\">Este cartel re\u00fane comedias, tragedias y versiones modernas de la literatura cl\u00e1sica, ofreciendo una experiencia esc\u00e9nica de primer nivel (<a class=\"decorated-link\" href=\"https:\/\/diariosexitano.com\/2025\/08\/05\/almunecar-presenta-su-xvii-festival-de-teatro-grecolatino-sexi-firmum-iulium-con-una-propuesta-de-estrenos-llegados-desde-merida\/?utm_source=chatgpt.com\" target=\"_new\" rel=\"noopener\" data-start=\"2069\" data-end=\"2281\">diariosexitano.com<\/a>).<\/p>\n<\/div><\/div>[vc_empty_space][vc_empty_space][vc_single_image image=&#8221;20038&#8243; img_size=&#8221;full&#8221;][vc_empty_space]<div class=\"text-block\" ><div class=\"simple-text \"><h3 data-start=\"2287\" data-end=\"2336\">\ud83c\udf1f Actores, directores y equipos art\u00edsticos<\/h3>\n<p data-start=\"2337\" data-end=\"2962\">El gran salto de calidad de esta edici\u00f3n llega con la participaci\u00f3n de int\u00e9rpretes de renombre como <strong data-start=\"2437\" data-end=\"2492\">Mar\u00eda Le\u00f3n, Elisa Matilla, Pep\u00f3n Nieto y Eva Isanta<\/strong>, acompa\u00f1ados por j\u00f3venes compa\u00f1\u00edas y montajes premiados. Bajo la direcci\u00f3n de <strong data-start=\"2571\" data-end=\"2590\">Antonio Cantudo<\/strong>, se unen escen\u00f3grafos, figurinistas y m\u00fasicos que enriquecen cada obra con un dise\u00f1o visual y sonoro espectacular. Adem\u00e1s, el festival promueve encuentros y coloquios que permiten al p\u00fablico conocer de cerca el trabajo de los artistas (<a class=\"decorated-link\" href=\"https:\/\/discoveralmunecar.com\/es\/festival-de-teatro-grecolatino-de-almunecar-2-024\/?utm_source=chatgpt.com\" target=\"_new\" rel=\"noopener\" data-start=\"2827\" data-end=\"2958\">discoveralmunecar.com<\/a>).<\/p>\n<\/div><\/div>[vc_empty_space]<div class=\"text-block\" ><div class=\"simple-text \"><h3 data-start=\"2964\" data-end=\"2995\">\ud83c\udf9f\ufe0f Abonos y precios 2025<\/h3>\n<p data-start=\"2996\" data-end=\"3077\">Los precios para esta edici\u00f3n est\u00e1n pensados para que la cultura sea accesible:<\/p>\n<ul>\n<li data-start=\"3081\" data-end=\"3143\">\ud83c\udfab <strong data-start=\"3084\" data-end=\"3106\">Entrada individual<\/strong>: 15 \u20ac para funciones profesionales<\/li>\n<li data-start=\"3081\" data-end=\"3143\">\ud83c\udfad <strong data-start=\"3149\" data-end=\"3203\">Funci\u00f3n no profesional (La Comedia de la Cestilla)<\/strong>: 7 \u20ac<\/li>\n<li data-start=\"3081\" data-end=\"3143\">\ud83c\udf9f\ufe0f <strong data-start=\"3217\" data-end=\"3248\">Abono para las cuatro obras<\/strong>: 40 \u20ac<\/li>\n<\/ul>\n<p data-start=\"3258\" data-end=\"3552\">Las entradas se pueden adquirir en <strong data-start=\"3293\" data-end=\"3310\">BravoEntradas<\/strong>, en la <strong data-start=\"3318\" data-end=\"3353\">Casa de la Cultura de Almu\u00f1\u00e9car<\/strong> y en <strong data-start=\"3359\" data-end=\"3380\">Azulmarino Viajes<\/strong>. M\u00e1s informaci\u00f3n en <a class=\"decorated-link\" href=\"https:\/\/culturaclasica.com\/el-martes-18-de-agosto-se-abre-la-venta-individual-del-xvii-sexi-firmum-iulium\/?utm_source=chatgpt.com\" target=\"_new\" rel=\"noopener\" data-start=\"3401\" data-end=\"3549\">Cultura Cl\u00e1sica<\/a>.<\/p>\n<\/div><\/div>[vc_empty_space]<div class=\"text-block\" ><div class=\"simple-text \"><h3 data-start=\"3554\" data-end=\"3592\">\ud83d\ude8c C\u00f3mo desplazarse en Almu\u00f1\u00e9car<\/h3>\n<p data-start=\"3593\" data-end=\"4108\">Moverse durante el festival es f\u00e1cil y c\u00f3modo. El <strong data-start=\"3643\" data-end=\"3678\">Auditorio del Parque El Majuelo<\/strong> est\u00e1 en pleno centro, accesible a pie desde la mayor\u00eda de hoteles y alojamientos tur\u00edsticos. Para trayectos m\u00e1s largos, Almu\u00f1\u00e9car dispone de <strong data-start=\"3820\" data-end=\"3841\">autobuses urbanos<\/strong>, <strong data-start=\"3843\" data-end=\"3852\">taxis<\/strong> y alquiler de bicicletas o patinetes el\u00e9ctricos. El casco hist\u00f3rico, con joyas como el <strong data-start=\"3940\" data-end=\"3966\">Castillo de San Miguel<\/strong> y el <strong data-start=\"3972\" data-end=\"3993\">Parque El Majuelo<\/strong>, es perfecto para pasear antes o despu\u00e9s de la funci\u00f3n (<a class=\"decorated-link cursor-pointer\" target=\"_new\" rel=\"noopener\" data-start=\"4050\" data-end=\"4104\">turismoalmunecar.es<\/a>).<\/p>\n<\/div><\/div>[vc_empty_space][vc_empty_space][vc_single_image image=&#8221;20043&#8243; img_size=&#8221;full&#8221;][vc_empty_space]<div class=\"text-block\" ><div class=\"simple-text \"><h3 data-start=\"4110\" data-end=\"4139\">\ud83c\udfb6 Mucho m\u00e1s que teatro<\/h3>\n<p data-start=\"4140\" data-end=\"4517\">El <strong data-start=\"4143\" data-end=\"4189\">Festival Greco-Latino \u201cSexi Firmum Iulium\u201d<\/strong> es m\u00e1s que un evento teatral: es una experiencia cultural completa. Conciertos, lecturas dramatizadas y visitas guiadas al patrimonio arqueol\u00f3gico enriquecen cada jornada. Una oportunidad \u00fanica de vivir arte, historia y tradici\u00f3n en un entorno que combina la magia del teatro cl\u00e1sico con el encanto mediterr\u00e1neo de Almu\u00f1\u00e9car.<\/p>\n<\/div><\/div>[\/vc_column][\/vc_row]<\/p>\n","protected":false},"excerpt":{"rendered":"<p>[vc_row full_width=&#8221;stretch_row_content&#8221; awb_type=&#8221;video&#8221; awb_video_mobile=&#8221;1&#8243; css=&#8221;.vc_custom_1725450231208{padding-top: 750px !important;}&#8221; awb_video_mp4=&#8221;17898&#8243;][vc_column][\/vc_column][\/vc_row][vc_row][vc_column][vc_empty_space][vc_empty_space][vc_empty_space][vc_empty_space][vc_single_image image=&#8221;20033&#8243; img_size=&#8221;full&#8221;][vc_empty_space][vc_empty_space][vc_empty_space][vc_single_image image=&#8221;20038&#8243; img_size=&#8221;full&#8221;][vc_empty_space][vc_empty_space][vc_empty_space][vc_empty_space][vc_empty_space][vc_single_image image=&#8221;20043&#8243; img_size=&#8221;full&#8221;][vc_empty_space][\/vc_column][\/vc_row]<\/p>\n","protected":false},"author":2,"featured_media":20028,"comment_status":"open","ping_status":"closed","sticky":false,"template":"","format":"standard","meta":{"footnotes":""},"categories":[267,266,9],"tags":[],"class_list":["post-20017","post","type-post","status-publish","format-standard","has-post-thumbnail","hentry","category-agenda-cultural-de-almunecar","category-cultura-en-almunecar","category-eventos-en-almunecar"],"yoast_head":"<!-- This site is optimized with the Yoast SEO plugin v27.3 - https:\/\/yoast.com\/product\/yoast-seo-wordpress\/ -->\n<title>Festival de Teatro Greco-Latino 2025 en Almu\u00f1\u00e9car | Sexi Firmum Iulium \u2013 Programa y Entradas<\/title>\n<meta name=\"description\" content=\"Descubre el Festival Greco-Latino \u201cSexi Firmum Iulium\u201d 2025 en Almu\u00f1\u00e9car: cuatro obras profesionales de estreno, entradas desde 7 \u20ac, abonos por 40 \u20ac. Vive una experiencia de turismo cultural en la Costa Tropical.\" \/>\n<meta name=\"robots\" content=\"index, follow, max-snippet:-1, max-image-preview:large, max-video-preview:-1\" \/>\n<link rel=\"canonical\" href=\"https:\/\/discoveralmunecar.com\/es\/%f0%9f%8e%ad-festival-de-teatro-greco-latino-2025-tradicion-y-cultura-en-escena\/\" \/>\n<meta property=\"og:locale\" content=\"es_ES\" \/>\n<meta property=\"og:type\" content=\"article\" \/>\n<meta property=\"og:title\" content=\"Festival de Teatro Greco-Latino 2025 en Almu\u00f1\u00e9car | Sexi Firmum Iulium \u2013 Programa y Entradas\" \/>\n<meta property=\"og:description\" content=\"Descubre el Festival Greco-Latino \u201cSexi Firmum Iulium\u201d 2025 en Almu\u00f1\u00e9car: cuatro obras profesionales de estreno, entradas desde 7 \u20ac, abonos por 40 \u20ac. Vive una experiencia de turismo cultural en la Costa Tropical.\" \/>\n<meta property=\"og:url\" content=\"https:\/\/discoveralmunecar.com\/es\/%f0%9f%8e%ad-festival-de-teatro-greco-latino-2025-tradicion-y-cultura-en-escena\/\" \/>\n<meta property=\"article:published_time\" content=\"2025-08-31T18:02:31+00:00\" \/>\n<meta property=\"article:modified_time\" content=\"2025-08-31T19:03:36+00:00\" \/>\n<meta property=\"og:image\" content=\"https:\/\/discoveralmunecar.com\/wp-content\/uploads\/2025\/08\/Teatro2-1@0.5x.webp\" \/>\n\t<meta property=\"og:image:width\" content=\"1920\" \/>\n\t<meta property=\"og:image:height\" content=\"1080\" \/>\n\t<meta property=\"og:image:type\" content=\"image\/webp\" \/>\n<meta name=\"author\" content=\"Admin\" \/>\n<meta name=\"twitter:card\" content=\"summary_large_image\" \/>\n<meta name=\"twitter:label1\" content=\"Escrito por\" \/>\n\t<meta name=\"twitter:data1\" content=\"Admin\" \/>\n\t<meta name=\"twitter:label2\" content=\"Tiempo de lectura\" \/>\n\t<meta name=\"twitter:data2\" content=\"4 minutos\" \/>\n<script type=\"application\/ld+json\" class=\"yoast-schema-graph\">{\"@context\":\"https:\\\/\\\/schema.org\",\"@graph\":[{\"@type\":\"Article\",\"@id\":\"https:\\\/\\\/discoveralmunecar.com\\\/es\\\/%f0%9f%8e%ad-festival-de-teatro-greco-latino-2025-tradicion-y-cultura-en-escena\\\/#article\",\"isPartOf\":{\"@id\":\"https:\\\/\\\/discoveralmunecar.com\\\/es\\\/%f0%9f%8e%ad-festival-de-teatro-greco-latino-2025-tradicion-y-cultura-en-escena\\\/\"},\"author\":{\"name\":\"Admin\",\"@id\":\"https:\\\/\\\/discoveralmunecar.com\\\/es\\\/#\\\/schema\\\/person\\\/7d931359380d442b7e8832cd0d6a2db0\"},\"headline\":\"\ud83c\udfad Festival de Teatro Greco-Latino 2025: tradici\u00f3n y cultura en escena\",\"datePublished\":\"2025-08-31T18:02:31+00:00\",\"dateModified\":\"2025-08-31T19:03:36+00:00\",\"mainEntityOfPage\":{\"@id\":\"https:\\\/\\\/discoveralmunecar.com\\\/es\\\/%f0%9f%8e%ad-festival-de-teatro-greco-latino-2025-tradicion-y-cultura-en-escena\\\/\"},\"wordCount\":656,\"commentCount\":0,\"image\":{\"@id\":\"https:\\\/\\\/discoveralmunecar.com\\\/es\\\/%f0%9f%8e%ad-festival-de-teatro-greco-latino-2025-tradicion-y-cultura-en-escena\\\/#primaryimage\"},\"thumbnailUrl\":\"https:\\\/\\\/discoveralmunecar.com\\\/wp-content\\\/uploads\\\/2025\\\/08\\\/Teatro2-1@0.5x.webp\",\"articleSection\":[\"Agenda cultural de Almu\u00f1ecar\",\"Cultura en Almu\u00f1ecar\",\"Eventos en Almu\u00f1\u00e9car\"],\"inLanguage\":\"es\",\"potentialAction\":[{\"@type\":\"CommentAction\",\"name\":\"Comment\",\"target\":[\"https:\\\/\\\/discoveralmunecar.com\\\/es\\\/%f0%9f%8e%ad-festival-de-teatro-greco-latino-2025-tradicion-y-cultura-en-escena\\\/#respond\"]}]},{\"@type\":\"WebPage\",\"@id\":\"https:\\\/\\\/discoveralmunecar.com\\\/es\\\/%f0%9f%8e%ad-festival-de-teatro-greco-latino-2025-tradicion-y-cultura-en-escena\\\/\",\"url\":\"https:\\\/\\\/discoveralmunecar.com\\\/es\\\/%f0%9f%8e%ad-festival-de-teatro-greco-latino-2025-tradicion-y-cultura-en-escena\\\/\",\"name\":\"Festival de Teatro Greco-Latino 2025 en Almu\u00f1\u00e9car | Sexi Firmum Iulium \u2013 Programa y Entradas\",\"isPartOf\":{\"@id\":\"https:\\\/\\\/discoveralmunecar.com\\\/es\\\/#website\"},\"primaryImageOfPage\":{\"@id\":\"https:\\\/\\\/discoveralmunecar.com\\\/es\\\/%f0%9f%8e%ad-festival-de-teatro-greco-latino-2025-tradicion-y-cultura-en-escena\\\/#primaryimage\"},\"image\":{\"@id\":\"https:\\\/\\\/discoveralmunecar.com\\\/es\\\/%f0%9f%8e%ad-festival-de-teatro-greco-latino-2025-tradicion-y-cultura-en-escena\\\/#primaryimage\"},\"thumbnailUrl\":\"https:\\\/\\\/discoveralmunecar.com\\\/wp-content\\\/uploads\\\/2025\\\/08\\\/Teatro2-1@0.5x.webp\",\"datePublished\":\"2025-08-31T18:02:31+00:00\",\"dateModified\":\"2025-08-31T19:03:36+00:00\",\"author\":{\"@id\":\"https:\\\/\\\/discoveralmunecar.com\\\/es\\\/#\\\/schema\\\/person\\\/7d931359380d442b7e8832cd0d6a2db0\"},\"description\":\"Descubre el Festival Greco-Latino \u201cSexi Firmum Iulium\u201d 2025 en Almu\u00f1\u00e9car: cuatro obras profesionales de estreno, entradas desde 7 \u20ac, abonos por 40 \u20ac. Vive una experiencia de turismo cultural en la Costa Tropical.\",\"breadcrumb\":{\"@id\":\"https:\\\/\\\/discoveralmunecar.com\\\/es\\\/%f0%9f%8e%ad-festival-de-teatro-greco-latino-2025-tradicion-y-cultura-en-escena\\\/#breadcrumb\"},\"inLanguage\":\"es\",\"potentialAction\":[{\"@type\":\"ReadAction\",\"target\":[\"https:\\\/\\\/discoveralmunecar.com\\\/es\\\/%f0%9f%8e%ad-festival-de-teatro-greco-latino-2025-tradicion-y-cultura-en-escena\\\/\"]}]},{\"@type\":\"ImageObject\",\"inLanguage\":\"es\",\"@id\":\"https:\\\/\\\/discoveralmunecar.com\\\/es\\\/%f0%9f%8e%ad-festival-de-teatro-greco-latino-2025-tradicion-y-cultura-en-escena\\\/#primaryimage\",\"url\":\"https:\\\/\\\/discoveralmunecar.com\\\/wp-content\\\/uploads\\\/2025\\\/08\\\/Teatro2-1@0.5x.webp\",\"contentUrl\":\"https:\\\/\\\/discoveralmunecar.com\\\/wp-content\\\/uploads\\\/2025\\\/08\\\/Teatro2-1@0.5x.webp\",\"width\":1920,\"height\":1080},{\"@type\":\"BreadcrumbList\",\"@id\":\"https:\\\/\\\/discoveralmunecar.com\\\/es\\\/%f0%9f%8e%ad-festival-de-teatro-greco-latino-2025-tradicion-y-cultura-en-escena\\\/#breadcrumb\",\"itemListElement\":[{\"@type\":\"ListItem\",\"position\":1,\"name\":\"Home\",\"item\":\"https:\\\/\\\/discoveralmunecar.com\\\/es\\\/\"},{\"@type\":\"ListItem\",\"position\":2,\"name\":\"\ud83c\udfad Festival de Teatro Greco-Latino 2025: tradici\u00f3n y cultura en escena\"}]},{\"@type\":\"WebSite\",\"@id\":\"https:\\\/\\\/discoveralmunecar.com\\\/es\\\/#website\",\"url\":\"https:\\\/\\\/discoveralmunecar.com\\\/es\\\/\",\"name\":\"\",\"description\":\"Just another WordPress site\\n\",\"potentialAction\":[{\"@type\":\"SearchAction\",\"target\":{\"@type\":\"EntryPoint\",\"urlTemplate\":\"https:\\\/\\\/discoveralmunecar.com\\\/es\\\/?s={search_term_string}\"},\"query-input\":{\"@type\":\"PropertyValueSpecification\",\"valueRequired\":true,\"valueName\":\"search_term_string\"}}],\"inLanguage\":\"es\"},{\"@type\":\"Person\",\"@id\":\"https:\\\/\\\/discoveralmunecar.com\\\/es\\\/#\\\/schema\\\/person\\\/7d931359380d442b7e8832cd0d6a2db0\",\"name\":\"Admin\",\"image\":{\"@type\":\"ImageObject\",\"inLanguage\":\"es\",\"@id\":\"https:\\\/\\\/secure.gravatar.com\\\/avatar\\\/87aff11e22fb9eda78c606aa27a60cd99fc49aac3a2cf4688b14253df494fd22?s=96&d=mm&r=g\",\"url\":\"https:\\\/\\\/secure.gravatar.com\\\/avatar\\\/87aff11e22fb9eda78c606aa27a60cd99fc49aac3a2cf4688b14253df494fd22?s=96&d=mm&r=g\",\"contentUrl\":\"https:\\\/\\\/secure.gravatar.com\\\/avatar\\\/87aff11e22fb9eda78c606aa27a60cd99fc49aac3a2cf4688b14253df494fd22?s=96&d=mm&r=g\",\"caption\":\"Admin\"},\"url\":\"https:\\\/\\\/discoveralmunecar.com\\\/es\\\/author\\\/pedro-espinosa\\\/\"}]}<\/script>\n<!-- \/ Yoast SEO plugin. -->","yoast_head_json":{"title":"Festival de Teatro Greco-Latino 2025 en Almu\u00f1\u00e9car | Sexi Firmum Iulium \u2013 Programa y Entradas","description":"Descubre el Festival Greco-Latino \u201cSexi Firmum Iulium\u201d 2025 en Almu\u00f1\u00e9car: cuatro obras profesionales de estreno, entradas desde 7 \u20ac, abonos por 40 \u20ac. Vive una experiencia de turismo cultural en la Costa Tropical.","robots":{"index":"index","follow":"follow","max-snippet":"max-snippet:-1","max-image-preview":"max-image-preview:large","max-video-preview":"max-video-preview:-1"},"canonical":"https:\/\/discoveralmunecar.com\/es\/%f0%9f%8e%ad-festival-de-teatro-greco-latino-2025-tradicion-y-cultura-en-escena\/","og_locale":"es_ES","og_type":"article","og_title":"Festival de Teatro Greco-Latino 2025 en Almu\u00f1\u00e9car | Sexi Firmum Iulium \u2013 Programa y Entradas","og_description":"Descubre el Festival Greco-Latino \u201cSexi Firmum Iulium\u201d 2025 en Almu\u00f1\u00e9car: cuatro obras profesionales de estreno, entradas desde 7 \u20ac, abonos por 40 \u20ac. Vive una experiencia de turismo cultural en la Costa Tropical.","og_url":"https:\/\/discoveralmunecar.com\/es\/%f0%9f%8e%ad-festival-de-teatro-greco-latino-2025-tradicion-y-cultura-en-escena\/","article_published_time":"2025-08-31T18:02:31+00:00","article_modified_time":"2025-08-31T19:03:36+00:00","og_image":[{"width":1920,"height":1080,"url":"https:\/\/discoveralmunecar.com\/wp-content\/uploads\/2025\/08\/Teatro2-1@0.5x.webp","type":"image\/webp"}],"author":"Admin","twitter_card":"summary_large_image","twitter_misc":{"Escrito por":"Admin","Tiempo de lectura":"4 minutos"},"schema":{"@context":"https:\/\/schema.org","@graph":[{"@type":"Article","@id":"https:\/\/discoveralmunecar.com\/es\/%f0%9f%8e%ad-festival-de-teatro-greco-latino-2025-tradicion-y-cultura-en-escena\/#article","isPartOf":{"@id":"https:\/\/discoveralmunecar.com\/es\/%f0%9f%8e%ad-festival-de-teatro-greco-latino-2025-tradicion-y-cultura-en-escena\/"},"author":{"name":"Admin","@id":"https:\/\/discoveralmunecar.com\/es\/#\/schema\/person\/7d931359380d442b7e8832cd0d6a2db0"},"headline":"\ud83c\udfad Festival de Teatro Greco-Latino 2025: tradici\u00f3n y cultura en escena","datePublished":"2025-08-31T18:02:31+00:00","dateModified":"2025-08-31T19:03:36+00:00","mainEntityOfPage":{"@id":"https:\/\/discoveralmunecar.com\/es\/%f0%9f%8e%ad-festival-de-teatro-greco-latino-2025-tradicion-y-cultura-en-escena\/"},"wordCount":656,"commentCount":0,"image":{"@id":"https:\/\/discoveralmunecar.com\/es\/%f0%9f%8e%ad-festival-de-teatro-greco-latino-2025-tradicion-y-cultura-en-escena\/#primaryimage"},"thumbnailUrl":"https:\/\/discoveralmunecar.com\/wp-content\/uploads\/2025\/08\/Teatro2-1@0.5x.webp","articleSection":["Agenda cultural de Almu\u00f1ecar","Cultura en Almu\u00f1ecar","Eventos en Almu\u00f1\u00e9car"],"inLanguage":"es","potentialAction":[{"@type":"CommentAction","name":"Comment","target":["https:\/\/discoveralmunecar.com\/es\/%f0%9f%8e%ad-festival-de-teatro-greco-latino-2025-tradicion-y-cultura-en-escena\/#respond"]}]},{"@type":"WebPage","@id":"https:\/\/discoveralmunecar.com\/es\/%f0%9f%8e%ad-festival-de-teatro-greco-latino-2025-tradicion-y-cultura-en-escena\/","url":"https:\/\/discoveralmunecar.com\/es\/%f0%9f%8e%ad-festival-de-teatro-greco-latino-2025-tradicion-y-cultura-en-escena\/","name":"Festival de Teatro Greco-Latino 2025 en Almu\u00f1\u00e9car | Sexi Firmum Iulium \u2013 Programa y Entradas","isPartOf":{"@id":"https:\/\/discoveralmunecar.com\/es\/#website"},"primaryImageOfPage":{"@id":"https:\/\/discoveralmunecar.com\/es\/%f0%9f%8e%ad-festival-de-teatro-greco-latino-2025-tradicion-y-cultura-en-escena\/#primaryimage"},"image":{"@id":"https:\/\/discoveralmunecar.com\/es\/%f0%9f%8e%ad-festival-de-teatro-greco-latino-2025-tradicion-y-cultura-en-escena\/#primaryimage"},"thumbnailUrl":"https:\/\/discoveralmunecar.com\/wp-content\/uploads\/2025\/08\/Teatro2-1@0.5x.webp","datePublished":"2025-08-31T18:02:31+00:00","dateModified":"2025-08-31T19:03:36+00:00","author":{"@id":"https:\/\/discoveralmunecar.com\/es\/#\/schema\/person\/7d931359380d442b7e8832cd0d6a2db0"},"description":"Descubre el Festival Greco-Latino \u201cSexi Firmum Iulium\u201d 2025 en Almu\u00f1\u00e9car: cuatro obras profesionales de estreno, entradas desde 7 \u20ac, abonos por 40 \u20ac. Vive una experiencia de turismo cultural en la Costa Tropical.","breadcrumb":{"@id":"https:\/\/discoveralmunecar.com\/es\/%f0%9f%8e%ad-festival-de-teatro-greco-latino-2025-tradicion-y-cultura-en-escena\/#breadcrumb"},"inLanguage":"es","potentialAction":[{"@type":"ReadAction","target":["https:\/\/discoveralmunecar.com\/es\/%f0%9f%8e%ad-festival-de-teatro-greco-latino-2025-tradicion-y-cultura-en-escena\/"]}]},{"@type":"ImageObject","inLanguage":"es","@id":"https:\/\/discoveralmunecar.com\/es\/%f0%9f%8e%ad-festival-de-teatro-greco-latino-2025-tradicion-y-cultura-en-escena\/#primaryimage","url":"https:\/\/discoveralmunecar.com\/wp-content\/uploads\/2025\/08\/Teatro2-1@0.5x.webp","contentUrl":"https:\/\/discoveralmunecar.com\/wp-content\/uploads\/2025\/08\/Teatro2-1@0.5x.webp","width":1920,"height":1080},{"@type":"BreadcrumbList","@id":"https:\/\/discoveralmunecar.com\/es\/%f0%9f%8e%ad-festival-de-teatro-greco-latino-2025-tradicion-y-cultura-en-escena\/#breadcrumb","itemListElement":[{"@type":"ListItem","position":1,"name":"Home","item":"https:\/\/discoveralmunecar.com\/es\/"},{"@type":"ListItem","position":2,"name":"\ud83c\udfad Festival de Teatro Greco-Latino 2025: tradici\u00f3n y cultura en escena"}]},{"@type":"WebSite","@id":"https:\/\/discoveralmunecar.com\/es\/#website","url":"https:\/\/discoveralmunecar.com\/es\/","name":"","description":"Just another WordPress site\n","potentialAction":[{"@type":"SearchAction","target":{"@type":"EntryPoint","urlTemplate":"https:\/\/discoveralmunecar.com\/es\/?s={search_term_string}"},"query-input":{"@type":"PropertyValueSpecification","valueRequired":true,"valueName":"search_term_string"}}],"inLanguage":"es"},{"@type":"Person","@id":"https:\/\/discoveralmunecar.com\/es\/#\/schema\/person\/7d931359380d442b7e8832cd0d6a2db0","name":"Admin","image":{"@type":"ImageObject","inLanguage":"es","@id":"https:\/\/secure.gravatar.com\/avatar\/87aff11e22fb9eda78c606aa27a60cd99fc49aac3a2cf4688b14253df494fd22?s=96&d=mm&r=g","url":"https:\/\/secure.gravatar.com\/avatar\/87aff11e22fb9eda78c606aa27a60cd99fc49aac3a2cf4688b14253df494fd22?s=96&d=mm&r=g","contentUrl":"https:\/\/secure.gravatar.com\/avatar\/87aff11e22fb9eda78c606aa27a60cd99fc49aac3a2cf4688b14253df494fd22?s=96&d=mm&r=g","caption":"Admin"},"url":"https:\/\/discoveralmunecar.com\/es\/author\/pedro-espinosa\/"}]}},"_links":{"self":[{"href":"https:\/\/discoveralmunecar.com\/es\/wp-json\/wp\/v2\/posts\/20017","targetHints":{"allow":["GET"]}}],"collection":[{"href":"https:\/\/discoveralmunecar.com\/es\/wp-json\/wp\/v2\/posts"}],"about":[{"href":"https:\/\/discoveralmunecar.com\/es\/wp-json\/wp\/v2\/types\/post"}],"author":[{"embeddable":true,"href":"https:\/\/discoveralmunecar.com\/es\/wp-json\/wp\/v2\/users\/2"}],"replies":[{"embeddable":true,"href":"https:\/\/discoveralmunecar.com\/es\/wp-json\/wp\/v2\/comments?post=20017"}],"version-history":[{"count":3,"href":"https:\/\/discoveralmunecar.com\/es\/wp-json\/wp\/v2\/posts\/20017\/revisions"}],"predecessor-version":[{"id":20047,"href":"https:\/\/discoveralmunecar.com\/es\/wp-json\/wp\/v2\/posts\/20017\/revisions\/20047"}],"wp:featuredmedia":[{"embeddable":true,"href":"https:\/\/discoveralmunecar.com\/es\/wp-json\/wp\/v2\/media\/20028"}],"wp:attachment":[{"href":"https:\/\/discoveralmunecar.com\/es\/wp-json\/wp\/v2\/media?parent=20017"}],"wp:term":[{"taxonomy":"category","embeddable":true,"href":"https:\/\/discoveralmunecar.com\/es\/wp-json\/wp\/v2\/categories?post=20017"},{"taxonomy":"post_tag","embeddable":true,"href":"https:\/\/discoveralmunecar.com\/es\/wp-json\/wp\/v2\/tags?post=20017"}],"curies":[{"name":"wp","href":"https:\/\/api.w.org\/{rel}","templated":true}]}}