{"id":22505,"date":"2026-09-01T11:09:41","date_gmt":"2026-09-01T11:09:41","guid":{"rendered":"https:\/\/discoveralmunecar.com\/?p=22505"},"modified":"2026-09-01T14:57:33","modified_gmt":"2026-09-01T14:57:33","slug":"teatro-grecolatino-almunecar-2026-programacion-y-cartelera","status":"publish","type":"post","link":"https:\/\/discoveralmunecar.com\/es\/teatro-grecolatino-almunecar-2026-programacion-y-cartelera\/","title":{"rendered":"Teatro Grecolatino Almu\u00f1\u00e9car 2026: programaci\u00f3n y cartelera"},"content":{"rendered":"<p>[vc_row][vc_column][vc_single_image image=&#8221;22487&#8243; img_size=&#8221;full&#8221;][vc_empty_space]<div class=\"text-block\" ><div class=\"simple-text \"><p class=\"PDq2pG_selectionAnchorContainer\" data-start=\"63\" data-end=\"586\">El <strong data-start=\"66\" data-end=\"106\">Teatro Grecolatino de Almu\u00f1\u00e9car 2026<\/strong> vuelve al <strong data-start=\"117\" data-end=\"138\">Parque El Majuelo<\/strong> con la XVIII edici\u00f3n del <strong data-start=\"164\" data-end=\"219\">Festival de Teatro Grecolatino \u201cSexi Firmum Iulium\u201d<\/strong>, una de las grandes citas culturales de la Costa Tropical. Almu\u00f1\u00e9car mantiene una estrecha relaci\u00f3n con la Antig\u00fcedad y con su pasado como <em data-start=\"359\" data-end=\"379\">Sexi Firmum Iulium<\/em>, la ciudad romana que forma parte de la historia del municipio. Durante cinco noches, el teatro cl\u00e1sico vuelve a cobrar vida en un entorno \u00fanico, combinando historia, patrimonio, cultura y Mediterr\u00e1neo. \ud83c\udffa\u2728<\/p>\n<h3 data-section-id=\"104tj69\" data-start=\"588\" data-end=\"629\">\ud83c\udf1f\ud83c\udfad Un festival muy especial en 2026<\/h3>\n<p data-start=\"631\" data-end=\"1204\">Del <strong data-start=\"635\" data-end=\"667\">2 al 6 de septiembre de 2026<\/strong>, el <strong data-start=\"672\" data-end=\"703\">Festival Sexi Firmum Iulium<\/strong> reunir\u00e1 en Almu\u00f1\u00e9car cinco propuestas teatrales inspiradas en los grandes cl\u00e1sicos de Grecia. La edici\u00f3n de este a\u00f1o incorpora adem\u00e1s una importante novedad: la participaci\u00f3n de <strong data-start=\"882\" data-end=\"913\">compa\u00f1\u00edas teatrales locales<\/strong>, que compartir\u00e1n programaci\u00f3n con producciones profesionales vinculadas al <strong data-start=\"989\" data-end=\"1043\">Festival Internacional de Teatro Cl\u00e1sico de M\u00e9rida<\/strong>. Eur\u00edpides, Arist\u00f3fanes y grandes personajes de la mitolog\u00eda cl\u00e1sica ser\u00e1n protagonistas de unas jornadas pensadas para disfrutar del teatro al aire libre. \ud83c\udf19\ud83c\udfad<\/p>\n<h3 data-section-id=\"1myofua\" data-start=\"1206\" data-end=\"1263\">\ud83d\udcdc\ud83c\udf9f\ufe0f Cartelera del Teatro Grecolatino Almu\u00f1\u00e9car 2026<\/h3>\n<p data-start=\"1265\" data-end=\"1522\"><strong data-start=\"1265\" data-end=\"1308\">1\ufe0f\u20e3 Mi\u00e9rcoles 2 de septiembre \u2014 <em data-start=\"1299\" data-end=\"1306\">Medea<\/em><\/strong><br data-start=\"1308\" data-end=\"1311\" \/>\ud83c\udfad <em data-start=\"1314\" data-end=\"1341\">Elenco Teatro | Almu\u00f1\u00e9car<\/em><br data-start=\"1341\" data-end=\"1344\" \/>La compa\u00f1\u00eda sexitana inaugura el festival con la conocida tragedia de <strong data-start=\"1414\" data-end=\"1427\">Eur\u00edpides<\/strong>, una historia de amor, traici\u00f3n y venganza que contin\u00faa emocionando al p\u00fablico siglos despu\u00e9s.<\/p>\n<p data-start=\"1524\" data-end=\"1756\"><strong data-start=\"1524\" data-end=\"1573\">2\ufe0f\u20e3 Jueves 3 de septiembre \u2014 <em data-start=\"1555\" data-end=\"1571\">La Tesmoforias<\/em><\/strong><br data-start=\"1573\" data-end=\"1576\" \/>\ud83c\udfad <em data-start=\"1579\" data-end=\"1612\">Segundo Acto Teatro | Almu\u00f1\u00e9car<\/em><br data-start=\"1612\" data-end=\"1615\" \/>La comedia de <strong data-start=\"1629\" data-end=\"1644\">Arist\u00f3fanes<\/strong> llega de la mano de otra compa\u00f1\u00eda local, aportando humor, s\u00e1tira y una mirada divertida sobre el mundo cl\u00e1sico.<\/p>\n<p data-start=\"1758\" data-end=\"1975\"><strong data-start=\"1758\" data-end=\"1812\">3\ufe0f\u20e3 Viernes 4 de septiembre \u2014 <em data-start=\"1790\" data-end=\"1810\">Jas\u00f3n y las Furias<\/em><\/strong><br data-start=\"1812\" data-end=\"1815\" \/>\ud83c\udfad <em data-start=\"1818\" data-end=\"1841\">Teatro del Noct\u00e1mbulo<\/em><br data-start=\"1841\" data-end=\"1844\" \/>Los mitos de Jas\u00f3n llegan al escenario de El Majuelo en una producci\u00f3n profesional que forma parte de la programaci\u00f3n del festival.<\/p>\n<p data-start=\"1977\" data-end=\"2209\"><strong data-start=\"1977\" data-end=\"2034\">4\ufe0f\u20e3 S\u00e1bado 5 de septiembre \u2014 <em data-start=\"2008\" data-end=\"2032\">Fedra en los infiernos<\/em><\/strong><br data-start=\"2034\" data-end=\"2037\" \/>\ud83c\udfad <em data-start=\"2040\" data-end=\"2088\">Lidia Bosch, Julio Pe\u00f1a y Alejandro Albarrac\u00edn<\/em><br data-start=\"2088\" data-end=\"2091\" \/>Una de las propuestas destacadas de esta edici\u00f3n, que llega a Almu\u00f1\u00e9car pocas semanas despu\u00e9s de su estreno en M\u00e9rida.<\/p>\n<p data-start=\"2211\" data-end=\"2452\"><strong data-start=\"2211\" data-end=\"2275\">5\ufe0f\u20e3 Domingo 6 de septiembre \u2014 <em data-start=\"2243\" data-end=\"2273\">Ant\u00edgona, la estirpe maldita<\/em><\/strong><br data-start=\"2275\" data-end=\"2278\" \/>\ud83c\udfad <em data-start=\"2281\" data-end=\"2315\">Atalaya Teatro | Ricardo Iniesta<\/em><br data-start=\"2315\" data-end=\"2318\" \/>La tragedia de Ant\u00edgona pondr\u00e1 el broche final al festival con una nueva propuesta de Atalaya Teatro dirigida por Ricardo Iniesta. \ud83c\udfdb\ufe0f<\/p>\n<h3 data-section-id=\"km9qke\" data-start=\"2454\" data-end=\"2496\"><img fetchpriority=\"high\" decoding=\"async\" class=\"alignnone size-large wp-image-22478\" src=\"https:\/\/discoveralmunecar.com\/wp-content\/uploads\/2026\/08\/DSC8587Teatro-Grecolatino-2025@0.5x-1620x1080.webp\" alt=\"\" width=\"1140\" height=\"760\" srcset=\"https:\/\/discoveralmunecar.com\/wp-content\/uploads\/2026\/08\/DSC8587Teatro-Grecolatino-2025@0.5x-1620x1080.webp 1620w, https:\/\/discoveralmunecar.com\/wp-content\/uploads\/2026\/08\/DSC8587Teatro-Grecolatino-2025@0.5x-300x200.webp 300w, https:\/\/discoveralmunecar.com\/wp-content\/uploads\/2026\/08\/DSC8587Teatro-Grecolatino-2025@0.5x-768x512.webp 768w, https:\/\/discoveralmunecar.com\/wp-content\/uploads\/2026\/08\/DSC8587Teatro-Grecolatino-2025@0.5x-1536x1024.webp 1536w, https:\/\/discoveralmunecar.com\/wp-content\/uploads\/2026\/08\/DSC8587Teatro-Grecolatino-2025@0.5x-2048x1365.webp 2048w, https:\/\/discoveralmunecar.com\/wp-content\/uploads\/2026\/08\/DSC8587Teatro-Grecolatino-2025@0.5x-500x333.webp 500w, https:\/\/discoveralmunecar.com\/wp-content\/uploads\/2026\/08\/DSC8587Teatro-Grecolatino-2025@0.5x-800x533.webp 800w, https:\/\/discoveralmunecar.com\/wp-content\/uploads\/2026\/08\/DSC8587Teatro-Grecolatino-2025@0.5x-1280x853.webp 1280w, https:\/\/discoveralmunecar.com\/wp-content\/uploads\/2026\/08\/DSC8587Teatro-Grecolatino-2025@0.5x-1920x1280.webp 1920w\" sizes=\"(max-width: 1140px) 100vw, 1140px\" \/><\/h3>\n<h3 data-section-id=\"km9qke\" data-start=\"2454\" data-end=\"2496\">\ud83d\udccd\ud83c\udf0a Teatro cl\u00e1sico bajo las estrellas<\/h3>\n<p data-start=\"2498\" data-end=\"2986\">El <strong data-start=\"2501\" data-end=\"2522\">Parque El Majuelo<\/strong> volver\u00e1 a convertirse en el escenario perfecto para disfrutar del teatro cl\u00e1sico en Almu\u00f1\u00e9car. Para quienes buscan <strong data-start=\"2638\" data-end=\"2678\">qu\u00e9 hacer en Almu\u00f1\u00e9car en septiembre<\/strong>, este festival ofrece una combinaci\u00f3n excepcional de cultura, historia y ocio en pleno centro de la ciudad. Adem\u00e1s, el entorno de El Majuelo permite disfrutar de una experiencia diferente, donde las grandes historias de la Antig\u00fcedad se encuentran con el paisaje y el ambiente mediterr\u00e1neo de Almu\u00f1\u00e9car. \u2728\ud83c\udf0a<\/p>\n<h3 data-section-id=\"1ygcxuu\" data-start=\"2988\" data-end=\"3035\">\ud83c\udf9f\ufe0f\ud83c\udffa Fechas, precios y toda la informaci\u00f3n<\/h3>\n<p data-start=\"3037\" data-end=\"3274\">\ud83d\udcc5 <strong data-start=\"3040\" data-end=\"3076\">Del 2 al 6 de septiembre de 2026<\/strong><br data-start=\"3076\" data-end=\"3079\" \/>\ud83d\udccd <strong data-start=\"3082\" data-end=\"3128\">Auditorio del Parque El Majuelo, Almu\u00f1\u00e9car<\/strong><br data-start=\"3128\" data-end=\"3131\" \/>\ud83c\udf9f\ufe0f <strong data-start=\"3135\" data-end=\"3171\">Abono para las cinco obras: 40 \u20ac<\/strong><br data-start=\"3171\" data-end=\"3174\" \/>\ud83c\udfab <strong data-start=\"3177\" data-end=\"3224\">Entradas para las obras profesionales: 15 \u20ac<\/strong><br data-start=\"3224\" data-end=\"3227\" \/>\ud83c\udfad <strong data-start=\"3230\" data-end=\"3274\">Entradas para las compa\u00f1\u00edas locales: 5 \u20ac<\/strong><\/p>\n<p data-start=\"3276\" data-end=\"3593\" data-is-last-node=\"\" data-is-only-node=\"\">El <strong data-start=\"3279\" data-end=\"3316\">Teatro Grecolatino Almu\u00f1\u00e9car 2026<\/strong> es una cita imprescindible para quienes quieren descubrir la cultura y el patrimonio de la ciudad de una forma diferente. Cinco noches, cinco obras y miles de a\u00f1os de historia se dan cita en El Majuelo para demostrar que los grandes cl\u00e1sicos siguen m\u00e1s vivos que nunca. \ud83c\udfdb\ufe0f\ud83c\udfad\u2728<\/p>\n<\/div><\/div>[\/vc_column][\/vc_row]<\/p>\n","protected":false},"excerpt":{"rendered":"<p>[vc_row][vc_column][vc_single_image image=&#8221;22487&#8243; img_size=&#8221;full&#8221;][vc_empty_space][\/vc_column][\/vc_row]<\/p>\n","protected":false},"author":2,"featured_media":22502,"comment_status":"open","ping_status":"closed","sticky":false,"template":"","format":"standard","meta":{"footnotes":""},"categories":[267,266,9],"tags":[],"class_list":["post-22505","post","type-post","status-publish","format-standard","has-post-thumbnail","hentry","category-agenda-cultural-de-almunecar","category-cultura-en-almunecar","category-eventos-en-almunecar"],"yoast_head":"<!-- This site is optimized with the Yoast SEO plugin v27.8 - https:\/\/yoast.com\/product\/yoast-seo-wordpress\/ -->\n<title>Teatro Grecolatino Almu\u00f1\u00e9car 2026: programaci\u00f3n y cartelera -<\/title>\n<meta name=\"robots\" content=\"index, follow, max-snippet:-1, max-image-preview:large, max-video-preview:-1\" \/>\n<link rel=\"canonical\" href=\"https:\/\/discoveralmunecar.com\/es\/teatro-grecolatino-almunecar-2026-programacion-y-cartelera\/\" \/>\n<meta property=\"og:locale\" content=\"es_ES\" \/>\n<meta property=\"og:type\" content=\"article\" \/>\n<meta property=\"og:title\" content=\"Teatro Grecolatino Almu\u00f1\u00e9car 2026: programaci\u00f3n y cartelera -\" \/>\n<meta property=\"og:description\" content=\"[vc_row][vc_column][vc_single_image image=&#8221;22487&#8243; img_size=&#8221;full&#8221;][vc_empty_space][\/vc_column][\/vc_row]\" \/>\n<meta property=\"og:url\" content=\"https:\/\/discoveralmunecar.com\/es\/teatro-grecolatino-almunecar-2026-programacion-y-cartelera\/\" \/>\n<meta property=\"article:published_time\" content=\"2026-09-01T11:09:41+00:00\" \/>\n<meta property=\"article:modified_time\" content=\"2026-09-01T14:57:33+00:00\" \/>\n<meta property=\"og:image\" content=\"https:\/\/discoveralmunecar.com\/wp-content\/uploads\/2026\/08\/DSC8586Teatro-Grecolatino-2025@0.5x-2.webp\" \/>\n\t<meta property=\"og:image:width\" content=\"2331\" \/>\n\t<meta property=\"og:image:height\" content=\"1311\" \/>\n\t<meta property=\"og:image:type\" content=\"image\/webp\" \/>\n<meta name=\"author\" content=\"Admin\" \/>\n<meta name=\"twitter:card\" content=\"summary_large_image\" \/>\n<meta name=\"twitter:label1\" content=\"Escrito por\" \/>\n\t<meta name=\"twitter:data1\" content=\"Admin\" \/>\n\t<meta name=\"twitter:label2\" content=\"Tiempo de lectura\" \/>\n\t<meta name=\"twitter:data2\" content=\"3 minutos\" \/>\n<script type=\"application\/ld+json\" class=\"yoast-schema-graph\">{\"@context\":\"https:\\\/\\\/schema.org\",\"@graph\":[{\"@type\":\"Article\",\"@id\":\"https:\\\/\\\/discoveralmunecar.com\\\/es\\\/teatro-grecolatino-almunecar-2026-programacion-y-cartelera\\\/#article\",\"isPartOf\":{\"@id\":\"https:\\\/\\\/discoveralmunecar.com\\\/es\\\/teatro-grecolatino-almunecar-2026-programacion-y-cartelera\\\/\"},\"author\":{\"name\":\"Admin\",\"@id\":\"https:\\\/\\\/discoveralmunecar.com\\\/es\\\/#\\\/schema\\\/person\\\/7d931359380d442b7e8832cd0d6a2db0\"},\"headline\":\"Teatro Grecolatino Almu\u00f1\u00e9car 2026: programaci\u00f3n y cartelera\",\"datePublished\":\"2026-09-01T11:09:41+00:00\",\"dateModified\":\"2026-09-01T14:57:33+00:00\",\"mainEntityOfPage\":{\"@id\":\"https:\\\/\\\/discoveralmunecar.com\\\/es\\\/teatro-grecolatino-almunecar-2026-programacion-y-cartelera\\\/\"},\"wordCount\":589,\"commentCount\":0,\"image\":{\"@id\":\"https:\\\/\\\/discoveralmunecar.com\\\/es\\\/teatro-grecolatino-almunecar-2026-programacion-y-cartelera\\\/#primaryimage\"},\"thumbnailUrl\":\"https:\\\/\\\/discoveralmunecar.com\\\/wp-content\\\/uploads\\\/2026\\\/08\\\/DSC8586Teatro-Grecolatino-2025@0.5x-2.webp\",\"articleSection\":[\"Agenda cultural de Almu\u00f1ecar\",\"Cultura en Almu\u00f1ecar\",\"Eventos en Almu\u00f1\u00e9car\"],\"inLanguage\":\"es\",\"potentialAction\":[{\"@type\":\"CommentAction\",\"name\":\"Comment\",\"target\":[\"https:\\\/\\\/discoveralmunecar.com\\\/es\\\/teatro-grecolatino-almunecar-2026-programacion-y-cartelera\\\/#respond\"]}]},{\"@type\":\"WebPage\",\"@id\":\"https:\\\/\\\/discoveralmunecar.com\\\/es\\\/teatro-grecolatino-almunecar-2026-programacion-y-cartelera\\\/\",\"url\":\"https:\\\/\\\/discoveralmunecar.com\\\/es\\\/teatro-grecolatino-almunecar-2026-programacion-y-cartelera\\\/\",\"name\":\"Teatro Grecolatino Almu\u00f1\u00e9car 2026: programaci\u00f3n y cartelera -\",\"isPartOf\":{\"@id\":\"https:\\\/\\\/discoveralmunecar.com\\\/es\\\/#website\"},\"primaryImageOfPage\":{\"@id\":\"https:\\\/\\\/discoveralmunecar.com\\\/es\\\/teatro-grecolatino-almunecar-2026-programacion-y-cartelera\\\/#primaryimage\"},\"image\":{\"@id\":\"https:\\\/\\\/discoveralmunecar.com\\\/es\\\/teatro-grecolatino-almunecar-2026-programacion-y-cartelera\\\/#primaryimage\"},\"thumbnailUrl\":\"https:\\\/\\\/discoveralmunecar.com\\\/wp-content\\\/uploads\\\/2026\\\/08\\\/DSC8586Teatro-Grecolatino-2025@0.5x-2.webp\",\"datePublished\":\"2026-09-01T11:09:41+00:00\",\"dateModified\":\"2026-09-01T14:57:33+00:00\",\"author\":{\"@id\":\"https:\\\/\\\/discoveralmunecar.com\\\/es\\\/#\\\/schema\\\/person\\\/7d931359380d442b7e8832cd0d6a2db0\"},\"breadcrumb\":{\"@id\":\"https:\\\/\\\/discoveralmunecar.com\\\/es\\\/teatro-grecolatino-almunecar-2026-programacion-y-cartelera\\\/#breadcrumb\"},\"inLanguage\":\"es\",\"potentialAction\":[{\"@type\":\"ReadAction\",\"target\":[\"https:\\\/\\\/discoveralmunecar.com\\\/es\\\/teatro-grecolatino-almunecar-2026-programacion-y-cartelera\\\/\"]}]},{\"@type\":\"ImageObject\",\"inLanguage\":\"es\",\"@id\":\"https:\\\/\\\/discoveralmunecar.com\\\/es\\\/teatro-grecolatino-almunecar-2026-programacion-y-cartelera\\\/#primaryimage\",\"url\":\"https:\\\/\\\/discoveralmunecar.com\\\/wp-content\\\/uploads\\\/2026\\\/08\\\/DSC8586Teatro-Grecolatino-2025@0.5x-2.webp\",\"contentUrl\":\"https:\\\/\\\/discoveralmunecar.com\\\/wp-content\\\/uploads\\\/2026\\\/08\\\/DSC8586Teatro-Grecolatino-2025@0.5x-2.webp\",\"width\":2331,\"height\":1311},{\"@type\":\"BreadcrumbList\",\"@id\":\"https:\\\/\\\/discoveralmunecar.com\\\/es\\\/teatro-grecolatino-almunecar-2026-programacion-y-cartelera\\\/#breadcrumb\",\"itemListElement\":[{\"@type\":\"ListItem\",\"position\":1,\"name\":\"Home\",\"item\":\"https:\\\/\\\/discoveralmunecar.com\\\/es\\\/\"},{\"@type\":\"ListItem\",\"position\":2,\"name\":\"Teatro Grecolatino Almu\u00f1\u00e9car 2026: programaci\u00f3n y cartelera\"}]},{\"@type\":\"WebSite\",\"@id\":\"https:\\\/\\\/discoveralmunecar.com\\\/es\\\/#website\",\"url\":\"https:\\\/\\\/discoveralmunecar.com\\\/es\\\/\",\"name\":\"\",\"description\":\"Just another WordPress site\\n\",\"potentialAction\":[{\"@type\":\"SearchAction\",\"target\":{\"@type\":\"EntryPoint\",\"urlTemplate\":\"https:\\\/\\\/discoveralmunecar.com\\\/es\\\/?s={search_term_string}\"},\"query-input\":{\"@type\":\"PropertyValueSpecification\",\"valueRequired\":true,\"valueName\":\"search_term_string\"}}],\"inLanguage\":\"es\"},{\"@type\":\"Person\",\"@id\":\"https:\\\/\\\/discoveralmunecar.com\\\/es\\\/#\\\/schema\\\/person\\\/7d931359380d442b7e8832cd0d6a2db0\",\"name\":\"Admin\",\"image\":{\"@type\":\"ImageObject\",\"inLanguage\":\"es\",\"@id\":\"https:\\\/\\\/secure.gravatar.com\\\/avatar\\\/87aff11e22fb9eda78c606aa27a60cd99fc49aac3a2cf4688b14253df494fd22?s=96&d=mm&r=g\",\"url\":\"https:\\\/\\\/secure.gravatar.com\\\/avatar\\\/87aff11e22fb9eda78c606aa27a60cd99fc49aac3a2cf4688b14253df494fd22?s=96&d=mm&r=g\",\"contentUrl\":\"https:\\\/\\\/secure.gravatar.com\\\/avatar\\\/87aff11e22fb9eda78c606aa27a60cd99fc49aac3a2cf4688b14253df494fd22?s=96&d=mm&r=g\",\"caption\":\"Admin\"},\"url\":\"https:\\\/\\\/discoveralmunecar.com\\\/es\\\/author\\\/pedro-espinosa\\\/\"}]}<\/script>\n<!-- \/ Yoast SEO plugin. -->","yoast_head_json":{"title":"Teatro Grecolatino Almu\u00f1\u00e9car 2026: programaci\u00f3n y cartelera -","robots":{"index":"index","follow":"follow","max-snippet":"max-snippet:-1","max-image-preview":"max-image-preview:large","max-video-preview":"max-video-preview:-1"},"canonical":"https:\/\/discoveralmunecar.com\/es\/teatro-grecolatino-almunecar-2026-programacion-y-cartelera\/","og_locale":"es_ES","og_type":"article","og_title":"Teatro Grecolatino Almu\u00f1\u00e9car 2026: programaci\u00f3n y cartelera -","og_description":"[vc_row][vc_column][vc_single_image image=&#8221;22487&#8243; img_size=&#8221;full&#8221;][vc_empty_space][\/vc_column][\/vc_row]","og_url":"https:\/\/discoveralmunecar.com\/es\/teatro-grecolatino-almunecar-2026-programacion-y-cartelera\/","article_published_time":"2026-09-01T11:09:41+00:00","article_modified_time":"2026-09-01T14:57:33+00:00","og_image":[{"width":2331,"height":1311,"url":"https:\/\/discoveralmunecar.com\/wp-content\/uploads\/2026\/08\/DSC8586Teatro-Grecolatino-2025@0.5x-2.webp","type":"image\/webp"}],"author":"Admin","twitter_card":"summary_large_image","twitter_misc":{"Escrito por":"Admin","Tiempo de lectura":"3 minutos"},"schema":{"@context":"https:\/\/schema.org","@graph":[{"@type":"Article","@id":"https:\/\/discoveralmunecar.com\/es\/teatro-grecolatino-almunecar-2026-programacion-y-cartelera\/#article","isPartOf":{"@id":"https:\/\/discoveralmunecar.com\/es\/teatro-grecolatino-almunecar-2026-programacion-y-cartelera\/"},"author":{"name":"Admin","@id":"https:\/\/discoveralmunecar.com\/es\/#\/schema\/person\/7d931359380d442b7e8832cd0d6a2db0"},"headline":"Teatro Grecolatino Almu\u00f1\u00e9car 2026: programaci\u00f3n y cartelera","datePublished":"2026-09-01T11:09:41+00:00","dateModified":"2026-09-01T14:57:33+00:00","mainEntityOfPage":{"@id":"https:\/\/discoveralmunecar.com\/es\/teatro-grecolatino-almunecar-2026-programacion-y-cartelera\/"},"wordCount":589,"commentCount":0,"image":{"@id":"https:\/\/discoveralmunecar.com\/es\/teatro-grecolatino-almunecar-2026-programacion-y-cartelera\/#primaryimage"},"thumbnailUrl":"https:\/\/discoveralmunecar.com\/wp-content\/uploads\/2026\/08\/DSC8586Teatro-Grecolatino-2025@0.5x-2.webp","articleSection":["Agenda cultural de Almu\u00f1ecar","Cultura en Almu\u00f1ecar","Eventos en Almu\u00f1\u00e9car"],"inLanguage":"es","potentialAction":[{"@type":"CommentAction","name":"Comment","target":["https:\/\/discoveralmunecar.com\/es\/teatro-grecolatino-almunecar-2026-programacion-y-cartelera\/#respond"]}]},{"@type":"WebPage","@id":"https:\/\/discoveralmunecar.com\/es\/teatro-grecolatino-almunecar-2026-programacion-y-cartelera\/","url":"https:\/\/discoveralmunecar.com\/es\/teatro-grecolatino-almunecar-2026-programacion-y-cartelera\/","name":"Teatro Grecolatino Almu\u00f1\u00e9car 2026: programaci\u00f3n y cartelera -","isPartOf":{"@id":"https:\/\/discoveralmunecar.com\/es\/#website"},"primaryImageOfPage":{"@id":"https:\/\/discoveralmunecar.com\/es\/teatro-grecolatino-almunecar-2026-programacion-y-cartelera\/#primaryimage"},"image":{"@id":"https:\/\/discoveralmunecar.com\/es\/teatro-grecolatino-almunecar-2026-programacion-y-cartelera\/#primaryimage"},"thumbnailUrl":"https:\/\/discoveralmunecar.com\/wp-content\/uploads\/2026\/08\/DSC8586Teatro-Grecolatino-2025@0.5x-2.webp","datePublished":"2026-09-01T11:09:41+00:00","dateModified":"2026-09-01T14:57:33+00:00","author":{"@id":"https:\/\/discoveralmunecar.com\/es\/#\/schema\/person\/7d931359380d442b7e8832cd0d6a2db0"},"breadcrumb":{"@id":"https:\/\/discoveralmunecar.com\/es\/teatro-grecolatino-almunecar-2026-programacion-y-cartelera\/#breadcrumb"},"inLanguage":"es","potentialAction":[{"@type":"ReadAction","target":["https:\/\/discoveralmunecar.com\/es\/teatro-grecolatino-almunecar-2026-programacion-y-cartelera\/"]}]},{"@type":"ImageObject","inLanguage":"es","@id":"https:\/\/discoveralmunecar.com\/es\/teatro-grecolatino-almunecar-2026-programacion-y-cartelera\/#primaryimage","url":"https:\/\/discoveralmunecar.com\/wp-content\/uploads\/2026\/08\/DSC8586Teatro-Grecolatino-2025@0.5x-2.webp","contentUrl":"https:\/\/discoveralmunecar.com\/wp-content\/uploads\/2026\/08\/DSC8586Teatro-Grecolatino-2025@0.5x-2.webp","width":2331,"height":1311},{"@type":"BreadcrumbList","@id":"https:\/\/discoveralmunecar.com\/es\/teatro-grecolatino-almunecar-2026-programacion-y-cartelera\/#breadcrumb","itemListElement":[{"@type":"ListItem","position":1,"name":"Home","item":"https:\/\/discoveralmunecar.com\/es\/"},{"@type":"ListItem","position":2,"name":"Teatro Grecolatino Almu\u00f1\u00e9car 2026: programaci\u00f3n y cartelera"}]},{"@type":"WebSite","@id":"https:\/\/discoveralmunecar.com\/es\/#website","url":"https:\/\/discoveralmunecar.com\/es\/","name":"","description":"Just another WordPress site\n","potentialAction":[{"@type":"SearchAction","target":{"@type":"EntryPoint","urlTemplate":"https:\/\/discoveralmunecar.com\/es\/?s={search_term_string}"},"query-input":{"@type":"PropertyValueSpecification","valueRequired":true,"valueName":"search_term_string"}}],"inLanguage":"es"},{"@type":"Person","@id":"https:\/\/discoveralmunecar.com\/es\/#\/schema\/person\/7d931359380d442b7e8832cd0d6a2db0","name":"Admin","image":{"@type":"ImageObject","inLanguage":"es","@id":"https:\/\/secure.gravatar.com\/avatar\/87aff11e22fb9eda78c606aa27a60cd99fc49aac3a2cf4688b14253df494fd22?s=96&d=mm&r=g","url":"https:\/\/secure.gravatar.com\/avatar\/87aff11e22fb9eda78c606aa27a60cd99fc49aac3a2cf4688b14253df494fd22?s=96&d=mm&r=g","contentUrl":"https:\/\/secure.gravatar.com\/avatar\/87aff11e22fb9eda78c606aa27a60cd99fc49aac3a2cf4688b14253df494fd22?s=96&d=mm&r=g","caption":"Admin"},"url":"https:\/\/discoveralmunecar.com\/es\/author\/pedro-espinosa\/"}]}},"_links":{"self":[{"href":"https:\/\/discoveralmunecar.com\/es\/wp-json\/wp\/v2\/posts\/22505","targetHints":{"allow":["GET"]}}],"collection":[{"href":"https:\/\/discoveralmunecar.com\/es\/wp-json\/wp\/v2\/posts"}],"about":[{"href":"https:\/\/discoveralmunecar.com\/es\/wp-json\/wp\/v2\/types\/post"}],"author":[{"embeddable":true,"href":"https:\/\/discoveralmunecar.com\/es\/wp-json\/wp\/v2\/users\/2"}],"replies":[{"embeddable":true,"href":"https:\/\/discoveralmunecar.com\/es\/wp-json\/wp\/v2\/comments?post=22505"}],"version-history":[{"count":3,"href":"https:\/\/discoveralmunecar.com\/es\/wp-json\/wp\/v2\/posts\/22505\/revisions"}],"predecessor-version":[{"id":22509,"href":"https:\/\/discoveralmunecar.com\/es\/wp-json\/wp\/v2\/posts\/22505\/revisions\/22509"}],"wp:featuredmedia":[{"embeddable":true,"href":"https:\/\/discoveralmunecar.com\/es\/wp-json\/wp\/v2\/media\/22502"}],"wp:attachment":[{"href":"https:\/\/discoveralmunecar.com\/es\/wp-json\/wp\/v2\/media?parent=22505"}],"wp:term":[{"taxonomy":"category","embeddable":true,"href":"https:\/\/discoveralmunecar.com\/es\/wp-json\/wp\/v2\/categories?post=22505"},{"taxonomy":"post_tag","embeddable":true,"href":"https:\/\/discoveralmunecar.com\/es\/wp-json\/wp\/v2\/tags?post=22505"}],"curies":[{"name":"wp","href":"https:\/\/api.w.org\/{rel}","templated":true}]}}