{"id":22623,"date":"2026-09-02T11:41:18","date_gmt":"2026-09-02T11:41:18","guid":{"rendered":"https:\/\/discoveralmunecar.com\/?p=22623"},"modified":"2026-09-02T13:29:00","modified_gmt":"2026-09-02T13:29:00","slug":"la-vuelta-a-espana-2026-sale-de-almunecar-carlos-rodriguez-corre-en-casa-ante-su-publico","status":"publish","type":"post","link":"https:\/\/discoveralmunecar.com\/es\/la-vuelta-a-espana-2026-sale-de-almunecar-carlos-rodriguez-corre-en-casa-ante-su-publico\/","title":{"rendered":"La Vuelta a Espa\u00f1a 2026 sale de Almu\u00f1\u00e9car: Carlos Rodr\u00edguez corre en casa ante su p\u00fablico"},"content":{"rendered":"<div class=\"flex max-w-full flex-col gap-4 grow\">\n<div class=\"min-h-8 text-message relative flex w-full flex-col items-end gap-2 text-start break-words whitespace-normal outline-none keyboard-focused:focus-ring [.text-message+&amp;]:mt-1\" dir=\"auto\" tabindex=\"0\" data-message-author-role=\"assistant\" data-message-id=\"7544a246-25ab-41f5-ae0b-487ed18ef2d6\" data-message-model-slug=\"gpt-5-6-mini\" data-turn-start-message=\"true\">\n<div class=\"flex w-full flex-col gap-1 empty:hidden\">\n<div class=\"markdown prose dark:prose-invert wrap-break-word w-full light markdown-new-styling\">\n<div class=\"flex max-w-full flex-col gap-4 grow\">\n<div class=\"min-h-8 text-message relative flex w-full flex-col items-end gap-2 text-start break-words whitespace-normal outline-none keyboard-focused:focus-ring [.text-message+&amp;]:mt-1\" dir=\"auto\" tabindex=\"0\" data-message-author-role=\"assistant\" data-message-id=\"7544a246-25ab-41f5-ae0b-487ed18ef2d6\" data-message-model-slug=\"gpt-5-6-mini\" data-turn-start-message=\"true\">\n<div class=\"flex w-full flex-col gap-1 empty:hidden\"><\/div>\n<\/div>\n<\/div>\n<div class=\"z-0 flex min-h-[46px] justify-start\">\n<div class=\"z-0 flex min-h-[46px] justify-start\">\n<div class=\"flex max-w-full flex-col gap-4 grow\">\n<div class=\"min-h-8 text-message relative flex w-full flex-col items-end gap-2 text-start break-words whitespace-normal outline-none keyboard-focused:focus-ring [.text-message+&amp;]:mt-1\" dir=\"auto\" tabindex=\"0\" data-message-author-role=\"assistant\" data-message-id=\"5ca5cef7-15a3-43f9-873d-989189e219e1\" data-message-model-slug=\"gpt-5-6-mini\" data-turn-start-message=\"true\">\n<div class=\"flex w-full flex-col gap-1 empty:hidden\">\n<div class=\"markdown prose dark:prose-invert wrap-break-word w-full light markdown-new-styling\">\n<p class=\"PDq2pG_selectionAnchorContainer\" data-start=\"242\" data-end=\"462\">La <strong data-start=\"245\" data-end=\"269\">Vuelta a Espa\u00f1a 2026<\/strong> sale de <strong data-start=\"278\" data-end=\"291\">Almu\u00f1\u00e9car<\/strong> el pr\u00f3ximo viernes 4 de septiembre, en una jornada muy especial para la ciudad y para uno de sus grandes referentes deportivos: <strong data-start=\"420\" data-end=\"440\">Carlos Rodr\u00edguez<\/strong>, nacido en Almu\u00f1\u00e9car.<\/p>\n<p data-start=\"464\" data-end=\"726\">Por primera vez, la localidad ser\u00e1 salida de una etapa de La Vuelta. El momento tendr\u00e1 adem\u00e1s un significado especial porque el <strong data-start=\"592\" data-end=\"613\">ciclista sexitano<\/strong> podr\u00e1 comenzar una etapa de una gran vuelta desde su propia ciudad, rodeado de familiares, amigos y aficionados.<\/p>\n<h3 data-section-id=\"1ttkw9o\" data-start=\"729\" data-end=\"770\">\ud83d\udeb4 El Le\u00f3n de Almu\u00f1\u00e9car corre en casa<\/h3>\n<p data-start=\"772\" data-end=\"1013\">El <strong data-start=\"775\" data-end=\"793\">corredor local<\/strong> es una de las grandes figuras deportivas de Almu\u00f1\u00e9car. Su carrera profesional lo ha llevado a competir en las principales pruebas internacionales y a convertirse en uno de los nombres m\u00e1s conocidos del ciclismo espa\u00f1ol.<\/p>\n<p data-start=\"1015\" data-end=\"1139\">Ahora, la <strong data-start=\"1025\" data-end=\"1049\">Vuelta a Espa\u00f1a 2026<\/strong> le ofrece una imagen muy especial: ponerse en marcha desde las calles de su ciudad natal.<\/p>\n<h3 data-section-id=\"9ojkfs\" data-start=\"1142\" data-end=\"1207\">\ud83d\udccc Toda la informaci\u00f3n de la salida de La Vuelta en Almu\u00f1\u00e9car<\/h3>\n<blockquote data-start=\"1209\" data-end=\"1834\">\n<p data-start=\"1211\" data-end=\"1254\"><strong data-start=\"1211\" data-end=\"1254\">\ud83d\udeb4 LA VUELTA A ESPA\u00d1A 2026 EN ALMU\u00d1\u00c9CAR<\/strong><\/p>\n<p data-start=\"1259\" data-end=\"1618\">\ud83d\udcc5 <strong data-start=\"1262\" data-end=\"1272\">Fecha:<\/strong> viernes 4 de septiembre de 2026<br data-start=\"1304\" data-end=\"1307\" \/>\ud83d\udeb4 <strong data-start=\"1312\" data-end=\"1322\">Etapa:<\/strong> 13.\u00aa etapa<br data-start=\"1333\" data-end=\"1336\" \/>\ud83d\udccd <strong data-start=\"1341\" data-end=\"1352\">Salida:<\/strong> Almu\u00f1\u00e9car<br data-start=\"1362\" data-end=\"1365\" \/>\ud83c\udfc1 <strong data-start=\"1370\" data-end=\"1382\">Llegada:<\/strong> Loja<br data-start=\"1387\" data-end=\"1390\" \/>\ud83d\udccf <strong data-start=\"1395\" data-end=\"1409\">Distancia:<\/strong> 192,8 km<br data-start=\"1418\" data-end=\"1421\" \/>\u23f0 <strong data-start=\"1425\" data-end=\"1449\">Salida neutralizada:<\/strong> 12:20 h<br data-start=\"1457\" data-end=\"1460\" \/>\ud83d\udea6 <strong data-start=\"1465\" data-end=\"1484\">Salida oficial:<\/strong> aproximadamente 12:41 h<br data-start=\"1508\" data-end=\"1511\" \/>\ud83d\udee3\ufe0f <strong data-start=\"1517\" data-end=\"1539\">Direcci\u00f3n inicial:<\/strong> N-340 hacia Motril<br data-start=\"1558\" data-end=\"1561\" \/>\ud83c\udfc1 <strong data-start=\"1566\" data-end=\"1594\">Llegada estimada a Loja:<\/strong> aproximadamente 17:16 h<\/p>\n<p data-start=\"1623\" data-end=\"1834\">\ud83d\udc40 <strong data-start=\"1626\" data-end=\"1638\">Consejo:<\/strong> Si quieres ver a los ciclistas en directo, llega con antelaci\u00f3n. Se espera una gran presencia de aficionados y puede haber restricciones de tr\u00e1fico, cambios de acceso y dificultades para aparcar.<\/p>\n<\/blockquote>\n<h3 data-section-id=\"n9v6dh\" data-start=\"1837\" data-end=\"1904\">\u2764\ufe0f Una ciudad preparada para rendir homenaje a uno de los suyos<\/h3>\n<p data-start=\"1906\" data-end=\"2143\">La llegada de La Vuelta supone tambi\u00e9n un nuevo homenaje al <strong data-start=\"1966\" data-end=\"1991\">ciclista de Almu\u00f1\u00e9car<\/strong>. La ciudad ya reconoci\u00f3 sus grandes resultados deportivos y ahora tendr\u00e1 la oportunidad de celebrar su participaci\u00f3n en una etapa que comienza en casa.<\/p>\n<p data-start=\"2145\" data-end=\"2313\">Ser\u00e1 una jornada especial para el corredor y para toda la <strong data-start=\"2203\" data-end=\"2221\">Costa Tropical<\/strong>, con las calles de Almu\u00f1\u00e9car como escenario de una de las grandes citas deportivas del a\u00f1o.<\/p>\n<h3 data-section-id=\"bl5fy5\" data-start=\"2316\" data-end=\"2359\">\ud83c\udf34 Almu\u00f1\u00e9car, protagonista de La Vuelta<\/h3>\n<p data-start=\"2361\" data-end=\"2468\">Durante unas horas, <strong data-start=\"2381\" data-end=\"2394\">Almu\u00f1\u00e9car<\/strong> estar\u00e1 en el centro de la atenci\u00f3n del ciclismo nacional e internacional.<\/p>\n<p data-start=\"2470\" data-end=\"2676\">La salida permitir\u00e1 mostrar algunos de los grandes atractivos del municipio: el Mediterr\u00e1neo, sus playas, el casco hist\u00f3rico, el <strong data-start=\"2599\" data-end=\"2625\">Castillo de San Miguel<\/strong>, su gastronom\u00eda y el paisaje de la Costa Tropical.<\/p>\n<p data-start=\"2678\" data-end=\"2833\">Para quienes visiten la localidad con motivo de La Vuelta, tambi\u00e9n ser\u00e1 una buena oportunidad para quedarse unos d\u00edas y descubrir el destino con m\u00e1s calma.<\/p>\n<h3 data-section-id=\"1axgrf\" data-start=\"2836\" data-end=\"2862\">\ud83d\udeb5 De Almu\u00f1\u00e9car a Loja<\/h3>\n<p data-start=\"2864\" data-end=\"2933\">Los ciclistas recorrer\u00e1n <strong data-start=\"2889\" data-end=\"2909\">192,8 kil\u00f3metros<\/strong> entre Almu\u00f1\u00e9car y Loja.<\/p>\n<p data-start=\"2935\" data-end=\"3130\">La carrera saldr\u00e1 de la Costa Tropical en direcci\u00f3n a Motril y continuar\u00e1 hacia el interior de Granada. Ser\u00e1 una jornada con varios puertos y cambios de terreno antes de alcanzar la meta en Loja.<\/p>\n<h3 data-section-id=\"tbs0vb\" data-start=\"3133\" data-end=\"3186\">\ud83d\udccd Qu\u00e9 ver y hacer en Almu\u00f1\u00e9car durante La Vuelta<\/h3>\n<h4 data-start=\"3189\" data-end=\"3227\">\ud83c\udfd8\ufe0f Pasear por el casco hist\u00f3rico<\/h4>\n<p data-start=\"3229\" data-end=\"3339\">Recorre las calles del centro hist\u00f3rico y descubre algunos de los rincones con m\u00e1s tradici\u00f3n de <strong data-start=\"3325\" data-end=\"3338\">Almu\u00f1\u00e9car<\/strong>.<\/p>\n<h4 data-start=\"3342\" data-end=\"3383\">\ud83c\udff0 Visitar el Castillo de San Miguel<\/h4>\n<p data-start=\"3385\" data-end=\"3525\">El <strong data-start=\"3388\" data-end=\"3414\">Castillo de San Miguel<\/strong> es uno de los grandes s\u00edmbolos de la ciudad y ofrece unas excelentes vistas sobre Almu\u00f1\u00e9car y el Mediterr\u00e1neo.<\/p>\n<h4 data-start=\"3528\" data-end=\"3585\">\ud83c\udfd6\ufe0f Descubrir las playas de Almu\u00f1\u00e9car y La Herradura<\/h4>\n<p data-start=\"3587\" data-end=\"3679\">Despu\u00e9s de vivir la salida, puedes disfrutar de las <strong data-start=\"3639\" data-end=\"3678\">playas y calas de la Costa Tropical<\/strong>.<\/p>\n<h4 data-start=\"3682\" data-end=\"3718\">\ud83c\udf7d\ufe0f Probar la gastronom\u00eda local<\/h4>\n<p data-start=\"3720\" data-end=\"3833\">El pescado, los productos tropicales y la cocina tradicional forman parte de la experiencia de visitar Almu\u00f1\u00e9car.<\/p>\n<h3 data-section-id=\"1al2q8\" data-start=\"3836\" data-end=\"3865\">\ud83d\udeb4 Una tierra de ciclismo<\/h3>\n<p data-start=\"3867\" data-end=\"4035\">La combinaci\u00f3n de <strong data-start=\"3885\" data-end=\"3938\">mar, monta\u00f1a y carreteras con diferentes perfiles<\/strong> convierte a Almu\u00f1\u00e9car y la Costa Tropical en un entorno atractivo para los amantes del ciclismo.<\/p>\n<p data-start=\"4037\" data-end=\"4158\">La salida de La Vuelta refuerza adem\u00e1s la imagen de <strong data-start=\"4089\" data-end=\"4137\">Almu\u00f1\u00e9car como destino deportivo y tur\u00edstico<\/strong> durante todo el a\u00f1o.<\/p>\n<h3 data-section-id=\"xo27qp\" data-start=\"4161\" data-end=\"4199\">\ud83c\udf05 Un d\u00eda hist\u00f3rico para Almu\u00f1\u00e9car<\/h3>\n<p data-start=\"4201\" data-end=\"4278\">El <strong data-start=\"4204\" data-end=\"4231\">4 de septiembre de 2026<\/strong> quedar\u00e1 marcado en el calendario de la ciudad.<\/p>\n<p data-start=\"4280\" data-end=\"4508\">La Vuelta a Espa\u00f1a saldr\u00e1 por primera vez de Almu\u00f1\u00e9car y lo har\u00e1 con uno de los suyos en el pelot\u00f3n. Ver al <strong data-start=\"4388\" data-end=\"4413\">ciclista de Almu\u00f1\u00e9car<\/strong> tomar la salida desde su ciudad natal ser\u00e1 uno de los momentos m\u00e1s especiales de esta edici\u00f3n.<\/p>\n<p data-start=\"4510\" data-end=\"4603\">Si quieres descubrir <strong data-start=\"4531\" data-end=\"4564\">Almu\u00f1\u00e9car y la Costa Tropical<\/strong>, este es un buen momento para hacerlo.<\/p>\n<\/div>\n<\/div>\n<\/div>\n<\/div>\n<div class=\"z-0 flex min-h-[46px] justify-start\"><\/div>\n<div class=\"pointer-events-none -mb-px h-px w-full opacity-0\" aria-hidden=\"true\"><\/div>\n<\/div>\n<div class=\"pointer-events-none -mb-px h-px w-full opacity-0\" aria-hidden=\"true\"><\/div>\n<\/div>\n<div class=\"pointer-events-none -mb-px h-px w-full opacity-0\" aria-hidden=\"true\"><\/div>\n<\/div>\n<\/div>\n<\/div>\n<\/div>\n","protected":false},"excerpt":{"rendered":"<p>La Vuelta a Espa\u00f1a 2026 sale de Almu\u00f1\u00e9car el pr\u00f3ximo viernes 4 de septiembre, en una jornada muy especial para la ciudad y para uno de sus grandes referentes deportivos: Carlos Rodr\u00edguez, nacido en Almu\u00f1\u00e9car. Por primera vez, la localidad ser\u00e1 salida de una etapa de La Vuelta. El momento tendr\u00e1 adem\u00e1s un significado especial [&hellip;]<\/p>\n","protected":false},"author":2,"featured_media":22544,"comment_status":"open","ping_status":"closed","sticky":false,"template":"","format":"standard","meta":{"footnotes":""},"categories":[266,9],"tags":[],"class_list":["post-22623","post","type-post","status-publish","format-standard","has-post-thumbnail","hentry","category-cultura-en-almunecar","category-eventos-en-almunecar"],"yoast_head":"<!-- This site is optimized with the Yoast SEO plugin v27.8 - https:\/\/yoast.com\/product\/yoast-seo-wordpress\/ -->\n<title>La Vuelta a Espa\u00f1a 2026 sale de Almu\u00f1\u00e9car: Carlos Rodr\u00edguez corre en casa ante su p\u00fablico -<\/title>\n<meta name=\"robots\" content=\"index, follow, max-snippet:-1, max-image-preview:large, max-video-preview:-1\" \/>\n<link rel=\"canonical\" href=\"https:\/\/discoveralmunecar.com\/es\/la-vuelta-a-espana-2026-sale-de-almunecar-carlos-rodriguez-corre-en-casa-ante-su-publico\/\" \/>\n<meta property=\"og:locale\" content=\"es_ES\" \/>\n<meta property=\"og:type\" content=\"article\" \/>\n<meta property=\"og:title\" content=\"La Vuelta a Espa\u00f1a 2026 sale de Almu\u00f1\u00e9car: Carlos Rodr\u00edguez corre en casa ante su p\u00fablico -\" \/>\n<meta property=\"og:description\" content=\"La Vuelta a Espa\u00f1a 2026 sale de Almu\u00f1\u00e9car el pr\u00f3ximo viernes 4 de septiembre, en una jornada muy especial para la ciudad y para uno de sus grandes referentes deportivos: Carlos Rodr\u00edguez, nacido en Almu\u00f1\u00e9car. Por primera vez, la localidad ser\u00e1 salida de una etapa de La Vuelta. El momento tendr\u00e1 adem\u00e1s un significado especial [&hellip;]\" \/>\n<meta property=\"og:url\" content=\"https:\/\/discoveralmunecar.com\/es\/la-vuelta-a-espana-2026-sale-de-almunecar-carlos-rodriguez-corre-en-casa-ante-su-publico\/\" \/>\n<meta property=\"article:published_time\" content=\"2026-09-02T11:41:18+00:00\" \/>\n<meta property=\"article:modified_time\" content=\"2026-09-02T13:29:00+00:00\" \/>\n<meta property=\"og:image\" content=\"https:\/\/discoveralmunecar.com\/wp-content\/uploads\/2026\/08\/Ciclismo.webp\" \/>\n\t<meta property=\"og:image:width\" content=\"1584\" \/>\n\t<meta property=\"og:image:height\" content=\"672\" \/>\n\t<meta property=\"og:image:type\" content=\"image\/webp\" \/>\n<meta name=\"author\" content=\"Admin\" \/>\n<meta name=\"twitter:card\" content=\"summary_large_image\" \/>\n<meta name=\"twitter:label1\" content=\"Escrito por\" \/>\n\t<meta name=\"twitter:data1\" content=\"Admin\" \/>\n\t<meta name=\"twitter:label2\" content=\"Tiempo de lectura\" \/>\n\t<meta name=\"twitter:data2\" content=\"3 minutos\" \/>\n<script type=\"application\/ld+json\" class=\"yoast-schema-graph\">{\"@context\":\"https:\\\/\\\/schema.org\",\"@graph\":[{\"@type\":\"Article\",\"@id\":\"https:\\\/\\\/discoveralmunecar.com\\\/es\\\/la-vuelta-a-espana-2026-sale-de-almunecar-carlos-rodriguez-corre-en-casa-ante-su-publico\\\/#article\",\"isPartOf\":{\"@id\":\"https:\\\/\\\/discoveralmunecar.com\\\/es\\\/la-vuelta-a-espana-2026-sale-de-almunecar-carlos-rodriguez-corre-en-casa-ante-su-publico\\\/\"},\"author\":{\"name\":\"Admin\",\"@id\":\"https:\\\/\\\/discoveralmunecar.com\\\/es\\\/#\\\/schema\\\/person\\\/7d931359380d442b7e8832cd0d6a2db0\"},\"headline\":\"La Vuelta a Espa\u00f1a 2026 sale de Almu\u00f1\u00e9car: Carlos Rodr\u00edguez corre en casa ante su p\u00fablico\",\"datePublished\":\"2026-09-02T11:41:18+00:00\",\"dateModified\":\"2026-09-02T13:29:00+00:00\",\"mainEntityOfPage\":{\"@id\":\"https:\\\/\\\/discoveralmunecar.com\\\/es\\\/la-vuelta-a-espana-2026-sale-de-almunecar-carlos-rodriguez-corre-en-casa-ante-su-publico\\\/\"},\"wordCount\":744,\"commentCount\":0,\"image\":{\"@id\":\"https:\\\/\\\/discoveralmunecar.com\\\/es\\\/la-vuelta-a-espana-2026-sale-de-almunecar-carlos-rodriguez-corre-en-casa-ante-su-publico\\\/#primaryimage\"},\"thumbnailUrl\":\"https:\\\/\\\/discoveralmunecar.com\\\/wp-content\\\/uploads\\\/2026\\\/08\\\/Ciclismo.webp\",\"articleSection\":[\"Cultura en Almu\u00f1ecar\",\"Eventos en Almu\u00f1\u00e9car\"],\"inLanguage\":\"es\",\"potentialAction\":[{\"@type\":\"CommentAction\",\"name\":\"Comment\",\"target\":[\"https:\\\/\\\/discoveralmunecar.com\\\/es\\\/la-vuelta-a-espana-2026-sale-de-almunecar-carlos-rodriguez-corre-en-casa-ante-su-publico\\\/#respond\"]}]},{\"@type\":\"WebPage\",\"@id\":\"https:\\\/\\\/discoveralmunecar.com\\\/es\\\/la-vuelta-a-espana-2026-sale-de-almunecar-carlos-rodriguez-corre-en-casa-ante-su-publico\\\/\",\"url\":\"https:\\\/\\\/discoveralmunecar.com\\\/es\\\/la-vuelta-a-espana-2026-sale-de-almunecar-carlos-rodriguez-corre-en-casa-ante-su-publico\\\/\",\"name\":\"La Vuelta a Espa\u00f1a 2026 sale de Almu\u00f1\u00e9car: Carlos Rodr\u00edguez corre en casa ante su p\u00fablico -\",\"isPartOf\":{\"@id\":\"https:\\\/\\\/discoveralmunecar.com\\\/es\\\/#website\"},\"primaryImageOfPage\":{\"@id\":\"https:\\\/\\\/discoveralmunecar.com\\\/es\\\/la-vuelta-a-espana-2026-sale-de-almunecar-carlos-rodriguez-corre-en-casa-ante-su-publico\\\/#primaryimage\"},\"image\":{\"@id\":\"https:\\\/\\\/discoveralmunecar.com\\\/es\\\/la-vuelta-a-espana-2026-sale-de-almunecar-carlos-rodriguez-corre-en-casa-ante-su-publico\\\/#primaryimage\"},\"thumbnailUrl\":\"https:\\\/\\\/discoveralmunecar.com\\\/wp-content\\\/uploads\\\/2026\\\/08\\\/Ciclismo.webp\",\"datePublished\":\"2026-09-02T11:41:18+00:00\",\"dateModified\":\"2026-09-02T13:29:00+00:00\",\"author\":{\"@id\":\"https:\\\/\\\/discoveralmunecar.com\\\/es\\\/#\\\/schema\\\/person\\\/7d931359380d442b7e8832cd0d6a2db0\"},\"breadcrumb\":{\"@id\":\"https:\\\/\\\/discoveralmunecar.com\\\/es\\\/la-vuelta-a-espana-2026-sale-de-almunecar-carlos-rodriguez-corre-en-casa-ante-su-publico\\\/#breadcrumb\"},\"inLanguage\":\"es\",\"potentialAction\":[{\"@type\":\"ReadAction\",\"target\":[\"https:\\\/\\\/discoveralmunecar.com\\\/es\\\/la-vuelta-a-espana-2026-sale-de-almunecar-carlos-rodriguez-corre-en-casa-ante-su-publico\\\/\"]}]},{\"@type\":\"ImageObject\",\"inLanguage\":\"es\",\"@id\":\"https:\\\/\\\/discoveralmunecar.com\\\/es\\\/la-vuelta-a-espana-2026-sale-de-almunecar-carlos-rodriguez-corre-en-casa-ante-su-publico\\\/#primaryimage\",\"url\":\"https:\\\/\\\/discoveralmunecar.com\\\/wp-content\\\/uploads\\\/2026\\\/08\\\/Ciclismo.webp\",\"contentUrl\":\"https:\\\/\\\/discoveralmunecar.com\\\/wp-content\\\/uploads\\\/2026\\\/08\\\/Ciclismo.webp\",\"width\":1584,\"height\":672},{\"@type\":\"BreadcrumbList\",\"@id\":\"https:\\\/\\\/discoveralmunecar.com\\\/es\\\/la-vuelta-a-espana-2026-sale-de-almunecar-carlos-rodriguez-corre-en-casa-ante-su-publico\\\/#breadcrumb\",\"itemListElement\":[{\"@type\":\"ListItem\",\"position\":1,\"name\":\"Home\",\"item\":\"https:\\\/\\\/discoveralmunecar.com\\\/es\\\/\"},{\"@type\":\"ListItem\",\"position\":2,\"name\":\"La Vuelta a Espa\u00f1a 2026 sale de Almu\u00f1\u00e9car: Carlos Rodr\u00edguez corre en casa ante su p\u00fablico\"}]},{\"@type\":\"WebSite\",\"@id\":\"https:\\\/\\\/discoveralmunecar.com\\\/es\\\/#website\",\"url\":\"https:\\\/\\\/discoveralmunecar.com\\\/es\\\/\",\"name\":\"\",\"description\":\"Just another WordPress site\\n\",\"potentialAction\":[{\"@type\":\"SearchAction\",\"target\":{\"@type\":\"EntryPoint\",\"urlTemplate\":\"https:\\\/\\\/discoveralmunecar.com\\\/es\\\/?s={search_term_string}\"},\"query-input\":{\"@type\":\"PropertyValueSpecification\",\"valueRequired\":true,\"valueName\":\"search_term_string\"}}],\"inLanguage\":\"es\"},{\"@type\":\"Person\",\"@id\":\"https:\\\/\\\/discoveralmunecar.com\\\/es\\\/#\\\/schema\\\/person\\\/7d931359380d442b7e8832cd0d6a2db0\",\"name\":\"Admin\",\"image\":{\"@type\":\"ImageObject\",\"inLanguage\":\"es\",\"@id\":\"https:\\\/\\\/secure.gravatar.com\\\/avatar\\\/87aff11e22fb9eda78c606aa27a60cd99fc49aac3a2cf4688b14253df494fd22?s=96&d=mm&r=g\",\"url\":\"https:\\\/\\\/secure.gravatar.com\\\/avatar\\\/87aff11e22fb9eda78c606aa27a60cd99fc49aac3a2cf4688b14253df494fd22?s=96&d=mm&r=g\",\"contentUrl\":\"https:\\\/\\\/secure.gravatar.com\\\/avatar\\\/87aff11e22fb9eda78c606aa27a60cd99fc49aac3a2cf4688b14253df494fd22?s=96&d=mm&r=g\",\"caption\":\"Admin\"},\"url\":\"https:\\\/\\\/discoveralmunecar.com\\\/es\\\/author\\\/pedro-espinosa\\\/\"}]}<\/script>\n<!-- \/ Yoast SEO plugin. -->","yoast_head_json":{"title":"La Vuelta a Espa\u00f1a 2026 sale de Almu\u00f1\u00e9car: Carlos Rodr\u00edguez corre en casa ante su p\u00fablico -","robots":{"index":"index","follow":"follow","max-snippet":"max-snippet:-1","max-image-preview":"max-image-preview:large","max-video-preview":"max-video-preview:-1"},"canonical":"https:\/\/discoveralmunecar.com\/es\/la-vuelta-a-espana-2026-sale-de-almunecar-carlos-rodriguez-corre-en-casa-ante-su-publico\/","og_locale":"es_ES","og_type":"article","og_title":"La Vuelta a Espa\u00f1a 2026 sale de Almu\u00f1\u00e9car: Carlos Rodr\u00edguez corre en casa ante su p\u00fablico -","og_description":"La Vuelta a Espa\u00f1a 2026 sale de Almu\u00f1\u00e9car el pr\u00f3ximo viernes 4 de septiembre, en una jornada muy especial para la ciudad y para uno de sus grandes referentes deportivos: Carlos Rodr\u00edguez, nacido en Almu\u00f1\u00e9car. Por primera vez, la localidad ser\u00e1 salida de una etapa de La Vuelta. El momento tendr\u00e1 adem\u00e1s un significado especial [&hellip;]","og_url":"https:\/\/discoveralmunecar.com\/es\/la-vuelta-a-espana-2026-sale-de-almunecar-carlos-rodriguez-corre-en-casa-ante-su-publico\/","article_published_time":"2026-09-02T11:41:18+00:00","article_modified_time":"2026-09-02T13:29:00+00:00","og_image":[{"width":1584,"height":672,"url":"https:\/\/discoveralmunecar.com\/wp-content\/uploads\/2026\/08\/Ciclismo.webp","type":"image\/webp"}],"author":"Admin","twitter_card":"summary_large_image","twitter_misc":{"Escrito por":"Admin","Tiempo de lectura":"3 minutos"},"schema":{"@context":"https:\/\/schema.org","@graph":[{"@type":"Article","@id":"https:\/\/discoveralmunecar.com\/es\/la-vuelta-a-espana-2026-sale-de-almunecar-carlos-rodriguez-corre-en-casa-ante-su-publico\/#article","isPartOf":{"@id":"https:\/\/discoveralmunecar.com\/es\/la-vuelta-a-espana-2026-sale-de-almunecar-carlos-rodriguez-corre-en-casa-ante-su-publico\/"},"author":{"name":"Admin","@id":"https:\/\/discoveralmunecar.com\/es\/#\/schema\/person\/7d931359380d442b7e8832cd0d6a2db0"},"headline":"La Vuelta a Espa\u00f1a 2026 sale de Almu\u00f1\u00e9car: Carlos Rodr\u00edguez corre en casa ante su p\u00fablico","datePublished":"2026-09-02T11:41:18+00:00","dateModified":"2026-09-02T13:29:00+00:00","mainEntityOfPage":{"@id":"https:\/\/discoveralmunecar.com\/es\/la-vuelta-a-espana-2026-sale-de-almunecar-carlos-rodriguez-corre-en-casa-ante-su-publico\/"},"wordCount":744,"commentCount":0,"image":{"@id":"https:\/\/discoveralmunecar.com\/es\/la-vuelta-a-espana-2026-sale-de-almunecar-carlos-rodriguez-corre-en-casa-ante-su-publico\/#primaryimage"},"thumbnailUrl":"https:\/\/discoveralmunecar.com\/wp-content\/uploads\/2026\/08\/Ciclismo.webp","articleSection":["Cultura en Almu\u00f1ecar","Eventos en Almu\u00f1\u00e9car"],"inLanguage":"es","potentialAction":[{"@type":"CommentAction","name":"Comment","target":["https:\/\/discoveralmunecar.com\/es\/la-vuelta-a-espana-2026-sale-de-almunecar-carlos-rodriguez-corre-en-casa-ante-su-publico\/#respond"]}]},{"@type":"WebPage","@id":"https:\/\/discoveralmunecar.com\/es\/la-vuelta-a-espana-2026-sale-de-almunecar-carlos-rodriguez-corre-en-casa-ante-su-publico\/","url":"https:\/\/discoveralmunecar.com\/es\/la-vuelta-a-espana-2026-sale-de-almunecar-carlos-rodriguez-corre-en-casa-ante-su-publico\/","name":"La Vuelta a Espa\u00f1a 2026 sale de Almu\u00f1\u00e9car: Carlos Rodr\u00edguez corre en casa ante su p\u00fablico -","isPartOf":{"@id":"https:\/\/discoveralmunecar.com\/es\/#website"},"primaryImageOfPage":{"@id":"https:\/\/discoveralmunecar.com\/es\/la-vuelta-a-espana-2026-sale-de-almunecar-carlos-rodriguez-corre-en-casa-ante-su-publico\/#primaryimage"},"image":{"@id":"https:\/\/discoveralmunecar.com\/es\/la-vuelta-a-espana-2026-sale-de-almunecar-carlos-rodriguez-corre-en-casa-ante-su-publico\/#primaryimage"},"thumbnailUrl":"https:\/\/discoveralmunecar.com\/wp-content\/uploads\/2026\/08\/Ciclismo.webp","datePublished":"2026-09-02T11:41:18+00:00","dateModified":"2026-09-02T13:29:00+00:00","author":{"@id":"https:\/\/discoveralmunecar.com\/es\/#\/schema\/person\/7d931359380d442b7e8832cd0d6a2db0"},"breadcrumb":{"@id":"https:\/\/discoveralmunecar.com\/es\/la-vuelta-a-espana-2026-sale-de-almunecar-carlos-rodriguez-corre-en-casa-ante-su-publico\/#breadcrumb"},"inLanguage":"es","potentialAction":[{"@type":"ReadAction","target":["https:\/\/discoveralmunecar.com\/es\/la-vuelta-a-espana-2026-sale-de-almunecar-carlos-rodriguez-corre-en-casa-ante-su-publico\/"]}]},{"@type":"ImageObject","inLanguage":"es","@id":"https:\/\/discoveralmunecar.com\/es\/la-vuelta-a-espana-2026-sale-de-almunecar-carlos-rodriguez-corre-en-casa-ante-su-publico\/#primaryimage","url":"https:\/\/discoveralmunecar.com\/wp-content\/uploads\/2026\/08\/Ciclismo.webp","contentUrl":"https:\/\/discoveralmunecar.com\/wp-content\/uploads\/2026\/08\/Ciclismo.webp","width":1584,"height":672},{"@type":"BreadcrumbList","@id":"https:\/\/discoveralmunecar.com\/es\/la-vuelta-a-espana-2026-sale-de-almunecar-carlos-rodriguez-corre-en-casa-ante-su-publico\/#breadcrumb","itemListElement":[{"@type":"ListItem","position":1,"name":"Home","item":"https:\/\/discoveralmunecar.com\/es\/"},{"@type":"ListItem","position":2,"name":"La Vuelta a Espa\u00f1a 2026 sale de Almu\u00f1\u00e9car: Carlos Rodr\u00edguez corre en casa ante su p\u00fablico"}]},{"@type":"WebSite","@id":"https:\/\/discoveralmunecar.com\/es\/#website","url":"https:\/\/discoveralmunecar.com\/es\/","name":"","description":"Just another WordPress site\n","potentialAction":[{"@type":"SearchAction","target":{"@type":"EntryPoint","urlTemplate":"https:\/\/discoveralmunecar.com\/es\/?s={search_term_string}"},"query-input":{"@type":"PropertyValueSpecification","valueRequired":true,"valueName":"search_term_string"}}],"inLanguage":"es"},{"@type":"Person","@id":"https:\/\/discoveralmunecar.com\/es\/#\/schema\/person\/7d931359380d442b7e8832cd0d6a2db0","name":"Admin","image":{"@type":"ImageObject","inLanguage":"es","@id":"https:\/\/secure.gravatar.com\/avatar\/87aff11e22fb9eda78c606aa27a60cd99fc49aac3a2cf4688b14253df494fd22?s=96&d=mm&r=g","url":"https:\/\/secure.gravatar.com\/avatar\/87aff11e22fb9eda78c606aa27a60cd99fc49aac3a2cf4688b14253df494fd22?s=96&d=mm&r=g","contentUrl":"https:\/\/secure.gravatar.com\/avatar\/87aff11e22fb9eda78c606aa27a60cd99fc49aac3a2cf4688b14253df494fd22?s=96&d=mm&r=g","caption":"Admin"},"url":"https:\/\/discoveralmunecar.com\/es\/author\/pedro-espinosa\/"}]}},"_links":{"self":[{"href":"https:\/\/discoveralmunecar.com\/es\/wp-json\/wp\/v2\/posts\/22623","targetHints":{"allow":["GET"]}}],"collection":[{"href":"https:\/\/discoveralmunecar.com\/es\/wp-json\/wp\/v2\/posts"}],"about":[{"href":"https:\/\/discoveralmunecar.com\/es\/wp-json\/wp\/v2\/types\/post"}],"author":[{"embeddable":true,"href":"https:\/\/discoveralmunecar.com\/es\/wp-json\/wp\/v2\/users\/2"}],"replies":[{"embeddable":true,"href":"https:\/\/discoveralmunecar.com\/es\/wp-json\/wp\/v2\/comments?post=22623"}],"version-history":[{"count":1,"href":"https:\/\/discoveralmunecar.com\/es\/wp-json\/wp\/v2\/posts\/22623\/revisions"}],"predecessor-version":[{"id":22625,"href":"https:\/\/discoveralmunecar.com\/es\/wp-json\/wp\/v2\/posts\/22623\/revisions\/22625"}],"wp:featuredmedia":[{"embeddable":true,"href":"https:\/\/discoveralmunecar.com\/es\/wp-json\/wp\/v2\/media\/22544"}],"wp:attachment":[{"href":"https:\/\/discoveralmunecar.com\/es\/wp-json\/wp\/v2\/media?parent=22623"}],"wp:term":[{"taxonomy":"category","embeddable":true,"href":"https:\/\/discoveralmunecar.com\/es\/wp-json\/wp\/v2\/categories?post=22623"},{"taxonomy":"post_tag","embeddable":true,"href":"https:\/\/discoveralmunecar.com\/es\/wp-json\/wp\/v2\/tags?post=22623"}],"curies":[{"name":"wp","href":"https:\/\/api.w.org\/{rel}","templated":true}]}}