{"id":2346,"date":"2021-04-28T16:50:43","date_gmt":"2021-04-28T16:50:43","guid":{"rendered":"http:\/\/discoveralmunecar.com\/?p=2346"},"modified":"2022-08-15T00:32:04","modified_gmt":"2022-08-15T00:32:04","slug":"feria-de-almunecar","status":"publish","type":"post","link":"https:\/\/discoveralmunecar.com\/es\/feria-de-almunecar\/","title":{"rendered":"Feria de Almu\u00f1\u00e9car 2022"},"content":{"rendered":"<p>[vc_row][vc_column][vc_empty_space][\/vc_column][\/vc_row][vc_row][vc_column width=&#8221;1\/3&#8243; offset=&#8221;vc_col-xs-4&#8243;][vc_single_image image=&#8221;6014&#8243; img_size=&#8221;50&#215;50&#8243; alignment=&#8221;center&#8221; css=&#8221;.vc_custom_1660232504686{margin-bottom: -5px !important;}&#8221;]<div class=\"text-block\" ><div class=\"simple-text \"><p style=\"text-align: center;\">Avda. Fenicia<br \/>\n<span style=\"color: #339966;\">Paseo Blas Infante Almu\u00f1\u00e9car<\/span><\/p>\n<\/div><\/div>[vc_empty_space][\/vc_column][vc_column width=&#8221;1\/3&#8243; offset=&#8221;vc_col-xs-4&#8243;][vc_single_image image=&#8221;9504&#8243; img_size=&#8221;50&#215;50&#8243; alignment=&#8221;center&#8221; css=&#8221;.vc_custom_1660232514372{margin-bottom: -5px !important;}&#8221;]<div class=\"text-block\" ><div class=\"simple-text \"><p style=\"text-align: center;\">A partir de las <span style=\"color: #339966;\">19:00<\/span><\/p>\n<\/div><\/div>[\/vc_column][vc_column width=&#8221;1\/3&#8243; offset=&#8221;vc_col-xs-4&#8243;][vc_single_image image=&#8221;10450&#8243; img_size=&#8221;50&#215;50&#8243; alignment=&#8221;center&#8221; css=&#8221;.vc_custom_1660232523852{margin-bottom: -5px !important;}&#8221;]<div class=\"text-block\" ><div class=\"simple-text \"><p style=\"text-align: center;\"><span style=\"color: #339966;\">Del 9 al 15 de Agosto<\/span><\/p>\n<\/div><\/div>[\/vc_column][\/vc_row][vc_row][vc_column][vc_single_image image=&#8221;10563&#8243; img_size=&#8221;full&#8221;]<div class=\"text-block\" ><div class=\"simple-text \"><p>El d\u00eda 15 de agosto es el d\u00eda m\u00e1s importante del evento m\u00e1s espectacular, las fiestas patronales o Feria de la ciudad m\u00e1s antigua del Mediterr\u00e1neo espa\u00f1ol, de Almu\u00f1\u00e9car, ya que adem\u00e1s de ser el d\u00eda que se celebra la efem\u00e9ride de la patrona de la ciudad, La Virgen de la Antigua Coronada, es el colof\u00f3n a toda una semana de festejos, que culmina con la espectacular, preciosa y muy esperada procesi\u00f3n de la Virgen de la Antigua de 2.022.<\/p>\n<p>La mencionada procesi\u00f3n saldr\u00e1 de la Iglesia de la Encarnaci\u00f3n a partir de las seis de la tarde, en el centro hist\u00f3rico de la ciudad recorriendo muchas de sus intrincadas calles a hombros de los costaleros, hasta llegar a la conocida playa de San Crist\u00f3bal, donde se har\u00e1 a la mar en barco continuando la procesi\u00f3n seguida de una multitud de embarcaciones, que se puede ver desde la orilla y numerosos miradores de la ciudad, hasta la Playa de Puerta del Mar, adem\u00e1s hay que decir que esta procesi\u00f3n est\u00e1 declarada Fiesta de Inter\u00e9s Tur\u00edstico Nacional de Andaluc\u00eda.<\/p>\n<\/div><\/div>[vc_empty_space][vc_single_image image=&#8221;10526&#8243; img_size=&#8221;full&#8221;]<div class=\"text-block\" ><div class=\"simple-text \"><p>Pero el momento m\u00e1s espectacular y esperado del evento m\u00e1s importante del a\u00f1o en la ciudad llega cuando la procesi\u00f3n terrestre-mar\u00edtima, hace su paso por los Pe\u00f1ones del Santo, otro de los s\u00edmbolos hist\u00f3ricos y m\u00e1s identificables de la ciudad m\u00e1s antigua del Mediterr\u00e1neo espa\u00f1ol, cuando al pasar la embarcaci\u00f3n que porta la imagen de la Virgen comenzar\u00e1 como es tradici\u00f3n el grandioso espect\u00e1culo piro-musical de fuegos artificiales, que iluminan el cielo sexitano de colores y sonido, los cuales se pueden ver desde varios kil\u00f3metros a la redonda. Se puede disfrutar desde todos los puntos de la ciudad y sus alrededores, incluso desde la playa de la Charca en la vecina localidad de Salobre\u00f1a tambi\u00e9n ba\u00f1ada por el Mediterr\u00e1neo, se pueden observar los fuegos artificiales.<\/p>\n<\/div><\/div>[vc_empty_space][vc_single_image image=&#8221;10518&#8243; img_size=&#8221;full&#8221;]<div class=\"text-block\" ><div class=\"simple-text \"><p>Los fuegos artificiales se lanzan al cielo desde varios puntos distintos y estrat\u00e9gicos de la ciudad, como son el Castillo de San Miguel, los propios pe\u00f1ones del Santo y la playa de San Crist\u00f3bal, creando en el cielo estrelladlo de la noche sexitana una exhibici\u00f3n de luz a ritmo de la m\u00fasica que dejar\u00e1n con la boca abierta hasta a los m\u00e1s esc\u00e9pticos.<\/p>\n<\/div><\/div>[vc_empty_space][vc_single_image image=&#8221;10522&#8243; img_size=&#8221;full&#8221;]<div class=\"text-block\" ><div class=\"simple-text \"><p>Es importante ese d\u00eda llegar con tiempo a Almu\u00f1\u00e9car para disfrutar del espect\u00e1culo en primera l\u00ednea y encontrar un lugar adecuado, ya que siempre hay una gran afluencia de p\u00fablico, y m\u00e1xime este a\u00f1o 2.022 tras dos a\u00f1os de restricciones debido a la Covid19. Si bien es cierto que el Ayuntamiento sorprendi\u00f3 a propios y extra\u00f1os cuando en pleno confinamiento hubo fuegos artificiales, y aunque en menor escala iluminaron el cielo de Almu\u00f1\u00e9car en honor a la Virgen patrona de la ciudad en el verano de 2.020 y llenaron de sonido las desoladas calles de aquel verano de restricciones.<\/p>\n<\/div><\/div>[vc_empty_space][vc_single_image image=&#8221;10472&#8243; img_size=&#8221;full&#8221;]<div class=\"text-block\" ><div class=\"simple-text \"><p>Ven a disfrutar de la tradici\u00f3n, la fe, la devoci\u00f3n y el espect\u00e1culo en todo su esplendor a Almu\u00f1\u00e9car, el domingo d\u00eda 15 de agosto de 2.022, que ser\u00e1 el colof\u00f3n de la semana de las Fiestas Patronales de la ciudad m\u00e1s antigua del Mediterr\u00e1neo Espa\u00f1ol.<\/p>\n<\/div><\/div>[vc_empty_space][vc_single_image image=&#8221;10677&#8243; img_size=&#8221;full&#8221;][vc_single_image image=&#8221;10668&#8243; img_size=&#8221;full&#8221; add_caption=&#8221;yes&#8221; alignment=&#8221;center&#8221;][vc_btn title=&#8221;Ver Feria de d\u00eda de Almu\u00f1\u00e9car&#8221; color=&#8221;danger&#8221; align=&#8221;center&#8221; link=&#8221;url:https%3A%2F%2Fdiscoveralmunecar.com%2Fes%2Fferia-de-dia-de-agosto-en-almunecar%2F|title:Feria%20de%20d%C3%ADa%20de%20agosto%20en%20Almu%C3%B1%C3%A9car&#8221;][vc_btn title=&#8221;Ver Castillo de Fuegos de Almu\u00f1\u00e9car&#8221; color=&#8221;peacoc&#8221; align=&#8221;center&#8221; link=&#8221;url:https%3A%2F%2Fdiscoveralmunecar.com%2Fes%2Ffuegos-artificales-en-el-castillo%2F|title:Feria%20de%20d%C3%ADa%20de%20agosto%20en%20Almu%C3%B1%C3%A9car&#8221;][\/vc_column][\/vc_row]<\/p>\n","protected":false},"excerpt":{"rendered":"<p>[vc_row][vc_column][vc_empty_space][\/vc_column][\/vc_row][vc_row][vc_column width=&#8221;1\/3&#8243; offset=&#8221;vc_col-xs-4&#8243;][vc_single_image image=&#8221;6014&#8243; img_size=&#8221;50&#215;50&#8243; alignment=&#8221;center&#8221; css=&#8221;.vc_custom_1660232504686{margin-bottom: -5px !important;}&#8221;][vc_empty_space][\/vc_column][vc_column width=&#8221;1\/3&#8243; offset=&#8221;vc_col-xs-4&#8243;][vc_single_image image=&#8221;9504&#8243; img_size=&#8221;50&#215;50&#8243; alignment=&#8221;center&#8221; css=&#8221;.vc_custom_1660232514372{margin-bottom: -5px !important;}&#8221;][\/vc_column][vc_column width=&#8221;1\/3&#8243; offset=&#8221;vc_col-xs-4&#8243;][vc_single_image image=&#8221;10450&#8243; img_size=&#8221;50&#215;50&#8243; alignment=&#8221;center&#8221; css=&#8221;.vc_custom_1660232523852{margin-bottom: -5px !important;}&#8221;][\/vc_column][\/vc_row][vc_row][vc_column][vc_single_image image=&#8221;10563&#8243; img_size=&#8221;full&#8221;][vc_empty_space][vc_single_image image=&#8221;10526&#8243; img_size=&#8221;full&#8221;][vc_empty_space][vc_single_image image=&#8221;10518&#8243; img_size=&#8221;full&#8221;][vc_empty_space][vc_single_image image=&#8221;10522&#8243; img_size=&#8221;full&#8221;][vc_empty_space][vc_single_image image=&#8221;10472&#8243; img_size=&#8221;full&#8221;][vc_empty_space][vc_single_image image=&#8221;10677&#8243; img_size=&#8221;full&#8221;][vc_single_image image=&#8221;10668&#8243; img_size=&#8221;full&#8221; add_caption=&#8221;yes&#8221; alignment=&#8221;center&#8221;][vc_btn title=&#8221;Ver Feria de d\u00eda de Almu\u00f1\u00e9car&#8221; color=&#8221;danger&#8221; align=&#8221;center&#8221; link=&#8221;url:https%3A%2F%2Fdiscoveralmunecar.com%2Fes%2Fferia-de-dia-de-agosto-en-almunecar%2F|title:Feria%20de%20d%C3%ADa%20de%20agosto%20en%20Almu%C3%B1%C3%A9car&#8221;][vc_btn title=&#8221;Ver Castillo de Fuegos de [&hellip;]<\/p>\n","protected":false},"author":2,"featured_media":10683,"comment_status":"open","ping_status":"closed","sticky":false,"template":"","format":"standard","meta":{"footnotes":""},"categories":[78,77,16],"tags":[],"class_list":["post-2346","post","type-post","status-publish","format-standard","has-post-thumbnail","hentry","category-fiestas-locales","category-historia","category-que-hacer-en-almunecar"],"yoast_head":"<!-- This site is optimized with the Yoast SEO plugin v27.3 - https:\/\/yoast.com\/product\/yoast-seo-wordpress\/ -->\n<title>Feria de Almu\u00f1\u00e9car, conoce las festividades de Almu\u00f1\u00e9car<\/title>\n<meta name=\"description\" content=\"Feria de Almu\u00f1\u00e9car, toda la informaci\u00f3n sobre las fiestas locales de Almu\u00f1\u00e9car. M\u00e1s datos en nuestro blog.\" \/>\n<meta name=\"robots\" content=\"index, follow, max-snippet:-1, max-image-preview:large, max-video-preview:-1\" \/>\n<link rel=\"canonical\" href=\"https:\/\/discoveralmunecar.com\/es\/feria-de-almunecar\/\" \/>\n<meta property=\"og:locale\" content=\"es_ES\" \/>\n<meta property=\"og:type\" content=\"article\" \/>\n<meta property=\"og:title\" content=\"Feria de Almu\u00f1\u00e9car, conoce las festividades de Almu\u00f1\u00e9car\" \/>\n<meta property=\"og:description\" content=\"Feria de Almu\u00f1\u00e9car, toda la informaci\u00f3n sobre las fiestas locales de Almu\u00f1\u00e9car. M\u00e1s datos en nuestro blog.\" \/>\n<meta property=\"og:url\" content=\"https:\/\/discoveralmunecar.com\/es\/feria-de-almunecar\/\" \/>\n<meta property=\"article:published_time\" content=\"2021-04-28T16:50:43+00:00\" \/>\n<meta property=\"article:modified_time\" content=\"2022-08-15T00:32:04+00:00\" \/>\n<meta property=\"og:image\" content=\"https:\/\/discoveralmunecar.com\/wp-content\/uploads\/2021\/04\/Fachada-Feria-Almun\u0303e\u0301car-2022.webp\" \/>\n\t<meta property=\"og:image:width\" content=\"1536\" \/>\n\t<meta property=\"og:image:height\" content=\"1154\" \/>\n\t<meta property=\"og:image:type\" content=\"image\/webp\" \/>\n<meta name=\"author\" content=\"Admin\" \/>\n<meta name=\"twitter:card\" content=\"summary_large_image\" \/>\n<meta name=\"twitter:label1\" content=\"Escrito por\" \/>\n\t<meta name=\"twitter:data1\" content=\"Admin\" \/>\n\t<meta name=\"twitter:label2\" content=\"Tiempo de lectura\" \/>\n\t<meta name=\"twitter:data2\" content=\"3 minutos\" \/>\n<script type=\"application\/ld+json\" class=\"yoast-schema-graph\">{\"@context\":\"https:\\\/\\\/schema.org\",\"@graph\":[{\"@type\":\"Article\",\"@id\":\"https:\\\/\\\/discoveralmunecar.com\\\/es\\\/feria-de-almunecar\\\/#article\",\"isPartOf\":{\"@id\":\"https:\\\/\\\/discoveralmunecar.com\\\/es\\\/feria-de-almunecar\\\/\"},\"author\":{\"name\":\"Admin\",\"@id\":\"https:\\\/\\\/discoveralmunecar.com\\\/es\\\/#\\\/schema\\\/person\\\/7d931359380d442b7e8832cd0d6a2db0\"},\"headline\":\"Feria de Almu\u00f1\u00e9car 2022\",\"datePublished\":\"2021-04-28T16:50:43+00:00\",\"dateModified\":\"2022-08-15T00:32:04+00:00\",\"mainEntityOfPage\":{\"@id\":\"https:\\\/\\\/discoveralmunecar.com\\\/es\\\/feria-de-almunecar\\\/\"},\"wordCount\":888,\"commentCount\":0,\"image\":{\"@id\":\"https:\\\/\\\/discoveralmunecar.com\\\/es\\\/feria-de-almunecar\\\/#primaryimage\"},\"thumbnailUrl\":\"https:\\\/\\\/discoveralmunecar.com\\\/wp-content\\\/uploads\\\/2021\\\/04\\\/Fachada-Feria-Almun\u0303e\u0301car-2022.webp\",\"articleSection\":[\"Fiestas locales\",\"Historia\",\"Qu\u00e9 hacer\"],\"inLanguage\":\"es\",\"potentialAction\":[{\"@type\":\"CommentAction\",\"name\":\"Comment\",\"target\":[\"https:\\\/\\\/discoveralmunecar.com\\\/es\\\/feria-de-almunecar\\\/#respond\"]}]},{\"@type\":\"WebPage\",\"@id\":\"https:\\\/\\\/discoveralmunecar.com\\\/es\\\/feria-de-almunecar\\\/\",\"url\":\"https:\\\/\\\/discoveralmunecar.com\\\/es\\\/feria-de-almunecar\\\/\",\"name\":\"Feria de Almu\u00f1\u00e9car, conoce las festividades de Almu\u00f1\u00e9car\",\"isPartOf\":{\"@id\":\"https:\\\/\\\/discoveralmunecar.com\\\/es\\\/#website\"},\"primaryImageOfPage\":{\"@id\":\"https:\\\/\\\/discoveralmunecar.com\\\/es\\\/feria-de-almunecar\\\/#primaryimage\"},\"image\":{\"@id\":\"https:\\\/\\\/discoveralmunecar.com\\\/es\\\/feria-de-almunecar\\\/#primaryimage\"},\"thumbnailUrl\":\"https:\\\/\\\/discoveralmunecar.com\\\/wp-content\\\/uploads\\\/2021\\\/04\\\/Fachada-Feria-Almun\u0303e\u0301car-2022.webp\",\"datePublished\":\"2021-04-28T16:50:43+00:00\",\"dateModified\":\"2022-08-15T00:32:04+00:00\",\"author\":{\"@id\":\"https:\\\/\\\/discoveralmunecar.com\\\/es\\\/#\\\/schema\\\/person\\\/7d931359380d442b7e8832cd0d6a2db0\"},\"description\":\"Feria de Almu\u00f1\u00e9car, toda la informaci\u00f3n sobre las fiestas locales de Almu\u00f1\u00e9car. M\u00e1s datos en nuestro blog.\",\"breadcrumb\":{\"@id\":\"https:\\\/\\\/discoveralmunecar.com\\\/es\\\/feria-de-almunecar\\\/#breadcrumb\"},\"inLanguage\":\"es\",\"potentialAction\":[{\"@type\":\"ReadAction\",\"target\":[\"https:\\\/\\\/discoveralmunecar.com\\\/es\\\/feria-de-almunecar\\\/\"]}]},{\"@type\":\"ImageObject\",\"inLanguage\":\"es\",\"@id\":\"https:\\\/\\\/discoveralmunecar.com\\\/es\\\/feria-de-almunecar\\\/#primaryimage\",\"url\":\"https:\\\/\\\/discoveralmunecar.com\\\/wp-content\\\/uploads\\\/2021\\\/04\\\/Fachada-Feria-Almun\u0303e\u0301car-2022.webp\",\"contentUrl\":\"https:\\\/\\\/discoveralmunecar.com\\\/wp-content\\\/uploads\\\/2021\\\/04\\\/Fachada-Feria-Almun\u0303e\u0301car-2022.webp\",\"width\":1536,\"height\":1154},{\"@type\":\"BreadcrumbList\",\"@id\":\"https:\\\/\\\/discoveralmunecar.com\\\/es\\\/feria-de-almunecar\\\/#breadcrumb\",\"itemListElement\":[{\"@type\":\"ListItem\",\"position\":1,\"name\":\"Home\",\"item\":\"https:\\\/\\\/discoveralmunecar.com\\\/es\\\/\"},{\"@type\":\"ListItem\",\"position\":2,\"name\":\"Feria de Almu\u00f1\u00e9car 2022\"}]},{\"@type\":\"WebSite\",\"@id\":\"https:\\\/\\\/discoveralmunecar.com\\\/es\\\/#website\",\"url\":\"https:\\\/\\\/discoveralmunecar.com\\\/es\\\/\",\"name\":\"\",\"description\":\"Just another WordPress site\\n\",\"potentialAction\":[{\"@type\":\"SearchAction\",\"target\":{\"@type\":\"EntryPoint\",\"urlTemplate\":\"https:\\\/\\\/discoveralmunecar.com\\\/es\\\/?s={search_term_string}\"},\"query-input\":{\"@type\":\"PropertyValueSpecification\",\"valueRequired\":true,\"valueName\":\"search_term_string\"}}],\"inLanguage\":\"es\"},{\"@type\":\"Person\",\"@id\":\"https:\\\/\\\/discoveralmunecar.com\\\/es\\\/#\\\/schema\\\/person\\\/7d931359380d442b7e8832cd0d6a2db0\",\"name\":\"Admin\",\"image\":{\"@type\":\"ImageObject\",\"inLanguage\":\"es\",\"@id\":\"https:\\\/\\\/secure.gravatar.com\\\/avatar\\\/87aff11e22fb9eda78c606aa27a60cd99fc49aac3a2cf4688b14253df494fd22?s=96&d=mm&r=g\",\"url\":\"https:\\\/\\\/secure.gravatar.com\\\/avatar\\\/87aff11e22fb9eda78c606aa27a60cd99fc49aac3a2cf4688b14253df494fd22?s=96&d=mm&r=g\",\"contentUrl\":\"https:\\\/\\\/secure.gravatar.com\\\/avatar\\\/87aff11e22fb9eda78c606aa27a60cd99fc49aac3a2cf4688b14253df494fd22?s=96&d=mm&r=g\",\"caption\":\"Admin\"},\"url\":\"https:\\\/\\\/discoveralmunecar.com\\\/es\\\/author\\\/pedro-espinosa\\\/\"}]}<\/script>\n<!-- \/ Yoast SEO plugin. -->","yoast_head_json":{"title":"Feria de Almu\u00f1\u00e9car, conoce las festividades de Almu\u00f1\u00e9car","description":"Feria de Almu\u00f1\u00e9car, toda la informaci\u00f3n sobre las fiestas locales de Almu\u00f1\u00e9car. M\u00e1s datos en nuestro blog.","robots":{"index":"index","follow":"follow","max-snippet":"max-snippet:-1","max-image-preview":"max-image-preview:large","max-video-preview":"max-video-preview:-1"},"canonical":"https:\/\/discoveralmunecar.com\/es\/feria-de-almunecar\/","og_locale":"es_ES","og_type":"article","og_title":"Feria de Almu\u00f1\u00e9car, conoce las festividades de Almu\u00f1\u00e9car","og_description":"Feria de Almu\u00f1\u00e9car, toda la informaci\u00f3n sobre las fiestas locales de Almu\u00f1\u00e9car. M\u00e1s datos en nuestro blog.","og_url":"https:\/\/discoveralmunecar.com\/es\/feria-de-almunecar\/","article_published_time":"2021-04-28T16:50:43+00:00","article_modified_time":"2022-08-15T00:32:04+00:00","og_image":[{"width":1536,"height":1154,"url":"https:\/\/discoveralmunecar.com\/wp-content\/uploads\/2021\/04\/Fachada-Feria-Almun\u0303e\u0301car-2022.webp","type":"image\/webp"}],"author":"Admin","twitter_card":"summary_large_image","twitter_misc":{"Escrito por":"Admin","Tiempo de lectura":"3 minutos"},"schema":{"@context":"https:\/\/schema.org","@graph":[{"@type":"Article","@id":"https:\/\/discoveralmunecar.com\/es\/feria-de-almunecar\/#article","isPartOf":{"@id":"https:\/\/discoveralmunecar.com\/es\/feria-de-almunecar\/"},"author":{"name":"Admin","@id":"https:\/\/discoveralmunecar.com\/es\/#\/schema\/person\/7d931359380d442b7e8832cd0d6a2db0"},"headline":"Feria de Almu\u00f1\u00e9car 2022","datePublished":"2021-04-28T16:50:43+00:00","dateModified":"2022-08-15T00:32:04+00:00","mainEntityOfPage":{"@id":"https:\/\/discoveralmunecar.com\/es\/feria-de-almunecar\/"},"wordCount":888,"commentCount":0,"image":{"@id":"https:\/\/discoveralmunecar.com\/es\/feria-de-almunecar\/#primaryimage"},"thumbnailUrl":"https:\/\/discoveralmunecar.com\/wp-content\/uploads\/2021\/04\/Fachada-Feria-Almun\u0303e\u0301car-2022.webp","articleSection":["Fiestas locales","Historia","Qu\u00e9 hacer"],"inLanguage":"es","potentialAction":[{"@type":"CommentAction","name":"Comment","target":["https:\/\/discoveralmunecar.com\/es\/feria-de-almunecar\/#respond"]}]},{"@type":"WebPage","@id":"https:\/\/discoveralmunecar.com\/es\/feria-de-almunecar\/","url":"https:\/\/discoveralmunecar.com\/es\/feria-de-almunecar\/","name":"Feria de Almu\u00f1\u00e9car, conoce las festividades de Almu\u00f1\u00e9car","isPartOf":{"@id":"https:\/\/discoveralmunecar.com\/es\/#website"},"primaryImageOfPage":{"@id":"https:\/\/discoveralmunecar.com\/es\/feria-de-almunecar\/#primaryimage"},"image":{"@id":"https:\/\/discoveralmunecar.com\/es\/feria-de-almunecar\/#primaryimage"},"thumbnailUrl":"https:\/\/discoveralmunecar.com\/wp-content\/uploads\/2021\/04\/Fachada-Feria-Almun\u0303e\u0301car-2022.webp","datePublished":"2021-04-28T16:50:43+00:00","dateModified":"2022-08-15T00:32:04+00:00","author":{"@id":"https:\/\/discoveralmunecar.com\/es\/#\/schema\/person\/7d931359380d442b7e8832cd0d6a2db0"},"description":"Feria de Almu\u00f1\u00e9car, toda la informaci\u00f3n sobre las fiestas locales de Almu\u00f1\u00e9car. M\u00e1s datos en nuestro blog.","breadcrumb":{"@id":"https:\/\/discoveralmunecar.com\/es\/feria-de-almunecar\/#breadcrumb"},"inLanguage":"es","potentialAction":[{"@type":"ReadAction","target":["https:\/\/discoveralmunecar.com\/es\/feria-de-almunecar\/"]}]},{"@type":"ImageObject","inLanguage":"es","@id":"https:\/\/discoveralmunecar.com\/es\/feria-de-almunecar\/#primaryimage","url":"https:\/\/discoveralmunecar.com\/wp-content\/uploads\/2021\/04\/Fachada-Feria-Almun\u0303e\u0301car-2022.webp","contentUrl":"https:\/\/discoveralmunecar.com\/wp-content\/uploads\/2021\/04\/Fachada-Feria-Almun\u0303e\u0301car-2022.webp","width":1536,"height":1154},{"@type":"BreadcrumbList","@id":"https:\/\/discoveralmunecar.com\/es\/feria-de-almunecar\/#breadcrumb","itemListElement":[{"@type":"ListItem","position":1,"name":"Home","item":"https:\/\/discoveralmunecar.com\/es\/"},{"@type":"ListItem","position":2,"name":"Feria de Almu\u00f1\u00e9car 2022"}]},{"@type":"WebSite","@id":"https:\/\/discoveralmunecar.com\/es\/#website","url":"https:\/\/discoveralmunecar.com\/es\/","name":"","description":"Just another WordPress site\n","potentialAction":[{"@type":"SearchAction","target":{"@type":"EntryPoint","urlTemplate":"https:\/\/discoveralmunecar.com\/es\/?s={search_term_string}"},"query-input":{"@type":"PropertyValueSpecification","valueRequired":true,"valueName":"search_term_string"}}],"inLanguage":"es"},{"@type":"Person","@id":"https:\/\/discoveralmunecar.com\/es\/#\/schema\/person\/7d931359380d442b7e8832cd0d6a2db0","name":"Admin","image":{"@type":"ImageObject","inLanguage":"es","@id":"https:\/\/secure.gravatar.com\/avatar\/87aff11e22fb9eda78c606aa27a60cd99fc49aac3a2cf4688b14253df494fd22?s=96&d=mm&r=g","url":"https:\/\/secure.gravatar.com\/avatar\/87aff11e22fb9eda78c606aa27a60cd99fc49aac3a2cf4688b14253df494fd22?s=96&d=mm&r=g","contentUrl":"https:\/\/secure.gravatar.com\/avatar\/87aff11e22fb9eda78c606aa27a60cd99fc49aac3a2cf4688b14253df494fd22?s=96&d=mm&r=g","caption":"Admin"},"url":"https:\/\/discoveralmunecar.com\/es\/author\/pedro-espinosa\/"}]}},"_links":{"self":[{"href":"https:\/\/discoveralmunecar.com\/es\/wp-json\/wp\/v2\/posts\/2346","targetHints":{"allow":["GET"]}}],"collection":[{"href":"https:\/\/discoveralmunecar.com\/es\/wp-json\/wp\/v2\/posts"}],"about":[{"href":"https:\/\/discoveralmunecar.com\/es\/wp-json\/wp\/v2\/types\/post"}],"author":[{"embeddable":true,"href":"https:\/\/discoveralmunecar.com\/es\/wp-json\/wp\/v2\/users\/2"}],"replies":[{"embeddable":true,"href":"https:\/\/discoveralmunecar.com\/es\/wp-json\/wp\/v2\/comments?post=2346"}],"version-history":[{"count":25,"href":"https:\/\/discoveralmunecar.com\/es\/wp-json\/wp\/v2\/posts\/2346\/revisions"}],"predecessor-version":[{"id":10682,"href":"https:\/\/discoveralmunecar.com\/es\/wp-json\/wp\/v2\/posts\/2346\/revisions\/10682"}],"wp:featuredmedia":[{"embeddable":true,"href":"https:\/\/discoveralmunecar.com\/es\/wp-json\/wp\/v2\/media\/10683"}],"wp:attachment":[{"href":"https:\/\/discoveralmunecar.com\/es\/wp-json\/wp\/v2\/media?parent=2346"}],"wp:term":[{"taxonomy":"category","embeddable":true,"href":"https:\/\/discoveralmunecar.com\/es\/wp-json\/wp\/v2\/categories?post=2346"},{"taxonomy":"post_tag","embeddable":true,"href":"https:\/\/discoveralmunecar.com\/es\/wp-json\/wp\/v2\/tags?post=2346"}],"curies":[{"name":"wp","href":"https:\/\/api.w.org\/{rel}","templated":true}]}}