{"id":7792,"date":"2022-04-07T04:28:24","date_gmt":"2022-04-07T04:28:24","guid":{"rendered":"https:\/\/discoveralmunecar.com\/?p=7792"},"modified":"2022-04-12T10:32:40","modified_gmt":"2022-04-12T10:32:40","slug":"la-semana-santa-en-almunecar-2022","status":"publish","type":"post","link":"https:\/\/discoveralmunecar.com\/es\/la-semana-santa-en-almunecar-2022\/","title":{"rendered":"La Semana Santa en Almu\u00f1\u00e9car 2022"},"content":{"rendered":"<p>[vc_row][vc_column][vc_video link=&#8221;https:\/\/youtu.be\/4KZmtzzceIU&#8221;]<div class=\"text-block\" ><div class=\"simple-text \"><p><strong>Por favor consulta el itinerario de Semana santa abajo en el archivo PDF.<\/strong><\/p>\n<p>Si hay un lugar en el Mundo donde la Semana Santa se vive con una especial devoci\u00f3n e intensidad es sin lugar a duda en Andaluc\u00eda, y Almu\u00f1\u00e9car una de las ciudades m\u00e1s antiguas y con m\u00e1s tradiciones de esta regi\u00f3n no es una excepci\u00f3n. Por ello tras dos a\u00f1os en los que no se ha podido disfrutar de esta fiesta declarada de Inter\u00e9s Tur\u00edstico de Andaluc\u00eda por causa de la pandemia de la COVID19, este a\u00f1o vuelve con m\u00e1s ganas que nunca la Semana Santa a Almu\u00f1\u00e9car.<\/p>\n<p>Descubre Almu\u00f1\u00e9car te presenta la Semana Santa de Almu\u00f1\u00e9car, en este esperado 2.022 la Celebraci\u00f3n de la Pasi\u00f3n de Cristo ser\u00e1 desde el 10 de abril que coincide con el Domingo de Ramos, hasta el domingo de Resurrecci\u00f3n que ser\u00e1 el 17 del mismo mes. Durante esa semana los visitantes y residentes en Almu\u00f1\u00e9car podr\u00e1n disfrutar de las 16 procesiones que llevar\u00e1n a cabo las 15 cofrad\u00edas de Almu\u00f1\u00e9car, las cuales desfilar\u00e1n con sus respectivos tronos a hombros de sus costaleros, inundando cada calle y plaza del centro hist\u00f3rico de la ciudad sexitana de intensa devoci\u00f3n, toda la pasi\u00f3n y la tradici\u00f3n que conlleva esta celebraci\u00f3n religiosa tan arraigada.<\/p>\n<p>Adem\u00e1s, cada procesi\u00f3n ir\u00e1 acompa\u00f1ada hasta bien entrada la noche por los impresionantes penitentes, mantillas y dem\u00e1s devotos.<\/p>\n<p>Siendo el Jueves Santo la tarde en la que podremos disfrutar de las tres cofrad\u00edas m\u00e1s importantes de la ciudad: el Nazareno y las V\u00edrgenes de los Dolores y la de la Esperanza. Aunque al d\u00eda siguiente, el Viernes Santo en la tradici\u00f3n sexitana se celebra \u201cel Paso\u201d que es un auto sacramental en el que cientos de almu\u00f1equeros convertidos en actores representan el camino de Cristo por la calle de la Amargura, siendo esto una de las curiosidades que hace resaltar la Semana Santa de Almu\u00f1\u00e9car por encima de las dem\u00e1s.<\/p>\n<p>Su origen se sit\u00faa cuando arrib\u00f3 a la ciudad la talla de Nuestro Padre Jes\u00fas Nazareno y Nuestra Se\u00f1ora Virgen de los Dolores, en el siglo XVI, por lo que estamos ante una tradici\u00f3n de m\u00e1s de cinco siglos.<br \/>\nAunque tambi\u00e9n ha sufrido algunos reveses a lo largo de la Historia del municipio, por ejemplo, durante la Guerra Civil Espa\u00f1ola (1936-1939), muchas im\u00e1genes fueron quemadas, a excepci\u00f3n de las manos y la cabeza de la Virgen de los Dolores. Cinco a\u00f1os despu\u00e9s de la contienda, el por entonces Arzobispo de Granada, Don Agust\u00edn Parrado Garc\u00eda, anim\u00f3 a todos los pueblos de la provincia a retomar la celebraci\u00f3n de la Semana Santa. Y concretamente en Almu\u00f1\u00e9car por iniciativa del cura-p\u00e1rroco Jos\u00e9 L\u00f3pez Fern\u00e1ndez se cre\u00f3 una Junta Provisional, para unos a\u00f1os m\u00e1s tarde fundar la Agrupaci\u00f3n de Cofrad\u00edas y Hermandades.<br \/>\nYa a finales del siglo XX se crearon una importante cantidad de cofrad\u00edas y hermandades, todas ellas reguladas por la Agrupaci\u00f3n de Cofrad\u00edas y Hermandades de Semana Santa de Almu\u00f1\u00e9car, en la que est\u00e1n inscritas todas las cofrad\u00edas excepto la Hermandad de la Soledad. Adem\u00e1s de ser Fiesta de Inter\u00e9s Tur\u00edstico Nacional de Andaluc\u00eda, en el a\u00f1o 2.018 la Celebraci\u00f3n de \u201cEl Paso\u201d obtuvo el premio Turismo de Granada.<\/p>\n<p>Si quieres disfrutar de la Pasi\u00f3n, la Muerte y la Resurrecci\u00f3n de Cristo, como nunca antes lo hab\u00edas hecho, sentir toda la devoci\u00f3n y conocer las antiqu\u00edsimas costumbres de algo m\u00e1s que una fiesta religiosa, no olvides visitar Almu\u00f1\u00e9car, la ciudad m\u00e1s antigua del Mediterr\u00e1neo espa\u00f1ol esta Semana Santa, te esperamos con los brazos abiertos.<\/p>\n<\/div><\/div>[vc_empty_space][\/vc_column][\/vc_row][vc_row][vc_column]<div class=\"text-block\" ><div class=\"simple-text \"><a href=\"https:\/\/discoveralmunecar.com\/wp-content\/uploads\/2022\/04\/guia-procesiones-2022.pdf\" class=\"pdfemb-viewer\" style=\"\" data-width=\"max\" data-height=\"max\" data-toolbar=\"bottom\" data-toolbar-fixed=\"off\">guia procesiones Almu\u00f1ecar 2022<\/a>\n<\/div><\/div>[\/vc_column][\/vc_row]<\/p>\n","protected":false},"excerpt":{"rendered":"<p>[vc_row][vc_column][vc_video link=&#8221;https:\/\/youtu.be\/4KZmtzzceIU&#8221;][vc_empty_space][\/vc_column][\/vc_row][vc_row][vc_column][\/vc_column][\/vc_row]<\/p>\n","protected":false},"author":2,"featured_media":7820,"comment_status":"open","ping_status":"closed","sticky":false,"template":"","format":"standard","meta":{"footnotes":""},"categories":[1],"tags":[],"class_list":["post-7792","post","type-post","status-publish","format-standard","has-post-thumbnail","hentry","category-sin-categorizar"],"yoast_head":"<!-- This site is optimized with the Yoast SEO plugin v27.3 - https:\/\/yoast.com\/product\/yoast-seo-wordpress\/ -->\n<title>La Semana Santa en Almu\u00f1\u00e9car 2022 -<\/title>\n<meta name=\"robots\" content=\"index, follow, max-snippet:-1, max-image-preview:large, max-video-preview:-1\" \/>\n<link rel=\"canonical\" href=\"https:\/\/discoveralmunecar.com\/es\/la-semana-santa-en-almunecar-2022\/\" \/>\n<meta property=\"og:locale\" content=\"es_ES\" \/>\n<meta property=\"og:type\" content=\"article\" \/>\n<meta property=\"og:title\" content=\"La Semana Santa en Almu\u00f1\u00e9car 2022 -\" \/>\n<meta property=\"og:description\" content=\"[vc_row][vc_column][vc_video link=&#8221;https:\/\/youtu.be\/4KZmtzzceIU&#8221;][vc_empty_space][\/vc_column][\/vc_row][vc_row][vc_column][\/vc_column][\/vc_row]\" \/>\n<meta property=\"og:url\" content=\"https:\/\/discoveralmunecar.com\/es\/la-semana-santa-en-almunecar-2022\/\" \/>\n<meta property=\"article:published_time\" content=\"2022-04-07T04:28:24+00:00\" \/>\n<meta property=\"article:modified_time\" content=\"2022-04-12T10:32:40+00:00\" \/>\n<meta property=\"og:image\" content=\"https:\/\/discoveralmunecar.com\/wp-content\/uploads\/2022\/04\/C01031@0.5x.jpg\" \/>\n\t<meta property=\"og:image:width\" content=\"1920\" \/>\n\t<meta property=\"og:image:height\" content=\"1080\" \/>\n\t<meta property=\"og:image:type\" content=\"image\/jpeg\" \/>\n<meta name=\"author\" content=\"Admin\" \/>\n<meta name=\"twitter:card\" content=\"summary_large_image\" \/>\n<meta name=\"twitter:label1\" content=\"Escrito por\" \/>\n\t<meta name=\"twitter:data1\" content=\"Admin\" \/>\n\t<meta name=\"twitter:label2\" content=\"Tiempo de lectura\" \/>\n\t<meta name=\"twitter:data2\" content=\"3 minutos\" \/>\n<script type=\"application\/ld+json\" class=\"yoast-schema-graph\">{\"@context\":\"https:\\\/\\\/schema.org\",\"@graph\":[{\"@type\":\"Article\",\"@id\":\"https:\\\/\\\/discoveralmunecar.com\\\/es\\\/la-semana-santa-en-almunecar-2022\\\/#article\",\"isPartOf\":{\"@id\":\"https:\\\/\\\/discoveralmunecar.com\\\/es\\\/la-semana-santa-en-almunecar-2022\\\/\"},\"author\":{\"name\":\"Admin\",\"@id\":\"https:\\\/\\\/discoveralmunecar.com\\\/es\\\/#\\\/schema\\\/person\\\/7d931359380d442b7e8832cd0d6a2db0\"},\"headline\":\"La Semana Santa en Almu\u00f1\u00e9car 2022\",\"datePublished\":\"2022-04-07T04:28:24+00:00\",\"dateModified\":\"2022-04-12T10:32:40+00:00\",\"mainEntityOfPage\":{\"@id\":\"https:\\\/\\\/discoveralmunecar.com\\\/es\\\/la-semana-santa-en-almunecar-2022\\\/\"},\"wordCount\":721,\"commentCount\":0,\"image\":{\"@id\":\"https:\\\/\\\/discoveralmunecar.com\\\/es\\\/la-semana-santa-en-almunecar-2022\\\/#primaryimage\"},\"thumbnailUrl\":\"https:\\\/\\\/discoveralmunecar.com\\\/wp-content\\\/uploads\\\/2022\\\/04\\\/C01031@0.5x.jpg\",\"articleSection\":[\"Sin categorizar\"],\"inLanguage\":\"es\",\"potentialAction\":[{\"@type\":\"CommentAction\",\"name\":\"Comment\",\"target\":[\"https:\\\/\\\/discoveralmunecar.com\\\/es\\\/la-semana-santa-en-almunecar-2022\\\/#respond\"]}]},{\"@type\":\"WebPage\",\"@id\":\"https:\\\/\\\/discoveralmunecar.com\\\/es\\\/la-semana-santa-en-almunecar-2022\\\/\",\"url\":\"https:\\\/\\\/discoveralmunecar.com\\\/es\\\/la-semana-santa-en-almunecar-2022\\\/\",\"name\":\"La Semana Santa en Almu\u00f1\u00e9car 2022 -\",\"isPartOf\":{\"@id\":\"https:\\\/\\\/discoveralmunecar.com\\\/es\\\/#website\"},\"primaryImageOfPage\":{\"@id\":\"https:\\\/\\\/discoveralmunecar.com\\\/es\\\/la-semana-santa-en-almunecar-2022\\\/#primaryimage\"},\"image\":{\"@id\":\"https:\\\/\\\/discoveralmunecar.com\\\/es\\\/la-semana-santa-en-almunecar-2022\\\/#primaryimage\"},\"thumbnailUrl\":\"https:\\\/\\\/discoveralmunecar.com\\\/wp-content\\\/uploads\\\/2022\\\/04\\\/C01031@0.5x.jpg\",\"datePublished\":\"2022-04-07T04:28:24+00:00\",\"dateModified\":\"2022-04-12T10:32:40+00:00\",\"author\":{\"@id\":\"https:\\\/\\\/discoveralmunecar.com\\\/es\\\/#\\\/schema\\\/person\\\/7d931359380d442b7e8832cd0d6a2db0\"},\"breadcrumb\":{\"@id\":\"https:\\\/\\\/discoveralmunecar.com\\\/es\\\/la-semana-santa-en-almunecar-2022\\\/#breadcrumb\"},\"inLanguage\":\"es\",\"potentialAction\":[{\"@type\":\"ReadAction\",\"target\":[\"https:\\\/\\\/discoveralmunecar.com\\\/es\\\/la-semana-santa-en-almunecar-2022\\\/\"]}]},{\"@type\":\"ImageObject\",\"inLanguage\":\"es\",\"@id\":\"https:\\\/\\\/discoveralmunecar.com\\\/es\\\/la-semana-santa-en-almunecar-2022\\\/#primaryimage\",\"url\":\"https:\\\/\\\/discoveralmunecar.com\\\/wp-content\\\/uploads\\\/2022\\\/04\\\/C01031@0.5x.jpg\",\"contentUrl\":\"https:\\\/\\\/discoveralmunecar.com\\\/wp-content\\\/uploads\\\/2022\\\/04\\\/C01031@0.5x.jpg\",\"width\":1920,\"height\":1080,\"caption\":\"Semana Santa Almu\u00f1\u00e9car\"},{\"@type\":\"BreadcrumbList\",\"@id\":\"https:\\\/\\\/discoveralmunecar.com\\\/es\\\/la-semana-santa-en-almunecar-2022\\\/#breadcrumb\",\"itemListElement\":[{\"@type\":\"ListItem\",\"position\":1,\"name\":\"Home\",\"item\":\"https:\\\/\\\/discoveralmunecar.com\\\/es\\\/\"},{\"@type\":\"ListItem\",\"position\":2,\"name\":\"La Semana Santa en Almu\u00f1\u00e9car 2022\"}]},{\"@type\":\"WebSite\",\"@id\":\"https:\\\/\\\/discoveralmunecar.com\\\/es\\\/#website\",\"url\":\"https:\\\/\\\/discoveralmunecar.com\\\/es\\\/\",\"name\":\"\",\"description\":\"Just another WordPress site\\n\",\"potentialAction\":[{\"@type\":\"SearchAction\",\"target\":{\"@type\":\"EntryPoint\",\"urlTemplate\":\"https:\\\/\\\/discoveralmunecar.com\\\/es\\\/?s={search_term_string}\"},\"query-input\":{\"@type\":\"PropertyValueSpecification\",\"valueRequired\":true,\"valueName\":\"search_term_string\"}}],\"inLanguage\":\"es\"},{\"@type\":\"Person\",\"@id\":\"https:\\\/\\\/discoveralmunecar.com\\\/es\\\/#\\\/schema\\\/person\\\/7d931359380d442b7e8832cd0d6a2db0\",\"name\":\"Admin\",\"image\":{\"@type\":\"ImageObject\",\"inLanguage\":\"es\",\"@id\":\"https:\\\/\\\/secure.gravatar.com\\\/avatar\\\/87aff11e22fb9eda78c606aa27a60cd99fc49aac3a2cf4688b14253df494fd22?s=96&d=mm&r=g\",\"url\":\"https:\\\/\\\/secure.gravatar.com\\\/avatar\\\/87aff11e22fb9eda78c606aa27a60cd99fc49aac3a2cf4688b14253df494fd22?s=96&d=mm&r=g\",\"contentUrl\":\"https:\\\/\\\/secure.gravatar.com\\\/avatar\\\/87aff11e22fb9eda78c606aa27a60cd99fc49aac3a2cf4688b14253df494fd22?s=96&d=mm&r=g\",\"caption\":\"Admin\"},\"url\":\"https:\\\/\\\/discoveralmunecar.com\\\/es\\\/author\\\/pedro-espinosa\\\/\"}]}<\/script>\n<!-- \/ Yoast SEO plugin. -->","yoast_head_json":{"title":"La Semana Santa en Almu\u00f1\u00e9car 2022 -","robots":{"index":"index","follow":"follow","max-snippet":"max-snippet:-1","max-image-preview":"max-image-preview:large","max-video-preview":"max-video-preview:-1"},"canonical":"https:\/\/discoveralmunecar.com\/es\/la-semana-santa-en-almunecar-2022\/","og_locale":"es_ES","og_type":"article","og_title":"La Semana Santa en Almu\u00f1\u00e9car 2022 -","og_description":"[vc_row][vc_column][vc_video link=&#8221;https:\/\/youtu.be\/4KZmtzzceIU&#8221;][vc_empty_space][\/vc_column][\/vc_row][vc_row][vc_column][\/vc_column][\/vc_row]","og_url":"https:\/\/discoveralmunecar.com\/es\/la-semana-santa-en-almunecar-2022\/","article_published_time":"2022-04-07T04:28:24+00:00","article_modified_time":"2022-04-12T10:32:40+00:00","og_image":[{"width":1920,"height":1080,"url":"https:\/\/discoveralmunecar.com\/wp-content\/uploads\/2022\/04\/C01031@0.5x.jpg","type":"image\/jpeg"}],"author":"Admin","twitter_card":"summary_large_image","twitter_misc":{"Escrito por":"Admin","Tiempo de lectura":"3 minutos"},"schema":{"@context":"https:\/\/schema.org","@graph":[{"@type":"Article","@id":"https:\/\/discoveralmunecar.com\/es\/la-semana-santa-en-almunecar-2022\/#article","isPartOf":{"@id":"https:\/\/discoveralmunecar.com\/es\/la-semana-santa-en-almunecar-2022\/"},"author":{"name":"Admin","@id":"https:\/\/discoveralmunecar.com\/es\/#\/schema\/person\/7d931359380d442b7e8832cd0d6a2db0"},"headline":"La Semana Santa en Almu\u00f1\u00e9car 2022","datePublished":"2022-04-07T04:28:24+00:00","dateModified":"2022-04-12T10:32:40+00:00","mainEntityOfPage":{"@id":"https:\/\/discoveralmunecar.com\/es\/la-semana-santa-en-almunecar-2022\/"},"wordCount":721,"commentCount":0,"image":{"@id":"https:\/\/discoveralmunecar.com\/es\/la-semana-santa-en-almunecar-2022\/#primaryimage"},"thumbnailUrl":"https:\/\/discoveralmunecar.com\/wp-content\/uploads\/2022\/04\/C01031@0.5x.jpg","articleSection":["Sin categorizar"],"inLanguage":"es","potentialAction":[{"@type":"CommentAction","name":"Comment","target":["https:\/\/discoveralmunecar.com\/es\/la-semana-santa-en-almunecar-2022\/#respond"]}]},{"@type":"WebPage","@id":"https:\/\/discoveralmunecar.com\/es\/la-semana-santa-en-almunecar-2022\/","url":"https:\/\/discoveralmunecar.com\/es\/la-semana-santa-en-almunecar-2022\/","name":"La Semana Santa en Almu\u00f1\u00e9car 2022 -","isPartOf":{"@id":"https:\/\/discoveralmunecar.com\/es\/#website"},"primaryImageOfPage":{"@id":"https:\/\/discoveralmunecar.com\/es\/la-semana-santa-en-almunecar-2022\/#primaryimage"},"image":{"@id":"https:\/\/discoveralmunecar.com\/es\/la-semana-santa-en-almunecar-2022\/#primaryimage"},"thumbnailUrl":"https:\/\/discoveralmunecar.com\/wp-content\/uploads\/2022\/04\/C01031@0.5x.jpg","datePublished":"2022-04-07T04:28:24+00:00","dateModified":"2022-04-12T10:32:40+00:00","author":{"@id":"https:\/\/discoveralmunecar.com\/es\/#\/schema\/person\/7d931359380d442b7e8832cd0d6a2db0"},"breadcrumb":{"@id":"https:\/\/discoveralmunecar.com\/es\/la-semana-santa-en-almunecar-2022\/#breadcrumb"},"inLanguage":"es","potentialAction":[{"@type":"ReadAction","target":["https:\/\/discoveralmunecar.com\/es\/la-semana-santa-en-almunecar-2022\/"]}]},{"@type":"ImageObject","inLanguage":"es","@id":"https:\/\/discoveralmunecar.com\/es\/la-semana-santa-en-almunecar-2022\/#primaryimage","url":"https:\/\/discoveralmunecar.com\/wp-content\/uploads\/2022\/04\/C01031@0.5x.jpg","contentUrl":"https:\/\/discoveralmunecar.com\/wp-content\/uploads\/2022\/04\/C01031@0.5x.jpg","width":1920,"height":1080,"caption":"Semana Santa Almu\u00f1\u00e9car"},{"@type":"BreadcrumbList","@id":"https:\/\/discoveralmunecar.com\/es\/la-semana-santa-en-almunecar-2022\/#breadcrumb","itemListElement":[{"@type":"ListItem","position":1,"name":"Home","item":"https:\/\/discoveralmunecar.com\/es\/"},{"@type":"ListItem","position":2,"name":"La Semana Santa en Almu\u00f1\u00e9car 2022"}]},{"@type":"WebSite","@id":"https:\/\/discoveralmunecar.com\/es\/#website","url":"https:\/\/discoveralmunecar.com\/es\/","name":"","description":"Just another WordPress site\n","potentialAction":[{"@type":"SearchAction","target":{"@type":"EntryPoint","urlTemplate":"https:\/\/discoveralmunecar.com\/es\/?s={search_term_string}"},"query-input":{"@type":"PropertyValueSpecification","valueRequired":true,"valueName":"search_term_string"}}],"inLanguage":"es"},{"@type":"Person","@id":"https:\/\/discoveralmunecar.com\/es\/#\/schema\/person\/7d931359380d442b7e8832cd0d6a2db0","name":"Admin","image":{"@type":"ImageObject","inLanguage":"es","@id":"https:\/\/secure.gravatar.com\/avatar\/87aff11e22fb9eda78c606aa27a60cd99fc49aac3a2cf4688b14253df494fd22?s=96&d=mm&r=g","url":"https:\/\/secure.gravatar.com\/avatar\/87aff11e22fb9eda78c606aa27a60cd99fc49aac3a2cf4688b14253df494fd22?s=96&d=mm&r=g","contentUrl":"https:\/\/secure.gravatar.com\/avatar\/87aff11e22fb9eda78c606aa27a60cd99fc49aac3a2cf4688b14253df494fd22?s=96&d=mm&r=g","caption":"Admin"},"url":"https:\/\/discoveralmunecar.com\/es\/author\/pedro-espinosa\/"}]}},"_links":{"self":[{"href":"https:\/\/discoveralmunecar.com\/es\/wp-json\/wp\/v2\/posts\/7792","targetHints":{"allow":["GET"]}}],"collection":[{"href":"https:\/\/discoveralmunecar.com\/es\/wp-json\/wp\/v2\/posts"}],"about":[{"href":"https:\/\/discoveralmunecar.com\/es\/wp-json\/wp\/v2\/types\/post"}],"author":[{"embeddable":true,"href":"https:\/\/discoveralmunecar.com\/es\/wp-json\/wp\/v2\/users\/2"}],"replies":[{"embeddable":true,"href":"https:\/\/discoveralmunecar.com\/es\/wp-json\/wp\/v2\/comments?post=7792"}],"version-history":[{"count":4,"href":"https:\/\/discoveralmunecar.com\/es\/wp-json\/wp\/v2\/posts\/7792\/revisions"}],"predecessor-version":[{"id":7826,"href":"https:\/\/discoveralmunecar.com\/es\/wp-json\/wp\/v2\/posts\/7792\/revisions\/7826"}],"wp:featuredmedia":[{"embeddable":true,"href":"https:\/\/discoveralmunecar.com\/es\/wp-json\/wp\/v2\/media\/7820"}],"wp:attachment":[{"href":"https:\/\/discoveralmunecar.com\/es\/wp-json\/wp\/v2\/media?parent=7792"}],"wp:term":[{"taxonomy":"category","embeddable":true,"href":"https:\/\/discoveralmunecar.com\/es\/wp-json\/wp\/v2\/categories?post=7792"},{"taxonomy":"post_tag","embeddable":true,"href":"https:\/\/discoveralmunecar.com\/es\/wp-json\/wp\/v2\/tags?post=7792"}],"curies":[{"name":"wp","href":"https:\/\/api.w.org\/{rel}","templated":true}]}}