{"id":12488,"date":"2022-09-29T06:20:54","date_gmt":"2022-09-29T06:20:54","guid":{"rendered":"https:\/\/discoveralmunecar.com\/?p=12488"},"modified":"2022-09-29T06:20:54","modified_gmt":"2022-09-29T06:20:54","slug":"restaurant-el-balcon-de-cotobro-a-almunecar","status":"publish","type":"post","link":"https:\/\/discoveralmunecar.com\/fr\/restaurant-el-balcon-de-cotobro-a-almunecar\/","title":{"rendered":"Restaurant El Balcon de Cotobro \u00e0 Almu\u00f1ecar"},"content":{"rendered":"<p>[vc_row][vc_column][vc_empty_space][vc_row_inner][vc_column_inner width=&#8221;1\/6&#8243; offset=&#8221;vc_col-xs-4&#8243;][vc_single_image image=&#8221;9498&#8243; img_size=&#8221;50&#215;50&#8243; alignment=&#8221;center&#8221; css=&#8221;.vc_custom_1658915234485{margin-bottom: -5px !important;}&#8221;]<div class=\"text-block\" ><div class=\"simple-text \"><p style=\"text-align: center;\">958 63 34 42<\/p>\n<\/div><\/div>[\/vc_column_inner][vc_column_inner width=&#8221;1\/6&#8243; offset=&#8221;vc_col-xs-4&#8243;][vc_single_image image=&#8221;9502&#8243; img_size=&#8221;50&#215;50&#8243; alignment=&#8221;center&#8221; css=&#8221;.vc_custom_1658915267709{margin-bottom: -5px !important;}&#8221;]<div class=\"text-block\" ><div class=\"simple-text \"><p>12:30 &#8211; 24:00<\/p>\n<\/div><\/div>[\/vc_column_inner][vc_column_inner width=&#8221;1\/6&#8243; offset=&#8221;vc_col-xs-4&#8243;][vc_single_image image=&#8221;9506&#8243; img_size=&#8221;50&#215;50&#8243; alignment=&#8221;center&#8221; css=&#8221;.vc_custom_1658915284373{margin-bottom: -5px !important;}&#8221;]<div class=\"text-block\" ><div class=\"simple-text \"><p>12:30 &#8211; 16:00<br \/>\n19:30 &#8211; 22:30<\/p>\n<\/div><\/div>[vc_empty_space][\/vc_column_inner][vc_column_inner width=&#8221;1\/6&#8243; offset=&#8221;vc_col-xs-4&#8243;][vc_single_image image=&#8221;9510&#8243; img_size=&#8221;50&#215;50&#8243; alignment=&#8221;center&#8221; css=&#8221;.vc_custom_1658915294405{margin-bottom: -5px !important;}&#8221;]<div class=\"text-block\" ><div class=\"simple-text \"><p style=\"text-align: center;\">Monday afternoon<br \/>\nand Tuesday<\/p>\n<\/div><\/div>[vc_empty_space][\/vc_column_inner][vc_column_inner width=&#8221;1\/6&#8243; offset=&#8221;vc_col-xs-4&#8243;][vc_single_image image=&#8221;9514&#8243; img_size=&#8221;50&#215;50&#8243; alignment=&#8221;center&#8221; css=&#8221;.vc_custom_1658915306708{margin-bottom: -5px !important;}&#8221;]<div class=\"text-block\" ><div class=\"simple-text \"><p style=\"text-align: center;\">Mediterranean<br \/>\nInternational Whit a French touch<\/p>\n<\/div><\/div>[vc_empty_space][\/vc_column_inner][vc_column_inner width=&#8221;1\/6&#8243; offset=&#8221;vc_col-xs-4&#8243;][vc_single_image image=&#8221;9518&#8243; img_size=&#8221;50&#215;50&#8243; alignment=&#8221;center&#8221; css=&#8221;.vc_custom_1658915318206{margin-bottom: -5px !important;}&#8221;]<div class=\"text-block\" ><div class=\"simple-text \"><p style=\"text-align: center;\">Options:<br \/>\nvegan<br \/>\nvegetarian<br \/>\ngluten-free<\/p>\n<\/div><\/div>[vc_empty_space][\/vc_column_inner][\/vc_row_inner][vc_row_inner][vc_column_inner width=&#8221;1\/6&#8243; offset=&#8221;vc_col-xs-4&#8243;][vc_single_image image=&#8221;7240&#8243; img_size=&#8221;50&#215;50&#8243; alignment=&#8221;center&#8221; css=&#8221;.vc_custom_1658915437278{margin-bottom: -5px !important;}&#8221;]<div class=\"text-block\" ><div class=\"simple-text \"><p style=\"text-align: center;\">Groups<\/p>\n<\/div><\/div>[vc_empty_space][\/vc_column_inner][vc_column_inner width=&#8221;1\/6&#8243; offset=&#8221;vc_col-xs-4&#8243;][vc_single_image image=&#8221;7243&#8243; img_size=&#8221;50&#215;50&#8243; alignment=&#8221;center&#8221; css=&#8221;.vc_custom_1658915448353{margin-bottom: -5px !important;}&#8221;]<div class=\"text-block\" ><div class=\"simple-text \"><p style=\"text-align: center;\">Family<\/p>\n<\/div><\/div>[vc_empty_space][\/vc_column_inner][vc_column_inner width=&#8221;1\/6&#8243; offset=&#8221;vc_col-xs-4&#8243;][vc_single_image image=&#8221;9462&#8243; img_size=&#8221;50&#215;50&#8243; alignment=&#8221;center&#8221; css=&#8221;.vc_custom_1658915458723{margin-bottom: -5px !important;}&#8221;]<div class=\"text-block\" ><div class=\"simple-text \"><p style=\"text-align: center;\">Cosy<\/p>\n<\/div><\/div>[vc_empty_space][\/vc_column_inner][vc_column_inner width=&#8221;1\/6&#8243; offset=&#8221;vc_col-xs-4&#8243;][vc_single_image image=&#8221;9454&#8243; img_size=&#8221;50&#215;50&#8243; alignment=&#8221;center&#8221; css=&#8221;.vc_custom_1658915468873{margin-bottom: -5px !important;}&#8221;]<div class=\"text-block\" ><div class=\"simple-text \"><p style=\"text-align: center;\">Terrace<\/p>\n<\/div><\/div>[vc_empty_space][\/vc_column_inner][vc_column_inner width=&#8221;1\/6&#8243; offset=&#8221;vc_col-xs-4&#8243;][vc_single_image image=&#8221;7249&#8243; img_size=&#8221;50&#215;50&#8243; alignment=&#8221;center&#8221; css=&#8221;.vc_custom_1658915478563{margin-bottom: -5px !important;}&#8221;]<div class=\"text-block\" ><div class=\"simple-text \"><p style=\"text-align: center;\">Disabled access<\/p>\n<\/div><\/div>[vc_empty_space][\/vc_column_inner][vc_column_inner width=&#8221;1\/6&#8243; offset=&#8221;vc_col-xs-4&#8243;][vc_single_image image=&#8221;7170&#8243; img_size=&#8221;50&#215;50&#8243; alignment=&#8221;center&#8221; css=&#8221;.vc_custom_1658915488228{margin-bottom: -5px !important;}&#8221;]<div class=\"text-block\" ><div class=\"simple-text \"><p style=\"text-align: center;\">20 to 45\u20ac<\/p>\n<\/div><\/div>[vc_empty_space][\/vc_column_inner][\/vc_row_inner][vc_empty_space][vc_row_inner][vc_column_inner][\/vc_column_inner][\/vc_row_inner][vc_row_inner][vc_column_inner][vc_single_image image=&#8221;10189&#8243; img_size=&#8221;full&#8221;][vc_empty_space]<div class=\"text-block\" ><div class=\"simple-text \"><p>Discover Almu\u00f1ecar vous fera d\u00e9couvrir dans ce billet un restaurant unique sur la c\u00f4te andalouse, gr\u00e2ce \u00e0 plusieurs facteurs tels que son emplacement imbattable avec un microclimat sp\u00e9cial, et une atmosph\u00e8re unique et tr\u00e8s accueillante.<\/p>\n<p>Tous les habitants d&#8217;Almu\u00f1\u00e9car et de La Herradura savent d\u00e9j\u00e0 que nous parlons de El Balc\u00f3n de Cotobro, sur la plage du m\u00eame nom.<\/p>\n<p>Et pour que tous les visiteurs d&#8217;Almu\u00f1\u00e9car et de ses environs puissent mieux le conna\u00eetre et \u00eatre s\u00e9duits par ses charmes, nous vous pr\u00e9sentons le restaurant Balc\u00f3n de Cotobro.<\/p>\n<p>L&#8217;histoire de ce petit coin unique de plaisir gastronomique a commenc\u00e9 dans les ann\u00e9es 60 du XXe si\u00e8cle, lorsqu&#8217;une petite colonie d&#8217;Allemands a d\u00e9couvert l&#8217;endroit et, s\u00e9duite par le charme de la plage de Cotobro, a fond\u00e9 le Club de Cotobro, o\u00f9 ils se r\u00e9unissaient pour passer de longues soir\u00e9es dans un cadre magique, gr\u00e2ce \u00e0 l&#8217;orographie du lieu qui offre un microclimat qui varie toujours positivement d&#8217;au moins deux degr\u00e9s par rapport \u00e0 la temp\u00e9rature du reste de la c\u00f4te, qui est d\u00e9j\u00e0 assez douce.<\/p>\n<\/div><\/div>[vc_empty_space][vc_single_image image=&#8221;10144&#8243; img_size=&#8221;full&#8221;]<div class=\"text-block\" ><div class=\"simple-text \"><p>Il \u00e9tait alors dirig\u00e9 par le c\u00e9l\u00e8bre Jacky de Cotobro, un chef qui, depuis 1973, date \u00e0 laquelle il s&#8217;est install\u00e9 \u00e0 la Costa Tropical de Grenade, est une r\u00e9f\u00e9rence dans le domaine de la gastronomie la plus exquise.<\/p>\n<p>N\u00e9 \u00e0 Li\u00e8ge (Belgique), toute sa carri\u00e8re de chef s&#8217;est d\u00e9roul\u00e9e sur les rives de la M\u00e9diterran\u00e9e. Apr\u00e8s avoir termin\u00e9 sa carri\u00e8re de footballeur dans l&#8217;\u00e9quipe nationale de son pays natal, il s&#8217;est install\u00e9 \u00e0 Salobre\u00f1a.<\/p>\n<p>C&#8217;est l\u00e0 qu&#8217;il a commenc\u00e9 \u00e0 faire ses armes dans l&#8217;Urbanizaci\u00f3n Salomar 2000, devenant une r\u00e9f\u00e9rence gastronomique.<\/p>\n<p>Peu de temps apr\u00e8s, il s&#8217;installe dans la zone bucolique de Cotobro. Apr\u00e8s le d\u00e9part \u00e0 la retraite du bien-aim\u00e9 Jacky, le Balc\u00f3n de Cotobro propose d\u00e9sormais un menu quotidien et quelques c\u00e9l\u00e9brations sp\u00e9ciales, comme des menus d\u00e9gustation, etc.<\/p>\n<p>Actuellement le chef est Sergio Salgado, avec une cuisine m\u00e9diterran\u00e9enne avec une touche fran\u00e7aise et un style gastrobar. Il faut aussi noter qu&#8217;ils vous servent en anglais, fran\u00e7ais et espagnol, le tout dans sa grande et spacieuse terrasse sur la plage avec une ambiance tr\u00e8s accueillante, sympathique et agr\u00e9able.<\/p>\n<\/div><\/div><div class=\"text-block\" ><div class=\"simple-text \"><\/div><\/div>[vc_empty_space][vc_single_image image=&#8221;10148&#8243; img_size=&#8221;full&#8221;]<div class=\"text-block\" ><div class=\"simple-text \"><p>Le restaurant Balc\u00f3n de Cotobro est sans aucun doute un lieu exceptionnel pour passer une soir\u00e9e unique. Parmi ses sp\u00e9cialit\u00e9s, citons le thon rouge \u00e0 la truffe et les escargots de Bourgogne, ainsi que les menus de d\u00e9gustation sp\u00e9cialis\u00e9s dans le homard.<\/p>\n<p>Il convient \u00e9galement de mentionner qu&#8217;\u00e0 l&#8217;occasion, vous pouvez profiter de la musique en direct avec un concert diff\u00e9rent \u00e0 chaque fois.<\/p>\n<p>Si vous passez quelques jours \u00e0 Almu\u00f1\u00e9car, La Herradura ou dans les environs, et que vous souhaitez profiter d&#8217;un lieu au charme particulier, n&#8217;h\u00e9sitez pas et d\u00e9couvrez ce que c&#8217;est que de profiter de la M\u00e9diterran\u00e9e sur la terrasse du restaurant Balc\u00f3n de Cotobro.<\/p>\n<p>D\u00e9couvrez ce restaurant \u00e0 Almu\u00f1\u00e9car et profitez de la gastronomie de cet endroit pendant que vous passez vos vacances ou votre temps dans notre ville !<\/p>\n<\/div><\/div><div class=\"text-block\" ><div class=\"simple-text \"><\/div><\/div>[vc_empty_space][\/vc_column_inner][\/vc_row_inner][vc_single_image image=&#8221;10152&#8243; img_size=&#8221;full&#8221;][\/vc_column][\/vc_row][vc_row][vc_column][vc_separator border_width=&#8221;2&#8243;][vc_empty_space][\/vc_column][\/vc_row][vc_row][vc_column][vc_empty_space][vc_custom_heading text=&#8221;Comment se rendre au restaurant Balcon de Cotobro?&#8221; use_theme_fonts=&#8221;yes&#8221;][vc_gmaps link=&#8221;#E-8_JTNDaWZyYW1lJTIwc3JjJTNEJTIyaHR0cHMlM0ElMkYlMkZ3d3cuZ29vZ2xlLmNvbSUyRm1hcHMlMkZlbWJlZCUzRnBiJTNEJTIxMW0xOCUyMTFtMTIlMjExbTMlMjExZDMxOTcuNTQ3OTk4OTUzNTM4JTIxMmQtMy43MTU5OTEzODQyODg0MTgyJTIxM2QzNi43MzM0MTUzNzk5NjIzOCUyMTJtMyUyMTFmMCUyMTJmMCUyMTNmMCUyMTNtMiUyMTFpMTAyNCUyMTJpNzY4JTIxNGYxMy4xJTIxM20zJTIxMW0yJTIxMXMweGQ3MTg4NzA2ZGNmZjQ2YiUyNTNBMHg5MDkyODhjZDk4OWFiZWU2JTIxMnNFbCUyNTIwQmFsYyUyNUMzJTI1QjNuJTI1MjBkZSUyNTIwQ290b2JybyUyMTVlMCUyMTNtMiUyMTFzZXMlMjEyc2VzJTIxNHYxNjU4ODU4NTMxMzY3JTIxNW0yJTIxMXNlcyUyMTJzZXMlMjIlMjB3aWR0aCUzRCUyMjYwMCUyMiUyMGhlaWdodCUzRCUyMjQ1MCUyMiUyMHN0eWxlJTNEJTIyYm9yZGVyJTNBMCUzQiUyMiUyMGFsbG93ZnVsbHNjcmVlbiUzRCUyMiUyMiUyMGxvYWRpbmclM0QlMjJsYXp5JTIyJTIwcmVmZXJyZXJwb2xpY3klM0QlMjJuby1yZWZlcnJlci13aGVuLWRvd25ncmFkZSUyMiUzRSUzQyUyRmlmcmFtZSUzRQ==&#8221;][\/vc_column][\/vc_row]<\/p>\n","protected":false},"excerpt":{"rendered":"<p>[vc_row][vc_column][vc_empty_space][vc_row_inner][vc_column_inner width=&#8221;1\/6&#8243; offset=&#8221;vc_col-xs-4&#8243;][vc_single_image image=&#8221;9498&#8243; img_size=&#8221;50&#215;50&#8243; alignment=&#8221;center&#8221; css=&#8221;.vc_custom_1658915234485{margin-bottom: -5px !important;}&#8221;][\/vc_column_inner][vc_column_inner width=&#8221;1\/6&#8243; offset=&#8221;vc_col-xs-4&#8243;][vc_single_image image=&#8221;9502&#8243; img_size=&#8221;50&#215;50&#8243; alignment=&#8221;center&#8221; css=&#8221;.vc_custom_1658915267709{margin-bottom: -5px !important;}&#8221;][\/vc_column_inner][vc_column_inner width=&#8221;1\/6&#8243; offset=&#8221;vc_col-xs-4&#8243;][vc_single_image image=&#8221;9506&#8243; img_size=&#8221;50&#215;50&#8243; alignment=&#8221;center&#8221; css=&#8221;.vc_custom_1658915284373{margin-bottom: -5px !important;}&#8221;][vc_empty_space][\/vc_column_inner][vc_column_inner width=&#8221;1\/6&#8243; offset=&#8221;vc_col-xs-4&#8243;][vc_single_image image=&#8221;9510&#8243; img_size=&#8221;50&#215;50&#8243; alignment=&#8221;center&#8221; css=&#8221;.vc_custom_1658915294405{margin-bottom: -5px !important;}&#8221;][vc_empty_space][\/vc_column_inner][vc_column_inner width=&#8221;1\/6&#8243; offset=&#8221;vc_col-xs-4&#8243;][vc_single_image image=&#8221;9514&#8243; img_size=&#8221;50&#215;50&#8243; alignment=&#8221;center&#8221; css=&#8221;.vc_custom_1658915306708{margin-bottom: -5px !important;}&#8221;][vc_empty_space][\/vc_column_inner][vc_column_inner width=&#8221;1\/6&#8243; offset=&#8221;vc_col-xs-4&#8243;][vc_single_image image=&#8221;9518&#8243; img_size=&#8221;50&#215;50&#8243; alignment=&#8221;center&#8221; css=&#8221;.vc_custom_1658915318206{margin-bottom: -5px !important;}&#8221;][vc_empty_space][\/vc_column_inner][\/vc_row_inner][vc_row_inner][vc_column_inner width=&#8221;1\/6&#8243; offset=&#8221;vc_col-xs-4&#8243;][vc_single_image image=&#8221;7240&#8243; img_size=&#8221;50&#215;50&#8243; alignment=&#8221;center&#8221; css=&#8221;.vc_custom_1658915437278{margin-bottom: [&hellip;]<\/p>\n","protected":false},"author":2,"featured_media":10135,"comment_status":"open","ping_status":"closed","sticky":false,"template":"","format":"standard","meta":{"footnotes":""},"categories":[145,127,143],"tags":[],"class_list":["post-12488","post","type-post","status-publish","format-standard","has-post-thumbnail","hentry","category-bars-a-tapas","category-ou-manger","category-restaurants"],"yoast_head":"<!-- This site is optimized with the Yoast SEO plugin v27.3 - https:\/\/yoast.com\/product\/yoast-seo-wordpress\/ -->\n<title>Restaurant El Balcon de Cotobro \u00e0 Almu\u00f1ecar<\/title>\n<meta name=\"robots\" content=\"index, follow, max-snippet:-1, max-image-preview:large, max-video-preview:-1\" \/>\n<link rel=\"canonical\" href=\"https:\/\/discoveralmunecar.com\/fr\/restaurant-el-balcon-de-cotobro-a-almunecar\/\" \/>\n<meta property=\"og:locale\" content=\"fr_FR\" \/>\n<meta property=\"og:type\" content=\"article\" \/>\n<meta property=\"og:title\" content=\"Restaurant El Balcon de Cotobro \u00e0 Almu\u00f1ecar\" \/>\n<meta property=\"og:description\" content=\"[vc_row][vc_column][vc_empty_space][vc_row_inner][vc_column_inner width=&#8221;1\/6&#8243; offset=&#8221;vc_col-xs-4&#8243;][vc_single_image image=&#8221;9498&#8243; img_size=&#8221;50&#215;50&#8243; alignment=&#8221;center&#8221; css=&#8221;.vc_custom_1658915234485{margin-bottom: -5px !important;}&#8221;][\/vc_column_inner][vc_column_inner width=&#8221;1\/6&#8243; offset=&#8221;vc_col-xs-4&#8243;][vc_single_image image=&#8221;9502&#8243; img_size=&#8221;50&#215;50&#8243; alignment=&#8221;center&#8221; css=&#8221;.vc_custom_1658915267709{margin-bottom: -5px !important;}&#8221;][\/vc_column_inner][vc_column_inner width=&#8221;1\/6&#8243; offset=&#8221;vc_col-xs-4&#8243;][vc_single_image image=&#8221;9506&#8243; img_size=&#8221;50&#215;50&#8243; alignment=&#8221;center&#8221; css=&#8221;.vc_custom_1658915284373{margin-bottom: -5px !important;}&#8221;][vc_empty_space][\/vc_column_inner][vc_column_inner width=&#8221;1\/6&#8243; offset=&#8221;vc_col-xs-4&#8243;][vc_single_image image=&#8221;9510&#8243; img_size=&#8221;50&#215;50&#8243; alignment=&#8221;center&#8221; css=&#8221;.vc_custom_1658915294405{margin-bottom: -5px !important;}&#8221;][vc_empty_space][\/vc_column_inner][vc_column_inner width=&#8221;1\/6&#8243; offset=&#8221;vc_col-xs-4&#8243;][vc_single_image image=&#8221;9514&#8243; img_size=&#8221;50&#215;50&#8243; alignment=&#8221;center&#8221; css=&#8221;.vc_custom_1658915306708{margin-bottom: -5px !important;}&#8221;][vc_empty_space][\/vc_column_inner][vc_column_inner width=&#8221;1\/6&#8243; offset=&#8221;vc_col-xs-4&#8243;][vc_single_image image=&#8221;9518&#8243; img_size=&#8221;50&#215;50&#8243; alignment=&#8221;center&#8221; css=&#8221;.vc_custom_1658915318206{margin-bottom: -5px !important;}&#8221;][vc_empty_space][\/vc_column_inner][\/vc_row_inner][vc_row_inner][vc_column_inner width=&#8221;1\/6&#8243; offset=&#8221;vc_col-xs-4&#8243;][vc_single_image image=&#8221;7240&#8243; img_size=&#8221;50&#215;50&#8243; alignment=&#8221;center&#8221; css=&#8221;.vc_custom_1658915437278{margin-bottom: [&hellip;]\" \/>\n<meta property=\"og:url\" content=\"https:\/\/discoveralmunecar.com\/fr\/restaurant-el-balcon-de-cotobro-a-almunecar\/\" \/>\n<meta property=\"article:published_time\" content=\"2022-09-29T06:20:54+00:00\" \/>\n<meta property=\"og:image\" content=\"https:\/\/discoveralmunecar.com\/wp-content\/uploads\/2022\/07\/Restaurante-Balcon-de-Cotobro-1.webp\" \/>\n\t<meta property=\"og:image:width\" content=\"1847\" \/>\n\t<meta property=\"og:image:height\" content=\"1039\" \/>\n\t<meta property=\"og:image:type\" content=\"image\/webp\" \/>\n<meta name=\"author\" content=\"Admin\" \/>\n<meta name=\"twitter:card\" content=\"summary_large_image\" \/>\n<meta name=\"twitter:label1\" content=\"\u00c9crit par\" \/>\n\t<meta name=\"twitter:data1\" content=\"Admin\" \/>\n\t<meta name=\"twitter:label2\" content=\"Dur\u00e9e de lecture estim\u00e9e\" \/>\n\t<meta name=\"twitter:data2\" content=\"3 minutes\" \/>\n<script type=\"application\/ld+json\" class=\"yoast-schema-graph\">{\"@context\":\"https:\\\/\\\/schema.org\",\"@graph\":[{\"@type\":\"Article\",\"@id\":\"https:\\\/\\\/discoveralmunecar.com\\\/fr\\\/restaurant-el-balcon-de-cotobro-a-almunecar\\\/#article\",\"isPartOf\":{\"@id\":\"https:\\\/\\\/discoveralmunecar.com\\\/fr\\\/restaurant-el-balcon-de-cotobro-a-almunecar\\\/\"},\"author\":{\"name\":\"Admin\",\"@id\":\"https:\\\/\\\/discoveralmunecar.com\\\/fr\\\/#\\\/schema\\\/person\\\/7d931359380d442b7e8832cd0d6a2db0\"},\"headline\":\"Restaurant El Balcon de Cotobro \u00e0 Almu\u00f1ecar\",\"datePublished\":\"2022-09-29T06:20:54+00:00\",\"mainEntityOfPage\":{\"@id\":\"https:\\\/\\\/discoveralmunecar.com\\\/fr\\\/restaurant-el-balcon-de-cotobro-a-almunecar\\\/\"},\"wordCount\":1212,\"commentCount\":0,\"image\":{\"@id\":\"https:\\\/\\\/discoveralmunecar.com\\\/fr\\\/restaurant-el-balcon-de-cotobro-a-almunecar\\\/#primaryimage\"},\"thumbnailUrl\":\"https:\\\/\\\/discoveralmunecar.com\\\/wp-content\\\/uploads\\\/2022\\\/07\\\/Restaurante-Balcon-de-Cotobro-1.webp\",\"articleSection\":[\"Bars \u00e0 tapas\",\"O\u00f9 manger\",\"Restaurants\"],\"inLanguage\":\"fr-FR\",\"potentialAction\":[{\"@type\":\"CommentAction\",\"name\":\"Comment\",\"target\":[\"https:\\\/\\\/discoveralmunecar.com\\\/fr\\\/restaurant-el-balcon-de-cotobro-a-almunecar\\\/#respond\"]}]},{\"@type\":\"WebPage\",\"@id\":\"https:\\\/\\\/discoveralmunecar.com\\\/fr\\\/restaurant-el-balcon-de-cotobro-a-almunecar\\\/\",\"url\":\"https:\\\/\\\/discoveralmunecar.com\\\/fr\\\/restaurant-el-balcon-de-cotobro-a-almunecar\\\/\",\"name\":\"Restaurant El Balcon de Cotobro \u00e0 Almu\u00f1ecar\",\"isPartOf\":{\"@id\":\"https:\\\/\\\/discoveralmunecar.com\\\/fr\\\/#website\"},\"primaryImageOfPage\":{\"@id\":\"https:\\\/\\\/discoveralmunecar.com\\\/fr\\\/restaurant-el-balcon-de-cotobro-a-almunecar\\\/#primaryimage\"},\"image\":{\"@id\":\"https:\\\/\\\/discoveralmunecar.com\\\/fr\\\/restaurant-el-balcon-de-cotobro-a-almunecar\\\/#primaryimage\"},\"thumbnailUrl\":\"https:\\\/\\\/discoveralmunecar.com\\\/wp-content\\\/uploads\\\/2022\\\/07\\\/Restaurante-Balcon-de-Cotobro-1.webp\",\"datePublished\":\"2022-09-29T06:20:54+00:00\",\"author\":{\"@id\":\"https:\\\/\\\/discoveralmunecar.com\\\/fr\\\/#\\\/schema\\\/person\\\/7d931359380d442b7e8832cd0d6a2db0\"},\"breadcrumb\":{\"@id\":\"https:\\\/\\\/discoveralmunecar.com\\\/fr\\\/restaurant-el-balcon-de-cotobro-a-almunecar\\\/#breadcrumb\"},\"inLanguage\":\"fr-FR\",\"potentialAction\":[{\"@type\":\"ReadAction\",\"target\":[\"https:\\\/\\\/discoveralmunecar.com\\\/fr\\\/restaurant-el-balcon-de-cotobro-a-almunecar\\\/\"]}]},{\"@type\":\"ImageObject\",\"inLanguage\":\"fr-FR\",\"@id\":\"https:\\\/\\\/discoveralmunecar.com\\\/fr\\\/restaurant-el-balcon-de-cotobro-a-almunecar\\\/#primaryimage\",\"url\":\"https:\\\/\\\/discoveralmunecar.com\\\/wp-content\\\/uploads\\\/2022\\\/07\\\/Restaurante-Balcon-de-Cotobro-1.webp\",\"contentUrl\":\"https:\\\/\\\/discoveralmunecar.com\\\/wp-content\\\/uploads\\\/2022\\\/07\\\/Restaurante-Balcon-de-Cotobro-1.webp\",\"width\":1847,\"height\":1039},{\"@type\":\"BreadcrumbList\",\"@id\":\"https:\\\/\\\/discoveralmunecar.com\\\/fr\\\/restaurant-el-balcon-de-cotobro-a-almunecar\\\/#breadcrumb\",\"itemListElement\":[{\"@type\":\"ListItem\",\"position\":1,\"name\":\"Home\",\"item\":\"https:\\\/\\\/discoveralmunecar.com\\\/fr\\\/\"},{\"@type\":\"ListItem\",\"position\":2,\"name\":\"Restaurant El Balcon de Cotobro \u00e0 Almu\u00f1ecar\"}]},{\"@type\":\"WebSite\",\"@id\":\"https:\\\/\\\/discoveralmunecar.com\\\/fr\\\/#website\",\"url\":\"https:\\\/\\\/discoveralmunecar.com\\\/fr\\\/\",\"name\":\"\",\"description\":\"Just another WordPress site\\n\",\"potentialAction\":[{\"@type\":\"SearchAction\",\"target\":{\"@type\":\"EntryPoint\",\"urlTemplate\":\"https:\\\/\\\/discoveralmunecar.com\\\/fr\\\/?s={search_term_string}\"},\"query-input\":{\"@type\":\"PropertyValueSpecification\",\"valueRequired\":true,\"valueName\":\"search_term_string\"}}],\"inLanguage\":\"fr-FR\"},{\"@type\":\"Person\",\"@id\":\"https:\\\/\\\/discoveralmunecar.com\\\/fr\\\/#\\\/schema\\\/person\\\/7d931359380d442b7e8832cd0d6a2db0\",\"name\":\"Admin\",\"image\":{\"@type\":\"ImageObject\",\"inLanguage\":\"fr-FR\",\"@id\":\"https:\\\/\\\/secure.gravatar.com\\\/avatar\\\/87aff11e22fb9eda78c606aa27a60cd99fc49aac3a2cf4688b14253df494fd22?s=96&d=mm&r=g\",\"url\":\"https:\\\/\\\/secure.gravatar.com\\\/avatar\\\/87aff11e22fb9eda78c606aa27a60cd99fc49aac3a2cf4688b14253df494fd22?s=96&d=mm&r=g\",\"contentUrl\":\"https:\\\/\\\/secure.gravatar.com\\\/avatar\\\/87aff11e22fb9eda78c606aa27a60cd99fc49aac3a2cf4688b14253df494fd22?s=96&d=mm&r=g\",\"caption\":\"Admin\"},\"url\":\"https:\\\/\\\/discoveralmunecar.com\\\/fr\\\/author\\\/pedro-espinosa\\\/\"}]}<\/script>\n<!-- \/ Yoast SEO plugin. -->","yoast_head_json":{"title":"Restaurant El Balcon de Cotobro \u00e0 Almu\u00f1ecar","robots":{"index":"index","follow":"follow","max-snippet":"max-snippet:-1","max-image-preview":"max-image-preview:large","max-video-preview":"max-video-preview:-1"},"canonical":"https:\/\/discoveralmunecar.com\/fr\/restaurant-el-balcon-de-cotobro-a-almunecar\/","og_locale":"fr_FR","og_type":"article","og_title":"Restaurant El Balcon de Cotobro \u00e0 Almu\u00f1ecar","og_description":"[vc_row][vc_column][vc_empty_space][vc_row_inner][vc_column_inner width=&#8221;1\/6&#8243; offset=&#8221;vc_col-xs-4&#8243;][vc_single_image image=&#8221;9498&#8243; img_size=&#8221;50&#215;50&#8243; alignment=&#8221;center&#8221; css=&#8221;.vc_custom_1658915234485{margin-bottom: -5px !important;}&#8221;][\/vc_column_inner][vc_column_inner width=&#8221;1\/6&#8243; offset=&#8221;vc_col-xs-4&#8243;][vc_single_image image=&#8221;9502&#8243; img_size=&#8221;50&#215;50&#8243; alignment=&#8221;center&#8221; css=&#8221;.vc_custom_1658915267709{margin-bottom: -5px !important;}&#8221;][\/vc_column_inner][vc_column_inner width=&#8221;1\/6&#8243; offset=&#8221;vc_col-xs-4&#8243;][vc_single_image image=&#8221;9506&#8243; img_size=&#8221;50&#215;50&#8243; alignment=&#8221;center&#8221; css=&#8221;.vc_custom_1658915284373{margin-bottom: -5px !important;}&#8221;][vc_empty_space][\/vc_column_inner][vc_column_inner width=&#8221;1\/6&#8243; offset=&#8221;vc_col-xs-4&#8243;][vc_single_image image=&#8221;9510&#8243; img_size=&#8221;50&#215;50&#8243; alignment=&#8221;center&#8221; css=&#8221;.vc_custom_1658915294405{margin-bottom: -5px !important;}&#8221;][vc_empty_space][\/vc_column_inner][vc_column_inner width=&#8221;1\/6&#8243; offset=&#8221;vc_col-xs-4&#8243;][vc_single_image image=&#8221;9514&#8243; img_size=&#8221;50&#215;50&#8243; alignment=&#8221;center&#8221; css=&#8221;.vc_custom_1658915306708{margin-bottom: -5px !important;}&#8221;][vc_empty_space][\/vc_column_inner][vc_column_inner width=&#8221;1\/6&#8243; offset=&#8221;vc_col-xs-4&#8243;][vc_single_image image=&#8221;9518&#8243; img_size=&#8221;50&#215;50&#8243; alignment=&#8221;center&#8221; css=&#8221;.vc_custom_1658915318206{margin-bottom: -5px !important;}&#8221;][vc_empty_space][\/vc_column_inner][\/vc_row_inner][vc_row_inner][vc_column_inner width=&#8221;1\/6&#8243; offset=&#8221;vc_col-xs-4&#8243;][vc_single_image image=&#8221;7240&#8243; img_size=&#8221;50&#215;50&#8243; alignment=&#8221;center&#8221; css=&#8221;.vc_custom_1658915437278{margin-bottom: [&hellip;]","og_url":"https:\/\/discoveralmunecar.com\/fr\/restaurant-el-balcon-de-cotobro-a-almunecar\/","article_published_time":"2022-09-29T06:20:54+00:00","og_image":[{"width":1847,"height":1039,"url":"https:\/\/discoveralmunecar.com\/wp-content\/uploads\/2022\/07\/Restaurante-Balcon-de-Cotobro-1.webp","type":"image\/webp"}],"author":"Admin","twitter_card":"summary_large_image","twitter_misc":{"\u00c9crit par":"Admin","Dur\u00e9e de lecture estim\u00e9e":"3 minutes"},"schema":{"@context":"https:\/\/schema.org","@graph":[{"@type":"Article","@id":"https:\/\/discoveralmunecar.com\/fr\/restaurant-el-balcon-de-cotobro-a-almunecar\/#article","isPartOf":{"@id":"https:\/\/discoveralmunecar.com\/fr\/restaurant-el-balcon-de-cotobro-a-almunecar\/"},"author":{"name":"Admin","@id":"https:\/\/discoveralmunecar.com\/fr\/#\/schema\/person\/7d931359380d442b7e8832cd0d6a2db0"},"headline":"Restaurant El Balcon de Cotobro \u00e0 Almu\u00f1ecar","datePublished":"2022-09-29T06:20:54+00:00","mainEntityOfPage":{"@id":"https:\/\/discoveralmunecar.com\/fr\/restaurant-el-balcon-de-cotobro-a-almunecar\/"},"wordCount":1212,"commentCount":0,"image":{"@id":"https:\/\/discoveralmunecar.com\/fr\/restaurant-el-balcon-de-cotobro-a-almunecar\/#primaryimage"},"thumbnailUrl":"https:\/\/discoveralmunecar.com\/wp-content\/uploads\/2022\/07\/Restaurante-Balcon-de-Cotobro-1.webp","articleSection":["Bars \u00e0 tapas","O\u00f9 manger","Restaurants"],"inLanguage":"fr-FR","potentialAction":[{"@type":"CommentAction","name":"Comment","target":["https:\/\/discoveralmunecar.com\/fr\/restaurant-el-balcon-de-cotobro-a-almunecar\/#respond"]}]},{"@type":"WebPage","@id":"https:\/\/discoveralmunecar.com\/fr\/restaurant-el-balcon-de-cotobro-a-almunecar\/","url":"https:\/\/discoveralmunecar.com\/fr\/restaurant-el-balcon-de-cotobro-a-almunecar\/","name":"Restaurant El Balcon de Cotobro \u00e0 Almu\u00f1ecar","isPartOf":{"@id":"https:\/\/discoveralmunecar.com\/fr\/#website"},"primaryImageOfPage":{"@id":"https:\/\/discoveralmunecar.com\/fr\/restaurant-el-balcon-de-cotobro-a-almunecar\/#primaryimage"},"image":{"@id":"https:\/\/discoveralmunecar.com\/fr\/restaurant-el-balcon-de-cotobro-a-almunecar\/#primaryimage"},"thumbnailUrl":"https:\/\/discoveralmunecar.com\/wp-content\/uploads\/2022\/07\/Restaurante-Balcon-de-Cotobro-1.webp","datePublished":"2022-09-29T06:20:54+00:00","author":{"@id":"https:\/\/discoveralmunecar.com\/fr\/#\/schema\/person\/7d931359380d442b7e8832cd0d6a2db0"},"breadcrumb":{"@id":"https:\/\/discoveralmunecar.com\/fr\/restaurant-el-balcon-de-cotobro-a-almunecar\/#breadcrumb"},"inLanguage":"fr-FR","potentialAction":[{"@type":"ReadAction","target":["https:\/\/discoveralmunecar.com\/fr\/restaurant-el-balcon-de-cotobro-a-almunecar\/"]}]},{"@type":"ImageObject","inLanguage":"fr-FR","@id":"https:\/\/discoveralmunecar.com\/fr\/restaurant-el-balcon-de-cotobro-a-almunecar\/#primaryimage","url":"https:\/\/discoveralmunecar.com\/wp-content\/uploads\/2022\/07\/Restaurante-Balcon-de-Cotobro-1.webp","contentUrl":"https:\/\/discoveralmunecar.com\/wp-content\/uploads\/2022\/07\/Restaurante-Balcon-de-Cotobro-1.webp","width":1847,"height":1039},{"@type":"BreadcrumbList","@id":"https:\/\/discoveralmunecar.com\/fr\/restaurant-el-balcon-de-cotobro-a-almunecar\/#breadcrumb","itemListElement":[{"@type":"ListItem","position":1,"name":"Home","item":"https:\/\/discoveralmunecar.com\/fr\/"},{"@type":"ListItem","position":2,"name":"Restaurant El Balcon de Cotobro \u00e0 Almu\u00f1ecar"}]},{"@type":"WebSite","@id":"https:\/\/discoveralmunecar.com\/fr\/#website","url":"https:\/\/discoveralmunecar.com\/fr\/","name":"","description":"Just another WordPress site\n","potentialAction":[{"@type":"SearchAction","target":{"@type":"EntryPoint","urlTemplate":"https:\/\/discoveralmunecar.com\/fr\/?s={search_term_string}"},"query-input":{"@type":"PropertyValueSpecification","valueRequired":true,"valueName":"search_term_string"}}],"inLanguage":"fr-FR"},{"@type":"Person","@id":"https:\/\/discoveralmunecar.com\/fr\/#\/schema\/person\/7d931359380d442b7e8832cd0d6a2db0","name":"Admin","image":{"@type":"ImageObject","inLanguage":"fr-FR","@id":"https:\/\/secure.gravatar.com\/avatar\/87aff11e22fb9eda78c606aa27a60cd99fc49aac3a2cf4688b14253df494fd22?s=96&d=mm&r=g","url":"https:\/\/secure.gravatar.com\/avatar\/87aff11e22fb9eda78c606aa27a60cd99fc49aac3a2cf4688b14253df494fd22?s=96&d=mm&r=g","contentUrl":"https:\/\/secure.gravatar.com\/avatar\/87aff11e22fb9eda78c606aa27a60cd99fc49aac3a2cf4688b14253df494fd22?s=96&d=mm&r=g","caption":"Admin"},"url":"https:\/\/discoveralmunecar.com\/fr\/author\/pedro-espinosa\/"}]}},"_links":{"self":[{"href":"https:\/\/discoveralmunecar.com\/fr\/wp-json\/wp\/v2\/posts\/12488","targetHints":{"allow":["GET"]}}],"collection":[{"href":"https:\/\/discoveralmunecar.com\/fr\/wp-json\/wp\/v2\/posts"}],"about":[{"href":"https:\/\/discoveralmunecar.com\/fr\/wp-json\/wp\/v2\/types\/post"}],"author":[{"embeddable":true,"href":"https:\/\/discoveralmunecar.com\/fr\/wp-json\/wp\/v2\/users\/2"}],"replies":[{"embeddable":true,"href":"https:\/\/discoveralmunecar.com\/fr\/wp-json\/wp\/v2\/comments?post=12488"}],"version-history":[{"count":3,"href":"https:\/\/discoveralmunecar.com\/fr\/wp-json\/wp\/v2\/posts\/12488\/revisions"}],"predecessor-version":[{"id":12491,"href":"https:\/\/discoveralmunecar.com\/fr\/wp-json\/wp\/v2\/posts\/12488\/revisions\/12491"}],"wp:featuredmedia":[{"embeddable":true,"href":"https:\/\/discoveralmunecar.com\/fr\/wp-json\/wp\/v2\/media\/10135"}],"wp:attachment":[{"href":"https:\/\/discoveralmunecar.com\/fr\/wp-json\/wp\/v2\/media?parent=12488"}],"wp:term":[{"taxonomy":"category","embeddable":true,"href":"https:\/\/discoveralmunecar.com\/fr\/wp-json\/wp\/v2\/categories?post=12488"},{"taxonomy":"post_tag","embeddable":true,"href":"https:\/\/discoveralmunecar.com\/fr\/wp-json\/wp\/v2\/tags?post=12488"}],"curies":[{"name":"wp","href":"https:\/\/api.w.org\/{rel}","templated":true}]}}