{"id":17713,"date":"2024-06-21T14:47:25","date_gmt":"2024-06-21T14:47:25","guid":{"rendered":"https:\/\/discoveralmunecar.com\/?p=17713"},"modified":"2024-06-21T14:47:26","modified_gmt":"2024-06-21T14:47:26","slug":"la-nuit-magique-de-san-juan-a-almunecar-2024","status":"publish","type":"post","link":"https:\/\/discoveralmunecar.com\/fr\/la-nuit-magique-de-san-juan-a-almunecar-2024\/","title":{"rendered":"La Nuit Magique de San Juan \u00e0 Almu\u00f1\u00e9car 2024"},"content":{"rendered":"<p>[vc_row full_width=&#8221;stretch_row&#8221; awb_type=&#8221;video&#8221; awb_video_mobile=&#8221;1&#8243; css=&#8221;.vc_custom_1718966537096{padding-top: 650px !important;}&#8221; awb_video_mp4=&#8221;https:\/\/discoveralmunecar.com\/wp-content\/uploads\/2024\/06\/San-Juan-2024.mp4&#8243;][vc_column][\/vc_column][\/vc_row][vc_row full_width=&#8221;stretch_row&#8221;][vc_column][vc_row_inner][vc_column_inner]<div class=\"text-block\" ><div class=\"simple-text \"><\/div><\/div>[vc_empty_space]<div class=\"text-block\" ><div class=\"simple-text \"><p>Il n&#8217;y a rien qui n&#8217;ait \u00e9t\u00e9 dit, racont\u00e9, \u00e9tudi\u00e9&#8230; d\u00e9j\u00e0 sur la Nuit Magique de San Juan : qui est la plus courte de l&#8217;ann\u00e9e ; \u00e7a commence l&#8217;\u00e9t\u00e9; que d\u00e8s le petit matin du 23 au 24 juin commence officiellement la haute saison baln\u00e9aire sur la c\u00f4te ; qui avait une origine pa\u00efenne pour c\u00e9l\u00e9brer le solstice d&#8217;\u00e9t\u00e9 ; qui sert \u00e0 br\u00fbler sur le b\u00fbcher toutes les mauvaises choses de l&#8217;ann\u00e9e ; que sauter par-dessus le feu de joie porte chance ; que se baigner dans la mer cette nuit-l\u00e0 purifie l&#8217;\u00e2me et bien d&#8217;autres sujets.<\/p>\n<\/div><\/div>[vc_single_image image=&#8221;17686&#8243; img_size=&#8221;full&#8221;]<div class=\"text-block\" ><div class=\"simple-text \"><h3>Du plaisir pour tous<\/h3>\n<p>Ceux qui vivent le plus la Nuit Magique de San Juan sont les jeunes qui en profitent d\u00e8s le premier instant jusqu&#8217;\u00e0 l&#8217;aube. Comme chacun le sait, c&#8217;est une f\u00eate qui se c\u00e9l\u00e8bre de pr\u00e9f\u00e9rence sur la plage, o\u00f9 sont allum\u00e9s des centaines de feux de joie, autour desquels tous les participants, des enfants, parents, grands-parents, jeunes, visiteurs et autres curieux, mangent, boivent, dansent. . , ils rient et passent un bon moment.<\/p>\n<p>.<\/p>\n<\/div><\/div>[vc_empty_space][vc_single_image image=&#8221;17691&#8243; img_size=&#8221;full&#8221;]<div class=\"text-block\" ><div class=\"simple-text \"><h3>Les feux de joie<\/h3>\n<p>Les feux de joie de la nuit de San Juan trouvent leur origine dans un rituel magique dont le but \u00e9tait de restituer la chaleur vivifiante et germinative du soleil. Cette coutume d&#8217;allumer des feux de joie perdura lors de la diffusion du christianisme, se m\u00ealant \u00e0 des festivit\u00e9s sacr\u00e9es comme la naissance de saint Jean-Baptiste (24 juin) et le martyre des saints Pierre et Saint Paul (29 juin). De plus, le feu purifie et br\u00fble les vieux et les mauvais, afin de faire place \u00e0 de nouvelles opportunit\u00e9s et d\u00e9sirs, chassant les mauvais esprits et purifiant l&#8217;\u00e2me.<\/p>\n<\/div><\/div>[vc_empty_space][vc_single_image image=&#8221;17696&#8243; img_size=&#8221;full&#8221;]<div class=\"text-block\" ><div class=\"simple-text \"><h3>Les petits pains \u00e0 l&#8217;huile de San Juan de Almu\u00f1\u00e9car<\/h3>\n<p>Le jour de la Saint-Jean, il est de tradition \u00e0 Almu\u00f1\u00e9car de manger les petits pains typiques de la Saint-Jean. Dans presque toutes les boulangeries d&#8217;Almu\u00f1\u00e9car, la plus ancienne ville m\u00e9diterran\u00e9enne d&#8217;Espagne, les jours pr\u00e9c\u00e9dant et quelques jours apr\u00e8s le 24 juin, les classiques petits pains \u00e0 l&#8217;huile de San Juan de Almu\u00f1\u00e9car sont vendus et peuvent \u00eatre d\u00e9gust\u00e9s.<\/p>\n<\/div><\/div>[vc_empty_space][vc_single_image image=&#8221;17701&#8243; img_size=&#8221;full&#8221;]<div class=\"text-block\" ><div class=\"simple-text \"><h3>Ingr\u00e9dients courants<\/h3>\n<p>La recette, bien qu&#8217;elle puisse pr\u00e9senter quelques variantes, comprend normalement les ingr\u00e9dients suivants pour quatre petits pains\u00a0: quatre cents grammes de farine forte, cent millilitres d&#8217;huile d&#8217;olive, cent soixante-dix millilitres d&#8217;eau ti\u00e8de, vingt grammes de levure fra\u00eeche, six grammes d&#8217;anis , une pinc\u00e9e de sel et quatre \u0153ufs.<\/p>\n<\/div><\/div>[vc_empty_space]<div class=\"text-block\" ><div class=\"simple-text \"><h3>Pr\u00e9paration des petits pains \u00e0 l&#8217;huile de San Juan de Almu\u00f1\u00e9car<\/h3>\n<p>Ensuite, pour sa pr\u00e9paration, on utilise une source dans laquelle on ajoute quatre cents grammes de farine forte et une pinc\u00e9e de sel, et on m\u00e9lange bien. Ensuite, le m\u00e9lange que nous avons r\u00e9alis\u00e9 est vers\u00e9 sur une surface plane en marbre, une plaque chauffante, une table de travail ou dans une terrine, en formant un tas pr\u00eat, au milieu duquel un trou, ou puits, est form\u00e9 pour verser les autres ingr\u00e9dients ( c&#8217;est ce qu&#8217;on appelle un volcan \u00e0 farine).<\/p>\n<p>Ensuite il faut mettre l&#8217;eau ti\u00e8de pour dissoudre la levure, puis il faut verser ce m\u00e9lange et l&#8217;huile au centre du volcan, et \u00e0 l&#8217;aide d&#8217;une fourchette int\u00e9grer le tout. Il faut saupoudrer un peu de farine sur une surface comme une planche et y p\u00e9trir pendant plusieurs minutes. A ce moment, ajoutez l&#8217;anis, et continuez \u00e0 p\u00e9trir pour que l&#8217;anis soit bien r\u00e9parti.<\/p>\n<p>Laissez ensuite reposer la p\u00e2te dans un bol recouvert d&#8217;un linge humide pendant pr\u00e8s d&#8217;une heure. Par contre, les \u0153ufs sont lav\u00e9s, et la p\u00e2te doit \u00eatre divis\u00e9e en deux, et une petite portion est soustraite de chacune de ces parties.<br \/>\nOn lui donne une forme elliptique en allongeant les sommets aux extr\u00e9mit\u00e9s, on fait un trou au centre pour y mettre l&#8217;\u0153uf, et avec la partie retir\u00e9e on fait deux bandes pour \u00eatre plac\u00e9es en forme de croix sur l&#8217;\u0153uf pour le maintenir. .<\/p>\n<p>Laissez reposer une demi-heure, puis faites cuire au four pr\u00e9chauff\u00e9 \u00e0 deux cents degr\u00e9s pendant environ trois quarts d&#8217;heure ou jusqu&#8217;\u00e0 ce qu&#8217;ils soient dor\u00e9s. Laissez refroidir et d\u00e9gustez-les.<\/p>\n<\/div><\/div>[vc_empty_space]<div class=\"text-block\" ><div class=\"simple-text \"><h3>Venez profiter des feux de joie et des petits pains d&#8217;Almu\u00f1\u00e9car<\/h3>\n<p>N&#8217;h\u00e9sitez pas, venez \u00e0 Almu\u00f1\u00e9car pour profiter de la Nuit Magique de San Juan sur l&#8217;une de ses plages et d\u00e9guster les petits pains \u00e0 l&#8217;huile de San Juan. Ou gr\u00e2ce \u00e0 ce post, r\u00e9alisez-les vous-m\u00eame.<\/p>\n<p>N&#8217;attendez pas qu&#8217;on vous le dise, venez le vivre et faites-le vous-m\u00eame.<\/p>\n<\/div><\/div>[vc_empty_space][\/vc_column_inner][\/vc_row_inner][\/vc_column][\/vc_row][vc_row][vc_column][vc_separator border_width=&#8221;2&#8243;][vc_empty_space][\/vc_column][\/vc_row]<\/p>\n","protected":false},"excerpt":{"rendered":"<p>[vc_row full_width=&#8221;stretch_row&#8221; awb_type=&#8221;video&#8221; awb_video_mobile=&#8221;1&#8243; css=&#8221;.vc_custom_1718966537096{padding-top: 650px !important;}&#8221; awb_video_mp4=&#8221;https:\/\/discoveralmunecar.com\/wp-content\/uploads\/2024\/06\/San-Juan-2024.mp4&#8243;][vc_column][\/vc_column][\/vc_row][vc_row full_width=&#8221;stretch_row&#8221;][vc_column][vc_row_inner][vc_column_inner][vc_empty_space][vc_single_image image=&#8221;17686&#8243; img_size=&#8221;full&#8221;][vc_empty_space][vc_single_image image=&#8221;17691&#8243; img_size=&#8221;full&#8221;][vc_empty_space][vc_single_image image=&#8221;17696&#8243; img_size=&#8221;full&#8221;][vc_empty_space][vc_single_image image=&#8221;17701&#8243; img_size=&#8221;full&#8221;][vc_empty_space][vc_empty_space][vc_empty_space][\/vc_column_inner][\/vc_row_inner][\/vc_column][\/vc_row][vc_row][vc_column][vc_separator border_width=&#8221;2&#8243;][vc_empty_space][\/vc_column][\/vc_row]<\/p>\n","protected":false},"author":2,"featured_media":17681,"comment_status":"open","ping_status":"closed","sticky":false,"template":"","format":"standard","meta":{"footnotes":""},"categories":[276,274,125,139,130,128],"tags":[],"class_list":["post-17713","post","type-post","status-publish","format-standard","has-post-thumbnail","hentry","category-agenda-culturel-dalmunecar","category-culture-dalmunecar","category-evenements-a-almunecar","category-fetes-locales-almunecar","category-la-herradura-fr","category-que-faire"],"yoast_head":"<!-- This site is optimized with the Yoast SEO plugin v27.3 - https:\/\/yoast.com\/product\/yoast-seo-wordpress\/ -->\n<title>La Nuit Magique de San Juan \u00e0 Almu\u00f1\u00e9car 2024 -<\/title>\n<meta name=\"robots\" content=\"index, follow, max-snippet:-1, max-image-preview:large, max-video-preview:-1\" \/>\n<link rel=\"canonical\" href=\"https:\/\/discoveralmunecar.com\/fr\/la-nuit-magique-de-san-juan-a-almunecar-2024\/\" \/>\n<meta property=\"og:locale\" content=\"fr_FR\" \/>\n<meta property=\"og:type\" content=\"article\" \/>\n<meta property=\"og:title\" content=\"La Nuit Magique de San Juan \u00e0 Almu\u00f1\u00e9car 2024 -\" \/>\n<meta property=\"og:description\" content=\"[vc_row full_width=&#8221;stretch_row&#8221; awb_type=&#8221;video&#8221; awb_video_mobile=&#8221;1&#8243; css=&#8221;.vc_custom_1718966537096{padding-top: 650px !important;}&#8221; awb_video_mp4=&#8221;https:\/\/discoveralmunecar.com\/wp-content\/uploads\/2024\/06\/San-Juan-2024.mp4&#8243;][vc_column][\/vc_column][\/vc_row][vc_row full_width=&#8221;stretch_row&#8221;][vc_column][vc_row_inner][vc_column_inner][vc_empty_space][vc_single_image image=&#8221;17686&#8243; img_size=&#8221;full&#8221;][vc_empty_space][vc_single_image image=&#8221;17691&#8243; img_size=&#8221;full&#8221;][vc_empty_space][vc_single_image image=&#8221;17696&#8243; img_size=&#8221;full&#8221;][vc_empty_space][vc_single_image image=&#8221;17701&#8243; img_size=&#8221;full&#8221;][vc_empty_space][vc_empty_space][vc_empty_space][\/vc_column_inner][\/vc_row_inner][\/vc_column][\/vc_row][vc_row][vc_column][vc_separator border_width=&#8221;2&#8243;][vc_empty_space][\/vc_column][\/vc_row]\" \/>\n<meta property=\"og:url\" content=\"https:\/\/discoveralmunecar.com\/fr\/la-nuit-magique-de-san-juan-a-almunecar-2024\/\" \/>\n<meta property=\"article:published_time\" content=\"2024-06-21T14:47:25+00:00\" \/>\n<meta property=\"article:modified_time\" content=\"2024-06-21T14:47:26+00:00\" \/>\n<meta property=\"og:image\" content=\"https:\/\/discoveralmunecar.com\/wp-content\/uploads\/2024\/06\/1170265-RW2_DxO_DeepPRIME@0.5x.webp\" \/>\n\t<meta property=\"og:image:width\" content=\"2296\" \/>\n\t<meta property=\"og:image:height\" content=\"1724\" \/>\n\t<meta property=\"og:image:type\" content=\"image\/webp\" \/>\n<meta name=\"author\" content=\"Admin\" \/>\n<meta name=\"twitter:card\" content=\"summary_large_image\" \/>\n<meta name=\"twitter:label1\" content=\"\u00c9crit par\" \/>\n\t<meta name=\"twitter:data1\" content=\"Admin\" \/>\n\t<meta name=\"twitter:label2\" content=\"Dur\u00e9e de lecture estim\u00e9e\" \/>\n\t<meta name=\"twitter:data2\" content=\"5 minutes\" \/>\n<script type=\"application\/ld+json\" class=\"yoast-schema-graph\">{\"@context\":\"https:\\\/\\\/schema.org\",\"@graph\":[{\"@type\":\"Article\",\"@id\":\"https:\\\/\\\/discoveralmunecar.com\\\/fr\\\/la-nuit-magique-de-san-juan-a-almunecar-2024\\\/#article\",\"isPartOf\":{\"@id\":\"https:\\\/\\\/discoveralmunecar.com\\\/fr\\\/la-nuit-magique-de-san-juan-a-almunecar-2024\\\/\"},\"author\":{\"name\":\"Admin\",\"@id\":\"https:\\\/\\\/discoveralmunecar.com\\\/fr\\\/#\\\/schema\\\/person\\\/7d931359380d442b7e8832cd0d6a2db0\"},\"headline\":\"La Nuit Magique de San Juan \u00e0 Almu\u00f1\u00e9car 2024\",\"datePublished\":\"2024-06-21T14:47:25+00:00\",\"dateModified\":\"2024-06-21T14:47:26+00:00\",\"mainEntityOfPage\":{\"@id\":\"https:\\\/\\\/discoveralmunecar.com\\\/fr\\\/la-nuit-magique-de-san-juan-a-almunecar-2024\\\/\"},\"wordCount\":957,\"commentCount\":0,\"image\":{\"@id\":\"https:\\\/\\\/discoveralmunecar.com\\\/fr\\\/la-nuit-magique-de-san-juan-a-almunecar-2024\\\/#primaryimage\"},\"thumbnailUrl\":\"https:\\\/\\\/discoveralmunecar.com\\\/wp-content\\\/uploads\\\/2024\\\/06\\\/1170265-RW2_DxO_DeepPRIME@0.5x.webp\",\"articleSection\":[\"Agenda culturel d'Almu\u00f1ecar\",\"Culture d'Almu\u00f1ecar\",\"\u00c9v\u00e9nements \u00e0 almu\u00f1\u00e9car\",\"F\u00eates locales d'Almu\u00f1\u00e9car\",\"La Herradura\",\"Que faire\"],\"inLanguage\":\"fr-FR\",\"potentialAction\":[{\"@type\":\"CommentAction\",\"name\":\"Comment\",\"target\":[\"https:\\\/\\\/discoveralmunecar.com\\\/fr\\\/la-nuit-magique-de-san-juan-a-almunecar-2024\\\/#respond\"]}]},{\"@type\":\"WebPage\",\"@id\":\"https:\\\/\\\/discoveralmunecar.com\\\/fr\\\/la-nuit-magique-de-san-juan-a-almunecar-2024\\\/\",\"url\":\"https:\\\/\\\/discoveralmunecar.com\\\/fr\\\/la-nuit-magique-de-san-juan-a-almunecar-2024\\\/\",\"name\":\"La Nuit Magique de San Juan \u00e0 Almu\u00f1\u00e9car 2024 -\",\"isPartOf\":{\"@id\":\"https:\\\/\\\/discoveralmunecar.com\\\/fr\\\/#website\"},\"primaryImageOfPage\":{\"@id\":\"https:\\\/\\\/discoveralmunecar.com\\\/fr\\\/la-nuit-magique-de-san-juan-a-almunecar-2024\\\/#primaryimage\"},\"image\":{\"@id\":\"https:\\\/\\\/discoveralmunecar.com\\\/fr\\\/la-nuit-magique-de-san-juan-a-almunecar-2024\\\/#primaryimage\"},\"thumbnailUrl\":\"https:\\\/\\\/discoveralmunecar.com\\\/wp-content\\\/uploads\\\/2024\\\/06\\\/1170265-RW2_DxO_DeepPRIME@0.5x.webp\",\"datePublished\":\"2024-06-21T14:47:25+00:00\",\"dateModified\":\"2024-06-21T14:47:26+00:00\",\"author\":{\"@id\":\"https:\\\/\\\/discoveralmunecar.com\\\/fr\\\/#\\\/schema\\\/person\\\/7d931359380d442b7e8832cd0d6a2db0\"},\"breadcrumb\":{\"@id\":\"https:\\\/\\\/discoveralmunecar.com\\\/fr\\\/la-nuit-magique-de-san-juan-a-almunecar-2024\\\/#breadcrumb\"},\"inLanguage\":\"fr-FR\",\"potentialAction\":[{\"@type\":\"ReadAction\",\"target\":[\"https:\\\/\\\/discoveralmunecar.com\\\/fr\\\/la-nuit-magique-de-san-juan-a-almunecar-2024\\\/\"]}]},{\"@type\":\"ImageObject\",\"inLanguage\":\"fr-FR\",\"@id\":\"https:\\\/\\\/discoveralmunecar.com\\\/fr\\\/la-nuit-magique-de-san-juan-a-almunecar-2024\\\/#primaryimage\",\"url\":\"https:\\\/\\\/discoveralmunecar.com\\\/wp-content\\\/uploads\\\/2024\\\/06\\\/1170265-RW2_DxO_DeepPRIME@0.5x.webp\",\"contentUrl\":\"https:\\\/\\\/discoveralmunecar.com\\\/wp-content\\\/uploads\\\/2024\\\/06\\\/1170265-RW2_DxO_DeepPRIME@0.5x.webp\",\"width\":2296,\"height\":1724},{\"@type\":\"BreadcrumbList\",\"@id\":\"https:\\\/\\\/discoveralmunecar.com\\\/fr\\\/la-nuit-magique-de-san-juan-a-almunecar-2024\\\/#breadcrumb\",\"itemListElement\":[{\"@type\":\"ListItem\",\"position\":1,\"name\":\"Home\",\"item\":\"https:\\\/\\\/discoveralmunecar.com\\\/fr\\\/\"},{\"@type\":\"ListItem\",\"position\":2,\"name\":\"La Nuit Magique de San Juan \u00e0 Almu\u00f1\u00e9car 2024\"}]},{\"@type\":\"WebSite\",\"@id\":\"https:\\\/\\\/discoveralmunecar.com\\\/fr\\\/#website\",\"url\":\"https:\\\/\\\/discoveralmunecar.com\\\/fr\\\/\",\"name\":\"\",\"description\":\"Just another WordPress site\\n\",\"potentialAction\":[{\"@type\":\"SearchAction\",\"target\":{\"@type\":\"EntryPoint\",\"urlTemplate\":\"https:\\\/\\\/discoveralmunecar.com\\\/fr\\\/?s={search_term_string}\"},\"query-input\":{\"@type\":\"PropertyValueSpecification\",\"valueRequired\":true,\"valueName\":\"search_term_string\"}}],\"inLanguage\":\"fr-FR\"},{\"@type\":\"Person\",\"@id\":\"https:\\\/\\\/discoveralmunecar.com\\\/fr\\\/#\\\/schema\\\/person\\\/7d931359380d442b7e8832cd0d6a2db0\",\"name\":\"Admin\",\"image\":{\"@type\":\"ImageObject\",\"inLanguage\":\"fr-FR\",\"@id\":\"https:\\\/\\\/secure.gravatar.com\\\/avatar\\\/87aff11e22fb9eda78c606aa27a60cd99fc49aac3a2cf4688b14253df494fd22?s=96&d=mm&r=g\",\"url\":\"https:\\\/\\\/secure.gravatar.com\\\/avatar\\\/87aff11e22fb9eda78c606aa27a60cd99fc49aac3a2cf4688b14253df494fd22?s=96&d=mm&r=g\",\"contentUrl\":\"https:\\\/\\\/secure.gravatar.com\\\/avatar\\\/87aff11e22fb9eda78c606aa27a60cd99fc49aac3a2cf4688b14253df494fd22?s=96&d=mm&r=g\",\"caption\":\"Admin\"},\"url\":\"https:\\\/\\\/discoveralmunecar.com\\\/fr\\\/author\\\/pedro-espinosa\\\/\"}]}<\/script>\n<!-- \/ Yoast SEO plugin. -->","yoast_head_json":{"title":"La Nuit Magique de San Juan \u00e0 Almu\u00f1\u00e9car 2024 -","robots":{"index":"index","follow":"follow","max-snippet":"max-snippet:-1","max-image-preview":"max-image-preview:large","max-video-preview":"max-video-preview:-1"},"canonical":"https:\/\/discoveralmunecar.com\/fr\/la-nuit-magique-de-san-juan-a-almunecar-2024\/","og_locale":"fr_FR","og_type":"article","og_title":"La Nuit Magique de San Juan \u00e0 Almu\u00f1\u00e9car 2024 -","og_description":"[vc_row full_width=&#8221;stretch_row&#8221; awb_type=&#8221;video&#8221; awb_video_mobile=&#8221;1&#8243; css=&#8221;.vc_custom_1718966537096{padding-top: 650px !important;}&#8221; awb_video_mp4=&#8221;https:\/\/discoveralmunecar.com\/wp-content\/uploads\/2024\/06\/San-Juan-2024.mp4&#8243;][vc_column][\/vc_column][\/vc_row][vc_row full_width=&#8221;stretch_row&#8221;][vc_column][vc_row_inner][vc_column_inner][vc_empty_space][vc_single_image image=&#8221;17686&#8243; img_size=&#8221;full&#8221;][vc_empty_space][vc_single_image image=&#8221;17691&#8243; img_size=&#8221;full&#8221;][vc_empty_space][vc_single_image image=&#8221;17696&#8243; img_size=&#8221;full&#8221;][vc_empty_space][vc_single_image image=&#8221;17701&#8243; img_size=&#8221;full&#8221;][vc_empty_space][vc_empty_space][vc_empty_space][\/vc_column_inner][\/vc_row_inner][\/vc_column][\/vc_row][vc_row][vc_column][vc_separator border_width=&#8221;2&#8243;][vc_empty_space][\/vc_column][\/vc_row]","og_url":"https:\/\/discoveralmunecar.com\/fr\/la-nuit-magique-de-san-juan-a-almunecar-2024\/","article_published_time":"2024-06-21T14:47:25+00:00","article_modified_time":"2024-06-21T14:47:26+00:00","og_image":[{"width":2296,"height":1724,"url":"https:\/\/discoveralmunecar.com\/wp-content\/uploads\/2024\/06\/1170265-RW2_DxO_DeepPRIME@0.5x.webp","type":"image\/webp"}],"author":"Admin","twitter_card":"summary_large_image","twitter_misc":{"\u00c9crit par":"Admin","Dur\u00e9e de lecture estim\u00e9e":"5 minutes"},"schema":{"@context":"https:\/\/schema.org","@graph":[{"@type":"Article","@id":"https:\/\/discoveralmunecar.com\/fr\/la-nuit-magique-de-san-juan-a-almunecar-2024\/#article","isPartOf":{"@id":"https:\/\/discoveralmunecar.com\/fr\/la-nuit-magique-de-san-juan-a-almunecar-2024\/"},"author":{"name":"Admin","@id":"https:\/\/discoveralmunecar.com\/fr\/#\/schema\/person\/7d931359380d442b7e8832cd0d6a2db0"},"headline":"La Nuit Magique de San Juan \u00e0 Almu\u00f1\u00e9car 2024","datePublished":"2024-06-21T14:47:25+00:00","dateModified":"2024-06-21T14:47:26+00:00","mainEntityOfPage":{"@id":"https:\/\/discoveralmunecar.com\/fr\/la-nuit-magique-de-san-juan-a-almunecar-2024\/"},"wordCount":957,"commentCount":0,"image":{"@id":"https:\/\/discoveralmunecar.com\/fr\/la-nuit-magique-de-san-juan-a-almunecar-2024\/#primaryimage"},"thumbnailUrl":"https:\/\/discoveralmunecar.com\/wp-content\/uploads\/2024\/06\/1170265-RW2_DxO_DeepPRIME@0.5x.webp","articleSection":["Agenda culturel d'Almu\u00f1ecar","Culture d'Almu\u00f1ecar","\u00c9v\u00e9nements \u00e0 almu\u00f1\u00e9car","F\u00eates locales d'Almu\u00f1\u00e9car","La Herradura","Que faire"],"inLanguage":"fr-FR","potentialAction":[{"@type":"CommentAction","name":"Comment","target":["https:\/\/discoveralmunecar.com\/fr\/la-nuit-magique-de-san-juan-a-almunecar-2024\/#respond"]}]},{"@type":"WebPage","@id":"https:\/\/discoveralmunecar.com\/fr\/la-nuit-magique-de-san-juan-a-almunecar-2024\/","url":"https:\/\/discoveralmunecar.com\/fr\/la-nuit-magique-de-san-juan-a-almunecar-2024\/","name":"La Nuit Magique de San Juan \u00e0 Almu\u00f1\u00e9car 2024 -","isPartOf":{"@id":"https:\/\/discoveralmunecar.com\/fr\/#website"},"primaryImageOfPage":{"@id":"https:\/\/discoveralmunecar.com\/fr\/la-nuit-magique-de-san-juan-a-almunecar-2024\/#primaryimage"},"image":{"@id":"https:\/\/discoveralmunecar.com\/fr\/la-nuit-magique-de-san-juan-a-almunecar-2024\/#primaryimage"},"thumbnailUrl":"https:\/\/discoveralmunecar.com\/wp-content\/uploads\/2024\/06\/1170265-RW2_DxO_DeepPRIME@0.5x.webp","datePublished":"2024-06-21T14:47:25+00:00","dateModified":"2024-06-21T14:47:26+00:00","author":{"@id":"https:\/\/discoveralmunecar.com\/fr\/#\/schema\/person\/7d931359380d442b7e8832cd0d6a2db0"},"breadcrumb":{"@id":"https:\/\/discoveralmunecar.com\/fr\/la-nuit-magique-de-san-juan-a-almunecar-2024\/#breadcrumb"},"inLanguage":"fr-FR","potentialAction":[{"@type":"ReadAction","target":["https:\/\/discoveralmunecar.com\/fr\/la-nuit-magique-de-san-juan-a-almunecar-2024\/"]}]},{"@type":"ImageObject","inLanguage":"fr-FR","@id":"https:\/\/discoveralmunecar.com\/fr\/la-nuit-magique-de-san-juan-a-almunecar-2024\/#primaryimage","url":"https:\/\/discoveralmunecar.com\/wp-content\/uploads\/2024\/06\/1170265-RW2_DxO_DeepPRIME@0.5x.webp","contentUrl":"https:\/\/discoveralmunecar.com\/wp-content\/uploads\/2024\/06\/1170265-RW2_DxO_DeepPRIME@0.5x.webp","width":2296,"height":1724},{"@type":"BreadcrumbList","@id":"https:\/\/discoveralmunecar.com\/fr\/la-nuit-magique-de-san-juan-a-almunecar-2024\/#breadcrumb","itemListElement":[{"@type":"ListItem","position":1,"name":"Home","item":"https:\/\/discoveralmunecar.com\/fr\/"},{"@type":"ListItem","position":2,"name":"La Nuit Magique de San Juan \u00e0 Almu\u00f1\u00e9car 2024"}]},{"@type":"WebSite","@id":"https:\/\/discoveralmunecar.com\/fr\/#website","url":"https:\/\/discoveralmunecar.com\/fr\/","name":"","description":"Just another WordPress site\n","potentialAction":[{"@type":"SearchAction","target":{"@type":"EntryPoint","urlTemplate":"https:\/\/discoveralmunecar.com\/fr\/?s={search_term_string}"},"query-input":{"@type":"PropertyValueSpecification","valueRequired":true,"valueName":"search_term_string"}}],"inLanguage":"fr-FR"},{"@type":"Person","@id":"https:\/\/discoveralmunecar.com\/fr\/#\/schema\/person\/7d931359380d442b7e8832cd0d6a2db0","name":"Admin","image":{"@type":"ImageObject","inLanguage":"fr-FR","@id":"https:\/\/secure.gravatar.com\/avatar\/87aff11e22fb9eda78c606aa27a60cd99fc49aac3a2cf4688b14253df494fd22?s=96&d=mm&r=g","url":"https:\/\/secure.gravatar.com\/avatar\/87aff11e22fb9eda78c606aa27a60cd99fc49aac3a2cf4688b14253df494fd22?s=96&d=mm&r=g","contentUrl":"https:\/\/secure.gravatar.com\/avatar\/87aff11e22fb9eda78c606aa27a60cd99fc49aac3a2cf4688b14253df494fd22?s=96&d=mm&r=g","caption":"Admin"},"url":"https:\/\/discoveralmunecar.com\/fr\/author\/pedro-espinosa\/"}]}},"_links":{"self":[{"href":"https:\/\/discoveralmunecar.com\/fr\/wp-json\/wp\/v2\/posts\/17713","targetHints":{"allow":["GET"]}}],"collection":[{"href":"https:\/\/discoveralmunecar.com\/fr\/wp-json\/wp\/v2\/posts"}],"about":[{"href":"https:\/\/discoveralmunecar.com\/fr\/wp-json\/wp\/v2\/types\/post"}],"author":[{"embeddable":true,"href":"https:\/\/discoveralmunecar.com\/fr\/wp-json\/wp\/v2\/users\/2"}],"replies":[{"embeddable":true,"href":"https:\/\/discoveralmunecar.com\/fr\/wp-json\/wp\/v2\/comments?post=17713"}],"version-history":[{"count":2,"href":"https:\/\/discoveralmunecar.com\/fr\/wp-json\/wp\/v2\/posts\/17713\/revisions"}],"predecessor-version":[{"id":17715,"href":"https:\/\/discoveralmunecar.com\/fr\/wp-json\/wp\/v2\/posts\/17713\/revisions\/17715"}],"wp:featuredmedia":[{"embeddable":true,"href":"https:\/\/discoveralmunecar.com\/fr\/wp-json\/wp\/v2\/media\/17681"}],"wp:attachment":[{"href":"https:\/\/discoveralmunecar.com\/fr\/wp-json\/wp\/v2\/media?parent=17713"}],"wp:term":[{"taxonomy":"category","embeddable":true,"href":"https:\/\/discoveralmunecar.com\/fr\/wp-json\/wp\/v2\/categories?post=17713"},{"taxonomy":"post_tag","embeddable":true,"href":"https:\/\/discoveralmunecar.com\/fr\/wp-json\/wp\/v2\/tags?post=17713"}],"curies":[{"name":"wp","href":"https:\/\/api.w.org\/{rel}","templated":true}]}}