{"id":19093,"date":"2025-07-15T15:57:21","date_gmt":"2025-07-15T15:57:21","guid":{"rendered":"https:\/\/discoveralmunecar.com\/?p=19093"},"modified":"2025-07-15T15:57:22","modified_gmt":"2025-07-15T15:57:22","slug":"fete-de-la-vierge-du-carmen-a-almunecar","status":"publish","type":"post","link":"https:\/\/discoveralmunecar.com\/fr\/fete-de-la-vierge-du-carmen-a-almunecar\/","title":{"rendered":"F\u00eate de la Vierge du Carmen \u00e0 Almu\u00f1\u00e9car"},"content":{"rendered":"<p>[vc_row][vc_column][vc_single_image image=&#8221;18895&#8243; img_size=&#8221;full&#8221;][\/vc_column][\/vc_row][vc_row][vc_column]<div class=\"text-block\" ><div class=\"simple-text \"><p>Comme chaque 16 juillet, Almu\u00f1\u00e9car, la plus ancienne ville m\u00e9diterran\u00e9enne d&#8217;Espagne, se pare de ses plus beaux atours pour rendre hommage \u00e0 l&#8217;une de ses d\u00e9votions les plus ch\u00e8res\u00a0: la Vierge du Carmen, patronne des marins. Cette f\u00eate, profond\u00e9ment ancr\u00e9e dans le c\u0153ur des Sexitanos, est bien plus qu&#8217;une c\u00e9l\u00e9bration religieuse\u00a0; c&#8217;est une expression d&#8217;identit\u00e9, de culture maritime et d&#8217;\u00e9motions partag\u00e9es qui, ann\u00e9e apr\u00e8s ann\u00e9e, attire habitants et visiteurs pour vivre l&#8217;une des journ\u00e9es les plus sp\u00e9ciales de l&#8217;\u00e9t\u00e9.<\/p>\n<\/div><\/div>[vc_empty_space]<div class=\"text-block\" ><div class=\"simple-text \"><h3>Un \u00e9v\u00e9nement qui unit la terre et la mer<\/h3>\n<p>La f\u00eate de Notre-Dame du Mont Carmel \u00e0 Almu\u00f1\u00e9car se d\u00e9roule dans le quartier de Los Marinos, pr\u00e8s de la plage de San Crist\u00f3bal, o\u00f9 se trouve le petit mais charmant sanctuaire d\u00e9di\u00e9 \u00e0 la Vierge. Plusieurs jours auparavant, l&#8217;ambiance s&#8217;emplit de ferveur et de pr\u00e9paratifs. Les rues sont d\u00e9cor\u00e9es de lanternes, de drapeaux et de fleurs, tandis que les p\u00eacheurs d\u00e9corent leurs bateaux pour la traditionnelle procession maritime.<\/p>\n<p>Le 16 juillet d\u00e9bute par une messe solennelle en l&#8217;honneur de Notre-Dame du Mont Carmel, o\u00f9 habitants, autorit\u00e9s et confr\u00e9ries se rassemblent pour implorer sa protection et la remercier de son aide. Le moment le plus attendu a lieu l&#8217;apr\u00e8s-midi, lorsque l&#8217;image de la Vierge, magnifiquement d\u00e9cor\u00e9e de fleurs, est port\u00e9e en procession \u00e0 travers le pays au milieu des acclamations, des chants et de l&#8217;\u00e9motion la plus vive.<\/p>\n<\/div><\/div>[vc_empty_space]<div class=\"text-block\" ><div class=\"simple-text \"><h3>La Procession Maritime : L&#8217;\u00e2me de la F\u00eate<\/h3>\n<p>L&#8217;un des \u00e9v\u00e9nements les plus impressionnants et symboliques de cette f\u00eate est la procession maritime. Apr\u00e8s avoir travers\u00e9 les rues principales, l&#8217;image est port\u00e9e sur les \u00e9paules des marins jusqu&#8217;au rivage, o\u00f9 elle est soigneusement charg\u00e9e sur une jabega traditionnelle. De l\u00e0, elle entame son voyage \u00e0 travers la baie de Sexitana, accompagn\u00e9e de dizaines de bateaux voguant au son des sir\u00e8nes, des fus\u00e9es et des saluts, dans un spectacle visuel inoubliable.<\/p>\n<p>La mer devient le grand autel de cette c\u00e9l\u00e9bration. Les bateaux, d\u00e9cor\u00e9s de fleurs, de drapeaux et de motifs nautiques, entourent la Vierge tout en avan\u00e7ant lentement le long de la c\u00f4te. \u00c0 mi-chemin, une halte est pr\u00e9vue pour rendre hommage aux marins d\u00e9funts en jetant une couronne \u00e0 la mer, un acte charg\u00e9 de symbolisme et d&#8217;\u00e9motion.<\/p>\n<\/div><\/div>[vc_empty_space][vc_empty_space][vc_single_image image=&#8221;18901&#8243; img_size=&#8221;full&#8221;]<div class=\"text-block\" ><div class=\"simple-text \"><h3>Une exp\u00e9rience pour tous les sens<\/h3>\n<p>La f\u00eate de la Virgen del Carmen ne serait pas compl\u00e8te sans ses aspects ludiques et populaires. Tout au long de la journ\u00e9e, le quartier de Los Marinos et d&#8217;autres quartiers de la ville vibrent au rythme de la musique, de la gastronomie et de la joie. Les terrasses se remplissent de familles et de groupes d&#8217;amis qui profitent de l&#8217;occasion pour d\u00e9guster du poisson frit, des brochettes de sardines et autres sp\u00e9cialit\u00e9s locales, au son des pasodobles, des s\u00e9villanes et de la musique live.<\/p>\n<p>De plus, la mairie d&#8217;Almu\u00f1\u00e9car organise r\u00e9guli\u00e8rement des activit\u00e9s compl\u00e9mentaires pour tous les publics\u00a0: concerts, jeux pour enfants, d\u00e9fil\u00e9s et feux d&#8217;artifice qui illuminent la nuit de la Sexitana, pour couronner une journ\u00e9e magique.<\/p>\n<\/div><\/div>[vc_empty_space]<div class=\"text-block\" ><div class=\"simple-text \"><h3>Un \u00e9v\u00e9nement estival incontournable sur la Costa Tropical<\/h3>\n<p>La c\u00e9l\u00e9bration de la Virgen del Carmen \u00e0 Almu\u00f1\u00e9car est une exp\u00e9rience inoubliable. Son m\u00e9lange de d\u00e9votion, de culture maritime, de beaut\u00e9 naturelle et d&#8217;ambiance festive en fait un \u00e9v\u00e9nement incontournable pour ceux qui visitent la Costa Tropical en juillet. C&#8217;est aussi une excellente occasion de d\u00e9couvrir l&#8217;\u00e2me d&#8217;un peuple qui regarde la mer avec gratitude et fiert\u00e9.<\/p>\n<p>Que vous soyez amateur de traditions populaires, visiteur en qu\u00eate de moments authentiques ou simplement en qu\u00eate d&#8217;une journ\u00e9e unique au bord de la M\u00e9diterran\u00e9e, la c\u00e9l\u00e9bration de la Virgen del Carmen \u00e0 Almu\u00f1\u00e9car vous attend \u00e0 bras ouverts.<\/p>\n<\/div><\/div>[vc_empty_space]<div class=\"text-block\" ><div class=\"simple-text \"><h3>Planifiez votre visite<\/h3>\n<p>Si vous pr\u00e9voyez de profiter de l&#8217;\u00e9t\u00e9 2025 \u00e0 Almu\u00f1\u00e9car, n&#8217;oubliez pas de r\u00e9server le 16 juillet. Arrivez t\u00f4t pour trouver une bonne adresse sur la plage de San Crist\u00f3bal, go\u00fbtez \u00e0 la cuisine locale et plongez dans l&#8217;une des traditions les plus ch\u00e8res \u00e0 la ville.<\/p>\n<\/div><\/div>[vc_empty_space]<div class=\"text-block\" ><div class=\"simple-text \"><h3>Venez admirer la Vierge du Carmen<\/h3>\n<p>\u00c0 Discover Almu\u00f1\u00e9car, nous vous invitons \u00e0 vivre cette f\u00eate avec vos cinq sens, \u00e0 vous laisser toucher par la foi maritime d&#8217;une ville et \u00e0 c\u00e9l\u00e9brer avec nous une journ\u00e9e qui unit pass\u00e9 et pr\u00e9sent au bord de la mer.<\/p>\n<p>N&#8217;attendez plus\u00a0! Venez, vivez cette exp\u00e9rience et profitez-en\u00a0! Vous ne le regretterez pas.<\/p>\n<\/div><\/div>[\/vc_column][\/vc_row]<\/p>\n","protected":false},"excerpt":{"rendered":"<p>[vc_row][vc_column][vc_single_image image=&#8221;18895&#8243; img_size=&#8221;full&#8221;][\/vc_column][\/vc_row][vc_row][vc_column][vc_empty_space][vc_empty_space][vc_empty_space][vc_empty_space][vc_single_image image=&#8221;18901&#8243; img_size=&#8221;full&#8221;][vc_empty_space][vc_empty_space][vc_empty_space][\/vc_column][\/vc_row]<\/p>\n","protected":false},"author":2,"featured_media":18889,"comment_status":"open","ping_status":"closed","sticky":false,"template":"","format":"standard","meta":{"footnotes":""},"categories":[276,274,125,138],"tags":[],"class_list":["post-19093","post","type-post","status-publish","format-standard","has-post-thumbnail","hentry","category-agenda-culturel-dalmunecar","category-culture-dalmunecar","category-evenements-a-almunecar","category-histoire-dalmunecar"],"yoast_head":"<!-- This site is optimized with the Yoast SEO plugin v27.3 - https:\/\/yoast.com\/product\/yoast-seo-wordpress\/ -->\n<title>F\u00eate de la Vierge du Carmen \u00e0 Almu\u00f1\u00e9car -<\/title>\n<meta name=\"robots\" content=\"index, follow, max-snippet:-1, max-image-preview:large, max-video-preview:-1\" \/>\n<link rel=\"canonical\" href=\"https:\/\/discoveralmunecar.com\/fr\/fete-de-la-vierge-du-carmen-a-almunecar\/\" \/>\n<meta property=\"og:locale\" content=\"fr_FR\" \/>\n<meta property=\"og:type\" content=\"article\" \/>\n<meta property=\"og:title\" content=\"F\u00eate de la Vierge du Carmen \u00e0 Almu\u00f1\u00e9car -\" \/>\n<meta property=\"og:description\" content=\"[vc_row][vc_column][vc_single_image image=&#8221;18895&#8243; img_size=&#8221;full&#8221;][\/vc_column][\/vc_row][vc_row][vc_column][vc_empty_space][vc_empty_space][vc_empty_space][vc_empty_space][vc_single_image image=&#8221;18901&#8243; img_size=&#8221;full&#8221;][vc_empty_space][vc_empty_space][vc_empty_space][\/vc_column][\/vc_row]\" \/>\n<meta property=\"og:url\" content=\"https:\/\/discoveralmunecar.com\/fr\/fete-de-la-vierge-du-carmen-a-almunecar\/\" \/>\n<meta property=\"article:published_time\" content=\"2025-07-15T15:57:21+00:00\" \/>\n<meta property=\"article:modified_time\" content=\"2025-07-15T15:57:22+00:00\" \/>\n<meta property=\"og:image\" content=\"https:\/\/discoveralmunecar.com\/wp-content\/uploads\/2025\/05\/Virgen-del-Carmen@0.5x.webp\" \/>\n\t<meta property=\"og:image:width\" content=\"2401\" \/>\n\t<meta property=\"og:image:height\" content=\"994\" \/>\n\t<meta property=\"og:image:type\" content=\"image\/webp\" \/>\n<meta name=\"author\" content=\"Admin\" \/>\n<meta name=\"twitter:card\" content=\"summary_large_image\" \/>\n<meta name=\"twitter:label1\" content=\"\u00c9crit par\" \/>\n\t<meta name=\"twitter:data1\" content=\"Admin\" \/>\n\t<meta name=\"twitter:label2\" content=\"Dur\u00e9e de lecture estim\u00e9e\" \/>\n\t<meta name=\"twitter:data2\" content=\"4 minutes\" \/>\n<script type=\"application\/ld+json\" class=\"yoast-schema-graph\">{\"@context\":\"https:\\\/\\\/schema.org\",\"@graph\":[{\"@type\":\"Article\",\"@id\":\"https:\\\/\\\/discoveralmunecar.com\\\/fr\\\/fete-de-la-vierge-du-carmen-a-almunecar\\\/#article\",\"isPartOf\":{\"@id\":\"https:\\\/\\\/discoveralmunecar.com\\\/fr\\\/fete-de-la-vierge-du-carmen-a-almunecar\\\/\"},\"author\":{\"name\":\"Admin\",\"@id\":\"https:\\\/\\\/discoveralmunecar.com\\\/fr\\\/#\\\/schema\\\/person\\\/7d931359380d442b7e8832cd0d6a2db0\"},\"headline\":\"F\u00eate de la Vierge du Carmen \u00e0 Almu\u00f1\u00e9car\",\"datePublished\":\"2025-07-15T15:57:21+00:00\",\"dateModified\":\"2025-07-15T15:57:22+00:00\",\"mainEntityOfPage\":{\"@id\":\"https:\\\/\\\/discoveralmunecar.com\\\/fr\\\/fete-de-la-vierge-du-carmen-a-almunecar\\\/\"},\"wordCount\":891,\"commentCount\":0,\"image\":{\"@id\":\"https:\\\/\\\/discoveralmunecar.com\\\/fr\\\/fete-de-la-vierge-du-carmen-a-almunecar\\\/#primaryimage\"},\"thumbnailUrl\":\"https:\\\/\\\/discoveralmunecar.com\\\/wp-content\\\/uploads\\\/2025\\\/05\\\/Virgen-del-Carmen@0.5x.webp\",\"articleSection\":[\"Agenda culturel d'Almu\u00f1ecar\",\"Culture d'Almu\u00f1ecar\",\"\u00c9v\u00e9nements \u00e0 almu\u00f1\u00e9car\",\"Histoire d'Almu\u00f1\u00e9car\"],\"inLanguage\":\"fr-FR\",\"potentialAction\":[{\"@type\":\"CommentAction\",\"name\":\"Comment\",\"target\":[\"https:\\\/\\\/discoveralmunecar.com\\\/fr\\\/fete-de-la-vierge-du-carmen-a-almunecar\\\/#respond\"]}]},{\"@type\":\"WebPage\",\"@id\":\"https:\\\/\\\/discoveralmunecar.com\\\/fr\\\/fete-de-la-vierge-du-carmen-a-almunecar\\\/\",\"url\":\"https:\\\/\\\/discoveralmunecar.com\\\/fr\\\/fete-de-la-vierge-du-carmen-a-almunecar\\\/\",\"name\":\"F\u00eate de la Vierge du Carmen \u00e0 Almu\u00f1\u00e9car -\",\"isPartOf\":{\"@id\":\"https:\\\/\\\/discoveralmunecar.com\\\/fr\\\/#website\"},\"primaryImageOfPage\":{\"@id\":\"https:\\\/\\\/discoveralmunecar.com\\\/fr\\\/fete-de-la-vierge-du-carmen-a-almunecar\\\/#primaryimage\"},\"image\":{\"@id\":\"https:\\\/\\\/discoveralmunecar.com\\\/fr\\\/fete-de-la-vierge-du-carmen-a-almunecar\\\/#primaryimage\"},\"thumbnailUrl\":\"https:\\\/\\\/discoveralmunecar.com\\\/wp-content\\\/uploads\\\/2025\\\/05\\\/Virgen-del-Carmen@0.5x.webp\",\"datePublished\":\"2025-07-15T15:57:21+00:00\",\"dateModified\":\"2025-07-15T15:57:22+00:00\",\"author\":{\"@id\":\"https:\\\/\\\/discoveralmunecar.com\\\/fr\\\/#\\\/schema\\\/person\\\/7d931359380d442b7e8832cd0d6a2db0\"},\"breadcrumb\":{\"@id\":\"https:\\\/\\\/discoveralmunecar.com\\\/fr\\\/fete-de-la-vierge-du-carmen-a-almunecar\\\/#breadcrumb\"},\"inLanguage\":\"fr-FR\",\"potentialAction\":[{\"@type\":\"ReadAction\",\"target\":[\"https:\\\/\\\/discoveralmunecar.com\\\/fr\\\/fete-de-la-vierge-du-carmen-a-almunecar\\\/\"]}]},{\"@type\":\"ImageObject\",\"inLanguage\":\"fr-FR\",\"@id\":\"https:\\\/\\\/discoveralmunecar.com\\\/fr\\\/fete-de-la-vierge-du-carmen-a-almunecar\\\/#primaryimage\",\"url\":\"https:\\\/\\\/discoveralmunecar.com\\\/wp-content\\\/uploads\\\/2025\\\/05\\\/Virgen-del-Carmen@0.5x.webp\",\"contentUrl\":\"https:\\\/\\\/discoveralmunecar.com\\\/wp-content\\\/uploads\\\/2025\\\/05\\\/Virgen-del-Carmen@0.5x.webp\",\"width\":2401,\"height\":994},{\"@type\":\"BreadcrumbList\",\"@id\":\"https:\\\/\\\/discoveralmunecar.com\\\/fr\\\/fete-de-la-vierge-du-carmen-a-almunecar\\\/#breadcrumb\",\"itemListElement\":[{\"@type\":\"ListItem\",\"position\":1,\"name\":\"Home\",\"item\":\"https:\\\/\\\/discoveralmunecar.com\\\/fr\\\/\"},{\"@type\":\"ListItem\",\"position\":2,\"name\":\"F\u00eate de la Vierge du Carmen \u00e0 Almu\u00f1\u00e9car\"}]},{\"@type\":\"WebSite\",\"@id\":\"https:\\\/\\\/discoveralmunecar.com\\\/fr\\\/#website\",\"url\":\"https:\\\/\\\/discoveralmunecar.com\\\/fr\\\/\",\"name\":\"\",\"description\":\"Just another WordPress site\\n\",\"potentialAction\":[{\"@type\":\"SearchAction\",\"target\":{\"@type\":\"EntryPoint\",\"urlTemplate\":\"https:\\\/\\\/discoveralmunecar.com\\\/fr\\\/?s={search_term_string}\"},\"query-input\":{\"@type\":\"PropertyValueSpecification\",\"valueRequired\":true,\"valueName\":\"search_term_string\"}}],\"inLanguage\":\"fr-FR\"},{\"@type\":\"Person\",\"@id\":\"https:\\\/\\\/discoveralmunecar.com\\\/fr\\\/#\\\/schema\\\/person\\\/7d931359380d442b7e8832cd0d6a2db0\",\"name\":\"Admin\",\"image\":{\"@type\":\"ImageObject\",\"inLanguage\":\"fr-FR\",\"@id\":\"https:\\\/\\\/secure.gravatar.com\\\/avatar\\\/87aff11e22fb9eda78c606aa27a60cd99fc49aac3a2cf4688b14253df494fd22?s=96&d=mm&r=g\",\"url\":\"https:\\\/\\\/secure.gravatar.com\\\/avatar\\\/87aff11e22fb9eda78c606aa27a60cd99fc49aac3a2cf4688b14253df494fd22?s=96&d=mm&r=g\",\"contentUrl\":\"https:\\\/\\\/secure.gravatar.com\\\/avatar\\\/87aff11e22fb9eda78c606aa27a60cd99fc49aac3a2cf4688b14253df494fd22?s=96&d=mm&r=g\",\"caption\":\"Admin\"},\"url\":\"https:\\\/\\\/discoveralmunecar.com\\\/fr\\\/author\\\/pedro-espinosa\\\/\"}]}<\/script>\n<!-- \/ Yoast SEO plugin. -->","yoast_head_json":{"title":"F\u00eate de la Vierge du Carmen \u00e0 Almu\u00f1\u00e9car -","robots":{"index":"index","follow":"follow","max-snippet":"max-snippet:-1","max-image-preview":"max-image-preview:large","max-video-preview":"max-video-preview:-1"},"canonical":"https:\/\/discoveralmunecar.com\/fr\/fete-de-la-vierge-du-carmen-a-almunecar\/","og_locale":"fr_FR","og_type":"article","og_title":"F\u00eate de la Vierge du Carmen \u00e0 Almu\u00f1\u00e9car -","og_description":"[vc_row][vc_column][vc_single_image image=&#8221;18895&#8243; img_size=&#8221;full&#8221;][\/vc_column][\/vc_row][vc_row][vc_column][vc_empty_space][vc_empty_space][vc_empty_space][vc_empty_space][vc_single_image image=&#8221;18901&#8243; img_size=&#8221;full&#8221;][vc_empty_space][vc_empty_space][vc_empty_space][\/vc_column][\/vc_row]","og_url":"https:\/\/discoveralmunecar.com\/fr\/fete-de-la-vierge-du-carmen-a-almunecar\/","article_published_time":"2025-07-15T15:57:21+00:00","article_modified_time":"2025-07-15T15:57:22+00:00","og_image":[{"width":2401,"height":994,"url":"https:\/\/discoveralmunecar.com\/wp-content\/uploads\/2025\/05\/Virgen-del-Carmen@0.5x.webp","type":"image\/webp"}],"author":"Admin","twitter_card":"summary_large_image","twitter_misc":{"\u00c9crit par":"Admin","Dur\u00e9e de lecture estim\u00e9e":"4 minutes"},"schema":{"@context":"https:\/\/schema.org","@graph":[{"@type":"Article","@id":"https:\/\/discoveralmunecar.com\/fr\/fete-de-la-vierge-du-carmen-a-almunecar\/#article","isPartOf":{"@id":"https:\/\/discoveralmunecar.com\/fr\/fete-de-la-vierge-du-carmen-a-almunecar\/"},"author":{"name":"Admin","@id":"https:\/\/discoveralmunecar.com\/fr\/#\/schema\/person\/7d931359380d442b7e8832cd0d6a2db0"},"headline":"F\u00eate de la Vierge du Carmen \u00e0 Almu\u00f1\u00e9car","datePublished":"2025-07-15T15:57:21+00:00","dateModified":"2025-07-15T15:57:22+00:00","mainEntityOfPage":{"@id":"https:\/\/discoveralmunecar.com\/fr\/fete-de-la-vierge-du-carmen-a-almunecar\/"},"wordCount":891,"commentCount":0,"image":{"@id":"https:\/\/discoveralmunecar.com\/fr\/fete-de-la-vierge-du-carmen-a-almunecar\/#primaryimage"},"thumbnailUrl":"https:\/\/discoveralmunecar.com\/wp-content\/uploads\/2025\/05\/Virgen-del-Carmen@0.5x.webp","articleSection":["Agenda culturel d'Almu\u00f1ecar","Culture d'Almu\u00f1ecar","\u00c9v\u00e9nements \u00e0 almu\u00f1\u00e9car","Histoire d'Almu\u00f1\u00e9car"],"inLanguage":"fr-FR","potentialAction":[{"@type":"CommentAction","name":"Comment","target":["https:\/\/discoveralmunecar.com\/fr\/fete-de-la-vierge-du-carmen-a-almunecar\/#respond"]}]},{"@type":"WebPage","@id":"https:\/\/discoveralmunecar.com\/fr\/fete-de-la-vierge-du-carmen-a-almunecar\/","url":"https:\/\/discoveralmunecar.com\/fr\/fete-de-la-vierge-du-carmen-a-almunecar\/","name":"F\u00eate de la Vierge du Carmen \u00e0 Almu\u00f1\u00e9car -","isPartOf":{"@id":"https:\/\/discoveralmunecar.com\/fr\/#website"},"primaryImageOfPage":{"@id":"https:\/\/discoveralmunecar.com\/fr\/fete-de-la-vierge-du-carmen-a-almunecar\/#primaryimage"},"image":{"@id":"https:\/\/discoveralmunecar.com\/fr\/fete-de-la-vierge-du-carmen-a-almunecar\/#primaryimage"},"thumbnailUrl":"https:\/\/discoveralmunecar.com\/wp-content\/uploads\/2025\/05\/Virgen-del-Carmen@0.5x.webp","datePublished":"2025-07-15T15:57:21+00:00","dateModified":"2025-07-15T15:57:22+00:00","author":{"@id":"https:\/\/discoveralmunecar.com\/fr\/#\/schema\/person\/7d931359380d442b7e8832cd0d6a2db0"},"breadcrumb":{"@id":"https:\/\/discoveralmunecar.com\/fr\/fete-de-la-vierge-du-carmen-a-almunecar\/#breadcrumb"},"inLanguage":"fr-FR","potentialAction":[{"@type":"ReadAction","target":["https:\/\/discoveralmunecar.com\/fr\/fete-de-la-vierge-du-carmen-a-almunecar\/"]}]},{"@type":"ImageObject","inLanguage":"fr-FR","@id":"https:\/\/discoveralmunecar.com\/fr\/fete-de-la-vierge-du-carmen-a-almunecar\/#primaryimage","url":"https:\/\/discoveralmunecar.com\/wp-content\/uploads\/2025\/05\/Virgen-del-Carmen@0.5x.webp","contentUrl":"https:\/\/discoveralmunecar.com\/wp-content\/uploads\/2025\/05\/Virgen-del-Carmen@0.5x.webp","width":2401,"height":994},{"@type":"BreadcrumbList","@id":"https:\/\/discoveralmunecar.com\/fr\/fete-de-la-vierge-du-carmen-a-almunecar\/#breadcrumb","itemListElement":[{"@type":"ListItem","position":1,"name":"Home","item":"https:\/\/discoveralmunecar.com\/fr\/"},{"@type":"ListItem","position":2,"name":"F\u00eate de la Vierge du Carmen \u00e0 Almu\u00f1\u00e9car"}]},{"@type":"WebSite","@id":"https:\/\/discoveralmunecar.com\/fr\/#website","url":"https:\/\/discoveralmunecar.com\/fr\/","name":"","description":"Just another WordPress site\n","potentialAction":[{"@type":"SearchAction","target":{"@type":"EntryPoint","urlTemplate":"https:\/\/discoveralmunecar.com\/fr\/?s={search_term_string}"},"query-input":{"@type":"PropertyValueSpecification","valueRequired":true,"valueName":"search_term_string"}}],"inLanguage":"fr-FR"},{"@type":"Person","@id":"https:\/\/discoveralmunecar.com\/fr\/#\/schema\/person\/7d931359380d442b7e8832cd0d6a2db0","name":"Admin","image":{"@type":"ImageObject","inLanguage":"fr-FR","@id":"https:\/\/secure.gravatar.com\/avatar\/87aff11e22fb9eda78c606aa27a60cd99fc49aac3a2cf4688b14253df494fd22?s=96&d=mm&r=g","url":"https:\/\/secure.gravatar.com\/avatar\/87aff11e22fb9eda78c606aa27a60cd99fc49aac3a2cf4688b14253df494fd22?s=96&d=mm&r=g","contentUrl":"https:\/\/secure.gravatar.com\/avatar\/87aff11e22fb9eda78c606aa27a60cd99fc49aac3a2cf4688b14253df494fd22?s=96&d=mm&r=g","caption":"Admin"},"url":"https:\/\/discoveralmunecar.com\/fr\/author\/pedro-espinosa\/"}]}},"_links":{"self":[{"href":"https:\/\/discoveralmunecar.com\/fr\/wp-json\/wp\/v2\/posts\/19093","targetHints":{"allow":["GET"]}}],"collection":[{"href":"https:\/\/discoveralmunecar.com\/fr\/wp-json\/wp\/v2\/posts"}],"about":[{"href":"https:\/\/discoveralmunecar.com\/fr\/wp-json\/wp\/v2\/types\/post"}],"author":[{"embeddable":true,"href":"https:\/\/discoveralmunecar.com\/fr\/wp-json\/wp\/v2\/users\/2"}],"replies":[{"embeddable":true,"href":"https:\/\/discoveralmunecar.com\/fr\/wp-json\/wp\/v2\/comments?post=19093"}],"version-history":[{"count":2,"href":"https:\/\/discoveralmunecar.com\/fr\/wp-json\/wp\/v2\/posts\/19093\/revisions"}],"predecessor-version":[{"id":19095,"href":"https:\/\/discoveralmunecar.com\/fr\/wp-json\/wp\/v2\/posts\/19093\/revisions\/19095"}],"wp:featuredmedia":[{"embeddable":true,"href":"https:\/\/discoveralmunecar.com\/fr\/wp-json\/wp\/v2\/media\/18889"}],"wp:attachment":[{"href":"https:\/\/discoveralmunecar.com\/fr\/wp-json\/wp\/v2\/media?parent=19093"}],"wp:term":[{"taxonomy":"category","embeddable":true,"href":"https:\/\/discoveralmunecar.com\/fr\/wp-json\/wp\/v2\/categories?post=19093"},{"taxonomy":"post_tag","embeddable":true,"href":"https:\/\/discoveralmunecar.com\/fr\/wp-json\/wp\/v2\/tags?post=19093"}],"curies":[{"name":"wp","href":"https:\/\/api.w.org\/{rel}","templated":true}]}}