{"id":22510,"date":"2026-09-01T14:59:49","date_gmt":"2026-09-01T14:59:49","guid":{"rendered":"https:\/\/discoveralmunecar.com\/?p=22510"},"modified":"2026-09-01T14:59:50","modified_gmt":"2026-09-01T14:59:50","slug":"theatre-greco-romain-a-almunecar-2026-programme-et-spectacles","status":"publish","type":"post","link":"https:\/\/discoveralmunecar.com\/fr\/theatre-greco-romain-a-almunecar-2026-programme-et-spectacles\/","title":{"rendered":"Th\u00e9\u00e2tre gr\u00e9co-romain \u00e0 Almu\u00f1\u00e9car 2026 : programme et spectacles"},"content":{"rendered":"<p>[vc_row][vc_column][vc_single_image image=&#8221;22484&#8243; img_size=&#8221;full&#8221;][vc_empty_space]<div class=\"text-block\" ><div class=\"simple-text \"><p class=\"PDq2pG_selectionAnchorContainer\" data-start=\"67\" data-end=\"608\">Le <strong data-start=\"70\" data-end=\"111\">Th\u00e9\u00e2tre gr\u00e9co-romain d\u2019Almu\u00f1\u00e9car 2026<\/strong> revient au <strong data-start=\"123\" data-end=\"142\">Parc El Majuelo<\/strong> avec la XVIIIe \u00e9dition du <strong data-start=\"169\" data-end=\"228\">Festival de Th\u00e9\u00e2tre gr\u00e9co-romain \u00ab Sexi Firmum Iulium \u00bb<\/strong>, l\u2019un des grands rendez-vous culturels de la Costa Tropical. Almu\u00f1\u00e9car entretient un lien \u00e9troit avec l\u2019Antiquit\u00e9 et avec son pass\u00e9 sous le nom de <em data-start=\"376\" data-end=\"396\">Sexi Firmum Iulium<\/em>, la cit\u00e9 romaine qui fait partie int\u00e9grante de l\u2019histoire de la ville. Pendant cinq soir\u00e9es, le th\u00e9\u00e2tre classique reprend vie dans un cadre exceptionnel, m\u00ealant histoire, patrimoine, culture et M\u00e9diterran\u00e9e. \ud83c\udffa\u2728<\/p>\n<h3 data-section-id=\"3p0ffo\" data-start=\"610\" data-end=\"651\">\ud83c\udf1f\ud83c\udfad Un festival tr\u00e8s sp\u00e9cial en 2026<\/h3>\n<p data-start=\"653\" data-end=\"1223\">Du <strong data-start=\"656\" data-end=\"681\">2 au 6 septembre 2026<\/strong>, le <strong data-start=\"686\" data-end=\"717\">Festival Sexi Firmum Iulium<\/strong> r\u00e9unira \u00e0 Almu\u00f1\u00e9car cinq spectacles inspir\u00e9s des grands classiques de la Gr\u00e8ce antique. L\u2019\u00e9dition de cette ann\u00e9e pr\u00e9sente \u00e9galement une nouveaut\u00e9 importante : la participation de <strong data-start=\"897\" data-end=\"930\">compagnies th\u00e9\u00e2trales locales<\/strong>, qui partageront l\u2019affiche avec des productions professionnelles li\u00e9es au <strong data-start=\"1005\" data-end=\"1062\">Festival international de th\u00e9\u00e2tre classique de M\u00e9rida<\/strong>. Euripide, Aristophane et de grands personnages de la mythologie classique seront au c\u0153ur de ces soir\u00e9es con\u00e7ues pour profiter du th\u00e9\u00e2tre sous les \u00e9toiles. \ud83c\udf19\ud83c\udfad<\/p>\n<h3 data-section-id=\"15vm5sv\" data-start=\"1225\" data-end=\"1285\">\ud83d\udcdc\ud83c\udf9f\ufe0f Programme du Th\u00e9\u00e2tre gr\u00e9co-romain d\u2019Almu\u00f1\u00e9car 2026<\/h3>\n<p data-start=\"1287\" data-end=\"1554\"><strong data-start=\"1287\" data-end=\"1325\">1\ufe0f\u20e3 Mercredi 2 septembre \u2014 <em data-start=\"1316\" data-end=\"1323\">M\u00e9d\u00e9e<\/em><\/strong><br data-start=\"1325\" data-end=\"1328\" \/>\ud83c\udfad <em data-start=\"1331\" data-end=\"1358\">Elenco Teatro | Almu\u00f1\u00e9car<\/em><br data-start=\"1358\" data-end=\"1361\" \/>La compagnie locale ouvre le festival avec la c\u00e9l\u00e8bre trag\u00e9die d\u2019<strong data-start=\"1426\" data-end=\"1438\">Euripide<\/strong>, une histoire d\u2019amour, de trahison et de vengeance qui continue d\u2019\u00e9mouvoir le public des si\u00e8cles apr\u00e8s sa cr\u00e9ation.<\/p>\n<p data-start=\"1556\" data-end=\"1795\"><strong data-start=\"1556\" data-end=\"1603\">2\ufe0f\u20e3 Jeudi 3 septembre \u2014 <em data-start=\"1582\" data-end=\"1601\">Les Thesmophories<\/em><\/strong><br data-start=\"1603\" data-end=\"1606\" \/>\ud83c\udfad <em data-start=\"1609\" data-end=\"1642\">Segundo Acto Teatro | Almu\u00f1\u00e9car<\/em><br data-start=\"1642\" data-end=\"1645\" \/>La com\u00e9die d\u2019<strong data-start=\"1658\" data-end=\"1673\">Aristophane<\/strong> sera pr\u00e9sent\u00e9e par une autre compagnie locale, apportant humour, satire et une vision pleine d\u2019esprit du monde classique.<\/p>\n<p data-start=\"1797\" data-end=\"2027\"><strong data-start=\"1797\" data-end=\"1849\">3\ufe0f\u20e3 Vendredi 4 septembre \u2014 <em data-start=\"1826\" data-end=\"1847\">Jason et les Furies<\/em><\/strong><br data-start=\"1849\" data-end=\"1852\" \/>\ud83c\udfad <em data-start=\"1855\" data-end=\"1878\">Teatro del Noct\u00e1mbulo<\/em><br data-start=\"1878\" data-end=\"1881\" \/>Les mythes de Jason arrivent sur la sc\u00e8ne d\u2019El Majuelo avec cette production professionnelle qui fait partie de la programmation du festival 2026.<\/p>\n<p data-start=\"2029\" data-end=\"2257\"><strong data-start=\"2029\" data-end=\"2077\">4\ufe0f\u20e3 Samedi 5 septembre \u2014 <em data-start=\"2056\" data-end=\"2075\">Ph\u00e8dre aux enfers<\/em><\/strong><br data-start=\"2077\" data-end=\"2080\" \/>\ud83c\udfad <em data-start=\"2083\" data-end=\"2132\">Lidia Bosch, Julio Pe\u00f1a et Alejandro Albarrac\u00edn<\/em><br data-start=\"2132\" data-end=\"2135\" \/>L\u2019un des spectacles majeurs de cette \u00e9dition, pr\u00e9sent\u00e9 \u00e0 Almu\u00f1\u00e9car quelques semaines seulement apr\u00e8s sa premi\u00e8re \u00e0 M\u00e9rida.<\/p>\n<p data-start=\"2259\" data-end=\"2492\"><strong data-start=\"2259\" data-end=\"2319\">5\ufe0f\u20e3 Dimanche 6 septembre \u2014 <em data-start=\"2288\" data-end=\"2317\">Antigone, la lign\u00e9e maudite<\/em><\/strong><br data-start=\"2319\" data-end=\"2322\" \/>\ud83c\udfad <em data-start=\"2325\" data-end=\"2359\">Atalaya Teatro | Ricardo Iniesta<\/em><br data-start=\"2359\" data-end=\"2362\" \/>La trag\u00e9die d\u2019Antigone cl\u00f4turera le festival avec une nouvelle production d\u2019Atalaya Teatro, mise en sc\u00e8ne par Ricardo Iniesta. \ud83c\udfdb\ufe0f<\/p>\n<h3 data-section-id=\"km9qke\" data-start=\"2454\" data-end=\"2496\"><img fetchpriority=\"high\" decoding=\"async\" class=\"alignnone size-large wp-image-22478\" src=\"https:\/\/discoveralmunecar.com\/wp-content\/uploads\/2026\/08\/DSC8587Teatro-Grecolatino-2025@0.5x-1620x1080.webp\" alt=\"\" width=\"1140\" height=\"760\" srcset=\"https:\/\/discoveralmunecar.com\/wp-content\/uploads\/2026\/08\/DSC8587Teatro-Grecolatino-2025@0.5x-1620x1080.webp 1620w, https:\/\/discoveralmunecar.com\/wp-content\/uploads\/2026\/08\/DSC8587Teatro-Grecolatino-2025@0.5x-300x200.webp 300w, https:\/\/discoveralmunecar.com\/wp-content\/uploads\/2026\/08\/DSC8587Teatro-Grecolatino-2025@0.5x-768x512.webp 768w, https:\/\/discoveralmunecar.com\/wp-content\/uploads\/2026\/08\/DSC8587Teatro-Grecolatino-2025@0.5x-1536x1024.webp 1536w, https:\/\/discoveralmunecar.com\/wp-content\/uploads\/2026\/08\/DSC8587Teatro-Grecolatino-2025@0.5x-2048x1365.webp 2048w, https:\/\/discoveralmunecar.com\/wp-content\/uploads\/2026\/08\/DSC8587Teatro-Grecolatino-2025@0.5x-500x333.webp 500w, https:\/\/discoveralmunecar.com\/wp-content\/uploads\/2026\/08\/DSC8587Teatro-Grecolatino-2025@0.5x-800x533.webp 800w, https:\/\/discoveralmunecar.com\/wp-content\/uploads\/2026\/08\/DSC8587Teatro-Grecolatino-2025@0.5x-1280x853.webp 1280w, https:\/\/discoveralmunecar.com\/wp-content\/uploads\/2026\/08\/DSC8587Teatro-Grecolatino-2025@0.5x-1920x1280.webp 1920w\" sizes=\"(max-width: 1140px) 100vw, 1140px\" \/><\/h3>\n<h3 class=\"PDq2pG_selectionAnchorContainer\" data-section-id=\"a3jfju\" data-start=\"2494\" data-end=\"2540\">\ud83d\udccd\ud83c\udf0a Le th\u00e9\u00e2tre classique sous les \u00e9toiles<\/h3>\n<p data-start=\"2542\" data-end=\"2976\">Le <strong data-start=\"2545\" data-end=\"2564\">Parc El Majuelo<\/strong> redeviendra le cadre id\u00e9al pour profiter du th\u00e9\u00e2tre classique \u00e0 Almu\u00f1\u00e9car. Pour les visiteurs \u00e0 la recherche de <strong data-start=\"2677\" data-end=\"2720\">choses \u00e0 faire \u00e0 Almu\u00f1\u00e9car en septembre<\/strong>, ce festival offre une combinaison exceptionnelle de culture, d\u2019histoire et de loisirs au c\u0153ur de la ville. Le cadre d\u2019El Majuelo cr\u00e9e une exp\u00e9rience unique, o\u00f9 les grandes histoires de l\u2019Antiquit\u00e9 rencontrent l\u2019atmosph\u00e8re m\u00e9diterran\u00e9enne d\u2019Almu\u00f1\u00e9car. \u2728\ud83c\udf0a<\/p>\n<h3 data-section-id=\"1b7rdoy\" data-start=\"2978\" data-end=\"3017\">\ud83c\udf9f\ufe0f\ud83c\udffa Dates, tarifs et informations<\/h3>\n<p data-start=\"3019\" data-end=\"3223\">\ud83d\udcc5 <strong data-start=\"3022\" data-end=\"3050\">Du 2 au 6 septembre 2026<\/strong><br data-start=\"3050\" data-end=\"3053\" \/>\ud83d\udccd <strong data-start=\"3056\" data-end=\"3100\">Auditorium du Parc El Majuelo, Almu\u00f1\u00e9car<\/strong><br data-start=\"3100\" data-end=\"3103\" \/>\ud83c\udf9f\ufe0f <strong data-start=\"3107\" data-end=\"3147\">Pass pour les cinq spectacles : 40 \u20ac<\/strong><br data-start=\"3147\" data-end=\"3150\" \/>\ud83c\udfab <strong data-start=\"3153\" data-end=\"3189\">Spectacles professionnels : 15 \u20ac<\/strong><br data-start=\"3189\" data-end=\"3192\" \/>\ud83c\udfad <strong data-start=\"3195\" data-end=\"3223\">Compagnies locales : 5 \u20ac<\/strong><\/p>\n<p data-start=\"3225\" data-end=\"3587\" data-is-last-node=\"\" data-is-only-node=\"\">Le <strong data-start=\"3228\" data-end=\"3269\">Th\u00e9\u00e2tre gr\u00e9co-romain d\u2019Almu\u00f1\u00e9car 2026<\/strong> est un rendez-vous incontournable pour tous ceux qui souhaitent d\u00e9couvrir la culture et le patrimoine de la ville d\u2019une mani\u00e8re diff\u00e9rente. Cinq soir\u00e9es, cinq spectacles et des milliers d\u2019ann\u00e9es d\u2019histoire se donnent rendez-vous \u00e0 El Majuelo pour montrer que les grands classiques sont plus vivants que jamais. \ud83c\udfdb\ufe0f\ud83c\udfad\u2728<\/p>\n<\/div><\/div>[\/vc_column][\/vc_row]<\/p>\n","protected":false},"excerpt":{"rendered":"<p>[vc_row][vc_column][vc_single_image image=&#8221;22484&#8243; img_size=&#8221;full&#8221;][vc_empty_space][\/vc_column][\/vc_row]<\/p>\n","protected":false},"author":2,"featured_media":22499,"comment_status":"open","ping_status":"closed","sticky":false,"template":"","format":"standard","meta":{"footnotes":""},"categories":[276,274,125],"tags":[],"class_list":["post-22510","post","type-post","status-publish","format-standard","has-post-thumbnail","hentry","category-agenda-culturel-dalmunecar","category-culture-dalmunecar","category-evenements-a-almunecar"],"yoast_head":"<!-- This site is optimized with the Yoast SEO plugin v27.8 - https:\/\/yoast.com\/product\/yoast-seo-wordpress\/ -->\n<title>Th\u00e9\u00e2tre gr\u00e9co-romain \u00e0 Almu\u00f1\u00e9car 2026 : programme et spectacles -<\/title>\n<meta name=\"robots\" content=\"index, follow, max-snippet:-1, max-image-preview:large, max-video-preview:-1\" \/>\n<link rel=\"canonical\" href=\"https:\/\/discoveralmunecar.com\/fr\/theatre-greco-romain-a-almunecar-2026-programme-et-spectacles\/\" \/>\n<meta property=\"og:locale\" content=\"fr_FR\" \/>\n<meta property=\"og:type\" content=\"article\" \/>\n<meta property=\"og:title\" content=\"Th\u00e9\u00e2tre gr\u00e9co-romain \u00e0 Almu\u00f1\u00e9car 2026 : programme et spectacles -\" \/>\n<meta property=\"og:description\" content=\"[vc_row][vc_column][vc_single_image image=&#8221;22484&#8243; img_size=&#8221;full&#8221;][vc_empty_space][\/vc_column][\/vc_row]\" \/>\n<meta property=\"og:url\" content=\"https:\/\/discoveralmunecar.com\/fr\/theatre-greco-romain-a-almunecar-2026-programme-et-spectacles\/\" \/>\n<meta property=\"article:published_time\" content=\"2026-09-01T14:59:49+00:00\" \/>\n<meta property=\"article:modified_time\" content=\"2026-09-01T14:59:50+00:00\" \/>\n<meta property=\"og:image\" content=\"https:\/\/discoveralmunecar.com\/wp-content\/uploads\/2026\/08\/DSC8586Teatro-Grecolatino-2025@0.5x-2.webp\" \/>\n\t<meta property=\"og:image:width\" content=\"2331\" \/>\n\t<meta property=\"og:image:height\" content=\"1311\" \/>\n\t<meta property=\"og:image:type\" content=\"image\/webp\" \/>\n<meta name=\"author\" content=\"Admin\" \/>\n<meta name=\"twitter:card\" content=\"summary_large_image\" \/>\n<meta name=\"twitter:label1\" content=\"\u00c9crit par\" \/>\n\t<meta name=\"twitter:data1\" content=\"Admin\" \/>\n\t<meta name=\"twitter:label2\" content=\"Dur\u00e9e de lecture estim\u00e9e\" \/>\n\t<meta name=\"twitter:data2\" content=\"3 minutes\" \/>\n<script type=\"application\/ld+json\" class=\"yoast-schema-graph\">{\"@context\":\"https:\\\/\\\/schema.org\",\"@graph\":[{\"@type\":\"Article\",\"@id\":\"https:\\\/\\\/discoveralmunecar.com\\\/fr\\\/theatre-greco-romain-a-almunecar-2026-programme-et-spectacles\\\/#article\",\"isPartOf\":{\"@id\":\"https:\\\/\\\/discoveralmunecar.com\\\/fr\\\/theatre-greco-romain-a-almunecar-2026-programme-et-spectacles\\\/\"},\"author\":{\"name\":\"Admin\",\"@id\":\"https:\\\/\\\/discoveralmunecar.com\\\/fr\\\/#\\\/schema\\\/person\\\/7d931359380d442b7e8832cd0d6a2db0\"},\"headline\":\"Th\u00e9\u00e2tre gr\u00e9co-romain \u00e0 Almu\u00f1\u00e9car 2026 : programme et spectacles\",\"datePublished\":\"2026-09-01T14:59:49+00:00\",\"dateModified\":\"2026-09-01T14:59:50+00:00\",\"mainEntityOfPage\":{\"@id\":\"https:\\\/\\\/discoveralmunecar.com\\\/fr\\\/theatre-greco-romain-a-almunecar-2026-programme-et-spectacles\\\/\"},\"wordCount\":589,\"commentCount\":0,\"image\":{\"@id\":\"https:\\\/\\\/discoveralmunecar.com\\\/fr\\\/theatre-greco-romain-a-almunecar-2026-programme-et-spectacles\\\/#primaryimage\"},\"thumbnailUrl\":\"https:\\\/\\\/discoveralmunecar.com\\\/wp-content\\\/uploads\\\/2026\\\/08\\\/DSC8586Teatro-Grecolatino-2025@0.5x-2.webp\",\"articleSection\":[\"Agenda culturel d'Almu\u00f1ecar\",\"Culture d'Almu\u00f1ecar\",\"\u00c9v\u00e9nements \u00e0 almu\u00f1\u00e9car\"],\"inLanguage\":\"fr-FR\",\"potentialAction\":[{\"@type\":\"CommentAction\",\"name\":\"Comment\",\"target\":[\"https:\\\/\\\/discoveralmunecar.com\\\/fr\\\/theatre-greco-romain-a-almunecar-2026-programme-et-spectacles\\\/#respond\"]}]},{\"@type\":\"WebPage\",\"@id\":\"https:\\\/\\\/discoveralmunecar.com\\\/fr\\\/theatre-greco-romain-a-almunecar-2026-programme-et-spectacles\\\/\",\"url\":\"https:\\\/\\\/discoveralmunecar.com\\\/fr\\\/theatre-greco-romain-a-almunecar-2026-programme-et-spectacles\\\/\",\"name\":\"Th\u00e9\u00e2tre gr\u00e9co-romain \u00e0 Almu\u00f1\u00e9car 2026 : programme et spectacles -\",\"isPartOf\":{\"@id\":\"https:\\\/\\\/discoveralmunecar.com\\\/fr\\\/#website\"},\"primaryImageOfPage\":{\"@id\":\"https:\\\/\\\/discoveralmunecar.com\\\/fr\\\/theatre-greco-romain-a-almunecar-2026-programme-et-spectacles\\\/#primaryimage\"},\"image\":{\"@id\":\"https:\\\/\\\/discoveralmunecar.com\\\/fr\\\/theatre-greco-romain-a-almunecar-2026-programme-et-spectacles\\\/#primaryimage\"},\"thumbnailUrl\":\"https:\\\/\\\/discoveralmunecar.com\\\/wp-content\\\/uploads\\\/2026\\\/08\\\/DSC8586Teatro-Grecolatino-2025@0.5x-2.webp\",\"datePublished\":\"2026-09-01T14:59:49+00:00\",\"dateModified\":\"2026-09-01T14:59:50+00:00\",\"author\":{\"@id\":\"https:\\\/\\\/discoveralmunecar.com\\\/fr\\\/#\\\/schema\\\/person\\\/7d931359380d442b7e8832cd0d6a2db0\"},\"breadcrumb\":{\"@id\":\"https:\\\/\\\/discoveralmunecar.com\\\/fr\\\/theatre-greco-romain-a-almunecar-2026-programme-et-spectacles\\\/#breadcrumb\"},\"inLanguage\":\"fr-FR\",\"potentialAction\":[{\"@type\":\"ReadAction\",\"target\":[\"https:\\\/\\\/discoveralmunecar.com\\\/fr\\\/theatre-greco-romain-a-almunecar-2026-programme-et-spectacles\\\/\"]}]},{\"@type\":\"ImageObject\",\"inLanguage\":\"fr-FR\",\"@id\":\"https:\\\/\\\/discoveralmunecar.com\\\/fr\\\/theatre-greco-romain-a-almunecar-2026-programme-et-spectacles\\\/#primaryimage\",\"url\":\"https:\\\/\\\/discoveralmunecar.com\\\/wp-content\\\/uploads\\\/2026\\\/08\\\/DSC8586Teatro-Grecolatino-2025@0.5x-2.webp\",\"contentUrl\":\"https:\\\/\\\/discoveralmunecar.com\\\/wp-content\\\/uploads\\\/2026\\\/08\\\/DSC8586Teatro-Grecolatino-2025@0.5x-2.webp\",\"width\":2331,\"height\":1311},{\"@type\":\"BreadcrumbList\",\"@id\":\"https:\\\/\\\/discoveralmunecar.com\\\/fr\\\/theatre-greco-romain-a-almunecar-2026-programme-et-spectacles\\\/#breadcrumb\",\"itemListElement\":[{\"@type\":\"ListItem\",\"position\":1,\"name\":\"Home\",\"item\":\"https:\\\/\\\/discoveralmunecar.com\\\/fr\\\/\"},{\"@type\":\"ListItem\",\"position\":2,\"name\":\"Th\u00e9\u00e2tre gr\u00e9co-romain \u00e0 Almu\u00f1\u00e9car 2026 : programme et spectacles\"}]},{\"@type\":\"WebSite\",\"@id\":\"https:\\\/\\\/discoveralmunecar.com\\\/fr\\\/#website\",\"url\":\"https:\\\/\\\/discoveralmunecar.com\\\/fr\\\/\",\"name\":\"\",\"description\":\"Just another WordPress site\\n\",\"potentialAction\":[{\"@type\":\"SearchAction\",\"target\":{\"@type\":\"EntryPoint\",\"urlTemplate\":\"https:\\\/\\\/discoveralmunecar.com\\\/fr\\\/?s={search_term_string}\"},\"query-input\":{\"@type\":\"PropertyValueSpecification\",\"valueRequired\":true,\"valueName\":\"search_term_string\"}}],\"inLanguage\":\"fr-FR\"},{\"@type\":\"Person\",\"@id\":\"https:\\\/\\\/discoveralmunecar.com\\\/fr\\\/#\\\/schema\\\/person\\\/7d931359380d442b7e8832cd0d6a2db0\",\"name\":\"Admin\",\"image\":{\"@type\":\"ImageObject\",\"inLanguage\":\"fr-FR\",\"@id\":\"https:\\\/\\\/secure.gravatar.com\\\/avatar\\\/87aff11e22fb9eda78c606aa27a60cd99fc49aac3a2cf4688b14253df494fd22?s=96&d=mm&r=g\",\"url\":\"https:\\\/\\\/secure.gravatar.com\\\/avatar\\\/87aff11e22fb9eda78c606aa27a60cd99fc49aac3a2cf4688b14253df494fd22?s=96&d=mm&r=g\",\"contentUrl\":\"https:\\\/\\\/secure.gravatar.com\\\/avatar\\\/87aff11e22fb9eda78c606aa27a60cd99fc49aac3a2cf4688b14253df494fd22?s=96&d=mm&r=g\",\"caption\":\"Admin\"},\"url\":\"https:\\\/\\\/discoveralmunecar.com\\\/fr\\\/author\\\/pedro-espinosa\\\/\"}]}<\/script>\n<!-- \/ Yoast SEO plugin. -->","yoast_head_json":{"title":"Th\u00e9\u00e2tre gr\u00e9co-romain \u00e0 Almu\u00f1\u00e9car 2026 : programme et spectacles -","robots":{"index":"index","follow":"follow","max-snippet":"max-snippet:-1","max-image-preview":"max-image-preview:large","max-video-preview":"max-video-preview:-1"},"canonical":"https:\/\/discoveralmunecar.com\/fr\/theatre-greco-romain-a-almunecar-2026-programme-et-spectacles\/","og_locale":"fr_FR","og_type":"article","og_title":"Th\u00e9\u00e2tre gr\u00e9co-romain \u00e0 Almu\u00f1\u00e9car 2026 : programme et spectacles -","og_description":"[vc_row][vc_column][vc_single_image image=&#8221;22484&#8243; img_size=&#8221;full&#8221;][vc_empty_space][\/vc_column][\/vc_row]","og_url":"https:\/\/discoveralmunecar.com\/fr\/theatre-greco-romain-a-almunecar-2026-programme-et-spectacles\/","article_published_time":"2026-09-01T14:59:49+00:00","article_modified_time":"2026-09-01T14:59:50+00:00","og_image":[{"width":2331,"height":1311,"url":"https:\/\/discoveralmunecar.com\/wp-content\/uploads\/2026\/08\/DSC8586Teatro-Grecolatino-2025@0.5x-2.webp","type":"image\/webp"}],"author":"Admin","twitter_card":"summary_large_image","twitter_misc":{"\u00c9crit par":"Admin","Dur\u00e9e de lecture estim\u00e9e":"3 minutes"},"schema":{"@context":"https:\/\/schema.org","@graph":[{"@type":"Article","@id":"https:\/\/discoveralmunecar.com\/fr\/theatre-greco-romain-a-almunecar-2026-programme-et-spectacles\/#article","isPartOf":{"@id":"https:\/\/discoveralmunecar.com\/fr\/theatre-greco-romain-a-almunecar-2026-programme-et-spectacles\/"},"author":{"name":"Admin","@id":"https:\/\/discoveralmunecar.com\/fr\/#\/schema\/person\/7d931359380d442b7e8832cd0d6a2db0"},"headline":"Th\u00e9\u00e2tre gr\u00e9co-romain \u00e0 Almu\u00f1\u00e9car 2026 : programme et spectacles","datePublished":"2026-09-01T14:59:49+00:00","dateModified":"2026-09-01T14:59:50+00:00","mainEntityOfPage":{"@id":"https:\/\/discoveralmunecar.com\/fr\/theatre-greco-romain-a-almunecar-2026-programme-et-spectacles\/"},"wordCount":589,"commentCount":0,"image":{"@id":"https:\/\/discoveralmunecar.com\/fr\/theatre-greco-romain-a-almunecar-2026-programme-et-spectacles\/#primaryimage"},"thumbnailUrl":"https:\/\/discoveralmunecar.com\/wp-content\/uploads\/2026\/08\/DSC8586Teatro-Grecolatino-2025@0.5x-2.webp","articleSection":["Agenda culturel d'Almu\u00f1ecar","Culture d'Almu\u00f1ecar","\u00c9v\u00e9nements \u00e0 almu\u00f1\u00e9car"],"inLanguage":"fr-FR","potentialAction":[{"@type":"CommentAction","name":"Comment","target":["https:\/\/discoveralmunecar.com\/fr\/theatre-greco-romain-a-almunecar-2026-programme-et-spectacles\/#respond"]}]},{"@type":"WebPage","@id":"https:\/\/discoveralmunecar.com\/fr\/theatre-greco-romain-a-almunecar-2026-programme-et-spectacles\/","url":"https:\/\/discoveralmunecar.com\/fr\/theatre-greco-romain-a-almunecar-2026-programme-et-spectacles\/","name":"Th\u00e9\u00e2tre gr\u00e9co-romain \u00e0 Almu\u00f1\u00e9car 2026 : programme et spectacles -","isPartOf":{"@id":"https:\/\/discoveralmunecar.com\/fr\/#website"},"primaryImageOfPage":{"@id":"https:\/\/discoveralmunecar.com\/fr\/theatre-greco-romain-a-almunecar-2026-programme-et-spectacles\/#primaryimage"},"image":{"@id":"https:\/\/discoveralmunecar.com\/fr\/theatre-greco-romain-a-almunecar-2026-programme-et-spectacles\/#primaryimage"},"thumbnailUrl":"https:\/\/discoveralmunecar.com\/wp-content\/uploads\/2026\/08\/DSC8586Teatro-Grecolatino-2025@0.5x-2.webp","datePublished":"2026-09-01T14:59:49+00:00","dateModified":"2026-09-01T14:59:50+00:00","author":{"@id":"https:\/\/discoveralmunecar.com\/fr\/#\/schema\/person\/7d931359380d442b7e8832cd0d6a2db0"},"breadcrumb":{"@id":"https:\/\/discoveralmunecar.com\/fr\/theatre-greco-romain-a-almunecar-2026-programme-et-spectacles\/#breadcrumb"},"inLanguage":"fr-FR","potentialAction":[{"@type":"ReadAction","target":["https:\/\/discoveralmunecar.com\/fr\/theatre-greco-romain-a-almunecar-2026-programme-et-spectacles\/"]}]},{"@type":"ImageObject","inLanguage":"fr-FR","@id":"https:\/\/discoveralmunecar.com\/fr\/theatre-greco-romain-a-almunecar-2026-programme-et-spectacles\/#primaryimage","url":"https:\/\/discoveralmunecar.com\/wp-content\/uploads\/2026\/08\/DSC8586Teatro-Grecolatino-2025@0.5x-2.webp","contentUrl":"https:\/\/discoveralmunecar.com\/wp-content\/uploads\/2026\/08\/DSC8586Teatro-Grecolatino-2025@0.5x-2.webp","width":2331,"height":1311},{"@type":"BreadcrumbList","@id":"https:\/\/discoveralmunecar.com\/fr\/theatre-greco-romain-a-almunecar-2026-programme-et-spectacles\/#breadcrumb","itemListElement":[{"@type":"ListItem","position":1,"name":"Home","item":"https:\/\/discoveralmunecar.com\/fr\/"},{"@type":"ListItem","position":2,"name":"Th\u00e9\u00e2tre gr\u00e9co-romain \u00e0 Almu\u00f1\u00e9car 2026 : programme et spectacles"}]},{"@type":"WebSite","@id":"https:\/\/discoveralmunecar.com\/fr\/#website","url":"https:\/\/discoveralmunecar.com\/fr\/","name":"","description":"Just another WordPress site\n","potentialAction":[{"@type":"SearchAction","target":{"@type":"EntryPoint","urlTemplate":"https:\/\/discoveralmunecar.com\/fr\/?s={search_term_string}"},"query-input":{"@type":"PropertyValueSpecification","valueRequired":true,"valueName":"search_term_string"}}],"inLanguage":"fr-FR"},{"@type":"Person","@id":"https:\/\/discoveralmunecar.com\/fr\/#\/schema\/person\/7d931359380d442b7e8832cd0d6a2db0","name":"Admin","image":{"@type":"ImageObject","inLanguage":"fr-FR","@id":"https:\/\/secure.gravatar.com\/avatar\/87aff11e22fb9eda78c606aa27a60cd99fc49aac3a2cf4688b14253df494fd22?s=96&d=mm&r=g","url":"https:\/\/secure.gravatar.com\/avatar\/87aff11e22fb9eda78c606aa27a60cd99fc49aac3a2cf4688b14253df494fd22?s=96&d=mm&r=g","contentUrl":"https:\/\/secure.gravatar.com\/avatar\/87aff11e22fb9eda78c606aa27a60cd99fc49aac3a2cf4688b14253df494fd22?s=96&d=mm&r=g","caption":"Admin"},"url":"https:\/\/discoveralmunecar.com\/fr\/author\/pedro-espinosa\/"}]}},"_links":{"self":[{"href":"https:\/\/discoveralmunecar.com\/fr\/wp-json\/wp\/v2\/posts\/22510","targetHints":{"allow":["GET"]}}],"collection":[{"href":"https:\/\/discoveralmunecar.com\/fr\/wp-json\/wp\/v2\/posts"}],"about":[{"href":"https:\/\/discoveralmunecar.com\/fr\/wp-json\/wp\/v2\/types\/post"}],"author":[{"embeddable":true,"href":"https:\/\/discoveralmunecar.com\/fr\/wp-json\/wp\/v2\/users\/2"}],"replies":[{"embeddable":true,"href":"https:\/\/discoveralmunecar.com\/fr\/wp-json\/wp\/v2\/comments?post=22510"}],"version-history":[{"count":2,"href":"https:\/\/discoveralmunecar.com\/fr\/wp-json\/wp\/v2\/posts\/22510\/revisions"}],"predecessor-version":[{"id":22512,"href":"https:\/\/discoveralmunecar.com\/fr\/wp-json\/wp\/v2\/posts\/22510\/revisions\/22512"}],"wp:featuredmedia":[{"embeddable":true,"href":"https:\/\/discoveralmunecar.com\/fr\/wp-json\/wp\/v2\/media\/22499"}],"wp:attachment":[{"href":"https:\/\/discoveralmunecar.com\/fr\/wp-json\/wp\/v2\/media?parent=22510"}],"wp:term":[{"taxonomy":"category","embeddable":true,"href":"https:\/\/discoveralmunecar.com\/fr\/wp-json\/wp\/v2\/categories?post=22510"},{"taxonomy":"post_tag","embeddable":true,"href":"https:\/\/discoveralmunecar.com\/fr\/wp-json\/wp\/v2\/tags?post=22510"}],"curies":[{"name":"wp","href":"https:\/\/api.w.org\/{rel}","templated":true}]}}