{"id":22628,"date":"2026-09-02T11:45:54","date_gmt":"2026-09-02T11:45:54","guid":{"rendered":"https:\/\/discoveralmunecar.com\/?p=22628"},"modified":"2026-09-02T11:45:54","modified_gmt":"2026-09-02T11:45:54","slug":"la-vuelta-a-espana-2026-part-dalmunecar-le-lion-de-la-costa-tropical-court-a-domicile","status":"publish","type":"post","link":"https:\/\/discoveralmunecar.com\/fr\/la-vuelta-a-espana-2026-part-dalmunecar-le-lion-de-la-costa-tropical-court-a-domicile\/","title":{"rendered":"La Vuelta a Espa\u00f1a 2026 part d\u2019Almu\u00f1\u00e9car : le Lion de la Costa Tropical court \u00e0 domicile"},"content":{"rendered":"<div class=\"flex max-w-full flex-col gap-4 grow\">\n<div class=\"min-h-8 text-message relative flex w-full flex-col items-end gap-2 text-start break-words whitespace-normal outline-none keyboard-focused:focus-ring [.text-message+&amp;]:mt-1\" dir=\"auto\" tabindex=\"0\" data-message-author-role=\"assistant\" data-message-id=\"7544a246-25ab-41f5-ae0b-487ed18ef2d6\" data-message-model-slug=\"gpt-5-6-mini\" data-turn-start-message=\"true\">\n<div class=\"flex w-full flex-col gap-1 empty:hidden\">\n<div class=\"markdown prose dark:prose-invert wrap-break-word w-full light markdown-new-styling\">\n<div class=\"flex max-w-full flex-col gap-4 grow\">\n<div class=\"min-h-8 text-message relative flex w-full flex-col items-end gap-2 text-start break-words whitespace-normal outline-none keyboard-focused:focus-ring [.text-message+&amp;]:mt-1\" dir=\"auto\" tabindex=\"0\" data-message-author-role=\"assistant\" data-message-id=\"7544a246-25ab-41f5-ae0b-487ed18ef2d6\" data-message-model-slug=\"gpt-5-6-mini\" data-turn-start-message=\"true\">\n<div class=\"flex w-full flex-col gap-1 empty:hidden\">\n<p class=\"PDq2pG_selectionAnchorContainer\" data-start=\"204\" data-end=\"413\">La Vuelta a Espa\u00f1a 2026 partira d\u2019<strong data-start=\"238\" data-end=\"251\">Almu\u00f1\u00e9car<\/strong> le vendredi 4 septembre, lors d\u2019une journ\u00e9e tr\u00e8s sp\u00e9ciale pour la ville et pour l\u2019un de ses grands repr\u00e9sentants sportifs : <strong data-start=\"376\" data-end=\"396\">Carlos Rodr\u00edguez<\/strong>, n\u00e9 \u00e0 Almu\u00f1\u00e9car.<\/p>\n<p data-start=\"415\" data-end=\"725\">Pour la premi\u00e8re fois, la ville accueillera le d\u00e9part d\u2019une \u00e9tape de La Vuelta. Ce moment aura une signification particuli\u00e8re puisque le <strong data-start=\"552\" data-end=\"586\">coureur originaire d\u2019Almu\u00f1\u00e9car<\/strong> pourra prendre le d\u00e9part d\u2019une \u00e9tape d\u2019un Grand Tour depuis sa propre ville, entour\u00e9 de sa famille, de ses amis et de nombreux supporters.<\/p>\n<h3 data-section-id=\"k6odjl\" data-start=\"728\" data-end=\"771\">\ud83d\udeb4 Le Lion d\u2019Almu\u00f1\u00e9car court \u00e0 domicile<\/h3>\n<p data-start=\"773\" data-end=\"1008\">Le <strong data-start=\"776\" data-end=\"793\">coureur local<\/strong> est l\u2019une des grandes figures sportives d\u2019Almu\u00f1\u00e9car. Sa carri\u00e8re professionnelle l\u2019a conduit \u00e0 participer aux plus grandes courses internationales, faisant de lui l\u2019un des noms les plus connus du cyclisme espagnol.<\/p>\n<p data-start=\"1010\" data-end=\"1143\">La Vuelta a Espa\u00f1a 2026 lui offrira d\u00e9sormais une image tr\u00e8s particuli\u00e8re : prendre le d\u00e9part depuis les rues de sa <strong data-start=\"1126\" data-end=\"1142\">ville natale<\/strong>.<\/p>\n<h3 data-section-id=\"9oistz\" data-start=\"1146\" data-end=\"1215\">\ud83d\udccc Toutes les informations sur le d\u00e9part de La Vuelta \u00e0 Almu\u00f1\u00e9car<\/h3>\n<blockquote data-start=\"1217\" data-end=\"1844\">\n<p data-start=\"1219\" data-end=\"1261\"><strong data-start=\"1219\" data-end=\"1261\">\ud83d\udeb4 LA VUELTA A ESPA\u00d1A 2026 \u00c0 ALMU\u00d1\u00c9CAR<\/strong><\/p>\n<p data-start=\"1266\" data-end=\"1594\">\ud83d\udcc5 <strong data-start=\"1269\" data-end=\"1279\">Date :<\/strong> vendredi 4 septembre 2026<br data-start=\"1305\" data-end=\"1308\" \/>\ud83d\udeb4 <strong data-start=\"1313\" data-end=\"1324\">\u00c9tape :<\/strong> 13e \u00e9tape<br data-start=\"1334\" data-end=\"1337\" \/>\ud83d\udccd <strong data-start=\"1342\" data-end=\"1354\">D\u00e9part :<\/strong> Almu\u00f1\u00e9car<br data-start=\"1364\" data-end=\"1367\" \/>\ud83c\udfc1 <strong data-start=\"1372\" data-end=\"1385\">Arriv\u00e9e :<\/strong> Loja<br data-start=\"1390\" data-end=\"1393\" \/>\ud83d\udccf <strong data-start=\"1398\" data-end=\"1412\">Distance :<\/strong> 192,8 km<br data-start=\"1421\" data-end=\"1424\" \/>\u23f0 <strong data-start=\"1428\" data-end=\"1451\">D\u00e9part neutralis\u00e9 :<\/strong> 12h20<br data-start=\"1457\" data-end=\"1460\" \/>\ud83d\udea6 <strong data-start=\"1465\" data-end=\"1486\">D\u00e9part officiel :<\/strong> vers 12h41<br data-start=\"1497\" data-end=\"1500\" \/>\ud83d\udee3\ufe0f <strong data-start=\"1506\" data-end=\"1530\">Direction initiale :<\/strong> N-340 vers Motril<br data-start=\"1548\" data-end=\"1551\" \/>\ud83c\udfc1 <strong data-start=\"1556\" data-end=\"1583\">Arriv\u00e9e pr\u00e9vue \u00e0 Loja :<\/strong> vers 17h16<\/p>\n<p data-start=\"1599\" data-end=\"1844\">\ud83d\udc40 <strong data-start=\"1602\" data-end=\"1615\">Conseil :<\/strong> Si vous souhaitez voir les coureurs en direct, arrivez \u00e0 l\u2019avance. Une forte affluence de spectateurs est attendue et des restrictions de circulation, des modifications d\u2019acc\u00e8s et des difficult\u00e9s de stationnement sont possibles.<\/p>\n<\/blockquote>\n<h3 data-section-id=\"dy811c\" data-start=\"1847\" data-end=\"1903\">\u2764\ufe0f Une ville pr\u00eate \u00e0 rendre hommage \u00e0 l\u2019un des siens<\/h3>\n<p data-start=\"1905\" data-end=\"2144\">Le passage de La Vuelta repr\u00e9sente \u00e9galement un nouvel hommage au <strong data-start=\"1971\" data-end=\"1995\">cycliste d\u2019Almu\u00f1\u00e9car<\/strong>. La ville a d\u00e9j\u00e0 reconnu ses grands r\u00e9sultats sportifs et aura maintenant l\u2019occasion de c\u00e9l\u00e9brer sa participation \u00e0 une \u00e9tape qui commence chez lui.<\/p>\n<p data-start=\"2146\" data-end=\"2317\">Ce sera une journ\u00e9e sp\u00e9ciale pour le coureur et pour toute la <strong data-start=\"2208\" data-end=\"2226\">Costa Tropical<\/strong>, avec les rues d\u2019Almu\u00f1\u00e9car comme d\u00e9cor de l\u2019un des grands rendez-vous sportifs de l\u2019ann\u00e9e.<\/p>\n<h3 data-section-id=\"1b6ck9v\" data-start=\"2320\" data-end=\"2357\">\ud83c\udf34 Almu\u00f1\u00e9car au c\u0153ur de La Vuelta<\/h3>\n<p data-start=\"2359\" data-end=\"2466\">Pendant quelques heures, <strong data-start=\"2384\" data-end=\"2397\">Almu\u00f1\u00e9car<\/strong> sera au centre de l\u2019attention du cyclisme national et international.<\/p>\n<p data-start=\"2468\" data-end=\"2695\">Le d\u00e9part permettra \u00e9galement de mettre en valeur certains des grands attraits de la ville : la M\u00e9diterran\u00e9e, ses plages, son centre historique, le <strong data-start=\"2616\" data-end=\"2641\">Ch\u00e2teau de San Miguel<\/strong>, sa gastronomie et les paysages de la Costa Tropical.<\/p>\n<p data-start=\"2697\" data-end=\"2875\">Pour les visiteurs venus \u00e0 Almu\u00f1\u00e9car \u00e0 l\u2019occasion de La Vuelta, ce sera aussi une excellente occasion de rester quelques jours et de d\u00e9couvrir la destination plus tranquillement.<\/p>\n<h3 data-section-id=\"1k096py\" data-start=\"2878\" data-end=\"2903\">\ud83d\udeb5 D\u2019Almu\u00f1\u00e9car \u00e0 Loja<\/h3>\n<p data-start=\"2905\" data-end=\"2975\">Les coureurs parcourront <strong data-start=\"2930\" data-end=\"2950\">192,8 kilom\u00e8tres<\/strong> entre Almu\u00f1\u00e9car et Loja.<\/p>\n<p data-start=\"2977\" data-end=\"3198\">La course quittera la Costa Tropical en direction de Motril avant de poursuivre vers l\u2019int\u00e9rieur de la province de Grenade. Une journ\u00e9e avec plusieurs cols et des changements de terrain avant d\u2019atteindre l\u2019arriv\u00e9e \u00e0 Loja.<\/p>\n<h3 data-section-id=\"1ndkec6\" data-start=\"3201\" data-end=\"3255\">\ud83d\udccd Que voir et faire \u00e0 Almu\u00f1\u00e9car pendant La Vuelta<\/h3>\n<h4 data-start=\"3258\" data-end=\"3304\">\ud83c\udfd8\ufe0f Se promener dans le centre historique<\/h4>\n<p data-start=\"3306\" data-end=\"3421\">Parcourez les rues du centre historique et d\u00e9couvrez quelques-uns des coins les plus traditionnels d\u2019<strong data-start=\"3407\" data-end=\"3420\">Almu\u00f1\u00e9car<\/strong>.<\/p>\n<h4 data-start=\"3424\" data-end=\"3464\">\ud83c\udff0 Visiter le Ch\u00e2teau de San Miguel<\/h4>\n<p data-start=\"3466\" data-end=\"3598\">Le <strong data-start=\"3469\" data-end=\"3494\">Ch\u00e2teau de San Miguel<\/strong> est l\u2019un des grands symboles de la ville et offre de magnifiques vues sur Almu\u00f1\u00e9car et la M\u00e9diterran\u00e9e.<\/p>\n<h4 data-start=\"3601\" data-end=\"3661\">\ud83c\udfd6\ufe0f D\u00e9couvrir les plages d\u2019Almu\u00f1\u00e9car et de La Herradura<\/h4>\n<p data-start=\"3663\" data-end=\"3750\">Apr\u00e8s avoir assist\u00e9 au d\u00e9part, profitez des <strong data-start=\"3707\" data-end=\"3749\">plages et criques de la Costa Tropical<\/strong>.<\/p>\n<h4 data-start=\"3753\" data-end=\"3792\">\ud83c\udf7d\ufe0f Go\u00fbter \u00e0 la gastronomie locale<\/h4>\n<p data-start=\"3794\" data-end=\"3926\">Le poisson, les produits tropicaux et la cuisine traditionnelle font partie int\u00e9grante de l\u2019exp\u00e9rience d\u2019une visite \u00e0 <strong data-start=\"3912\" data-end=\"3925\">Almu\u00f1\u00e9car<\/strong>.<\/p>\n<h3 data-section-id=\"vgmgub\" data-start=\"3929\" data-end=\"3957\">\ud83d\udeb4 Une terre de cyclisme<\/h3>\n<p data-start=\"3959\" data-end=\"4152\">La combinaison de la <strong data-start=\"3980\" data-end=\"4034\">mer, des montagnes et de routes aux profils vari\u00e9s<\/strong> fait d\u2019Almu\u00f1\u00e9car et de la Costa Tropical un environnement particuli\u00e8rement int\u00e9ressant pour les amateurs de cyclisme.<\/p>\n<p data-start=\"4154\" data-end=\"4286\">Le d\u00e9part de La Vuelta renforce \u00e9galement l\u2019image d\u2019<strong data-start=\"4206\" data-end=\"4261\">Almu\u00f1\u00e9car comme destination sportive et touristique<\/strong> tout au long de l\u2019ann\u00e9e.<\/p>\n<h3 data-section-id=\"12580wn\" data-start=\"4289\" data-end=\"4333\">\ud83c\udf05 Une journ\u00e9e historique pour Almu\u00f1\u00e9car<\/h3>\n<p data-start=\"4335\" data-end=\"4418\">Le <strong data-start=\"4338\" data-end=\"4358\">4 septembre 2026<\/strong> restera une date importante dans le calendrier de la ville.<\/p>\n<p data-start=\"4420\" data-end=\"4664\">La Vuelta a Espa\u00f1a partira pour la premi\u00e8re fois d\u2019Almu\u00f1\u00e9car, avec l\u2019un des siens dans le peloton. Voir le <strong data-start=\"4527\" data-end=\"4561\">coureur originaire d\u2019Almu\u00f1\u00e9car<\/strong> prendre le d\u00e9part depuis sa ville natale sera l\u2019un des moments les plus particuliers de cette \u00e9dition.<\/p>\n<p data-start=\"4666\" data-end=\"4766\">Si vous souhaitez d\u00e9couvrir <strong data-start=\"4694\" data-end=\"4728\">Almu\u00f1\u00e9car et la Costa Tropical<\/strong>, c\u2019est le moment id\u00e9al pour le faire.<\/p>\n<p data-start=\"4768\" data-end=\"4821\" data-is-last-node=\"\" data-is-only-node=\"\"><strong data-start=\"4768\" data-end=\"4821\" data-is-last-node=\"\">D\u00e9couvrez Almu\u00f1\u00e9car. D\u00e9couvrez la Costa Tropical.<\/strong><\/p>\n<\/div>\n<\/div>\n<\/div>\n<div class=\"z-0 flex min-h-[46px] justify-start\">\n<div class=\"z-0 flex min-h-[46px] justify-start\">\n<div class=\"pointer-events-none -mb-px h-px w-full opacity-0\" aria-hidden=\"true\"><\/div>\n<\/div>\n<div class=\"pointer-events-none -mb-px h-px w-full opacity-0\" aria-hidden=\"true\"><\/div>\n<\/div>\n<div class=\"pointer-events-none -mb-px h-px w-full opacity-0\" aria-hidden=\"true\"><\/div>\n<\/div>\n<\/div>\n<\/div>\n<\/div>\n","protected":false},"excerpt":{"rendered":"<p>La Vuelta a Espa\u00f1a 2026 partira d\u2019Almu\u00f1\u00e9car le vendredi 4 septembre, lors d\u2019une journ\u00e9e tr\u00e8s sp\u00e9ciale pour la ville et pour l\u2019un de ses grands repr\u00e9sentants sportifs : Carlos Rodr\u00edguez, n\u00e9 \u00e0 Almu\u00f1\u00e9car. Pour la premi\u00e8re fois, la ville accueillera le d\u00e9part d\u2019une \u00e9tape de La Vuelta. Ce moment aura une signification particuli\u00e8re puisque le [&hellip;]<\/p>\n","protected":false},"author":2,"featured_media":22541,"comment_status":"open","ping_status":"closed","sticky":false,"template":"","format":"standard","meta":{"footnotes":""},"categories":[276,274,125],"tags":[],"class_list":["post-22628","post","type-post","status-publish","format-standard","has-post-thumbnail","hentry","category-agenda-culturel-dalmunecar","category-culture-dalmunecar","category-evenements-a-almunecar"],"yoast_head":"<!-- This site is optimized with the Yoast SEO plugin v27.8 - https:\/\/yoast.com\/product\/yoast-seo-wordpress\/ -->\n<title>La Vuelta a Espa\u00f1a 2026 part d\u2019Almu\u00f1\u00e9car : le Lion de la Costa Tropical court \u00e0 domicile -<\/title>\n<meta name=\"robots\" content=\"index, follow, max-snippet:-1, max-image-preview:large, max-video-preview:-1\" \/>\n<link rel=\"canonical\" href=\"https:\/\/discoveralmunecar.com\/fr\/la-vuelta-a-espana-2026-part-dalmunecar-le-lion-de-la-costa-tropical-court-a-domicile\/\" \/>\n<meta property=\"og:locale\" content=\"fr_FR\" \/>\n<meta property=\"og:type\" content=\"article\" \/>\n<meta property=\"og:title\" content=\"La Vuelta a Espa\u00f1a 2026 part d\u2019Almu\u00f1\u00e9car : le Lion de la Costa Tropical court \u00e0 domicile -\" \/>\n<meta property=\"og:description\" content=\"La Vuelta a Espa\u00f1a 2026 partira d\u2019Almu\u00f1\u00e9car le vendredi 4 septembre, lors d\u2019une journ\u00e9e tr\u00e8s sp\u00e9ciale pour la ville et pour l\u2019un de ses grands repr\u00e9sentants sportifs : Carlos Rodr\u00edguez, n\u00e9 \u00e0 Almu\u00f1\u00e9car. Pour la premi\u00e8re fois, la ville accueillera le d\u00e9part d\u2019une \u00e9tape de La Vuelta. Ce moment aura une signification particuli\u00e8re puisque le [&hellip;]\" \/>\n<meta property=\"og:url\" content=\"https:\/\/discoveralmunecar.com\/fr\/la-vuelta-a-espana-2026-part-dalmunecar-le-lion-de-la-costa-tropical-court-a-domicile\/\" \/>\n<meta property=\"article:published_time\" content=\"2026-09-02T11:45:54+00:00\" \/>\n<meta property=\"og:image\" content=\"https:\/\/discoveralmunecar.com\/wp-content\/uploads\/2026\/08\/Ciclismo.webp\" \/>\n\t<meta property=\"og:image:width\" content=\"1584\" \/>\n\t<meta property=\"og:image:height\" content=\"672\" \/>\n\t<meta property=\"og:image:type\" content=\"image\/webp\" \/>\n<meta name=\"author\" content=\"Admin\" \/>\n<meta name=\"twitter:card\" content=\"summary_large_image\" \/>\n<meta name=\"twitter:label1\" content=\"\u00c9crit par\" \/>\n\t<meta name=\"twitter:data1\" content=\"Admin\" \/>\n\t<meta name=\"twitter:label2\" content=\"Dur\u00e9e de lecture estim\u00e9e\" \/>\n\t<meta name=\"twitter:data2\" content=\"3 minutes\" \/>\n<script type=\"application\/ld+json\" class=\"yoast-schema-graph\">{\"@context\":\"https:\\\/\\\/schema.org\",\"@graph\":[{\"@type\":\"Article\",\"@id\":\"https:\\\/\\\/discoveralmunecar.com\\\/fr\\\/la-vuelta-a-espana-2026-part-dalmunecar-le-lion-de-la-costa-tropical-court-a-domicile\\\/#article\",\"isPartOf\":{\"@id\":\"https:\\\/\\\/discoveralmunecar.com\\\/fr\\\/la-vuelta-a-espana-2026-part-dalmunecar-le-lion-de-la-costa-tropical-court-a-domicile\\\/\"},\"author\":{\"name\":\"Admin\",\"@id\":\"https:\\\/\\\/discoveralmunecar.com\\\/fr\\\/#\\\/schema\\\/person\\\/7d931359380d442b7e8832cd0d6a2db0\"},\"headline\":\"La Vuelta a Espa\u00f1a 2026 part d\u2019Almu\u00f1\u00e9car : le Lion de la Costa Tropical court \u00e0 domicile\",\"datePublished\":\"2026-09-02T11:45:54+00:00\",\"mainEntityOfPage\":{\"@id\":\"https:\\\/\\\/discoveralmunecar.com\\\/fr\\\/la-vuelta-a-espana-2026-part-dalmunecar-le-lion-de-la-costa-tropical-court-a-domicile\\\/\"},\"wordCount\":797,\"commentCount\":0,\"image\":{\"@id\":\"https:\\\/\\\/discoveralmunecar.com\\\/fr\\\/la-vuelta-a-espana-2026-part-dalmunecar-le-lion-de-la-costa-tropical-court-a-domicile\\\/#primaryimage\"},\"thumbnailUrl\":\"https:\\\/\\\/discoveralmunecar.com\\\/wp-content\\\/uploads\\\/2026\\\/08\\\/Ciclismo.webp\",\"articleSection\":[\"Agenda culturel d'Almu\u00f1ecar\",\"Culture d'Almu\u00f1ecar\",\"\u00c9v\u00e9nements \u00e0 almu\u00f1\u00e9car\"],\"inLanguage\":\"fr-FR\",\"potentialAction\":[{\"@type\":\"CommentAction\",\"name\":\"Comment\",\"target\":[\"https:\\\/\\\/discoveralmunecar.com\\\/fr\\\/la-vuelta-a-espana-2026-part-dalmunecar-le-lion-de-la-costa-tropical-court-a-domicile\\\/#respond\"]}]},{\"@type\":\"WebPage\",\"@id\":\"https:\\\/\\\/discoveralmunecar.com\\\/fr\\\/la-vuelta-a-espana-2026-part-dalmunecar-le-lion-de-la-costa-tropical-court-a-domicile\\\/\",\"url\":\"https:\\\/\\\/discoveralmunecar.com\\\/fr\\\/la-vuelta-a-espana-2026-part-dalmunecar-le-lion-de-la-costa-tropical-court-a-domicile\\\/\",\"name\":\"La Vuelta a Espa\u00f1a 2026 part d\u2019Almu\u00f1\u00e9car : le Lion de la Costa Tropical court \u00e0 domicile -\",\"isPartOf\":{\"@id\":\"https:\\\/\\\/discoveralmunecar.com\\\/fr\\\/#website\"},\"primaryImageOfPage\":{\"@id\":\"https:\\\/\\\/discoveralmunecar.com\\\/fr\\\/la-vuelta-a-espana-2026-part-dalmunecar-le-lion-de-la-costa-tropical-court-a-domicile\\\/#primaryimage\"},\"image\":{\"@id\":\"https:\\\/\\\/discoveralmunecar.com\\\/fr\\\/la-vuelta-a-espana-2026-part-dalmunecar-le-lion-de-la-costa-tropical-court-a-domicile\\\/#primaryimage\"},\"thumbnailUrl\":\"https:\\\/\\\/discoveralmunecar.com\\\/wp-content\\\/uploads\\\/2026\\\/08\\\/Ciclismo.webp\",\"datePublished\":\"2026-09-02T11:45:54+00:00\",\"author\":{\"@id\":\"https:\\\/\\\/discoveralmunecar.com\\\/fr\\\/#\\\/schema\\\/person\\\/7d931359380d442b7e8832cd0d6a2db0\"},\"breadcrumb\":{\"@id\":\"https:\\\/\\\/discoveralmunecar.com\\\/fr\\\/la-vuelta-a-espana-2026-part-dalmunecar-le-lion-de-la-costa-tropical-court-a-domicile\\\/#breadcrumb\"},\"inLanguage\":\"fr-FR\",\"potentialAction\":[{\"@type\":\"ReadAction\",\"target\":[\"https:\\\/\\\/discoveralmunecar.com\\\/fr\\\/la-vuelta-a-espana-2026-part-dalmunecar-le-lion-de-la-costa-tropical-court-a-domicile\\\/\"]}]},{\"@type\":\"ImageObject\",\"inLanguage\":\"fr-FR\",\"@id\":\"https:\\\/\\\/discoveralmunecar.com\\\/fr\\\/la-vuelta-a-espana-2026-part-dalmunecar-le-lion-de-la-costa-tropical-court-a-domicile\\\/#primaryimage\",\"url\":\"https:\\\/\\\/discoveralmunecar.com\\\/wp-content\\\/uploads\\\/2026\\\/08\\\/Ciclismo.webp\",\"contentUrl\":\"https:\\\/\\\/discoveralmunecar.com\\\/wp-content\\\/uploads\\\/2026\\\/08\\\/Ciclismo.webp\",\"width\":1584,\"height\":672},{\"@type\":\"BreadcrumbList\",\"@id\":\"https:\\\/\\\/discoveralmunecar.com\\\/fr\\\/la-vuelta-a-espana-2026-part-dalmunecar-le-lion-de-la-costa-tropical-court-a-domicile\\\/#breadcrumb\",\"itemListElement\":[{\"@type\":\"ListItem\",\"position\":1,\"name\":\"Home\",\"item\":\"https:\\\/\\\/discoveralmunecar.com\\\/fr\\\/\"},{\"@type\":\"ListItem\",\"position\":2,\"name\":\"La Vuelta a Espa\u00f1a 2026 part d\u2019Almu\u00f1\u00e9car : le Lion de la Costa Tropical court \u00e0 domicile\"}]},{\"@type\":\"WebSite\",\"@id\":\"https:\\\/\\\/discoveralmunecar.com\\\/fr\\\/#website\",\"url\":\"https:\\\/\\\/discoveralmunecar.com\\\/fr\\\/\",\"name\":\"\",\"description\":\"Just another WordPress site\\n\",\"potentialAction\":[{\"@type\":\"SearchAction\",\"target\":{\"@type\":\"EntryPoint\",\"urlTemplate\":\"https:\\\/\\\/discoveralmunecar.com\\\/fr\\\/?s={search_term_string}\"},\"query-input\":{\"@type\":\"PropertyValueSpecification\",\"valueRequired\":true,\"valueName\":\"search_term_string\"}}],\"inLanguage\":\"fr-FR\"},{\"@type\":\"Person\",\"@id\":\"https:\\\/\\\/discoveralmunecar.com\\\/fr\\\/#\\\/schema\\\/person\\\/7d931359380d442b7e8832cd0d6a2db0\",\"name\":\"Admin\",\"image\":{\"@type\":\"ImageObject\",\"inLanguage\":\"fr-FR\",\"@id\":\"https:\\\/\\\/secure.gravatar.com\\\/avatar\\\/87aff11e22fb9eda78c606aa27a60cd99fc49aac3a2cf4688b14253df494fd22?s=96&d=mm&r=g\",\"url\":\"https:\\\/\\\/secure.gravatar.com\\\/avatar\\\/87aff11e22fb9eda78c606aa27a60cd99fc49aac3a2cf4688b14253df494fd22?s=96&d=mm&r=g\",\"contentUrl\":\"https:\\\/\\\/secure.gravatar.com\\\/avatar\\\/87aff11e22fb9eda78c606aa27a60cd99fc49aac3a2cf4688b14253df494fd22?s=96&d=mm&r=g\",\"caption\":\"Admin\"},\"url\":\"https:\\\/\\\/discoveralmunecar.com\\\/fr\\\/author\\\/pedro-espinosa\\\/\"}]}<\/script>\n<!-- \/ Yoast SEO plugin. -->","yoast_head_json":{"title":"La Vuelta a Espa\u00f1a 2026 part d\u2019Almu\u00f1\u00e9car : le Lion de la Costa Tropical court \u00e0 domicile -","robots":{"index":"index","follow":"follow","max-snippet":"max-snippet:-1","max-image-preview":"max-image-preview:large","max-video-preview":"max-video-preview:-1"},"canonical":"https:\/\/discoveralmunecar.com\/fr\/la-vuelta-a-espana-2026-part-dalmunecar-le-lion-de-la-costa-tropical-court-a-domicile\/","og_locale":"fr_FR","og_type":"article","og_title":"La Vuelta a Espa\u00f1a 2026 part d\u2019Almu\u00f1\u00e9car : le Lion de la Costa Tropical court \u00e0 domicile -","og_description":"La Vuelta a Espa\u00f1a 2026 partira d\u2019Almu\u00f1\u00e9car le vendredi 4 septembre, lors d\u2019une journ\u00e9e tr\u00e8s sp\u00e9ciale pour la ville et pour l\u2019un de ses grands repr\u00e9sentants sportifs : Carlos Rodr\u00edguez, n\u00e9 \u00e0 Almu\u00f1\u00e9car. Pour la premi\u00e8re fois, la ville accueillera le d\u00e9part d\u2019une \u00e9tape de La Vuelta. Ce moment aura une signification particuli\u00e8re puisque le [&hellip;]","og_url":"https:\/\/discoveralmunecar.com\/fr\/la-vuelta-a-espana-2026-part-dalmunecar-le-lion-de-la-costa-tropical-court-a-domicile\/","article_published_time":"2026-09-02T11:45:54+00:00","og_image":[{"width":1584,"height":672,"url":"https:\/\/discoveralmunecar.com\/wp-content\/uploads\/2026\/08\/Ciclismo.webp","type":"image\/webp"}],"author":"Admin","twitter_card":"summary_large_image","twitter_misc":{"\u00c9crit par":"Admin","Dur\u00e9e de lecture estim\u00e9e":"3 minutes"},"schema":{"@context":"https:\/\/schema.org","@graph":[{"@type":"Article","@id":"https:\/\/discoveralmunecar.com\/fr\/la-vuelta-a-espana-2026-part-dalmunecar-le-lion-de-la-costa-tropical-court-a-domicile\/#article","isPartOf":{"@id":"https:\/\/discoveralmunecar.com\/fr\/la-vuelta-a-espana-2026-part-dalmunecar-le-lion-de-la-costa-tropical-court-a-domicile\/"},"author":{"name":"Admin","@id":"https:\/\/discoveralmunecar.com\/fr\/#\/schema\/person\/7d931359380d442b7e8832cd0d6a2db0"},"headline":"La Vuelta a Espa\u00f1a 2026 part d\u2019Almu\u00f1\u00e9car : le Lion de la Costa Tropical court \u00e0 domicile","datePublished":"2026-09-02T11:45:54+00:00","mainEntityOfPage":{"@id":"https:\/\/discoveralmunecar.com\/fr\/la-vuelta-a-espana-2026-part-dalmunecar-le-lion-de-la-costa-tropical-court-a-domicile\/"},"wordCount":797,"commentCount":0,"image":{"@id":"https:\/\/discoveralmunecar.com\/fr\/la-vuelta-a-espana-2026-part-dalmunecar-le-lion-de-la-costa-tropical-court-a-domicile\/#primaryimage"},"thumbnailUrl":"https:\/\/discoveralmunecar.com\/wp-content\/uploads\/2026\/08\/Ciclismo.webp","articleSection":["Agenda culturel d'Almu\u00f1ecar","Culture d'Almu\u00f1ecar","\u00c9v\u00e9nements \u00e0 almu\u00f1\u00e9car"],"inLanguage":"fr-FR","potentialAction":[{"@type":"CommentAction","name":"Comment","target":["https:\/\/discoveralmunecar.com\/fr\/la-vuelta-a-espana-2026-part-dalmunecar-le-lion-de-la-costa-tropical-court-a-domicile\/#respond"]}]},{"@type":"WebPage","@id":"https:\/\/discoveralmunecar.com\/fr\/la-vuelta-a-espana-2026-part-dalmunecar-le-lion-de-la-costa-tropical-court-a-domicile\/","url":"https:\/\/discoveralmunecar.com\/fr\/la-vuelta-a-espana-2026-part-dalmunecar-le-lion-de-la-costa-tropical-court-a-domicile\/","name":"La Vuelta a Espa\u00f1a 2026 part d\u2019Almu\u00f1\u00e9car : le Lion de la Costa Tropical court \u00e0 domicile -","isPartOf":{"@id":"https:\/\/discoveralmunecar.com\/fr\/#website"},"primaryImageOfPage":{"@id":"https:\/\/discoveralmunecar.com\/fr\/la-vuelta-a-espana-2026-part-dalmunecar-le-lion-de-la-costa-tropical-court-a-domicile\/#primaryimage"},"image":{"@id":"https:\/\/discoveralmunecar.com\/fr\/la-vuelta-a-espana-2026-part-dalmunecar-le-lion-de-la-costa-tropical-court-a-domicile\/#primaryimage"},"thumbnailUrl":"https:\/\/discoveralmunecar.com\/wp-content\/uploads\/2026\/08\/Ciclismo.webp","datePublished":"2026-09-02T11:45:54+00:00","author":{"@id":"https:\/\/discoveralmunecar.com\/fr\/#\/schema\/person\/7d931359380d442b7e8832cd0d6a2db0"},"breadcrumb":{"@id":"https:\/\/discoveralmunecar.com\/fr\/la-vuelta-a-espana-2026-part-dalmunecar-le-lion-de-la-costa-tropical-court-a-domicile\/#breadcrumb"},"inLanguage":"fr-FR","potentialAction":[{"@type":"ReadAction","target":["https:\/\/discoveralmunecar.com\/fr\/la-vuelta-a-espana-2026-part-dalmunecar-le-lion-de-la-costa-tropical-court-a-domicile\/"]}]},{"@type":"ImageObject","inLanguage":"fr-FR","@id":"https:\/\/discoveralmunecar.com\/fr\/la-vuelta-a-espana-2026-part-dalmunecar-le-lion-de-la-costa-tropical-court-a-domicile\/#primaryimage","url":"https:\/\/discoveralmunecar.com\/wp-content\/uploads\/2026\/08\/Ciclismo.webp","contentUrl":"https:\/\/discoveralmunecar.com\/wp-content\/uploads\/2026\/08\/Ciclismo.webp","width":1584,"height":672},{"@type":"BreadcrumbList","@id":"https:\/\/discoveralmunecar.com\/fr\/la-vuelta-a-espana-2026-part-dalmunecar-le-lion-de-la-costa-tropical-court-a-domicile\/#breadcrumb","itemListElement":[{"@type":"ListItem","position":1,"name":"Home","item":"https:\/\/discoveralmunecar.com\/fr\/"},{"@type":"ListItem","position":2,"name":"La Vuelta a Espa\u00f1a 2026 part d\u2019Almu\u00f1\u00e9car : le Lion de la Costa Tropical court \u00e0 domicile"}]},{"@type":"WebSite","@id":"https:\/\/discoveralmunecar.com\/fr\/#website","url":"https:\/\/discoveralmunecar.com\/fr\/","name":"","description":"Just another WordPress site\n","potentialAction":[{"@type":"SearchAction","target":{"@type":"EntryPoint","urlTemplate":"https:\/\/discoveralmunecar.com\/fr\/?s={search_term_string}"},"query-input":{"@type":"PropertyValueSpecification","valueRequired":true,"valueName":"search_term_string"}}],"inLanguage":"fr-FR"},{"@type":"Person","@id":"https:\/\/discoveralmunecar.com\/fr\/#\/schema\/person\/7d931359380d442b7e8832cd0d6a2db0","name":"Admin","image":{"@type":"ImageObject","inLanguage":"fr-FR","@id":"https:\/\/secure.gravatar.com\/avatar\/87aff11e22fb9eda78c606aa27a60cd99fc49aac3a2cf4688b14253df494fd22?s=96&d=mm&r=g","url":"https:\/\/secure.gravatar.com\/avatar\/87aff11e22fb9eda78c606aa27a60cd99fc49aac3a2cf4688b14253df494fd22?s=96&d=mm&r=g","contentUrl":"https:\/\/secure.gravatar.com\/avatar\/87aff11e22fb9eda78c606aa27a60cd99fc49aac3a2cf4688b14253df494fd22?s=96&d=mm&r=g","caption":"Admin"},"url":"https:\/\/discoveralmunecar.com\/fr\/author\/pedro-espinosa\/"}]}},"_links":{"self":[{"href":"https:\/\/discoveralmunecar.com\/fr\/wp-json\/wp\/v2\/posts\/22628","targetHints":{"allow":["GET"]}}],"collection":[{"href":"https:\/\/discoveralmunecar.com\/fr\/wp-json\/wp\/v2\/posts"}],"about":[{"href":"https:\/\/discoveralmunecar.com\/fr\/wp-json\/wp\/v2\/types\/post"}],"author":[{"embeddable":true,"href":"https:\/\/discoveralmunecar.com\/fr\/wp-json\/wp\/v2\/users\/2"}],"replies":[{"embeddable":true,"href":"https:\/\/discoveralmunecar.com\/fr\/wp-json\/wp\/v2\/comments?post=22628"}],"version-history":[{"count":1,"href":"https:\/\/discoveralmunecar.com\/fr\/wp-json\/wp\/v2\/posts\/22628\/revisions"}],"predecessor-version":[{"id":22629,"href":"https:\/\/discoveralmunecar.com\/fr\/wp-json\/wp\/v2\/posts\/22628\/revisions\/22629"}],"wp:featuredmedia":[{"embeddable":true,"href":"https:\/\/discoveralmunecar.com\/fr\/wp-json\/wp\/v2\/media\/22541"}],"wp:attachment":[{"href":"https:\/\/discoveralmunecar.com\/fr\/wp-json\/wp\/v2\/media?parent=22628"}],"wp:term":[{"taxonomy":"category","embeddable":true,"href":"https:\/\/discoveralmunecar.com\/fr\/wp-json\/wp\/v2\/categories?post=22628"},{"taxonomy":"post_tag","embeddable":true,"href":"https:\/\/discoveralmunecar.com\/fr\/wp-json\/wp\/v2\/tags?post=22628"}],"curies":[{"name":"wp","href":"https:\/\/api.w.org\/{rel}","templated":true}]}}