{"id":4672,"date":"2021-07-23T17:04:23","date_gmt":"2021-07-23T17:04:23","guid":{"rendered":"https:\/\/discoveralmunecar.com\/?p=4672"},"modified":"2021-07-23T17:04:23","modified_gmt":"2021-07-23T17:04:23","slug":"parc-el-majuelo","status":"publish","type":"post","link":"https:\/\/discoveralmunecar.com\/fr\/parc-el-majuelo\/","title":{"rendered":"Parc El Majuelo"},"content":{"rendered":"<p>[vc_row][vc_column width=&#8221;5\/6&#8243;][vc_empty_space][vc_images_carousel images=&#8221;4676,4677,4678,4679,4680&#8243; img_size=&#8221;full&#8221;][vc_empty_space][vc_row_inner][vc_column_inner]<div class=\"text-block\" ><div class=\"simple-text \"><p>Au centre d&#8217;Almu\u00f1ecar, sous la colline de San Miguel, nous trouvons ce parc. L&#8217;endroit id\u00e9al pour se promener tout en nous faisant imaginer ce qu&#8217;\u00e9tait Almu\u00f1ecar dans les temps anciens.<\/p>\n<p>Nous pouvons voir le ch\u00e2teau de San Miguel au sommet et nous promener parmi les arbres des diff\u00e9rentes esp\u00e8ces qu&#8217;il abrite et observer les sculptures r\u00e9alis\u00e9es en marbre macal par diff\u00e9rents artistes syriens.<\/p>\n<p>Le terme d&#8217;aub\u00e9pine, est le terrain d\u00e9di\u00e9 \u00e0 la culture de la vigne, connue sous le nom de vigne et est qu&#8217;avant ce parc les cultures de vigne \u00e9taient probablement situ\u00e9es ici.<\/p>\n<\/div><\/div>[vc_empty_space]<div class=\"text-block\" ><div class=\"simple-text \"><p>Le parc botanique et arch\u00e9ologique d&#8217;El Majuelo \u00e0 Almu\u00f1\u00e9car est situ\u00e9 dans un endroit privil\u00e9gi\u00e9, au pied du c\u00e9l\u00e8bre ch\u00e2teau de San Miguel et \u00e0 quelques m\u00e8tres de la plage de San Crist\u00f3bal. Il se trouve donc en plein centre historique de la plus ancienne ville de la M\u00e9diterran\u00e9e espagnole.<\/p>\n<p>De plus, gr\u00e2ce au microclimat exceptionnel d&#8217;Almu\u00f1\u00e9car, vous pourrez profiter dans ce parc d&#8217;une s\u00e9lection mondiale de plantes et d&#8217;arbres repr\u00e9sentatifs de toutes les zones tropicales de la plan\u00e8te.<\/p>\n<p>Le parc, qui est ouvert au public tous les jours de l&#8217;ann\u00e9e, couvre une superficie de pr\u00e8s de 5 hectares. Il s&#8217;agit \u00e9galement d&#8217;une importante enclave historique, car \u00e0 l&#8217;int\u00e9rieur on peut \u00e9galement trouver des vestiges arch\u00e9ologiques, comme la n\u00e9cropole et les restes d&#8217;une saline du IVe si\u00e8cle avant J.-C., le tout entour\u00e9 de sculptures d&#8217;artistes modernes.<\/p>\n<p>Mais pour rendre ce parc encore plus int\u00e9ressant, il convient \u00e9galement de mentionner que toutes sortes d&#8217;\u00e9v\u00e9nements culturels ont lieu dans ses installations tout au long de l&#8217;ann\u00e9e.<\/p>\n<\/div><\/div>[\/vc_column_inner][\/vc_row_inner][\/vc_column][vc_column width=&#8221;1\/6&#8243; css=&#8221;.vc_custom_1614079413473{border-radius: 3px !important;}&#8221;][\/vc_column][\/vc_row][vc_row][vc_column][vc_empty_space][vc_single_image image=&#8221;4683&#8243; img_size=&#8221;full&#8221;][vc_empty_space]<div class=\"text-block\" ><div class=\"simple-text \"><h3>Parc comme jardin botanique.<\/h3>\n<p>Comme nous l&#8217;avons d\u00e9j\u00e0 mentionn\u00e9, Almu\u00f1\u00e9car jouit d&#8217;un climat subtropical exceptionnel, caract\u00e9ris\u00e9 par l&#8217;un des hivers les plus doux d&#8217;Espagne et donc d&#8217;Europe.<\/p>\n<p>C&#8217;est pourquoi, depuis les ann\u00e9es 80 du XXe si\u00e8cle, diff\u00e9rentes esp\u00e8ces botaniques ont \u00e9t\u00e9 plant\u00e9es ici, et gr\u00e2ce \u00e0 cela, nous pouvons aujourd&#8217;hui d\u00e9couvrir plus de 180 esp\u00e8ces de plantes et d&#8217;arbres, qui coexistent en harmonie, et qui sont repr\u00e9sentatives de toutes les zones tropicales du monde, de l&#8217;Am\u00e9rique du Sud et centrale, \u00e0 l&#8217;Oc\u00e9anie, en passant par l&#8217;Afrique et les Philippines ?<\/p>\n<\/div><\/div>[vc_empty_space][vc_separator border_width=&#8221;2&#8243;][vc_empty_space][\/vc_column][\/vc_row][vc_row][vc_column][vc_empty_space][vc_single_image image=&#8221;4684&#8243; img_size=&#8221;full&#8221;][vc_empty_space]<div class=\"text-block\" ><div class=\"simple-text \"><p>Le parc comme site arch\u00e9ologique<\/p>\n<p>\u00c0 l&#8217;int\u00e9rieur du parc, en plein air et expos\u00e9 \u00e0 tous les visiteurs, nous trouvons l&#8217;un des sites arch\u00e9ologiques les plus importants de la Costa del Sol et de la Costa Tropical, qui n&#8217;est autre que l&#8217;usine de poissons sal\u00e9s, construite par les Ph\u00e9niciens entre le Ve et le IVe si\u00e8cle avant J.-C., et plus tard \u00e9galement utilis\u00e9e par les Romains.<\/p>\n<p>Les points forts de ce site sont les bassins de poissons sal\u00e9s dans lesquels on produisait le garum. Il s&#8217;agissait d&#8217;une sauce faite \u00e0 partir d&#8217;entrailles de poisson, qui \u00e9tait mondialement connue.<\/p>\n<p>Des historiens et d&#8217;autres \u00e9crivains c\u00e9l\u00e8bres de l&#8217;Antiquit\u00e9 comme Strabo, Diphilus de Sinope, Pline l&#8217;Ancien et Martial ont lou\u00e9 dans leurs \u00e9crits, pendant plusieurs si\u00e8cles, la d\u00e9licatesse qui \u00e9tait produite dans ces usines.<\/p>\n<p>Il existe \u00e9galement des preuves historiques que ces bassins \u00e9taient \u00e9galement utilis\u00e9s pour la production de diverses sauces de poisson.<\/p>\n<p>L&#8217;utilisation de sauces de poisson \u00e9tait tr\u00e8s caract\u00e9ristique de la cuisine romaine, le garum \u00e9tant l&#8217;une des plus populaires. Il \u00e9tait utilis\u00e9 comme condiment pour rehausser la saveur de presque tous les plats et \u00e9tait \u00e9galement consid\u00e9r\u00e9 comme un aphrodisiaque.<\/p>\n<\/div><\/div>[vc_empty_space][vc_separator border_width=&#8221;2&#8243;][vc_empty_space][\/vc_column][\/vc_row][vc_row][vc_column][vc_empty_space][vc_single_image image=&#8221;4685&#8243; img_size=&#8221;full&#8221;][vc_empty_space]<div class=\"text-block\" ><div class=\"simple-text \"><p>Le parc comme jardin de sculptures<\/p>\n<p>Le parc compte plus de trente sculptures, toutes offertes par diff\u00e9rents artistes syriens. En effet, depuis octobre 2006, date de l&#8217;inauguration des dix premi\u00e8res, co\u00efncidant avec la IIe rencontre de jeunes sculpteurs et peintres syriens \u00e0 Almu\u00f1\u00e9car, d&#8217;autres artistes ont ajout\u00e9 chaque ann\u00e9e leurs \u0153uvres au patrimoine sculptural du parc Majuelo et d&#8217;Almu\u00f1\u00e9car.<\/p>\n<\/div><\/div>[vc_empty_space][vc_separator border_width=&#8221;2&#8243;][vc_empty_space][\/vc_column][\/vc_row][vc_row][vc_column][vc_empty_space][vc_single_image image=&#8221;4686&#8243; img_size=&#8221;full&#8221;][vc_empty_space]<div class=\"text-block\" ><div class=\"simple-text \"><h3>Le parc comme auditorium et espace culturel<\/h3>\n<p>Dans le parc se trouve \u00e9galement un auditorium en plein air, o\u00f9 se d\u00e9roule depuis quelque temps un vaste programme d&#8217;activit\u00e9s culturelles tout au long de l&#8217;ann\u00e9e.<br \/>\nParmi ces \u00e9v\u00e9nements, il convient de mentionner la tenue chaque \u00e9t\u00e9 du prestigieux festival &#8220;Jazz en la Costa&#8221;, ainsi que les foires aux tapas.<br \/>\nMais dans le cadre de ces activit\u00e9s, nous pouvons \u00e9galement assister \u00e0 de nombreux concerts, monologues, spectacles de magie, etc.<\/p>\n<p>L&#8217;auditorium a \u00e9t\u00e9 con\u00e7u par le maestro Timoteo Urrengoechea Gomeza, qui est \u00e9galement pianiste et a \u00e9t\u00e9 le promoteur du groupe de musique d&#8217;Almu\u00f1\u00e9car. Bien qu&#8217;il ait \u00e9galement \u00e0 son actif d&#8217;importantes compositions, comme le pasodoble &#8220;Almu\u00f1\u00e9car&#8221; et l&#8217;ancien hymne du Club athl\u00e9tique, ainsi que des \u0153uvres pour enfants comme Bazar de Juguetes et La Granja de las Maravillas, et m\u00eame des zarzuelas.<\/p>\n<p>Mais il y a aussi quelques boutiques d&#8217;artisanat, une aire de jeux pour enfants et des bars dans l&#8217;enceinte du parc. Et pour les fans de jeux vid\u00e9o, on trouve dans le Parque del Majuelo plusieurs pokeparadas et une salle de sport du c\u00e9l\u00e8bre jeu vid\u00e9o Pokemon Go.<\/p>\n<\/div><\/div>[vc_empty_space][vc_separator border_width=&#8221;2&#8243;][vc_empty_space][vc_row_inner css=&#8221;.vc_custom_1614362871319{border-right-width: 20px !important;}&#8221;][vc_column_inner width=&#8221;1\/2&#8243;][vc_single_image image=&#8221;4681&#8243; img_size=&#8221;full&#8221;][\/vc_column_inner][vc_column_inner width=&#8221;1\/2&#8243;][vc_single_image image=&#8221;4682&#8243; img_size=&#8221;full&#8221;][\/vc_column_inner][\/vc_row_inner][vc_empty_space height=&#8221;22px&#8221;]<div class=\"text-block\" ><div class=\"simple-text \"><p>Au centre du parc el majuelo se trouve un ancien saloir romain, au pied du ch\u00e2teau de San Miguel.<\/p>\n<p>Il dispose \u00e9galement de plusieurs stands pour la vente de souvenirs et d&#8217;une sc\u00e8ne destin\u00e9e \u00e0 accueillir les spectacles des diff\u00e9rents artistes qui visitent Almu\u00f1ecar. Au mois d&#8217;ao\u00fbt, le festival de jazz est c\u00e9l\u00e9br\u00e9 sur la c\u00f4te, \u00e0 El majuelo.<\/p>\n<\/div><\/div>[vc_empty_space][vc_row_inner][vc_column_inner][vc_empty_space][vc_custom_heading text=&#8221;Comment se rendre au parc Majuelo&#8221; font_container=&#8221;tag:h3|text_align:left&#8221; use_theme_fonts=&#8221;yes&#8221;][vc_empty_space][vc_gmaps link=&#8221;#E-8_JTNDaWZyYW1lJTIwc3JjJTNEJTIyaHR0cHMlM0ElMkYlMkZ3d3cuZ29vZ2xlLmNvbSUyRm1hcHMlMkZlbWJlZCUzRnBiJTNEJTIxMW0xOCUyMTFtMTIlMjExbTMlMjExZDMxOTcuNjI3NzQ5ODA0NDcxNSUyMTJkLTMuNjk1OTk4NDg1MjM0NDMwOCUyMTNkMzYuNzMxNTAwNDc5OTYyODA0JTIxMm0zJTIxMWYwJTIxMmYwJTIxM2YwJTIxM20yJTIxMWkxMDI0JTIxMmk3NjglMjE0ZjEzLjElMjEzbTMlMjExbTIlMjExczB4ZDcxODg4NGI3ZTVmMGJkJTI1M0EweDQ2MzdiNTY2YzYyNGMxMjQlMjEyc1BhcnF1ZSUyNTIwYm90JTI1QzMlMjVBMW5pY28tYXJxdWVvbCUyNUMzJTI1QjNnaWNvJTI1MjBFbCUyNTIwTWFqdWVsbyUyMTVlMCUyMTNtMiUyMTFzZXMlMjEyc2VzJTIxNHYxNjE5NTQ2NTYzNzQxJTIxNW0yJTIxMXNlcyUyMTJzZXMlMjIlMjB3aWR0aCUzRCUyMjYwMCUyMiUyMGhlaWdodCUzRCUyMjQ1MCUyMiUyMHN0eWxlJTNEJTIyYm9yZGVyJTNBMCUzQiUyMiUyMGFsbG93ZnVsbHNjcmVlbiUzRCUyMiUyMiUyMGxvYWRpbmclM0QlMjJsYXp5JTIyJTNFJTNDJTJGaWZyYW1lJTNF&#8221;][\/vc_column_inner][\/vc_row_inner][\/vc_column][\/vc_row]<\/p>\n","protected":false},"excerpt":{"rendered":"<p>[vc_row][vc_column width=&#8221;5\/6&#8243;][vc_empty_space][vc_images_carousel images=&#8221;4676,4677,4678,4679,4680&#8243; img_size=&#8221;full&#8221;][vc_empty_space][vc_row_inner][vc_column_inner][vc_empty_space][\/vc_column_inner][\/vc_row_inner][\/vc_column][vc_column width=&#8221;1\/6&#8243; css=&#8221;.vc_custom_1614079413473{border-radius: 3px !important;}&#8221;][\/vc_column][\/vc_row][vc_row][vc_column][vc_empty_space][vc_single_image image=&#8221;4683&#8243; img_size=&#8221;full&#8221;][vc_empty_space][vc_empty_space][vc_separator border_width=&#8221;2&#8243;][vc_empty_space][\/vc_column][\/vc_row][vc_row][vc_column][vc_empty_space][vc_single_image image=&#8221;4684&#8243; img_size=&#8221;full&#8221;][vc_empty_space][vc_empty_space][vc_separator border_width=&#8221;2&#8243;][vc_empty_space][\/vc_column][\/vc_row][vc_row][vc_column][vc_empty_space][vc_single_image image=&#8221;4685&#8243; img_size=&#8221;full&#8221;][vc_empty_space][vc_empty_space][vc_separator border_width=&#8221;2&#8243;][vc_empty_space][\/vc_column][\/vc_row][vc_row][vc_column][vc_empty_space][vc_single_image image=&#8221;4686&#8243; img_size=&#8221;full&#8221;][vc_empty_space][vc_empty_space][vc_separator border_width=&#8221;2&#8243;][vc_empty_space][vc_row_inner css=&#8221;.vc_custom_1614362871319{border-right-width: 20px !important;}&#8221;][vc_column_inner width=&#8221;1\/2&#8243;][vc_single_image image=&#8221;4681&#8243; img_size=&#8221;full&#8221;][\/vc_column_inner][vc_column_inner width=&#8221;1\/2&#8243;][vc_single_image image=&#8221;4682&#8243; img_size=&#8221;full&#8221;][\/vc_column_inner][\/vc_row_inner][vc_empty_space height=&#8221;22px&#8221;][vc_empty_space][vc_row_inner][vc_column_inner][vc_empty_space][vc_custom_heading text=&#8221;Comment se rendre au parc Majuelo&#8221; font_container=&#8221;tag:h3|text_align:left&#8221; use_theme_fonts=&#8221;yes&#8221;][vc_empty_space][vc_gmaps link=&#8221;#E-8_JTNDaWZyYW1lJTIwc3JjJTNEJTIyaHR0cHMlM0ElMkYlMkZ3d3cuZ29vZ2xlLmNvbSUyRm1hcHMlMkZlbWJlZCUzRnBiJTNEJTIxMW0xOCUyMTFtMTIlMjExbTMlMjExZDMxOTcuNjI3NzQ5ODA0NDcxNSUyMTJkLTMuNjk1OTk4NDg1MjM0NDMwOCUyMTNkMzYuNzMxNTAwNDc5OTYyODA0JTIxMm0zJTIxMWYwJTIxMmYwJTIxM2YwJTIxM20yJTIxMWkxMDI0JTIxMmk3NjglMjE0ZjEzLjElMjEzbTMlMjExbTIlMjExczB4ZDcxODg4NGI3ZTVmMGJkJTI1M0EweDQ2MzdiNTY2YzYyNGMxMjQlMjEyc1BhcnF1ZSUyNTIwYm90JTI1QzMlMjVBMW5pY28tYXJxdWVvbCUyNUMzJTI1QjNnaWNvJTI1MjBFbCUyNTIwTWFqdWVsbyUyMTVlMCUyMTNtMiUyMTFzZXMlMjEyc2VzJTIxNHYxNjE5NTQ2NTYzNzQxJTIxNW0yJTIxMXNlcyUyMTJzZXMlMjIlMjB3aWR0aCUzRCUyMjYwMCUyMiUyMGhlaWdodCUzRCUyMjQ1MCUyMiUyMHN0eWxlJTNEJTIyYm9yZGVyJTNBMCUzQiUyMiUyMGFsbG93ZnVsbHNjcmVlbiUzRCUyMiUyMiUyMGxvYWRpbmclM0QlMjJsYXp5JTIyJTNFJTNDJTJGaWZyYW1lJTNF&#8221;][\/vc_column_inner][\/vc_row_inner][\/vc_column][\/vc_row]<\/p>\n","protected":false},"author":6,"featured_media":4675,"comment_status":"open","ping_status":"closed","sticky":false,"template":"","format":"standard","meta":{"footnotes":""},"categories":[137,128],"tags":[],"class_list":["post-4672","post","type-post","status-publish","format-standard","has-post-thumbnail","hentry","category-parcs-et-nature","category-que-faire"],"yoast_head":"<!-- This site is optimized with the Yoast SEO plugin v27.3 - https:\/\/yoast.com\/product\/yoast-seo-wordpress\/ -->\n<title>Parc El Majuelo, profitez de la nature \u00e0 Almu\u00f1\u00e9car<\/title>\n<meta name=\"description\" content=\"Le parc El Majuelo, un lieu pour se connecter avec la nature de la ville d&#039;Almu\u00f1\u00e9car. Plus d&#039;informations sur notre blog.\" \/>\n<meta name=\"robots\" content=\"index, follow, max-snippet:-1, max-image-preview:large, max-video-preview:-1\" \/>\n<link rel=\"canonical\" href=\"https:\/\/discoveralmunecar.com\/fr\/parc-el-majuelo\/\" \/>\n<meta property=\"og:locale\" content=\"fr_FR\" \/>\n<meta property=\"og:type\" content=\"article\" \/>\n<meta property=\"og:title\" content=\"Parc El Majuelo, profitez de la nature \u00e0 Almu\u00f1\u00e9car\" \/>\n<meta property=\"og:description\" content=\"Le parc El Majuelo, un lieu pour se connecter avec la nature de la ville d&#039;Almu\u00f1\u00e9car. Plus d&#039;informations sur notre blog.\" \/>\n<meta property=\"og:url\" content=\"https:\/\/discoveralmunecar.com\/fr\/parc-el-majuelo\/\" \/>\n<meta property=\"article:published_time\" content=\"2021-07-23T17:04:23+00:00\" \/>\n<meta property=\"og:image\" content=\"https:\/\/discoveralmunecar.com\/wp-content\/uploads\/2021\/04\/almunecar-nature-park-el-majuelo-1.jpg\" \/>\n\t<meta property=\"og:image:width\" content=\"640\" \/>\n\t<meta property=\"og:image:height\" content=\"480\" \/>\n\t<meta property=\"og:image:type\" content=\"image\/jpeg\" \/>\n<meta name=\"author\" content=\"Translate\" \/>\n<meta name=\"twitter:card\" content=\"summary_large_image\" \/>\n<meta name=\"twitter:label1\" content=\"\u00c9crit par\" \/>\n\t<meta name=\"twitter:data1\" content=\"Translate\" \/>\n\t<meta name=\"twitter:label2\" content=\"Dur\u00e9e de lecture estim\u00e9e\" \/>\n\t<meta name=\"twitter:data2\" content=\"4 minutes\" \/>\n<script type=\"application\/ld+json\" class=\"yoast-schema-graph\">{\"@context\":\"https:\\\/\\\/schema.org\",\"@graph\":[{\"@type\":\"Article\",\"@id\":\"https:\\\/\\\/discoveralmunecar.com\\\/fr\\\/parc-el-majuelo\\\/#article\",\"isPartOf\":{\"@id\":\"https:\\\/\\\/discoveralmunecar.com\\\/fr\\\/parc-el-majuelo\\\/\"},\"author\":{\"name\":\"Translate\",\"@id\":\"https:\\\/\\\/discoveralmunecar.com\\\/fr\\\/#\\\/schema\\\/person\\\/f0412bb338daeaf50c5a415326513956\"},\"headline\":\"Parc El Majuelo\",\"datePublished\":\"2021-07-23T17:04:23+00:00\",\"mainEntityOfPage\":{\"@id\":\"https:\\\/\\\/discoveralmunecar.com\\\/fr\\\/parc-el-majuelo\\\/\"},\"wordCount\":1289,\"commentCount\":0,\"image\":{\"@id\":\"https:\\\/\\\/discoveralmunecar.com\\\/fr\\\/parc-el-majuelo\\\/#primaryimage\"},\"thumbnailUrl\":\"https:\\\/\\\/discoveralmunecar.com\\\/wp-content\\\/uploads\\\/2021\\\/04\\\/almunecar-nature-park-el-majuelo-1.jpg\",\"articleSection\":[\"Parcs et nature\",\"Que faire\"],\"inLanguage\":\"fr-FR\",\"potentialAction\":[{\"@type\":\"CommentAction\",\"name\":\"Comment\",\"target\":[\"https:\\\/\\\/discoveralmunecar.com\\\/fr\\\/parc-el-majuelo\\\/#respond\"]}]},{\"@type\":\"WebPage\",\"@id\":\"https:\\\/\\\/discoveralmunecar.com\\\/fr\\\/parc-el-majuelo\\\/\",\"url\":\"https:\\\/\\\/discoveralmunecar.com\\\/fr\\\/parc-el-majuelo\\\/\",\"name\":\"Parc El Majuelo, profitez de la nature \u00e0 Almu\u00f1\u00e9car\",\"isPartOf\":{\"@id\":\"https:\\\/\\\/discoveralmunecar.com\\\/fr\\\/#website\"},\"primaryImageOfPage\":{\"@id\":\"https:\\\/\\\/discoveralmunecar.com\\\/fr\\\/parc-el-majuelo\\\/#primaryimage\"},\"image\":{\"@id\":\"https:\\\/\\\/discoveralmunecar.com\\\/fr\\\/parc-el-majuelo\\\/#primaryimage\"},\"thumbnailUrl\":\"https:\\\/\\\/discoveralmunecar.com\\\/wp-content\\\/uploads\\\/2021\\\/04\\\/almunecar-nature-park-el-majuelo-1.jpg\",\"datePublished\":\"2021-07-23T17:04:23+00:00\",\"author\":{\"@id\":\"https:\\\/\\\/discoveralmunecar.com\\\/fr\\\/#\\\/schema\\\/person\\\/f0412bb338daeaf50c5a415326513956\"},\"description\":\"Le parc El Majuelo, un lieu pour se connecter avec la nature de la ville d'Almu\u00f1\u00e9car. Plus d'informations sur notre blog.\",\"breadcrumb\":{\"@id\":\"https:\\\/\\\/discoveralmunecar.com\\\/fr\\\/parc-el-majuelo\\\/#breadcrumb\"},\"inLanguage\":\"fr-FR\",\"potentialAction\":[{\"@type\":\"ReadAction\",\"target\":[\"https:\\\/\\\/discoveralmunecar.com\\\/fr\\\/parc-el-majuelo\\\/\"]}]},{\"@type\":\"ImageObject\",\"inLanguage\":\"fr-FR\",\"@id\":\"https:\\\/\\\/discoveralmunecar.com\\\/fr\\\/parc-el-majuelo\\\/#primaryimage\",\"url\":\"https:\\\/\\\/discoveralmunecar.com\\\/wp-content\\\/uploads\\\/2021\\\/04\\\/almunecar-nature-park-el-majuelo-1.jpg\",\"contentUrl\":\"https:\\\/\\\/discoveralmunecar.com\\\/wp-content\\\/uploads\\\/2021\\\/04\\\/almunecar-nature-park-el-majuelo-1.jpg\",\"width\":640,\"height\":480},{\"@type\":\"BreadcrumbList\",\"@id\":\"https:\\\/\\\/discoveralmunecar.com\\\/fr\\\/parc-el-majuelo\\\/#breadcrumb\",\"itemListElement\":[{\"@type\":\"ListItem\",\"position\":1,\"name\":\"Home\",\"item\":\"https:\\\/\\\/discoveralmunecar.com\\\/fr\\\/\"},{\"@type\":\"ListItem\",\"position\":2,\"name\":\"Parc El Majuelo\"}]},{\"@type\":\"WebSite\",\"@id\":\"https:\\\/\\\/discoveralmunecar.com\\\/fr\\\/#website\",\"url\":\"https:\\\/\\\/discoveralmunecar.com\\\/fr\\\/\",\"name\":\"\",\"description\":\"Just another WordPress site\\n\",\"potentialAction\":[{\"@type\":\"SearchAction\",\"target\":{\"@type\":\"EntryPoint\",\"urlTemplate\":\"https:\\\/\\\/discoveralmunecar.com\\\/fr\\\/?s={search_term_string}\"},\"query-input\":{\"@type\":\"PropertyValueSpecification\",\"valueRequired\":true,\"valueName\":\"search_term_string\"}}],\"inLanguage\":\"fr-FR\"},{\"@type\":\"Person\",\"@id\":\"https:\\\/\\\/discoveralmunecar.com\\\/fr\\\/#\\\/schema\\\/person\\\/f0412bb338daeaf50c5a415326513956\",\"name\":\"Translate\",\"image\":{\"@type\":\"ImageObject\",\"inLanguage\":\"fr-FR\",\"@id\":\"https:\\\/\\\/secure.gravatar.com\\\/avatar\\\/87967e69b46baa8deb98f90585854c12aba67cb0c70970f1da219b1b30cacb8d?s=96&d=mm&r=g\",\"url\":\"https:\\\/\\\/secure.gravatar.com\\\/avatar\\\/87967e69b46baa8deb98f90585854c12aba67cb0c70970f1da219b1b30cacb8d?s=96&d=mm&r=g\",\"contentUrl\":\"https:\\\/\\\/secure.gravatar.com\\\/avatar\\\/87967e69b46baa8deb98f90585854c12aba67cb0c70970f1da219b1b30cacb8d?s=96&d=mm&r=g\",\"caption\":\"Translate\"},\"url\":\"https:\\\/\\\/discoveralmunecar.com\\\/fr\\\/author\\\/equipo_translate\\\/\"}]}<\/script>\n<!-- \/ Yoast SEO plugin. -->","yoast_head_json":{"title":"Parc El Majuelo, profitez de la nature \u00e0 Almu\u00f1\u00e9car","description":"Le parc El Majuelo, un lieu pour se connecter avec la nature de la ville d'Almu\u00f1\u00e9car. Plus d'informations sur notre blog.","robots":{"index":"index","follow":"follow","max-snippet":"max-snippet:-1","max-image-preview":"max-image-preview:large","max-video-preview":"max-video-preview:-1"},"canonical":"https:\/\/discoveralmunecar.com\/fr\/parc-el-majuelo\/","og_locale":"fr_FR","og_type":"article","og_title":"Parc El Majuelo, profitez de la nature \u00e0 Almu\u00f1\u00e9car","og_description":"Le parc El Majuelo, un lieu pour se connecter avec la nature de la ville d'Almu\u00f1\u00e9car. Plus d'informations sur notre blog.","og_url":"https:\/\/discoveralmunecar.com\/fr\/parc-el-majuelo\/","article_published_time":"2021-07-23T17:04:23+00:00","og_image":[{"width":640,"height":480,"url":"https:\/\/discoveralmunecar.com\/wp-content\/uploads\/2021\/04\/almunecar-nature-park-el-majuelo-1.jpg","type":"image\/jpeg"}],"author":"Translate","twitter_card":"summary_large_image","twitter_misc":{"\u00c9crit par":"Translate","Dur\u00e9e de lecture estim\u00e9e":"4 minutes"},"schema":{"@context":"https:\/\/schema.org","@graph":[{"@type":"Article","@id":"https:\/\/discoveralmunecar.com\/fr\/parc-el-majuelo\/#article","isPartOf":{"@id":"https:\/\/discoveralmunecar.com\/fr\/parc-el-majuelo\/"},"author":{"name":"Translate","@id":"https:\/\/discoveralmunecar.com\/fr\/#\/schema\/person\/f0412bb338daeaf50c5a415326513956"},"headline":"Parc El Majuelo","datePublished":"2021-07-23T17:04:23+00:00","mainEntityOfPage":{"@id":"https:\/\/discoveralmunecar.com\/fr\/parc-el-majuelo\/"},"wordCount":1289,"commentCount":0,"image":{"@id":"https:\/\/discoveralmunecar.com\/fr\/parc-el-majuelo\/#primaryimage"},"thumbnailUrl":"https:\/\/discoveralmunecar.com\/wp-content\/uploads\/2021\/04\/almunecar-nature-park-el-majuelo-1.jpg","articleSection":["Parcs et nature","Que faire"],"inLanguage":"fr-FR","potentialAction":[{"@type":"CommentAction","name":"Comment","target":["https:\/\/discoveralmunecar.com\/fr\/parc-el-majuelo\/#respond"]}]},{"@type":"WebPage","@id":"https:\/\/discoveralmunecar.com\/fr\/parc-el-majuelo\/","url":"https:\/\/discoveralmunecar.com\/fr\/parc-el-majuelo\/","name":"Parc El Majuelo, profitez de la nature \u00e0 Almu\u00f1\u00e9car","isPartOf":{"@id":"https:\/\/discoveralmunecar.com\/fr\/#website"},"primaryImageOfPage":{"@id":"https:\/\/discoveralmunecar.com\/fr\/parc-el-majuelo\/#primaryimage"},"image":{"@id":"https:\/\/discoveralmunecar.com\/fr\/parc-el-majuelo\/#primaryimage"},"thumbnailUrl":"https:\/\/discoveralmunecar.com\/wp-content\/uploads\/2021\/04\/almunecar-nature-park-el-majuelo-1.jpg","datePublished":"2021-07-23T17:04:23+00:00","author":{"@id":"https:\/\/discoveralmunecar.com\/fr\/#\/schema\/person\/f0412bb338daeaf50c5a415326513956"},"description":"Le parc El Majuelo, un lieu pour se connecter avec la nature de la ville d'Almu\u00f1\u00e9car. Plus d'informations sur notre blog.","breadcrumb":{"@id":"https:\/\/discoveralmunecar.com\/fr\/parc-el-majuelo\/#breadcrumb"},"inLanguage":"fr-FR","potentialAction":[{"@type":"ReadAction","target":["https:\/\/discoveralmunecar.com\/fr\/parc-el-majuelo\/"]}]},{"@type":"ImageObject","inLanguage":"fr-FR","@id":"https:\/\/discoveralmunecar.com\/fr\/parc-el-majuelo\/#primaryimage","url":"https:\/\/discoveralmunecar.com\/wp-content\/uploads\/2021\/04\/almunecar-nature-park-el-majuelo-1.jpg","contentUrl":"https:\/\/discoveralmunecar.com\/wp-content\/uploads\/2021\/04\/almunecar-nature-park-el-majuelo-1.jpg","width":640,"height":480},{"@type":"BreadcrumbList","@id":"https:\/\/discoveralmunecar.com\/fr\/parc-el-majuelo\/#breadcrumb","itemListElement":[{"@type":"ListItem","position":1,"name":"Home","item":"https:\/\/discoveralmunecar.com\/fr\/"},{"@type":"ListItem","position":2,"name":"Parc El Majuelo"}]},{"@type":"WebSite","@id":"https:\/\/discoveralmunecar.com\/fr\/#website","url":"https:\/\/discoveralmunecar.com\/fr\/","name":"","description":"Just another WordPress site\n","potentialAction":[{"@type":"SearchAction","target":{"@type":"EntryPoint","urlTemplate":"https:\/\/discoveralmunecar.com\/fr\/?s={search_term_string}"},"query-input":{"@type":"PropertyValueSpecification","valueRequired":true,"valueName":"search_term_string"}}],"inLanguage":"fr-FR"},{"@type":"Person","@id":"https:\/\/discoveralmunecar.com\/fr\/#\/schema\/person\/f0412bb338daeaf50c5a415326513956","name":"Translate","image":{"@type":"ImageObject","inLanguage":"fr-FR","@id":"https:\/\/secure.gravatar.com\/avatar\/87967e69b46baa8deb98f90585854c12aba67cb0c70970f1da219b1b30cacb8d?s=96&d=mm&r=g","url":"https:\/\/secure.gravatar.com\/avatar\/87967e69b46baa8deb98f90585854c12aba67cb0c70970f1da219b1b30cacb8d?s=96&d=mm&r=g","contentUrl":"https:\/\/secure.gravatar.com\/avatar\/87967e69b46baa8deb98f90585854c12aba67cb0c70970f1da219b1b30cacb8d?s=96&d=mm&r=g","caption":"Translate"},"url":"https:\/\/discoveralmunecar.com\/fr\/author\/equipo_translate\/"}]}},"_links":{"self":[{"href":"https:\/\/discoveralmunecar.com\/fr\/wp-json\/wp\/v2\/posts\/4672","targetHints":{"allow":["GET"]}}],"collection":[{"href":"https:\/\/discoveralmunecar.com\/fr\/wp-json\/wp\/v2\/posts"}],"about":[{"href":"https:\/\/discoveralmunecar.com\/fr\/wp-json\/wp\/v2\/types\/post"}],"author":[{"embeddable":true,"href":"https:\/\/discoveralmunecar.com\/fr\/wp-json\/wp\/v2\/users\/6"}],"replies":[{"embeddable":true,"href":"https:\/\/discoveralmunecar.com\/fr\/wp-json\/wp\/v2\/comments?post=4672"}],"version-history":[{"count":3,"href":"https:\/\/discoveralmunecar.com\/fr\/wp-json\/wp\/v2\/posts\/4672\/revisions"}],"predecessor-version":[{"id":4687,"href":"https:\/\/discoveralmunecar.com\/fr\/wp-json\/wp\/v2\/posts\/4672\/revisions\/4687"}],"wp:featuredmedia":[{"embeddable":true,"href":"https:\/\/discoveralmunecar.com\/fr\/wp-json\/wp\/v2\/media\/4675"}],"wp:attachment":[{"href":"https:\/\/discoveralmunecar.com\/fr\/wp-json\/wp\/v2\/media?parent=4672"}],"wp:term":[{"taxonomy":"category","embeddable":true,"href":"https:\/\/discoveralmunecar.com\/fr\/wp-json\/wp\/v2\/categories?post=4672"},{"taxonomy":"post_tag","embeddable":true,"href":"https:\/\/discoveralmunecar.com\/fr\/wp-json\/wp\/v2\/tags?post=4672"}],"curies":[{"name":"wp","href":"https:\/\/api.w.org\/{rel}","templated":true}]}}