{"id":6267,"date":"2021-08-10T09:41:18","date_gmt":"2021-08-10T09:41:18","guid":{"rendered":"https:\/\/discoveralmunecar.com\/?p=6267"},"modified":"2022-06-02T07:32:01","modified_gmt":"2022-06-02T07:32:01","slug":"comment-se-rendre-a-almunecar-depuis-laeroport-de-malaga-2","status":"publish","type":"post","link":"https:\/\/discoveralmunecar.com\/fr\/comment-se-rendre-a-almunecar-depuis-laeroport-de-malaga-2\/","title":{"rendered":"Comment se rendre \u00e0 Almu\u00f1\u00e9car depuis l&#8217;a\u00e9roport de Malaga ?"},"content":{"rendered":"<p>[vc_row][vc_column]<div class=\"text-block\" ><div class=\"simple-text \"><p>Lorsque nous commen\u00e7ons des vacances, les premiers moments sont toujours troublants et parmi ces sensations, le souci d&#8217;arriver \u00e0 votre destination, Almu\u00f1\u00e9car, peut \u00eatre l&#8217;une d&#8217;entre elles.<\/p>\n<p>C&#8217;est pourquoi nous avons voulu vous aider \u00e0 vous d\u00e9placer avec n&#8217;importe quel moyen de transport, \u00e0 toujours avoir une carte d&#8217;itin\u00e9raire et vous pourrez voyager \u00e0 travers l&#8217;Espagne en toute tranquillit\u00e9.<\/p>\n<h2>Comment se rendre \u00e0 Almu\u00f1\u00e9car ? En voyageant le long de la Costa del Sol<\/h2>\n<p>Bien s\u00fbr, il y a de nombreuses fa\u00e7ons d&#8217;arriver \u00e0 Almu\u00f1\u00e9car selon votre provenance, donc dans le cas o\u00f9 vous arrivez de l&#8217;a\u00e9roport de Malaga, nous allons vous expliquer ci-dessous les options les plus r\u00e9alisables que vous avez.<\/p>\n<h3><strong>1. Bus de l&#8217;a\u00e9roport de Malaga \u00e0 Almu\u00f1\u00e9car<\/strong><\/h3>\n<p>Pour <a href=\"https:\/\/www.alsa.es\/\" target=\"_blank\" rel=\"noopener\">prendre le bus<\/a> bien que ce soit l&#8217;une des options les moins ch\u00e8res, le nombre de services entre l&#8217;a\u00e9roport de Malaga et Almu\u00f1\u00e9car est vraiment rare. Parfois, il n&#8217;y a que deux trajets par jour.<\/p>\n<p>La dur\u00e9e est d&#8217;environ 1 heure et 45 minutes. Le trajet est g\u00e9n\u00e9ralement direct.<\/p>\n<p>En cas de transport de bagages d\u00e9licats ou de grande valeur, nous ne recommandons pas cette option, car le coffre des bus n&#8217;est pas pr\u00e9vu pour un tel soin.<\/p>\n<h3>2. Louer une voiture \u00e0 l&#8217;a\u00e9roport de Malaga ou voyager dans votre voiture priv\u00e9e<\/h3>\n<p>Une autre option est que vous ayez votre propre voiture priv\u00e9e, qu&#8217;elle soit personnelle ou \u00e0 louer. Dans ce cas, nous vous recommandons l&#8217;itin\u00e9raire suivant :<\/p>\n<p>Depuis l&#8217;a\u00e9roport, cherchez la sortie qui vous m\u00e8ne vers la A-7. Cette route est indiqu\u00e9e comme la direction C\u00f3rdoba \/ Motril \/ Granada.<br \/>\nPrendre la 305 en direction de la N-340a vers La Herradura \/ Almu\u00f1\u00e9car.<br \/>\nCe trajet dure environ 1 heure et 5 minutes.<\/p>\n<p>Il est confortable que vous apportiez votre propre voiture pour transporter les bagages et, surtout, pour pouvoir profiter \u00e0 tout moment de la mobilit\u00e9 qui vous convient.<\/p>\n<h4>Bahia Sexi Rent a Car, location de voitures \u00e0 Almu\u00f1\u00e9car<\/h4>\n<p>Si vous avez besoin de <a href=\"https:\/\/bahiasexirentacar.com\/fr\/\">louer un v\u00e9hicule<\/a>, tant \u00e0 l&#8217;a\u00e9roport qu&#8217;\u00e0 Almu\u00f1\u00e9car, vous trouverez ce service aupr\u00e8s de l&#8217;entreprise locale d&#8217;Almu\u00f1\u00e9car qui offre \u00e9galement un service \u00e0 l&#8217;a\u00e9roport de Malaga. Parcourez leur site web pour trouver toutes sortes de prix et d&#8217;opportunit\u00e9s.<\/p>\n<p>Il existe \u00e9galement d&#8217;autres services dans la ville comme Rent a Car Joya.<\/p>\n<h3>3. Service de taxi de l&#8217;a\u00e9roport de Malaga \u00e0 Almu\u00f1ecar<\/h3>\n<p>Une autre possibilit\u00e9, bien que peut-\u00eatre la plus ch\u00e8re, pour se rendre \u00e0 Almu\u00f1\u00e9car est le taxi. Il y a plusieurs possibilit\u00e9s si vous voulez utiliser cette option.<\/p>\n<p>Vous pouvez vous rendre \u00e0 la porte de l&#8217;a\u00e9roport o\u00f9 se trouve la station de taxis, mais vous risquez de rencontrer de longues files d&#8217;attente, ainsi que des prix inabordables car ils ajoutent des frais suppl\u00e9mentaires pour les bagages, les passagers, le kilom\u00e9trage et les diff\u00e9rents besoins que vous pouvez avoir.<\/p>\n<p>Il y a aussi la possibilit\u00e9 de <a href=\"https:\/\/autosexi.com\/book\/\">pr\u00e9-r\u00e9server un taxi d&#8217;Almu\u00f1\u00e9car<\/a> avec un prix ferm\u00e9 et sans suppl\u00e9ments, ce qui signifie que vous conna\u00eetrez d\u00e8s le d\u00e9but le prix total de votre transfert de l&#8217;a\u00e9roport de Malaga \u00e0 Almu\u00f1ecar.<\/p>\n<h3>4. Service de transfert priv\u00e9 de l&#8217;a\u00e9roport de Malaga \u00e0 Almu\u00f1\u00e9car<\/h3>\n<p>Mais si vous voulez ne pas vous soucier de la conduite et vivre des vacances relaxantes aux mains de chauffeurs experts, vous pouvez envisager l&#8217;option de voyager en transport priv\u00e9 en obtenant la voiture dont vous avez besoin pour vos bagages et vos compagnons.<\/p>\n<p>Bien qu&#8217;il s&#8217;agisse de l&#8217;option la plus ch\u00e8re parmi celles d\u00e9j\u00e0 expliqu\u00e9es, c&#8217;est sans aucun doute la plus confortable, car elle r\u00e9pondra \u00e0 tous vos besoins et vous n&#8217;aurez \u00e0 vous soucier de rien d&#8217;autre que de regarder par la fen\u00eatre le magnifique paysage que vous trouverez pour arriver \u00e0 Almu\u00f1\u00e9car.<\/p>\n<p>Nous vous pr\u00e9sentons quelques-unes des options dont vous disposez pour choisir votre transfert priv\u00e9 depuis l&#8217;a\u00e9roport de Malaga.<\/p>\n<p>Des entreprises comme Suntransfers qui proposent des trajets de luxe \u00e0 un prix \u00e9lev\u00e9, un service de qualit\u00e9 mais pas abordable pour tous les budgets.<\/p>\n<p>Ou aussi HolidayTaxis un courtier en services de transfert priv\u00e9, quelque chose de similaire \u00e0 la soci\u00e9t\u00e9 pr\u00e9c\u00e9dente se produit.<\/p>\n<p>C&#8217;est pourquoi nous voulons vous parler de la compagnie de taxis priv\u00e9s que nous proposons \u00e0 Almu\u00f1\u00e9car, une fa\u00e7on d&#8217;aider la compagnie locale et de profiter de votre transfert \u00e0 un prix appropri\u00e9 et r\u00e9alisable pour tous les types de vacances.<\/p>\n<h4>Autosexi, l&#8217;entreprise de transfert d&#8217;Almu\u00f1\u00e9car qui compl\u00e9tera vos vacances<\/h4>\n<p><a href=\"https:\/\/autosexi.com\">Autosexi<\/a>, l&#8217;entreprise de transferts et de taxis lou\u00e9s \u00e0 l&#8217;avance, originaire d&#8217;Almu\u00f1\u00e9car, avec d\u00e9l\u00e9gation \u00e0 l&#8217;a\u00e9roport de Malaga et dans toute la Costa del Sol et la Costa Tropical.<\/p>\n<p>Vous trouverez des chauffeurs avec une longue exp\u00e9rience, la possibilit\u00e9 de trouver des tarifs \u00e0 bas prix avec des voitures haut de gamme telles que Mercedes, Audi et autres options premium et Top Class. Respectant les mesures de pr\u00e9vention \u00e9tablies par le gouvernement, avec des prix \u00e0 votre port\u00e9e et avec la disponibilit\u00e9 d&#8217;une \u00e9quipe de professionnels qui r\u00e9pondra \u00e0 toutes vos questions.<\/p>\n<h4>Que trouverez-vous en arrivant \u00e0 Almu\u00f1\u00e9car ?<\/h4>\n<p>Non seulement le beau temps vous attend dans la ville, mais aussi de nombreuses activit\u00e9s de loisirs \u00e0 d\u00e9couvrir. Mais si vous voulez conna\u00eetre la ville comme un local, n&#8217;h\u00e9sitez pas \u00e0 consulter notre section sur les <a href=\"https:\/\/discoveralmunecar.com\/local-festivals-of-almunecar\/\">f\u00eates locales<\/a>, ainsi que sur les endroits <a href=\"https:\/\/discoveralmunecar.com\/where-to-eat-in-almunecar-the-best-restaurants\/\">o\u00f9 manger \u00e0 Almu\u00f1\u00e9car<\/a> et aussi sur le plaisir de se rendre dans des endroits comme le parc <a href=\"https:\/\/discoveralmunecar.com\/parque-ornitologico-loro-sexi\/\">Loro Sexi<\/a><\/p>\n<p><iframe src=\"https:\/\/www.google.com\/maps\/embed?pb=!1m28!1m12!1m3!1d409368.505650941!2d-4.371639889841595!3d36.71796300228037!2m3!1f0!2f0!3f0!3m2!1i1024!2i768!4f13.1!4m13!3e0!4m5!1s0xd72fa1876ba30a5%3A0x57b5ad2f47de3e9a!2sAeropuerto%20de%20M%C3%A1laga%20-%20Costa%20del%20Sol%2C%20Av.%20del%20Comandante%20Garc%C3%ADa%20Morato%2C%20s%2Fn%2C%2029004%2C%20M%C3%A1laga!3m2!1d36.6767428!2d-4.4938696!4m5!1s0xd7188a2a9c6a9a3%3A0xf957ea4c719826fe!2zQWxtdcOxw6ljYXI!3m2!1d36.734473!2d-3.6890197999999996!5e0!3m2!1ses!2ses!4v1622489700380!5m2!1ses!2ses\" width=\"600\" height=\"450\" allowfullscreen=\"allowfullscreen\" data-mce-fragment=\"1\"><\/iframe><\/p>\n<p>Histoire d&#8217;une saga familiale consacr\u00e9e au Taxi d&#8217;Almu\u00f1ecar depuis ses premi\u00e8res courses<\/p>\n<p>Descubre Almu\u00f1ecar a le plaisir de pr\u00e9senter \u00e0 tous ses adeptes, visiteurs et habitants l&#8217;Histoire d&#8217;une saga familiale consacr\u00e9e \u00e0 ce moyen de transport public unique depuis plus de 70 ans dans la plus ancienne ville de la M\u00e9diterran\u00e9e espagnole.<\/p>\n<p>L&#8217;histoire du taxi \u00e0 Almu\u00f1\u00e9car et La Herradura remonte \u00e0 la fin de la guerre civile espagnole (1936-1939), lorsque Almu\u00f1\u00e9car et La Herradura ne comptaient que 2 taxis pour toute la municipalit\u00e9. Cependant, ce moyen de transport public singulier et moderne a connu un grand d\u00e9veloppement \u00e0 partir de l&#8217;ann\u00e9e 1948, d\u00e9j\u00e0 lointaine, gr\u00e2ce surtout \u00e0 Don Jos\u00e9 L\u00f3pez Castillo et \u00e0 la famille L\u00f3pez Rodr\u00edguez, avec une voiture acquise aupr\u00e8s de l&#8217;archev\u00eaque de Grenade de l&#8217;\u00e9poque, Don Balbino Santos Olivera. D\u00e8s lors, les premiers grands services de taxi ont commenc\u00e9 \u00e0 \u00eatre assur\u00e9s, reliant la c\u00f4te au reste de la province et principalement \u00e0 la capitale, Grenade. La saga L\u00f3pez Rodr\u00edguez \u00e9tait une r\u00e9f\u00e9rence en mati\u00e8re de taxi \u00e0 Almu\u00f1\u00e9car.<\/p>\n<p>Avec le v\u00e9hicule susmentionn\u00e9, de nombreux trajets ont \u00e9t\u00e9 effectu\u00e9s pour relier Almu\u00f1\u00e9car et La Herradura au reste de la province de Grenade et \u00e0 l&#8217;a\u00e9roport international de Malaga, qui, deux ans auparavant, avait d\u00e9j\u00e0 des op\u00e9rateurs civils apr\u00e8s la guerre civile espagnole.<\/p>\n<p>Et bien qu&#8217;il s&#8217;agisse d&#8217;un service de taxi, on se souvient \u00e9galement qu&#8217;il s&#8217;agissait d&#8217;une ambulance improvis\u00e9e, car il n&#8217;y avait pas beaucoup de v\u00e9hicules \u00e0 cette \u00e9poque. Il s&#8217;agissait m\u00eame d&#8217;une salle d&#8217;accouchement improvis\u00e9e \u00e0 plusieurs reprises, car sur le chemin de l&#8217;h\u00f4pital de Grenade, certaines femmes en travail n&#8217;ont pas pu tenir et ont accouch\u00e9 dans le taxi d&#8217;Almu\u00f1\u00e9car, sur l&#8217;ancienne route qui reliait la c\u00f4te \u00e0 la capitale, connue sous le nom de &#8220;Carretera de la Cabra&#8221;, aujourd&#8217;hui un itin\u00e9raire cyclable classique qui, \u00e0 l&#8217;exception du bus qui relie les diff\u00e9rents villages qu&#8217;il traverse, n&#8217;est plus emprunt\u00e9 par la grande majorit\u00e9 des automobilistes. De m\u00eame, dans les premi\u00e8res ann\u00e9es du taxi \u00e0 Almu\u00f1\u00e9car, il \u00e9tait utilis\u00e9 pour amener les familles \u00e0 voir leurs fils pr\u00eater serment au drapeau, alors qu&#8217;ils effectuaient leur service militaire dans une caserne de la province de Grenade ou du reste de l&#8217;Espagne.<\/p>\n<p>Le point d&#8217;arriv\u00e9e habituel dans le centre de la capitale \u00e9tait la c\u00e9l\u00e8bre Plaza de la Trinidad, \u00e0 c\u00f4t\u00e9 de la Posada la Espada, tout pr\u00e8s de l&#8217;endroit o\u00f9, en 1936, le c\u00e9l\u00e8bre po\u00e8te international originaire de Grenade, Federico Garc\u00eda Lorca, a \u00e9t\u00e9 arr\u00eat\u00e9 avant son assassinat.<\/p>\n<p>Don Jos\u00e9 L\u00f3pez Castillo est mari\u00e9 \u00e0 Francisca Rodr\u00edguez Jer\u00f3nimo, et ses fr\u00e8res entrent rapidement dans le monde du transport de passagers, en conduisant les nouveaux v\u00e9hicules qui sont acquis, notamment trois SEAT 1.500 de l&#8217;\u00e9poque. Cependant, Antonio \u00e0 la fin des ann\u00e9es 50 du 20\u00e8me si\u00e8cle, et peu apr\u00e8s son fr\u00e8re Miguel en 1963, ont continu\u00e9 la tradition familiale avec l&#8217;entreprise de taxi, mais chacun d&#8217;eux \u00e0 leur mani\u00e8re.<\/p>\n<p>\u00c0 partir des ann\u00e9es 60, avec l&#8217;essor du tourisme le long de la Costa del Sol, qui s&#8217;\u00e9tendait alors de la fronti\u00e8re de la province d&#8217;Almeria avec la r\u00e9gion de Murcie jusqu&#8217;\u00e0 la campagne de Gibraltar, et l&#8217;essor de l&#8217;industrie cin\u00e9matographique, en particulier \u00e0 Almeria, il n&#8217;\u00e9tait pas rare de trouver dans les taxis des fr\u00e8res Rodriguez, ainsi que des touristes de toute l&#8217;Europe, de grandes vedettes du cin\u00e9ma comme Ava Gardner, un jeune Clint Eastwood, Yul Brynner, Charles Bronson, Henry Fonda et bien d&#8217;autres. La relation entre l&#8217;industrie cin\u00e9matographique et le taxi \u00e9tait si importante que dans le film de 1970 &#8220;Los Hombres las prefieren rubias&#8221;, Antonio Rodr\u00edguez Jer\u00f3nimo appara\u00eet en se jouant lui-m\u00eame comme chauffeur de taxi.<\/p>\n<p>D\u00e8s 1972, Don Jos\u00e9 L\u00f3pez Castillo poss\u00e9dait jusqu&#8217;\u00e0 trois taxis, ce qui repr\u00e9sentait un pourcentage \u00e9lev\u00e9 des taxis de la ville d&#8217;Almu\u00f1\u00e9car.<\/p>\n<p>Au cours des ann\u00e9es 80 du 20e si\u00e8cle, la g\u00e9n\u00e9ration suivante de ces familles a donn\u00e9 une impulsion nouvelle et modernis\u00e9e \u00e0 l&#8217;entreprise, avec l&#8217;arriv\u00e9e de Manuel Rodr\u00edguez Guerrero en 1984, qui a rejoint l&#8217;entreprise de taxi \u00e0 son retour du service militaire, qui \u00e9tait obligatoire pour tous les hommes \u00e0 l&#8217;\u00e9poque.<\/p>\n<p>Quelques mois plus tard, Rafael L\u00f3pez Velez, fils du pionnier Jos\u00e9 L\u00f3pez Castillo et de Francisca Rodr\u00edguez Jer\u00f3nimo, rejoint l&#8217;entreprise. En 1986, le fr\u00e8re de Manuel, Jos\u00e9 Miguel Rodr\u00edguez Guerrero, a \u00e9galement fait le saut vers le taxi.<\/p>\n<p>Au cours de ces ann\u00e9es, le fils d&#8217;Antonio Rodr\u00edguez Jer\u00f3nimo, Antonio Dami\u00e1n Rodr\u00edguez Diaz, a \u00e9galement rejoint l&#8217;entreprise.<\/p>\n<p>Et pour terminer la d\u00e9cennie, et pour donner un petit coup de pouce \u00e0 l&#8217;\u00e9galit\u00e9 r\u00e9elle entre hommes et femmes, en 1989, Teresa L\u00f3pez Rodr\u00edguez, fille du pionnier Jos\u00e9 L\u00f3pez Castillo, s&#8217;aventure elle aussi dans le monde des taxis.<\/p>\n<p>Cette derni\u00e8re g\u00e9n\u00e9ration continue aujourd&#8217;hui, jour apr\u00e8s jour, vingt-quatre heures sur vingt-quatre, trois cent soixante-cinq jours par an, aux commandes de leurs taxis. Bien que la troisi\u00e8me g\u00e9n\u00e9ration de cette saga familiale, repr\u00e9sent\u00e9e par le petit-fils de Jos\u00e9 L\u00f3pez Castillo et le fils de Rafael L\u00f3pez Velez, Rafael L\u00f3pez Naranjo, ouvre d\u00e9j\u00e0 ses portes au monde du taxi ans Almunecar<\/p>\n<\/div><\/div>[\/vc_column][\/vc_row]<\/p>\n","protected":false},"excerpt":{"rendered":"<p>[vc_row][vc_column][\/vc_column][\/vc_row]<\/p>\n","protected":false},"author":2,"featured_media":6272,"comment_status":"open","ping_status":"closed","sticky":false,"template":"","format":"standard","meta":{"footnotes":""},"categories":[134],"tags":[],"class_list":["post-6267","post","type-post","status-publish","format-standard","has-post-thumbnail","hentry","category-localites-proches"],"yoast_head":"<!-- This site is optimized with the Yoast SEO plugin v27.3 - https:\/\/yoast.com\/product\/yoast-seo-wordpress\/ -->\n<title>Comment se rendre \u00e0 Almu\u00f1\u00e9car depuis l&#039;a\u00e9roport de Malaga ?<\/title>\n<meta name=\"description\" content=\"Si vous cherchez les informations n\u00e9cessaires pour vous rendre \u00e0 Almu\u00f1\u00e9car depuis l&#039;a\u00e9roport de Malaga, vous avez trouv\u00e9 le bon blog.\" \/>\n<meta name=\"robots\" content=\"index, follow, max-snippet:-1, max-image-preview:large, max-video-preview:-1\" \/>\n<link rel=\"canonical\" href=\"https:\/\/discoveralmunecar.com\/fr\/comment-se-rendre-a-almunecar-depuis-laeroport-de-malaga-2\/\" \/>\n<meta property=\"og:locale\" content=\"fr_FR\" \/>\n<meta property=\"og:type\" content=\"article\" \/>\n<meta property=\"og:title\" content=\"Comment se rendre \u00e0 Almu\u00f1\u00e9car depuis l&#039;a\u00e9roport de Malaga ?\" \/>\n<meta property=\"og:description\" content=\"Si vous cherchez les informations n\u00e9cessaires pour vous rendre \u00e0 Almu\u00f1\u00e9car depuis l&#039;a\u00e9roport de Malaga, vous avez trouv\u00e9 le bon blog.\" \/>\n<meta property=\"og:url\" content=\"https:\/\/discoveralmunecar.com\/fr\/comment-se-rendre-a-almunecar-depuis-laeroport-de-malaga-2\/\" \/>\n<meta property=\"article:published_time\" content=\"2021-08-10T09:41:18+00:00\" \/>\n<meta property=\"article:modified_time\" content=\"2022-06-02T07:32:01+00:00\" \/>\n<meta property=\"og:image\" content=\"https:\/\/discoveralmunecar.com\/wp-content\/uploads\/2021\/05\/00-1.jpg\" \/>\n\t<meta property=\"og:image:width\" content=\"720\" \/>\n\t<meta property=\"og:image:height\" content=\"405\" \/>\n\t<meta property=\"og:image:type\" content=\"image\/jpeg\" \/>\n<meta name=\"author\" content=\"Admin\" \/>\n<meta name=\"twitter:card\" content=\"summary_large_image\" \/>\n<meta name=\"twitter:label1\" content=\"\u00c9crit par\" \/>\n\t<meta name=\"twitter:data1\" content=\"Admin\" \/>\n\t<meta name=\"twitter:label2\" content=\"Dur\u00e9e de lecture estim\u00e9e\" \/>\n\t<meta name=\"twitter:data2\" content=\"8 minutes\" \/>\n<script type=\"application\/ld+json\" class=\"yoast-schema-graph\">{\"@context\":\"https:\\\/\\\/schema.org\",\"@graph\":[{\"@type\":\"Article\",\"@id\":\"https:\\\/\\\/discoveralmunecar.com\\\/fr\\\/comment-se-rendre-a-almunecar-depuis-laeroport-de-malaga-2\\\/#article\",\"isPartOf\":{\"@id\":\"https:\\\/\\\/discoveralmunecar.com\\\/fr\\\/comment-se-rendre-a-almunecar-depuis-laeroport-de-malaga-2\\\/\"},\"author\":{\"name\":\"Admin\",\"@id\":\"https:\\\/\\\/discoveralmunecar.com\\\/fr\\\/#\\\/schema\\\/person\\\/7d931359380d442b7e8832cd0d6a2db0\"},\"headline\":\"Comment se rendre \u00e0 Almu\u00f1\u00e9car depuis l&#8217;a\u00e9roport de Malaga ?\",\"datePublished\":\"2021-08-10T09:41:18+00:00\",\"dateModified\":\"2022-06-02T07:32:01+00:00\",\"mainEntityOfPage\":{\"@id\":\"https:\\\/\\\/discoveralmunecar.com\\\/fr\\\/comment-se-rendre-a-almunecar-depuis-laeroport-de-malaga-2\\\/\"},\"wordCount\":1871,\"commentCount\":0,\"image\":{\"@id\":\"https:\\\/\\\/discoveralmunecar.com\\\/fr\\\/comment-se-rendre-a-almunecar-depuis-laeroport-de-malaga-2\\\/#primaryimage\"},\"thumbnailUrl\":\"https:\\\/\\\/discoveralmunecar.com\\\/wp-content\\\/uploads\\\/2021\\\/05\\\/00-1.jpg\",\"articleSection\":[\"Comment s'y rendre\"],\"inLanguage\":\"fr-FR\",\"potentialAction\":[{\"@type\":\"CommentAction\",\"name\":\"Comment\",\"target\":[\"https:\\\/\\\/discoveralmunecar.com\\\/fr\\\/comment-se-rendre-a-almunecar-depuis-laeroport-de-malaga-2\\\/#respond\"]}]},{\"@type\":\"WebPage\",\"@id\":\"https:\\\/\\\/discoveralmunecar.com\\\/fr\\\/comment-se-rendre-a-almunecar-depuis-laeroport-de-malaga-2\\\/\",\"url\":\"https:\\\/\\\/discoveralmunecar.com\\\/fr\\\/comment-se-rendre-a-almunecar-depuis-laeroport-de-malaga-2\\\/\",\"name\":\"Comment se rendre \u00e0 Almu\u00f1\u00e9car depuis l'a\u00e9roport de Malaga ?\",\"isPartOf\":{\"@id\":\"https:\\\/\\\/discoveralmunecar.com\\\/fr\\\/#website\"},\"primaryImageOfPage\":{\"@id\":\"https:\\\/\\\/discoveralmunecar.com\\\/fr\\\/comment-se-rendre-a-almunecar-depuis-laeroport-de-malaga-2\\\/#primaryimage\"},\"image\":{\"@id\":\"https:\\\/\\\/discoveralmunecar.com\\\/fr\\\/comment-se-rendre-a-almunecar-depuis-laeroport-de-malaga-2\\\/#primaryimage\"},\"thumbnailUrl\":\"https:\\\/\\\/discoveralmunecar.com\\\/wp-content\\\/uploads\\\/2021\\\/05\\\/00-1.jpg\",\"datePublished\":\"2021-08-10T09:41:18+00:00\",\"dateModified\":\"2022-06-02T07:32:01+00:00\",\"author\":{\"@id\":\"https:\\\/\\\/discoveralmunecar.com\\\/fr\\\/#\\\/schema\\\/person\\\/7d931359380d442b7e8832cd0d6a2db0\"},\"description\":\"Si vous cherchez les informations n\u00e9cessaires pour vous rendre \u00e0 Almu\u00f1\u00e9car depuis l'a\u00e9roport de Malaga, vous avez trouv\u00e9 le bon blog.\",\"breadcrumb\":{\"@id\":\"https:\\\/\\\/discoveralmunecar.com\\\/fr\\\/comment-se-rendre-a-almunecar-depuis-laeroport-de-malaga-2\\\/#breadcrumb\"},\"inLanguage\":\"fr-FR\",\"potentialAction\":[{\"@type\":\"ReadAction\",\"target\":[\"https:\\\/\\\/discoveralmunecar.com\\\/fr\\\/comment-se-rendre-a-almunecar-depuis-laeroport-de-malaga-2\\\/\"]}]},{\"@type\":\"ImageObject\",\"inLanguage\":\"fr-FR\",\"@id\":\"https:\\\/\\\/discoveralmunecar.com\\\/fr\\\/comment-se-rendre-a-almunecar-depuis-laeroport-de-malaga-2\\\/#primaryimage\",\"url\":\"https:\\\/\\\/discoveralmunecar.com\\\/wp-content\\\/uploads\\\/2021\\\/05\\\/00-1.jpg\",\"contentUrl\":\"https:\\\/\\\/discoveralmunecar.com\\\/wp-content\\\/uploads\\\/2021\\\/05\\\/00-1.jpg\",\"width\":720,\"height\":405},{\"@type\":\"BreadcrumbList\",\"@id\":\"https:\\\/\\\/discoveralmunecar.com\\\/fr\\\/comment-se-rendre-a-almunecar-depuis-laeroport-de-malaga-2\\\/#breadcrumb\",\"itemListElement\":[{\"@type\":\"ListItem\",\"position\":1,\"name\":\"Home\",\"item\":\"https:\\\/\\\/discoveralmunecar.com\\\/fr\\\/\"},{\"@type\":\"ListItem\",\"position\":2,\"name\":\"Comment se rendre \u00e0 Almu\u00f1\u00e9car depuis l&rsquo;a\u00e9roport de Malaga ?\"}]},{\"@type\":\"WebSite\",\"@id\":\"https:\\\/\\\/discoveralmunecar.com\\\/fr\\\/#website\",\"url\":\"https:\\\/\\\/discoveralmunecar.com\\\/fr\\\/\",\"name\":\"\",\"description\":\"Just another WordPress site\\n\",\"potentialAction\":[{\"@type\":\"SearchAction\",\"target\":{\"@type\":\"EntryPoint\",\"urlTemplate\":\"https:\\\/\\\/discoveralmunecar.com\\\/fr\\\/?s={search_term_string}\"},\"query-input\":{\"@type\":\"PropertyValueSpecification\",\"valueRequired\":true,\"valueName\":\"search_term_string\"}}],\"inLanguage\":\"fr-FR\"},{\"@type\":\"Person\",\"@id\":\"https:\\\/\\\/discoveralmunecar.com\\\/fr\\\/#\\\/schema\\\/person\\\/7d931359380d442b7e8832cd0d6a2db0\",\"name\":\"Admin\",\"image\":{\"@type\":\"ImageObject\",\"inLanguage\":\"fr-FR\",\"@id\":\"https:\\\/\\\/secure.gravatar.com\\\/avatar\\\/87aff11e22fb9eda78c606aa27a60cd99fc49aac3a2cf4688b14253df494fd22?s=96&d=mm&r=g\",\"url\":\"https:\\\/\\\/secure.gravatar.com\\\/avatar\\\/87aff11e22fb9eda78c606aa27a60cd99fc49aac3a2cf4688b14253df494fd22?s=96&d=mm&r=g\",\"contentUrl\":\"https:\\\/\\\/secure.gravatar.com\\\/avatar\\\/87aff11e22fb9eda78c606aa27a60cd99fc49aac3a2cf4688b14253df494fd22?s=96&d=mm&r=g\",\"caption\":\"Admin\"},\"url\":\"https:\\\/\\\/discoveralmunecar.com\\\/fr\\\/author\\\/pedro-espinosa\\\/\"}]}<\/script>\n<!-- \/ Yoast SEO plugin. -->","yoast_head_json":{"title":"Comment se rendre \u00e0 Almu\u00f1\u00e9car depuis l'a\u00e9roport de Malaga ?","description":"Si vous cherchez les informations n\u00e9cessaires pour vous rendre \u00e0 Almu\u00f1\u00e9car depuis l'a\u00e9roport de Malaga, vous avez trouv\u00e9 le bon blog.","robots":{"index":"index","follow":"follow","max-snippet":"max-snippet:-1","max-image-preview":"max-image-preview:large","max-video-preview":"max-video-preview:-1"},"canonical":"https:\/\/discoveralmunecar.com\/fr\/comment-se-rendre-a-almunecar-depuis-laeroport-de-malaga-2\/","og_locale":"fr_FR","og_type":"article","og_title":"Comment se rendre \u00e0 Almu\u00f1\u00e9car depuis l'a\u00e9roport de Malaga ?","og_description":"Si vous cherchez les informations n\u00e9cessaires pour vous rendre \u00e0 Almu\u00f1\u00e9car depuis l'a\u00e9roport de Malaga, vous avez trouv\u00e9 le bon blog.","og_url":"https:\/\/discoveralmunecar.com\/fr\/comment-se-rendre-a-almunecar-depuis-laeroport-de-malaga-2\/","article_published_time":"2021-08-10T09:41:18+00:00","article_modified_time":"2022-06-02T07:32:01+00:00","og_image":[{"width":720,"height":405,"url":"https:\/\/discoveralmunecar.com\/wp-content\/uploads\/2021\/05\/00-1.jpg","type":"image\/jpeg"}],"author":"Admin","twitter_card":"summary_large_image","twitter_misc":{"\u00c9crit par":"Admin","Dur\u00e9e de lecture estim\u00e9e":"8 minutes"},"schema":{"@context":"https:\/\/schema.org","@graph":[{"@type":"Article","@id":"https:\/\/discoveralmunecar.com\/fr\/comment-se-rendre-a-almunecar-depuis-laeroport-de-malaga-2\/#article","isPartOf":{"@id":"https:\/\/discoveralmunecar.com\/fr\/comment-se-rendre-a-almunecar-depuis-laeroport-de-malaga-2\/"},"author":{"name":"Admin","@id":"https:\/\/discoveralmunecar.com\/fr\/#\/schema\/person\/7d931359380d442b7e8832cd0d6a2db0"},"headline":"Comment se rendre \u00e0 Almu\u00f1\u00e9car depuis l&#8217;a\u00e9roport de Malaga ?","datePublished":"2021-08-10T09:41:18+00:00","dateModified":"2022-06-02T07:32:01+00:00","mainEntityOfPage":{"@id":"https:\/\/discoveralmunecar.com\/fr\/comment-se-rendre-a-almunecar-depuis-laeroport-de-malaga-2\/"},"wordCount":1871,"commentCount":0,"image":{"@id":"https:\/\/discoveralmunecar.com\/fr\/comment-se-rendre-a-almunecar-depuis-laeroport-de-malaga-2\/#primaryimage"},"thumbnailUrl":"https:\/\/discoveralmunecar.com\/wp-content\/uploads\/2021\/05\/00-1.jpg","articleSection":["Comment s'y rendre"],"inLanguage":"fr-FR","potentialAction":[{"@type":"CommentAction","name":"Comment","target":["https:\/\/discoveralmunecar.com\/fr\/comment-se-rendre-a-almunecar-depuis-laeroport-de-malaga-2\/#respond"]}]},{"@type":"WebPage","@id":"https:\/\/discoveralmunecar.com\/fr\/comment-se-rendre-a-almunecar-depuis-laeroport-de-malaga-2\/","url":"https:\/\/discoveralmunecar.com\/fr\/comment-se-rendre-a-almunecar-depuis-laeroport-de-malaga-2\/","name":"Comment se rendre \u00e0 Almu\u00f1\u00e9car depuis l'a\u00e9roport de Malaga ?","isPartOf":{"@id":"https:\/\/discoveralmunecar.com\/fr\/#website"},"primaryImageOfPage":{"@id":"https:\/\/discoveralmunecar.com\/fr\/comment-se-rendre-a-almunecar-depuis-laeroport-de-malaga-2\/#primaryimage"},"image":{"@id":"https:\/\/discoveralmunecar.com\/fr\/comment-se-rendre-a-almunecar-depuis-laeroport-de-malaga-2\/#primaryimage"},"thumbnailUrl":"https:\/\/discoveralmunecar.com\/wp-content\/uploads\/2021\/05\/00-1.jpg","datePublished":"2021-08-10T09:41:18+00:00","dateModified":"2022-06-02T07:32:01+00:00","author":{"@id":"https:\/\/discoveralmunecar.com\/fr\/#\/schema\/person\/7d931359380d442b7e8832cd0d6a2db0"},"description":"Si vous cherchez les informations n\u00e9cessaires pour vous rendre \u00e0 Almu\u00f1\u00e9car depuis l'a\u00e9roport de Malaga, vous avez trouv\u00e9 le bon blog.","breadcrumb":{"@id":"https:\/\/discoveralmunecar.com\/fr\/comment-se-rendre-a-almunecar-depuis-laeroport-de-malaga-2\/#breadcrumb"},"inLanguage":"fr-FR","potentialAction":[{"@type":"ReadAction","target":["https:\/\/discoveralmunecar.com\/fr\/comment-se-rendre-a-almunecar-depuis-laeroport-de-malaga-2\/"]}]},{"@type":"ImageObject","inLanguage":"fr-FR","@id":"https:\/\/discoveralmunecar.com\/fr\/comment-se-rendre-a-almunecar-depuis-laeroport-de-malaga-2\/#primaryimage","url":"https:\/\/discoveralmunecar.com\/wp-content\/uploads\/2021\/05\/00-1.jpg","contentUrl":"https:\/\/discoveralmunecar.com\/wp-content\/uploads\/2021\/05\/00-1.jpg","width":720,"height":405},{"@type":"BreadcrumbList","@id":"https:\/\/discoveralmunecar.com\/fr\/comment-se-rendre-a-almunecar-depuis-laeroport-de-malaga-2\/#breadcrumb","itemListElement":[{"@type":"ListItem","position":1,"name":"Home","item":"https:\/\/discoveralmunecar.com\/fr\/"},{"@type":"ListItem","position":2,"name":"Comment se rendre \u00e0 Almu\u00f1\u00e9car depuis l&rsquo;a\u00e9roport de Malaga ?"}]},{"@type":"WebSite","@id":"https:\/\/discoveralmunecar.com\/fr\/#website","url":"https:\/\/discoveralmunecar.com\/fr\/","name":"","description":"Just another WordPress site\n","potentialAction":[{"@type":"SearchAction","target":{"@type":"EntryPoint","urlTemplate":"https:\/\/discoveralmunecar.com\/fr\/?s={search_term_string}"},"query-input":{"@type":"PropertyValueSpecification","valueRequired":true,"valueName":"search_term_string"}}],"inLanguage":"fr-FR"},{"@type":"Person","@id":"https:\/\/discoveralmunecar.com\/fr\/#\/schema\/person\/7d931359380d442b7e8832cd0d6a2db0","name":"Admin","image":{"@type":"ImageObject","inLanguage":"fr-FR","@id":"https:\/\/secure.gravatar.com\/avatar\/87aff11e22fb9eda78c606aa27a60cd99fc49aac3a2cf4688b14253df494fd22?s=96&d=mm&r=g","url":"https:\/\/secure.gravatar.com\/avatar\/87aff11e22fb9eda78c606aa27a60cd99fc49aac3a2cf4688b14253df494fd22?s=96&d=mm&r=g","contentUrl":"https:\/\/secure.gravatar.com\/avatar\/87aff11e22fb9eda78c606aa27a60cd99fc49aac3a2cf4688b14253df494fd22?s=96&d=mm&r=g","caption":"Admin"},"url":"https:\/\/discoveralmunecar.com\/fr\/author\/pedro-espinosa\/"}]}},"_links":{"self":[{"href":"https:\/\/discoveralmunecar.com\/fr\/wp-json\/wp\/v2\/posts\/6267","targetHints":{"allow":["GET"]}}],"collection":[{"href":"https:\/\/discoveralmunecar.com\/fr\/wp-json\/wp\/v2\/posts"}],"about":[{"href":"https:\/\/discoveralmunecar.com\/fr\/wp-json\/wp\/v2\/types\/post"}],"author":[{"embeddable":true,"href":"https:\/\/discoveralmunecar.com\/fr\/wp-json\/wp\/v2\/users\/2"}],"replies":[{"embeddable":true,"href":"https:\/\/discoveralmunecar.com\/fr\/wp-json\/wp\/v2\/comments?post=6267"}],"version-history":[{"count":6,"href":"https:\/\/discoveralmunecar.com\/fr\/wp-json\/wp\/v2\/posts\/6267\/revisions"}],"predecessor-version":[{"id":8538,"href":"https:\/\/discoveralmunecar.com\/fr\/wp-json\/wp\/v2\/posts\/6267\/revisions\/8538"}],"wp:featuredmedia":[{"embeddable":true,"href":"https:\/\/discoveralmunecar.com\/fr\/wp-json\/wp\/v2\/media\/6272"}],"wp:attachment":[{"href":"https:\/\/discoveralmunecar.com\/fr\/wp-json\/wp\/v2\/media?parent=6267"}],"wp:term":[{"taxonomy":"category","embeddable":true,"href":"https:\/\/discoveralmunecar.com\/fr\/wp-json\/wp\/v2\/categories?post=6267"},{"taxonomy":"post_tag","embeddable":true,"href":"https:\/\/discoveralmunecar.com\/fr\/wp-json\/wp\/v2\/tags?post=6267"}],"curies":[{"name":"wp","href":"https:\/\/api.w.org\/{rel}","templated":true}]}}