{"id":7787,"date":"2022-04-07T04:23:57","date_gmt":"2022-04-07T04:23:57","guid":{"rendered":"https:\/\/discoveralmunecar.com\/?p=7787"},"modified":"2022-04-12T10:39:09","modified_gmt":"2022-04-12T10:39:09","slug":"semaine-de-paques-a-almunecar-2022","status":"publish","type":"post","link":"https:\/\/discoveralmunecar.com\/fr\/semaine-de-paques-a-almunecar-2022\/","title":{"rendered":"Semaine de P\u00e2ques \u00e0 Almu\u00f1\u00e9car 2022"},"content":{"rendered":"<p>[vc_row][vc_column][vc_video link=&#8221;https:\/\/youtu.be\/4KZmtzzceIU&#8221;]<div class=\"text-block\" ><div class=\"simple-text \"><p><strong>Veuillez consulter l&#8217;itin\u00e9raire de la Semaine Sainte ci-dessous dans le fichier PDF.<\/strong><\/p>\n<p>S&#8217;il est un endroit dans le monde o\u00f9 la Semaine sainte est v\u00e9cue avec une d\u00e9votion et une intensit\u00e9 particuli\u00e8res, c&#8217;est sans aucun doute en Andalousie, et Almu\u00f1\u00e9car, l&#8217;une des villes les plus anciennes et les plus traditionnelles de cette r\u00e9gion, ne fait pas exception. C&#8217;est pourquoi, apr\u00e8s deux ann\u00e9es pendant lesquelles il n&#8217;a pas \u00e9t\u00e9 possible de profiter de cette f\u00eate d\u00e9clar\u00e9e d&#8217;int\u00e9r\u00eat touristique en Andalousie en raison de la pand\u00e9mie de COVID19, cette ann\u00e9e la Semaine Sainte revient \u00e0 Almu\u00f1\u00e9car avec plus d&#8217;enthousiasme que jamais.<\/p>\n<p>Discover Almu\u00f1\u00e9car pr\u00e9sente la semaine de P\u00e2ques d&#8217;Almu\u00f1\u00e9car, dans ce 2.022 attendu la c\u00e9l\u00e9bration de la Passion du Christ sera du 10 avril, qui co\u00efncide avec le dimanche des Rameaux, jusqu&#8217;au dimanche de P\u00e2ques, qui sera le 17 du m\u00eame mois.<\/p>\n<p>Pendant cette semaine, les visiteurs et les habitants d&#8217;Almu\u00f1\u00e9car pourront profiter des 16 processions r\u00e9alis\u00e9es par les 15 confr\u00e9ries d&#8217;Almu\u00f1\u00e9car, qui d\u00e9fileront avec leurs tr\u00f4nes respectifs sur les \u00e9paules de leurs porteurs, inondant chaque rue et chaque place du centre historique d&#8217;Almu\u00f1\u00e9car avec une intense d\u00e9votion, toute la passion et la tradition qu&#8217;implique cette f\u00eate religieuse profond\u00e9ment enracin\u00e9e.<\/p>\n<p>En outre, chaque procession sera accompagn\u00e9e jusque tard dans la nuit par d&#8217;impressionnants p\u00e9nitents, mantilles et autres d\u00e9vots.<\/p>\n<p>Le jeudi saint est l&#8217;apr\u00e8s-midi o\u00f9 nous pouvons profiter des trois confr\u00e9ries les plus importantes de la ville : le Nazar\u00e9en, la Vierge des Douleurs et la Vierge de l&#8217;Espoir.<\/p>\n<p>Le lendemain, vendredi saint, dans la tradition de la ville, on c\u00e9l\u00e8bre &#8220;el Paso&#8221; (le passage), qui est un auto-sacramental dans lequel des centaines de personnes d&#8217;Almu\u00f1\u00e9car, transform\u00e9es en acteurs, repr\u00e9sentent le chemin du Christ le long de la Calle de la Amargura, qui est l&#8217;une des curiosit\u00e9s qui font que la semaine sainte d&#8217;Almu\u00f1\u00e9car se distingue des autres.<\/p>\n<p>Ses origines remontent \u00e0 l&#8217;arriv\u00e9e de la sculpture de Nuestro Padre Jes\u00fas Nazareno y Nuestra Se\u00f1ora Virgen de los Dolores (Notre P\u00e8re J\u00e9sus de Nazareth et Notre Dame des Douleurs) au XVIe si\u00e8cle, ce qui en fait une tradition vieille de plus de cinq si\u00e8cles.<br \/>\nBien qu&#8217;elle ait \u00e9galement subi quelques revers tout au long de l&#8217;histoire de la municipalit\u00e9, par exemple, pendant la guerre civile espagnole (1936-1939), de nombreuses images ont \u00e9t\u00e9 br\u00fbl\u00e9es, \u00e0 l&#8217;exception des mains et de la t\u00eate de la Virgen de los Dolores.<\/p>\n<p>Cinq ans apr\u00e8s la guerre, l&#8217;archev\u00eaque de Grenade de l&#8217;\u00e9poque, Don Agust\u00edn Parrado Garc\u00eda, a encourag\u00e9 toutes les villes de la province \u00e0 reprendre la c\u00e9l\u00e9bration de la Semaine sainte. Concr\u00e8tement, \u00e0 Almu\u00f1\u00e9car, \u00e0 l&#8217;initiative du cur\u00e9 Jos\u00e9 L\u00f3pez Fern\u00e1ndez, un Conseil provisoire a \u00e9t\u00e9 cr\u00e9\u00e9, et quelques ann\u00e9es plus tard, l&#8217;Association des Confr\u00e9ries et des Fraternit\u00e9s a \u00e9t\u00e9 fond\u00e9e.<\/p>\n<p>\u00c0 la fin du XXe si\u00e8cle, un grand nombre de confr\u00e9ries et de sororit\u00e9s ont \u00e9t\u00e9 cr\u00e9\u00e9es, qui sont toutes r\u00e9glement\u00e9es par l&#8217;Association des confr\u00e9ries et sororit\u00e9s de la Semaine Sainte d&#8217;Almu\u00f1\u00e9car, dans laquelle toutes les confr\u00e9ries sont inscrites, \u00e0 l&#8217;exception de la confr\u00e9rie de la Soledad. En plus d&#8217;\u00eatre un festival d&#8217;int\u00e9r\u00eat touristique national en Andalousie, la c\u00e9l\u00e9bration &#8220;El Paso&#8221; a re\u00e7u en 2008 le prix du tourisme de Grenade.<\/p>\n<p>Si vous voulez vivre la Passion, la Mort et la R\u00e9surrection du Christ comme vous ne l&#8217;avez jamais fait auparavant, ressentir toute la d\u00e9votion et conna\u00eetre les anciennes coutumes de quelque chose de plus qu&#8217;une simple f\u00eate religieuse, n&#8217;oubliez pas de visiter Almu\u00f1\u00e9car, la plus ancienne ville de la M\u00e9diterran\u00e9e espagnole \u00e0 l&#8217;occasion de P\u00e2ques, nous vous attendons \u00e0 bras ouverts.<\/p>\n<\/div><\/div>[vc_empty_space][\/vc_column][\/vc_row][vc_row][vc_column]<div class=\"text-block\" ><div class=\"simple-text \"><a href=\"https:\/\/discoveralmunecar.com\/wp-content\/uploads\/2022\/04\/guia-procesiones-2022.pdf\" class=\"pdfemb-viewer\" style=\"\" data-width=\"max\" data-height=\"max\" data-toolbar=\"bottom\" data-toolbar-fixed=\"off\">guia procesiones Almu\u00f1ecar 2022<\/a>\n<\/div><\/div>[\/vc_column][\/vc_row]<\/p>\n","protected":false},"excerpt":{"rendered":"<p>[vc_row][vc_column][vc_video link=&#8221;https:\/\/youtu.be\/4KZmtzzceIU&#8221;][vc_empty_space][\/vc_column][\/vc_row][vc_row][vc_column][\/vc_column][\/vc_row]<\/p>\n","protected":false},"author":2,"featured_media":7822,"comment_status":"open","ping_status":"closed","sticky":false,"template":"","format":"standard","meta":{"footnotes":""},"categories":[117],"tags":[],"class_list":["post-7787","post","type-post","status-publish","format-standard","has-post-thumbnail","hentry","category-non-classifiee"],"yoast_head":"<!-- This site is optimized with the Yoast SEO plugin v27.3 - https:\/\/yoast.com\/product\/yoast-seo-wordpress\/ -->\n<title>Semaine de P\u00e2ques \u00e0 Almu\u00f1\u00e9car 2022 -<\/title>\n<meta name=\"robots\" content=\"index, follow, max-snippet:-1, max-image-preview:large, max-video-preview:-1\" \/>\n<link rel=\"canonical\" href=\"https:\/\/discoveralmunecar.com\/fr\/semaine-de-paques-a-almunecar-2022\/\" \/>\n<meta property=\"og:locale\" content=\"fr_FR\" \/>\n<meta property=\"og:type\" content=\"article\" \/>\n<meta property=\"og:title\" content=\"Semaine de P\u00e2ques \u00e0 Almu\u00f1\u00e9car 2022 -\" \/>\n<meta property=\"og:description\" content=\"[vc_row][vc_column][vc_video link=&#8221;https:\/\/youtu.be\/4KZmtzzceIU&#8221;][vc_empty_space][\/vc_column][\/vc_row][vc_row][vc_column][\/vc_column][\/vc_row]\" \/>\n<meta property=\"og:url\" content=\"https:\/\/discoveralmunecar.com\/fr\/semaine-de-paques-a-almunecar-2022\/\" \/>\n<meta property=\"article:published_time\" content=\"2022-04-07T04:23:57+00:00\" \/>\n<meta property=\"article:modified_time\" content=\"2022-04-12T10:39:09+00:00\" \/>\n<meta property=\"og:image\" content=\"https:\/\/discoveralmunecar.com\/wp-content\/uploads\/2022\/04\/C01031@0.5x.jpg\" \/>\n\t<meta property=\"og:image:width\" content=\"1920\" \/>\n\t<meta property=\"og:image:height\" content=\"1080\" \/>\n\t<meta property=\"og:image:type\" content=\"image\/jpeg\" \/>\n<meta name=\"author\" content=\"Admin\" \/>\n<meta name=\"twitter:card\" content=\"summary_large_image\" \/>\n<meta name=\"twitter:label1\" content=\"\u00c9crit par\" \/>\n\t<meta name=\"twitter:data1\" content=\"Admin\" \/>\n\t<meta name=\"twitter:label2\" content=\"Dur\u00e9e de lecture estim\u00e9e\" \/>\n\t<meta name=\"twitter:data2\" content=\"3 minutes\" \/>\n<script type=\"application\/ld+json\" class=\"yoast-schema-graph\">{\"@context\":\"https:\\\/\\\/schema.org\",\"@graph\":[{\"@type\":\"Article\",\"@id\":\"https:\\\/\\\/discoveralmunecar.com\\\/fr\\\/semaine-de-paques-a-almunecar-2022\\\/#article\",\"isPartOf\":{\"@id\":\"https:\\\/\\\/discoveralmunecar.com\\\/fr\\\/semaine-de-paques-a-almunecar-2022\\\/\"},\"author\":{\"name\":\"Admin\",\"@id\":\"https:\\\/\\\/discoveralmunecar.com\\\/fr\\\/#\\\/schema\\\/person\\\/7d931359380d442b7e8832cd0d6a2db0\"},\"headline\":\"Semaine de P\u00e2ques \u00e0 Almu\u00f1\u00e9car 2022\",\"datePublished\":\"2022-04-07T04:23:57+00:00\",\"dateModified\":\"2022-04-12T10:39:09+00:00\",\"mainEntityOfPage\":{\"@id\":\"https:\\\/\\\/discoveralmunecar.com\\\/fr\\\/semaine-de-paques-a-almunecar-2022\\\/\"},\"wordCount\":726,\"commentCount\":0,\"image\":{\"@id\":\"https:\\\/\\\/discoveralmunecar.com\\\/fr\\\/semaine-de-paques-a-almunecar-2022\\\/#primaryimage\"},\"thumbnailUrl\":\"https:\\\/\\\/discoveralmunecar.com\\\/wp-content\\\/uploads\\\/2022\\\/04\\\/C01031@0.5x.jpg\",\"articleSection\":[\"Non classifi\u00e9(e)\"],\"inLanguage\":\"fr-FR\",\"potentialAction\":[{\"@type\":\"CommentAction\",\"name\":\"Comment\",\"target\":[\"https:\\\/\\\/discoveralmunecar.com\\\/fr\\\/semaine-de-paques-a-almunecar-2022\\\/#respond\"]}]},{\"@type\":\"WebPage\",\"@id\":\"https:\\\/\\\/discoveralmunecar.com\\\/fr\\\/semaine-de-paques-a-almunecar-2022\\\/\",\"url\":\"https:\\\/\\\/discoveralmunecar.com\\\/fr\\\/semaine-de-paques-a-almunecar-2022\\\/\",\"name\":\"Semaine de P\u00e2ques \u00e0 Almu\u00f1\u00e9car 2022 -\",\"isPartOf\":{\"@id\":\"https:\\\/\\\/discoveralmunecar.com\\\/fr\\\/#website\"},\"primaryImageOfPage\":{\"@id\":\"https:\\\/\\\/discoveralmunecar.com\\\/fr\\\/semaine-de-paques-a-almunecar-2022\\\/#primaryimage\"},\"image\":{\"@id\":\"https:\\\/\\\/discoveralmunecar.com\\\/fr\\\/semaine-de-paques-a-almunecar-2022\\\/#primaryimage\"},\"thumbnailUrl\":\"https:\\\/\\\/discoveralmunecar.com\\\/wp-content\\\/uploads\\\/2022\\\/04\\\/C01031@0.5x.jpg\",\"datePublished\":\"2022-04-07T04:23:57+00:00\",\"dateModified\":\"2022-04-12T10:39:09+00:00\",\"author\":{\"@id\":\"https:\\\/\\\/discoveralmunecar.com\\\/fr\\\/#\\\/schema\\\/person\\\/7d931359380d442b7e8832cd0d6a2db0\"},\"breadcrumb\":{\"@id\":\"https:\\\/\\\/discoveralmunecar.com\\\/fr\\\/semaine-de-paques-a-almunecar-2022\\\/#breadcrumb\"},\"inLanguage\":\"fr-FR\",\"potentialAction\":[{\"@type\":\"ReadAction\",\"target\":[\"https:\\\/\\\/discoveralmunecar.com\\\/fr\\\/semaine-de-paques-a-almunecar-2022\\\/\"]}]},{\"@type\":\"ImageObject\",\"inLanguage\":\"fr-FR\",\"@id\":\"https:\\\/\\\/discoveralmunecar.com\\\/fr\\\/semaine-de-paques-a-almunecar-2022\\\/#primaryimage\",\"url\":\"https:\\\/\\\/discoveralmunecar.com\\\/wp-content\\\/uploads\\\/2022\\\/04\\\/C01031@0.5x.jpg\",\"contentUrl\":\"https:\\\/\\\/discoveralmunecar.com\\\/wp-content\\\/uploads\\\/2022\\\/04\\\/C01031@0.5x.jpg\",\"width\":1920,\"height\":1080,\"caption\":\"Semana Santa Almu\u00f1\u00e9car\"},{\"@type\":\"BreadcrumbList\",\"@id\":\"https:\\\/\\\/discoveralmunecar.com\\\/fr\\\/semaine-de-paques-a-almunecar-2022\\\/#breadcrumb\",\"itemListElement\":[{\"@type\":\"ListItem\",\"position\":1,\"name\":\"Home\",\"item\":\"https:\\\/\\\/discoveralmunecar.com\\\/fr\\\/\"},{\"@type\":\"ListItem\",\"position\":2,\"name\":\"Semaine de P\u00e2ques \u00e0 Almu\u00f1\u00e9car 2022\"}]},{\"@type\":\"WebSite\",\"@id\":\"https:\\\/\\\/discoveralmunecar.com\\\/fr\\\/#website\",\"url\":\"https:\\\/\\\/discoveralmunecar.com\\\/fr\\\/\",\"name\":\"\",\"description\":\"Just another WordPress site\\n\",\"potentialAction\":[{\"@type\":\"SearchAction\",\"target\":{\"@type\":\"EntryPoint\",\"urlTemplate\":\"https:\\\/\\\/discoveralmunecar.com\\\/fr\\\/?s={search_term_string}\"},\"query-input\":{\"@type\":\"PropertyValueSpecification\",\"valueRequired\":true,\"valueName\":\"search_term_string\"}}],\"inLanguage\":\"fr-FR\"},{\"@type\":\"Person\",\"@id\":\"https:\\\/\\\/discoveralmunecar.com\\\/fr\\\/#\\\/schema\\\/person\\\/7d931359380d442b7e8832cd0d6a2db0\",\"name\":\"Admin\",\"image\":{\"@type\":\"ImageObject\",\"inLanguage\":\"fr-FR\",\"@id\":\"https:\\\/\\\/secure.gravatar.com\\\/avatar\\\/87aff11e22fb9eda78c606aa27a60cd99fc49aac3a2cf4688b14253df494fd22?s=96&d=mm&r=g\",\"url\":\"https:\\\/\\\/secure.gravatar.com\\\/avatar\\\/87aff11e22fb9eda78c606aa27a60cd99fc49aac3a2cf4688b14253df494fd22?s=96&d=mm&r=g\",\"contentUrl\":\"https:\\\/\\\/secure.gravatar.com\\\/avatar\\\/87aff11e22fb9eda78c606aa27a60cd99fc49aac3a2cf4688b14253df494fd22?s=96&d=mm&r=g\",\"caption\":\"Admin\"},\"url\":\"https:\\\/\\\/discoveralmunecar.com\\\/fr\\\/author\\\/pedro-espinosa\\\/\"}]}<\/script>\n<!-- \/ Yoast SEO plugin. -->","yoast_head_json":{"title":"Semaine de P\u00e2ques \u00e0 Almu\u00f1\u00e9car 2022 -","robots":{"index":"index","follow":"follow","max-snippet":"max-snippet:-1","max-image-preview":"max-image-preview:large","max-video-preview":"max-video-preview:-1"},"canonical":"https:\/\/discoveralmunecar.com\/fr\/semaine-de-paques-a-almunecar-2022\/","og_locale":"fr_FR","og_type":"article","og_title":"Semaine de P\u00e2ques \u00e0 Almu\u00f1\u00e9car 2022 -","og_description":"[vc_row][vc_column][vc_video link=&#8221;https:\/\/youtu.be\/4KZmtzzceIU&#8221;][vc_empty_space][\/vc_column][\/vc_row][vc_row][vc_column][\/vc_column][\/vc_row]","og_url":"https:\/\/discoveralmunecar.com\/fr\/semaine-de-paques-a-almunecar-2022\/","article_published_time":"2022-04-07T04:23:57+00:00","article_modified_time":"2022-04-12T10:39:09+00:00","og_image":[{"width":1920,"height":1080,"url":"https:\/\/discoveralmunecar.com\/wp-content\/uploads\/2022\/04\/C01031@0.5x.jpg","type":"image\/jpeg"}],"author":"Admin","twitter_card":"summary_large_image","twitter_misc":{"\u00c9crit par":"Admin","Dur\u00e9e de lecture estim\u00e9e":"3 minutes"},"schema":{"@context":"https:\/\/schema.org","@graph":[{"@type":"Article","@id":"https:\/\/discoveralmunecar.com\/fr\/semaine-de-paques-a-almunecar-2022\/#article","isPartOf":{"@id":"https:\/\/discoveralmunecar.com\/fr\/semaine-de-paques-a-almunecar-2022\/"},"author":{"name":"Admin","@id":"https:\/\/discoveralmunecar.com\/fr\/#\/schema\/person\/7d931359380d442b7e8832cd0d6a2db0"},"headline":"Semaine de P\u00e2ques \u00e0 Almu\u00f1\u00e9car 2022","datePublished":"2022-04-07T04:23:57+00:00","dateModified":"2022-04-12T10:39:09+00:00","mainEntityOfPage":{"@id":"https:\/\/discoveralmunecar.com\/fr\/semaine-de-paques-a-almunecar-2022\/"},"wordCount":726,"commentCount":0,"image":{"@id":"https:\/\/discoveralmunecar.com\/fr\/semaine-de-paques-a-almunecar-2022\/#primaryimage"},"thumbnailUrl":"https:\/\/discoveralmunecar.com\/wp-content\/uploads\/2022\/04\/C01031@0.5x.jpg","articleSection":["Non classifi\u00e9(e)"],"inLanguage":"fr-FR","potentialAction":[{"@type":"CommentAction","name":"Comment","target":["https:\/\/discoveralmunecar.com\/fr\/semaine-de-paques-a-almunecar-2022\/#respond"]}]},{"@type":"WebPage","@id":"https:\/\/discoveralmunecar.com\/fr\/semaine-de-paques-a-almunecar-2022\/","url":"https:\/\/discoveralmunecar.com\/fr\/semaine-de-paques-a-almunecar-2022\/","name":"Semaine de P\u00e2ques \u00e0 Almu\u00f1\u00e9car 2022 -","isPartOf":{"@id":"https:\/\/discoveralmunecar.com\/fr\/#website"},"primaryImageOfPage":{"@id":"https:\/\/discoveralmunecar.com\/fr\/semaine-de-paques-a-almunecar-2022\/#primaryimage"},"image":{"@id":"https:\/\/discoveralmunecar.com\/fr\/semaine-de-paques-a-almunecar-2022\/#primaryimage"},"thumbnailUrl":"https:\/\/discoveralmunecar.com\/wp-content\/uploads\/2022\/04\/C01031@0.5x.jpg","datePublished":"2022-04-07T04:23:57+00:00","dateModified":"2022-04-12T10:39:09+00:00","author":{"@id":"https:\/\/discoveralmunecar.com\/fr\/#\/schema\/person\/7d931359380d442b7e8832cd0d6a2db0"},"breadcrumb":{"@id":"https:\/\/discoveralmunecar.com\/fr\/semaine-de-paques-a-almunecar-2022\/#breadcrumb"},"inLanguage":"fr-FR","potentialAction":[{"@type":"ReadAction","target":["https:\/\/discoveralmunecar.com\/fr\/semaine-de-paques-a-almunecar-2022\/"]}]},{"@type":"ImageObject","inLanguage":"fr-FR","@id":"https:\/\/discoveralmunecar.com\/fr\/semaine-de-paques-a-almunecar-2022\/#primaryimage","url":"https:\/\/discoveralmunecar.com\/wp-content\/uploads\/2022\/04\/C01031@0.5x.jpg","contentUrl":"https:\/\/discoveralmunecar.com\/wp-content\/uploads\/2022\/04\/C01031@0.5x.jpg","width":1920,"height":1080,"caption":"Semana Santa Almu\u00f1\u00e9car"},{"@type":"BreadcrumbList","@id":"https:\/\/discoveralmunecar.com\/fr\/semaine-de-paques-a-almunecar-2022\/#breadcrumb","itemListElement":[{"@type":"ListItem","position":1,"name":"Home","item":"https:\/\/discoveralmunecar.com\/fr\/"},{"@type":"ListItem","position":2,"name":"Semaine de P\u00e2ques \u00e0 Almu\u00f1\u00e9car 2022"}]},{"@type":"WebSite","@id":"https:\/\/discoveralmunecar.com\/fr\/#website","url":"https:\/\/discoveralmunecar.com\/fr\/","name":"","description":"Just another WordPress site\n","potentialAction":[{"@type":"SearchAction","target":{"@type":"EntryPoint","urlTemplate":"https:\/\/discoveralmunecar.com\/fr\/?s={search_term_string}"},"query-input":{"@type":"PropertyValueSpecification","valueRequired":true,"valueName":"search_term_string"}}],"inLanguage":"fr-FR"},{"@type":"Person","@id":"https:\/\/discoveralmunecar.com\/fr\/#\/schema\/person\/7d931359380d442b7e8832cd0d6a2db0","name":"Admin","image":{"@type":"ImageObject","inLanguage":"fr-FR","@id":"https:\/\/secure.gravatar.com\/avatar\/87aff11e22fb9eda78c606aa27a60cd99fc49aac3a2cf4688b14253df494fd22?s=96&d=mm&r=g","url":"https:\/\/secure.gravatar.com\/avatar\/87aff11e22fb9eda78c606aa27a60cd99fc49aac3a2cf4688b14253df494fd22?s=96&d=mm&r=g","contentUrl":"https:\/\/secure.gravatar.com\/avatar\/87aff11e22fb9eda78c606aa27a60cd99fc49aac3a2cf4688b14253df494fd22?s=96&d=mm&r=g","caption":"Admin"},"url":"https:\/\/discoveralmunecar.com\/fr\/author\/pedro-espinosa\/"}]}},"_links":{"self":[{"href":"https:\/\/discoveralmunecar.com\/fr\/wp-json\/wp\/v2\/posts\/7787","targetHints":{"allow":["GET"]}}],"collection":[{"href":"https:\/\/discoveralmunecar.com\/fr\/wp-json\/wp\/v2\/posts"}],"about":[{"href":"https:\/\/discoveralmunecar.com\/fr\/wp-json\/wp\/v2\/types\/post"}],"author":[{"embeddable":true,"href":"https:\/\/discoveralmunecar.com\/fr\/wp-json\/wp\/v2\/users\/2"}],"replies":[{"embeddable":true,"href":"https:\/\/discoveralmunecar.com\/fr\/wp-json\/wp\/v2\/comments?post=7787"}],"version-history":[{"count":3,"href":"https:\/\/discoveralmunecar.com\/fr\/wp-json\/wp\/v2\/posts\/7787\/revisions"}],"predecessor-version":[{"id":7831,"href":"https:\/\/discoveralmunecar.com\/fr\/wp-json\/wp\/v2\/posts\/7787\/revisions\/7831"}],"wp:featuredmedia":[{"embeddable":true,"href":"https:\/\/discoveralmunecar.com\/fr\/wp-json\/wp\/v2\/media\/7822"}],"wp:attachment":[{"href":"https:\/\/discoveralmunecar.com\/fr\/wp-json\/wp\/v2\/media?parent=7787"}],"wp:term":[{"taxonomy":"category","embeddable":true,"href":"https:\/\/discoveralmunecar.com\/fr\/wp-json\/wp\/v2\/categories?post=7787"},{"taxonomy":"post_tag","embeddable":true,"href":"https:\/\/discoveralmunecar.com\/fr\/wp-json\/wp\/v2\/tags?post=7787"}],"curies":[{"name":"wp","href":"https:\/\/api.w.org\/{rel}","templated":true}]}}