{"id":13653,"date":"2023-04-03T09:42:33","date_gmt":"2023-04-03T09:42:33","guid":{"rendered":"https:\/\/discoveralmunecar.com\/?p=13653"},"modified":"2023-04-03T09:42:33","modified_gmt":"2023-04-03T09:42:33","slug":"wielki-tydzien-w-almunecar-2023","status":"publish","type":"post","link":"https:\/\/discoveralmunecar.com\/pl\/wielki-tydzien-w-almunecar-2023\/","title":{"rendered":"Wielki Tydzie\u0144 w Almunecar 2023"},"content":{"rendered":"<p>[vc_row full_width=&#8221;stretch_row&#8221; awb_type=&#8221;video&#8221; awb_video_mobile=&#8221;1&#8243; css=&#8221;.vc_custom_1680436619473{padding-top: 600px !important;}&#8221; awb_video_mp4=&#8221;https:\/\/discoveralmunecar.com\/wp-content\/uploads\/2023\/03\/Semana-Santa-2023.mp4&#8243;][vc_column][\/vc_column][\/vc_row][vc_row][vc_column][vc_empty_space][\/vc_column][\/vc_row][vc_row][vc_column]<div class=\"text-block\" ><div class=\"simple-text \"><p>Wiosna i dobra pogoda przybywaj\u0105 do Almu\u00f1\u00e9car, a wraz z ni\u0105 oczekiwany Wielki Tydzie\u0144. Jest to d\u0142ugo wyczekiwany tydzie\u0144, poniewa\u017c nie ma ju\u017c \u017cadnych ogranicze\u0144 z powodu pandemii, kt\u00f3rej do\u015bwiadczyli\u015bmy, a tak\u017ce prognozowana jest dobra pogoda na tydzie\u0144 od 31 marca do 9 kwietnia.<\/p>\n<p>W ca\u0142ej Andaluzji Tydzie\u0144 M\u0119ki i Zmartwychwstania Jezusa Chrystusa prze\u017cywany jest z wielk\u0105 pobo\u017cno\u015bci\u0105, w ka\u017cdym mie\u015bcie, miasteczku, wsi&#8230; odprawiane s\u0105 klasyczne procesje. Polegaj\u0105ce na noszeniu na ramionach przez g\u0142\u00f3wne ulice miasta obrazu okre\u015blonego momentu M\u0119ki Pa\u0144skiej, niesionego na ramionach \u201ecostaleros\u201d, kt\u00f3remu towarzyszy wielka parada pokutnik\u00f3w z ich klasyczne kapelusze w kszta\u0142cie sto\u017cka, orkiestra muzyczna, wojsko, czasem tak\u017ce policja, zwierz\u0119ce rydwany, aw najbardziej spektakularnych przypadkach nawet legiony rzymskie towarzysz\u0105 procesji.<\/p>\n<p>Parada procesji g\u0142\u00f3wnymi ulicami Almu\u00f1\u00e9car rozpoczyna si\u0119 w Niedziel\u0119 Palmow\u0105, kt\u00f3ra w tym roku przypada 2 kwietnia.<\/p>\n<p><img fetchpriority=\"high\" decoding=\"async\" class=\"alignnone size-full wp-image-13610\" src=\"https:\/\/discoveralmunecar.com\/wp-content\/uploads\/2023\/03\/Semana-Santa-Almun\u0303e\u0301car-2.webp\" alt=\"\" width=\"1920\" height=\"1080\" srcset=\"https:\/\/discoveralmunecar.com\/wp-content\/uploads\/2023\/03\/Semana-Santa-Almun\u0303e\u0301car-2.webp 1920w, https:\/\/discoveralmunecar.com\/wp-content\/uploads\/2023\/03\/Semana-Santa-Almun\u0303e\u0301car-2-300x169.webp 300w, https:\/\/discoveralmunecar.com\/wp-content\/uploads\/2023\/03\/Semana-Santa-Almun\u0303e\u0301car-2-768x432.webp 768w, https:\/\/discoveralmunecar.com\/wp-content\/uploads\/2023\/03\/Semana-Santa-Almun\u0303e\u0301car-2-1536x864.webp 1536w, https:\/\/discoveralmunecar.com\/wp-content\/uploads\/2023\/03\/Semana-Santa-Almun\u0303e\u0301car-2-500x281.webp 500w, https:\/\/discoveralmunecar.com\/wp-content\/uploads\/2023\/03\/Semana-Santa-Almun\u0303e\u0301car-2-800x450.webp 800w, https:\/\/discoveralmunecar.com\/wp-content\/uploads\/2023\/03\/Semana-Santa-Almun\u0303e\u0301car-2-1280x720.webp 1280w, https:\/\/discoveralmunecar.com\/wp-content\/uploads\/2023\/03\/Semana-Santa-Almun\u0303e\u0301car-2-290x162.webp 290w\" sizes=\"(max-width: 1920px) 100vw, 1920px\" \/><\/p>\n<h3>Ca\u0142a tradycja<\/h3>\n<p>Zapach kadzide\u0142, oddanie, uczucie to Wielki Tydzie\u0144 w najstarszym mie\u015bcie w hiszpa\u0144skim basenie Morza \u015ar\u00f3dziemnego, 16 bractw, kt\u00f3re bardzo dobrze przygotowuj\u0105 si\u0119 przez ca\u0142y rok, \u0107wicz\u0105c i przygotowuj\u0105c si\u0119 do prze\u017cycia Wielkiego Tygodnia z ca\u0142\u0105 wiar\u0105.<\/p>\n<p>Stacje pokutne (procesje) od wiek\u00f3w ci\u0105gn\u0105 si\u0119 ulicami historycznego centrum Almu\u00f1\u00e9car do wczesnych godzin porannych. W jednym z najpi\u0119kniejszych i najbardziej imponuj\u0105cych wydarze\u0144 roku.<\/p>\n<h3><img decoding=\"async\" class=\"alignnone size-full wp-image-13614\" src=\"https:\/\/discoveralmunecar.com\/wp-content\/uploads\/2023\/03\/Semana-Santa-Almun\u0303e\u0301car-4.webp\" alt=\"\" width=\"1920\" height=\"1080\" srcset=\"https:\/\/discoveralmunecar.com\/wp-content\/uploads\/2023\/03\/Semana-Santa-Almun\u0303e\u0301car-4.webp 1920w, https:\/\/discoveralmunecar.com\/wp-content\/uploads\/2023\/03\/Semana-Santa-Almun\u0303e\u0301car-4-300x169.webp 300w, https:\/\/discoveralmunecar.com\/wp-content\/uploads\/2023\/03\/Semana-Santa-Almun\u0303e\u0301car-4-768x432.webp 768w, https:\/\/discoveralmunecar.com\/wp-content\/uploads\/2023\/03\/Semana-Santa-Almun\u0303e\u0301car-4-1536x864.webp 1536w, https:\/\/discoveralmunecar.com\/wp-content\/uploads\/2023\/03\/Semana-Santa-Almun\u0303e\u0301car-4-500x281.webp 500w, https:\/\/discoveralmunecar.com\/wp-content\/uploads\/2023\/03\/Semana-Santa-Almun\u0303e\u0301car-4-800x450.webp 800w, https:\/\/discoveralmunecar.com\/wp-content\/uploads\/2023\/03\/Semana-Santa-Almun\u0303e\u0301car-4-1280x720.webp 1280w, https:\/\/discoveralmunecar.com\/wp-content\/uploads\/2023\/03\/Semana-Santa-Almun\u0303e\u0301car-4-290x162.webp 290w\" sizes=\"(max-width: 1920px) 100vw, 1920px\" \/><\/h3>\n<h3>Ciekawostki Wielkiego Tygodnia w Almu\u00f1\u00e9car<\/h3>\n<p>W Wielki Czwartek, w tym roku b\u0119dzie to 6 kwietnia, w procesji wyrusz\u0105 trzej najstarsi bracia miasta: bracia z La Esperanza, bracia z Nazaretu, a tak\u017ce Virgen de los Dolores.<\/p>\n<p>Ponadto czym\u015b wyj\u0105tkowym w Wielkim Tygodniu w Almu\u00f1\u00e9car jest tradycja celebrowania \u201eEl Paso\u201d, czyli Wielkiego Pi\u0105tkowego poranka, w tym roku 7 kwietnia, w kt\u00f3rym sakramentalne auto podr\u00f3\u017cy, kt\u00f3r\u0105 nasz Pan Jezus Chrystus ulic\u0105 goryczy na G\u00f3r\u0119 Kalwari\u0119.<\/p>\n<p>Ju\u017c w Niedziel\u0119 Wielkanocn\u0105, kt\u00f3ra w tym roku wypadnie 9 kwietnia, ko\u0144czy si\u0119 Wielki Tydzie\u0144 w Almu\u00f1\u00e9car, procesja Naszego Ojca Jezusa Zmartwychwsta\u0142ego i Santa Mar\u00eda del Triunfo.<\/p>\n<h3><\/h3>\n<h3><img decoding=\"async\" class=\"alignnone size-full wp-image-13618\" src=\"https:\/\/discoveralmunecar.com\/wp-content\/uploads\/2023\/03\/Semana-Santa-Almun\u0303e\u0301car-3.webp\" alt=\"\" width=\"1314\" height=\"739\" srcset=\"https:\/\/discoveralmunecar.com\/wp-content\/uploads\/2023\/03\/Semana-Santa-Almun\u0303e\u0301car-3.webp 1314w, https:\/\/discoveralmunecar.com\/wp-content\/uploads\/2023\/03\/Semana-Santa-Almun\u0303e\u0301car-3-300x169.webp 300w, https:\/\/discoveralmunecar.com\/wp-content\/uploads\/2023\/03\/Semana-Santa-Almun\u0303e\u0301car-3-768x432.webp 768w, https:\/\/discoveralmunecar.com\/wp-content\/uploads\/2023\/03\/Semana-Santa-Almun\u0303e\u0301car-3-500x281.webp 500w, https:\/\/discoveralmunecar.com\/wp-content\/uploads\/2023\/03\/Semana-Santa-Almun\u0303e\u0301car-3-800x450.webp 800w, https:\/\/discoveralmunecar.com\/wp-content\/uploads\/2023\/03\/Semana-Santa-Almun\u0303e\u0301car-3-1280x720.webp 1280w, https:\/\/discoveralmunecar.com\/wp-content\/uploads\/2023\/03\/Semana-Santa-Almun\u0303e\u0301car-3-290x162.webp 290w\" sizes=\"(max-width: 1314px) 100vw, 1314px\" \/><\/h3>\n<h3>Przyjd\u017a i \u017cyj tym<\/h3>\n<p>Nie czekaj, a\u017c ci powiedz\u0105, przyjed\u017a i ciesz si\u0119 Almu\u00f1\u00e9car i jego Wielkim Tygodniem od 31 marca do 9 kwietnia 2023 r., poniewa\u017c podczas Wielkiego Tygodnia w Almu\u00f1\u00e9car mo\u017cna cieszy\u0107 si\u0119 nie tylko procesjami, poniewa\u017c dzi\u0119ki uprzywilejowanemu klimatowi wiosna jest jedn\u0105 z najlepsze daty, aby cieszy\u0107 si\u0119 pierwszymi k\u0105pielami na pla\u017cy, s\u0142o\u0144cem, barami na pla\u017cy i gastronomi\u0105, a tak\u017ce ca\u0142\u0105 histori\u0105 i kultur\u0105 reprezentowan\u0105 i eksponowan\u0105 we wszystkich zabytkach i muzeach Sexitan, pocz\u0105wszy od staro\u017cytno\u015bci (od czas\u00f3w Fenicjan) do wsp\u00f3\u0142czesno\u015bci.<\/p>\n<\/div><\/div>[vc_empty_space][\/vc_column][\/vc_row][vc_row][vc_column][vc_btn title=&#8221;Gu\u00eda procesiones Almu\u00f1\u00e9car 2023&#8243; color=&#8221;turquoise&#8221; align=&#8221;center&#8221; button_block=&#8221;true&#8221; link=&#8221;url:https%3A%2F%2Fdiscoveralmunecar.com%2Fwp-content%2Fuploads%2F2023%2F04%2FGui%CC%81a-Procesiones-Almun%CC%83e%CC%81car-2023.pdf&#8221;][\/vc_column][\/vc_row]<\/p>\n","protected":false},"excerpt":{"rendered":"<p>[vc_row full_width=&#8221;stretch_row&#8221; awb_type=&#8221;video&#8221; awb_video_mobile=&#8221;1&#8243; css=&#8221;.vc_custom_1680436619473{padding-top: 600px !important;}&#8221; awb_video_mp4=&#8221;https:\/\/discoveralmunecar.com\/wp-content\/uploads\/2023\/03\/Semana-Santa-2023.mp4&#8243;][vc_column][\/vc_column][\/vc_row][vc_row][vc_column][vc_empty_space][\/vc_column][\/vc_row][vc_row][vc_column][vc_empty_space][\/vc_column][\/vc_row][vc_row][vc_column][vc_btn title=&#8221;Gu\u00eda procesiones Almu\u00f1\u00e9car 2023&#8243; color=&#8221;turquoise&#8221; align=&#8221;center&#8221; button_block=&#8221;true&#8221; link=&#8221;url:https%3A%2F%2Fdiscoveralmunecar.com%2Fwp-content%2Fuploads%2F2023%2F04%2FGui%CC%81a-Procesiones-Almun%CC%83e%CC%81car-2023.pdf&#8221;][\/vc_column][\/vc_row]<\/p>\n","protected":false},"author":2,"featured_media":13641,"comment_status":"open","ping_status":"closed","sticky":false,"template":"","format":"standard","meta":{"footnotes":""},"categories":[196,193,191],"tags":[],"class_list":["post-13653","post","type-post","status-publish","format-standard","has-post-thumbnail","hentry","category-co-nalezy-zrobic","category-lokalne-festyny-w-almunecar","category-wydarzenia-w-almunecar"],"yoast_head":"<!-- This site is optimized with the Yoast SEO plugin v27.3 - https:\/\/yoast.com\/product\/yoast-seo-wordpress\/ -->\n<title>Wielki Tydzie\u0144 w Almunecar 2023 -<\/title>\n<meta name=\"robots\" content=\"index, follow, max-snippet:-1, max-image-preview:large, max-video-preview:-1\" \/>\n<link rel=\"canonical\" href=\"https:\/\/discoveralmunecar.com\/pl\/wielki-tydzien-w-almunecar-2023\/\" \/>\n<meta property=\"og:locale\" content=\"pl_PL\" \/>\n<meta property=\"og:type\" content=\"article\" \/>\n<meta property=\"og:title\" content=\"Wielki Tydzie\u0144 w Almunecar 2023 -\" \/>\n<meta property=\"og:description\" content=\"[vc_row full_width=&#8221;stretch_row&#8221; awb_type=&#8221;video&#8221; awb_video_mobile=&#8221;1&#8243; css=&#8221;.vc_custom_1680436619473{padding-top: 600px !important;}&#8221; awb_video_mp4=&#8221;https:\/\/discoveralmunecar.com\/wp-content\/uploads\/2023\/03\/Semana-Santa-2023.mp4&#8243;][vc_column][\/vc_column][\/vc_row][vc_row][vc_column][vc_empty_space][\/vc_column][\/vc_row][vc_row][vc_column][vc_empty_space][\/vc_column][\/vc_row][vc_row][vc_column][vc_btn title=&#8221;Gu\u00eda procesiones Almu\u00f1\u00e9car 2023&#8243; color=&#8221;turquoise&#8221; align=&#8221;center&#8221; button_block=&#8221;true&#8221; link=&#8221;url:https%3A%2F%2Fdiscoveralmunecar.com%2Fwp-content%2Fuploads%2F2023%2F04%2FGui%CC%81a-Procesiones-Almun%CC%83e%CC%81car-2023.pdf&#8221;][\/vc_column][\/vc_row]\" \/>\n<meta property=\"og:url\" content=\"https:\/\/discoveralmunecar.com\/pl\/wielki-tydzien-w-almunecar-2023\/\" \/>\n<meta property=\"article:published_time\" content=\"2023-04-03T09:42:33+00:00\" \/>\n<meta property=\"og:image\" content=\"https:\/\/discoveralmunecar.com\/wp-content\/uploads\/2023\/03\/Semana-Santa-Almun\u0303e\u0301car-3-1.webp\" \/>\n\t<meta property=\"og:image:width\" content=\"1314\" \/>\n\t<meta property=\"og:image:height\" content=\"739\" \/>\n\t<meta property=\"og:image:type\" content=\"image\/webp\" \/>\n<meta name=\"author\" content=\"Admin\" \/>\n<meta name=\"twitter:card\" content=\"summary_large_image\" \/>\n<meta name=\"twitter:label1\" content=\"Napisane przez\" \/>\n\t<meta name=\"twitter:data1\" content=\"Admin\" \/>\n\t<meta name=\"twitter:label2\" content=\"Szacowany czas czytania\" \/>\n\t<meta name=\"twitter:data2\" content=\"3 minuty\" \/>\n<script type=\"application\/ld+json\" class=\"yoast-schema-graph\">{\"@context\":\"https:\\\/\\\/schema.org\",\"@graph\":[{\"@type\":\"Article\",\"@id\":\"https:\\\/\\\/discoveralmunecar.com\\\/pl\\\/wielki-tydzien-w-almunecar-2023\\\/#article\",\"isPartOf\":{\"@id\":\"https:\\\/\\\/discoveralmunecar.com\\\/pl\\\/wielki-tydzien-w-almunecar-2023\\\/\"},\"author\":{\"name\":\"Admin\",\"@id\":\"https:\\\/\\\/discoveralmunecar.com\\\/pl\\\/#\\\/schema\\\/person\\\/7d931359380d442b7e8832cd0d6a2db0\"},\"headline\":\"Wielki Tydzie\u0144 w Almunecar 2023\",\"datePublished\":\"2023-04-03T09:42:33+00:00\",\"mainEntityOfPage\":{\"@id\":\"https:\\\/\\\/discoveralmunecar.com\\\/pl\\\/wielki-tydzien-w-almunecar-2023\\\/\"},\"wordCount\":546,\"commentCount\":0,\"image\":{\"@id\":\"https:\\\/\\\/discoveralmunecar.com\\\/pl\\\/wielki-tydzien-w-almunecar-2023\\\/#primaryimage\"},\"thumbnailUrl\":\"https:\\\/\\\/discoveralmunecar.com\\\/wp-content\\\/uploads\\\/2023\\\/03\\\/Semana-Santa-Almun\u0303e\u0301car-3-1.webp\",\"articleSection\":[\"Co nale\u017cy zrobi\u0107\",\"Lokalne festyny w Almu\u00f1\u00e9car\",\"Wydarzenia w Almu\u00f1\u00e9car\"],\"inLanguage\":\"pl-PL\",\"potentialAction\":[{\"@type\":\"CommentAction\",\"name\":\"Comment\",\"target\":[\"https:\\\/\\\/discoveralmunecar.com\\\/pl\\\/wielki-tydzien-w-almunecar-2023\\\/#respond\"]}]},{\"@type\":\"WebPage\",\"@id\":\"https:\\\/\\\/discoveralmunecar.com\\\/pl\\\/wielki-tydzien-w-almunecar-2023\\\/\",\"url\":\"https:\\\/\\\/discoveralmunecar.com\\\/pl\\\/wielki-tydzien-w-almunecar-2023\\\/\",\"name\":\"Wielki Tydzie\u0144 w Almunecar 2023 -\",\"isPartOf\":{\"@id\":\"https:\\\/\\\/discoveralmunecar.com\\\/pl\\\/#website\"},\"primaryImageOfPage\":{\"@id\":\"https:\\\/\\\/discoveralmunecar.com\\\/pl\\\/wielki-tydzien-w-almunecar-2023\\\/#primaryimage\"},\"image\":{\"@id\":\"https:\\\/\\\/discoveralmunecar.com\\\/pl\\\/wielki-tydzien-w-almunecar-2023\\\/#primaryimage\"},\"thumbnailUrl\":\"https:\\\/\\\/discoveralmunecar.com\\\/wp-content\\\/uploads\\\/2023\\\/03\\\/Semana-Santa-Almun\u0303e\u0301car-3-1.webp\",\"datePublished\":\"2023-04-03T09:42:33+00:00\",\"author\":{\"@id\":\"https:\\\/\\\/discoveralmunecar.com\\\/pl\\\/#\\\/schema\\\/person\\\/7d931359380d442b7e8832cd0d6a2db0\"},\"breadcrumb\":{\"@id\":\"https:\\\/\\\/discoveralmunecar.com\\\/pl\\\/wielki-tydzien-w-almunecar-2023\\\/#breadcrumb\"},\"inLanguage\":\"pl-PL\",\"potentialAction\":[{\"@type\":\"ReadAction\",\"target\":[\"https:\\\/\\\/discoveralmunecar.com\\\/pl\\\/wielki-tydzien-w-almunecar-2023\\\/\"]}]},{\"@type\":\"ImageObject\",\"inLanguage\":\"pl-PL\",\"@id\":\"https:\\\/\\\/discoveralmunecar.com\\\/pl\\\/wielki-tydzien-w-almunecar-2023\\\/#primaryimage\",\"url\":\"https:\\\/\\\/discoveralmunecar.com\\\/wp-content\\\/uploads\\\/2023\\\/03\\\/Semana-Santa-Almun\u0303e\u0301car-3-1.webp\",\"contentUrl\":\"https:\\\/\\\/discoveralmunecar.com\\\/wp-content\\\/uploads\\\/2023\\\/03\\\/Semana-Santa-Almun\u0303e\u0301car-3-1.webp\",\"width\":1314,\"height\":739},{\"@type\":\"BreadcrumbList\",\"@id\":\"https:\\\/\\\/discoveralmunecar.com\\\/pl\\\/wielki-tydzien-w-almunecar-2023\\\/#breadcrumb\",\"itemListElement\":[{\"@type\":\"ListItem\",\"position\":1,\"name\":\"Home\",\"item\":\"https:\\\/\\\/discoveralmunecar.com\\\/pl\\\/\"},{\"@type\":\"ListItem\",\"position\":2,\"name\":\"Wielki Tydzie\u0144 w Almunecar 2023\"}]},{\"@type\":\"WebSite\",\"@id\":\"https:\\\/\\\/discoveralmunecar.com\\\/pl\\\/#website\",\"url\":\"https:\\\/\\\/discoveralmunecar.com\\\/pl\\\/\",\"name\":\"\",\"description\":\"Just another WordPress site\\n\",\"potentialAction\":[{\"@type\":\"SearchAction\",\"target\":{\"@type\":\"EntryPoint\",\"urlTemplate\":\"https:\\\/\\\/discoveralmunecar.com\\\/pl\\\/?s={search_term_string}\"},\"query-input\":{\"@type\":\"PropertyValueSpecification\",\"valueRequired\":true,\"valueName\":\"search_term_string\"}}],\"inLanguage\":\"pl-PL\"},{\"@type\":\"Person\",\"@id\":\"https:\\\/\\\/discoveralmunecar.com\\\/pl\\\/#\\\/schema\\\/person\\\/7d931359380d442b7e8832cd0d6a2db0\",\"name\":\"Admin\",\"image\":{\"@type\":\"ImageObject\",\"inLanguage\":\"pl-PL\",\"@id\":\"https:\\\/\\\/secure.gravatar.com\\\/avatar\\\/87aff11e22fb9eda78c606aa27a60cd99fc49aac3a2cf4688b14253df494fd22?s=96&d=mm&r=g\",\"url\":\"https:\\\/\\\/secure.gravatar.com\\\/avatar\\\/87aff11e22fb9eda78c606aa27a60cd99fc49aac3a2cf4688b14253df494fd22?s=96&d=mm&r=g\",\"contentUrl\":\"https:\\\/\\\/secure.gravatar.com\\\/avatar\\\/87aff11e22fb9eda78c606aa27a60cd99fc49aac3a2cf4688b14253df494fd22?s=96&d=mm&r=g\",\"caption\":\"Admin\"},\"url\":\"https:\\\/\\\/discoveralmunecar.com\\\/pl\\\/author\\\/pedro-espinosa\\\/\"}]}<\/script>\n<!-- \/ Yoast SEO plugin. -->","yoast_head_json":{"title":"Wielki Tydzie\u0144 w Almunecar 2023 -","robots":{"index":"index","follow":"follow","max-snippet":"max-snippet:-1","max-image-preview":"max-image-preview:large","max-video-preview":"max-video-preview:-1"},"canonical":"https:\/\/discoveralmunecar.com\/pl\/wielki-tydzien-w-almunecar-2023\/","og_locale":"pl_PL","og_type":"article","og_title":"Wielki Tydzie\u0144 w Almunecar 2023 -","og_description":"[vc_row full_width=&#8221;stretch_row&#8221; awb_type=&#8221;video&#8221; awb_video_mobile=&#8221;1&#8243; css=&#8221;.vc_custom_1680436619473{padding-top: 600px !important;}&#8221; awb_video_mp4=&#8221;https:\/\/discoveralmunecar.com\/wp-content\/uploads\/2023\/03\/Semana-Santa-2023.mp4&#8243;][vc_column][\/vc_column][\/vc_row][vc_row][vc_column][vc_empty_space][\/vc_column][\/vc_row][vc_row][vc_column][vc_empty_space][\/vc_column][\/vc_row][vc_row][vc_column][vc_btn title=&#8221;Gu\u00eda procesiones Almu\u00f1\u00e9car 2023&#8243; color=&#8221;turquoise&#8221; align=&#8221;center&#8221; button_block=&#8221;true&#8221; link=&#8221;url:https%3A%2F%2Fdiscoveralmunecar.com%2Fwp-content%2Fuploads%2F2023%2F04%2FGui%CC%81a-Procesiones-Almun%CC%83e%CC%81car-2023.pdf&#8221;][\/vc_column][\/vc_row]","og_url":"https:\/\/discoveralmunecar.com\/pl\/wielki-tydzien-w-almunecar-2023\/","article_published_time":"2023-04-03T09:42:33+00:00","og_image":[{"width":1314,"height":739,"url":"https:\/\/discoveralmunecar.com\/wp-content\/uploads\/2023\/03\/Semana-Santa-Almun\u0303e\u0301car-3-1.webp","type":"image\/webp"}],"author":"Admin","twitter_card":"summary_large_image","twitter_misc":{"Napisane przez":"Admin","Szacowany czas czytania":"3 minuty"},"schema":{"@context":"https:\/\/schema.org","@graph":[{"@type":"Article","@id":"https:\/\/discoveralmunecar.com\/pl\/wielki-tydzien-w-almunecar-2023\/#article","isPartOf":{"@id":"https:\/\/discoveralmunecar.com\/pl\/wielki-tydzien-w-almunecar-2023\/"},"author":{"name":"Admin","@id":"https:\/\/discoveralmunecar.com\/pl\/#\/schema\/person\/7d931359380d442b7e8832cd0d6a2db0"},"headline":"Wielki Tydzie\u0144 w Almunecar 2023","datePublished":"2023-04-03T09:42:33+00:00","mainEntityOfPage":{"@id":"https:\/\/discoveralmunecar.com\/pl\/wielki-tydzien-w-almunecar-2023\/"},"wordCount":546,"commentCount":0,"image":{"@id":"https:\/\/discoveralmunecar.com\/pl\/wielki-tydzien-w-almunecar-2023\/#primaryimage"},"thumbnailUrl":"https:\/\/discoveralmunecar.com\/wp-content\/uploads\/2023\/03\/Semana-Santa-Almun\u0303e\u0301car-3-1.webp","articleSection":["Co nale\u017cy zrobi\u0107","Lokalne festyny w Almu\u00f1\u00e9car","Wydarzenia w Almu\u00f1\u00e9car"],"inLanguage":"pl-PL","potentialAction":[{"@type":"CommentAction","name":"Comment","target":["https:\/\/discoveralmunecar.com\/pl\/wielki-tydzien-w-almunecar-2023\/#respond"]}]},{"@type":"WebPage","@id":"https:\/\/discoveralmunecar.com\/pl\/wielki-tydzien-w-almunecar-2023\/","url":"https:\/\/discoveralmunecar.com\/pl\/wielki-tydzien-w-almunecar-2023\/","name":"Wielki Tydzie\u0144 w Almunecar 2023 -","isPartOf":{"@id":"https:\/\/discoveralmunecar.com\/pl\/#website"},"primaryImageOfPage":{"@id":"https:\/\/discoveralmunecar.com\/pl\/wielki-tydzien-w-almunecar-2023\/#primaryimage"},"image":{"@id":"https:\/\/discoveralmunecar.com\/pl\/wielki-tydzien-w-almunecar-2023\/#primaryimage"},"thumbnailUrl":"https:\/\/discoveralmunecar.com\/wp-content\/uploads\/2023\/03\/Semana-Santa-Almun\u0303e\u0301car-3-1.webp","datePublished":"2023-04-03T09:42:33+00:00","author":{"@id":"https:\/\/discoveralmunecar.com\/pl\/#\/schema\/person\/7d931359380d442b7e8832cd0d6a2db0"},"breadcrumb":{"@id":"https:\/\/discoveralmunecar.com\/pl\/wielki-tydzien-w-almunecar-2023\/#breadcrumb"},"inLanguage":"pl-PL","potentialAction":[{"@type":"ReadAction","target":["https:\/\/discoveralmunecar.com\/pl\/wielki-tydzien-w-almunecar-2023\/"]}]},{"@type":"ImageObject","inLanguage":"pl-PL","@id":"https:\/\/discoveralmunecar.com\/pl\/wielki-tydzien-w-almunecar-2023\/#primaryimage","url":"https:\/\/discoveralmunecar.com\/wp-content\/uploads\/2023\/03\/Semana-Santa-Almun\u0303e\u0301car-3-1.webp","contentUrl":"https:\/\/discoveralmunecar.com\/wp-content\/uploads\/2023\/03\/Semana-Santa-Almun\u0303e\u0301car-3-1.webp","width":1314,"height":739},{"@type":"BreadcrumbList","@id":"https:\/\/discoveralmunecar.com\/pl\/wielki-tydzien-w-almunecar-2023\/#breadcrumb","itemListElement":[{"@type":"ListItem","position":1,"name":"Home","item":"https:\/\/discoveralmunecar.com\/pl\/"},{"@type":"ListItem","position":2,"name":"Wielki Tydzie\u0144 w Almunecar 2023"}]},{"@type":"WebSite","@id":"https:\/\/discoveralmunecar.com\/pl\/#website","url":"https:\/\/discoveralmunecar.com\/pl\/","name":"","description":"Just another WordPress site\n","potentialAction":[{"@type":"SearchAction","target":{"@type":"EntryPoint","urlTemplate":"https:\/\/discoveralmunecar.com\/pl\/?s={search_term_string}"},"query-input":{"@type":"PropertyValueSpecification","valueRequired":true,"valueName":"search_term_string"}}],"inLanguage":"pl-PL"},{"@type":"Person","@id":"https:\/\/discoveralmunecar.com\/pl\/#\/schema\/person\/7d931359380d442b7e8832cd0d6a2db0","name":"Admin","image":{"@type":"ImageObject","inLanguage":"pl-PL","@id":"https:\/\/secure.gravatar.com\/avatar\/87aff11e22fb9eda78c606aa27a60cd99fc49aac3a2cf4688b14253df494fd22?s=96&d=mm&r=g","url":"https:\/\/secure.gravatar.com\/avatar\/87aff11e22fb9eda78c606aa27a60cd99fc49aac3a2cf4688b14253df494fd22?s=96&d=mm&r=g","contentUrl":"https:\/\/secure.gravatar.com\/avatar\/87aff11e22fb9eda78c606aa27a60cd99fc49aac3a2cf4688b14253df494fd22?s=96&d=mm&r=g","caption":"Admin"},"url":"https:\/\/discoveralmunecar.com\/pl\/author\/pedro-espinosa\/"}]}},"_links":{"self":[{"href":"https:\/\/discoveralmunecar.com\/pl\/wp-json\/wp\/v2\/posts\/13653","targetHints":{"allow":["GET"]}}],"collection":[{"href":"https:\/\/discoveralmunecar.com\/pl\/wp-json\/wp\/v2\/posts"}],"about":[{"href":"https:\/\/discoveralmunecar.com\/pl\/wp-json\/wp\/v2\/types\/post"}],"author":[{"embeddable":true,"href":"https:\/\/discoveralmunecar.com\/pl\/wp-json\/wp\/v2\/users\/2"}],"replies":[{"embeddable":true,"href":"https:\/\/discoveralmunecar.com\/pl\/wp-json\/wp\/v2\/comments?post=13653"}],"version-history":[{"count":2,"href":"https:\/\/discoveralmunecar.com\/pl\/wp-json\/wp\/v2\/posts\/13653\/revisions"}],"predecessor-version":[{"id":13655,"href":"https:\/\/discoveralmunecar.com\/pl\/wp-json\/wp\/v2\/posts\/13653\/revisions\/13655"}],"wp:featuredmedia":[{"embeddable":true,"href":"https:\/\/discoveralmunecar.com\/pl\/wp-json\/wp\/v2\/media\/13641"}],"wp:attachment":[{"href":"https:\/\/discoveralmunecar.com\/pl\/wp-json\/wp\/v2\/media?parent=13653"}],"wp:term":[{"taxonomy":"category","embeddable":true,"href":"https:\/\/discoveralmunecar.com\/pl\/wp-json\/wp\/v2\/categories?post=13653"},{"taxonomy":"post_tag","embeddable":true,"href":"https:\/\/discoveralmunecar.com\/pl\/wp-json\/wp\/v2\/tags?post=13653"}],"curies":[{"name":"wp","href":"https:\/\/api.w.org\/{rel}","templated":true}]}}