{"id":18713,"date":"2025-06-17T11:37:33","date_gmt":"2025-06-17T11:37:33","guid":{"rendered":"https:\/\/discoveralmunecar.com\/?p=18713"},"modified":"2025-06-17T11:37:34","modified_gmt":"2025-06-17T11:37:34","slug":"magiczna-noc-san-juan-w-almunecar","status":"publish","type":"post","link":"https:\/\/discoveralmunecar.com\/pl\/magiczna-noc-san-juan-w-almunecar\/","title":{"rendered":"Magiczna Noc San Juan w Almu\u00f1\u00e9car"},"content":{"rendered":"<p>[vc_row][vc_column]<div class=\"text-block\" ><div class=\"simple-text \"><p>Noc San Juan jest jedn\u0105 z najbardziej kultowych uroczysto\u015bci na wybrze\u017cu Andaluzji, a Almu\u00f1\u00e9car, serce turystyki na Costa Tropical w prowincji Granada, co roku przygotowuje si\u0119 na przyj\u0119cie tysi\u0119cy ludzi, kt\u00f3rzy przybywaj\u0105 na jego pla\u017ce, aby powita\u0107 lato ogniem, muzyk\u0105 i tradycj\u0105. W tym roku, 2025, dzi\u0119ki niedawnym do\u015bwiadczeniom, daje jasny obraz tego, jak ten festiwal jest prze\u017cywany na pla\u017cach najstarszego miasta za\u0142o\u017conego nad Morzem \u015ar\u00f3dziemnym w Hiszpanii.<\/p>\n<\/div><\/div>[vc_empty_space]<div class=\"text-block\" ><div class=\"simple-text \"><h3>Mn\u00f3stwo tradycji i \u015bwi\u0105teczna atmosfera<\/h3>\n<p>W nocy z 23 na 24 czerwca, w przeddzie\u0144 \u015bwi\u0119ta San Juan, wszystkie pla\u017ce Almu\u00f1\u00e9car o\u017cywaj\u0105. Rodziny, grupy przyjaci\u00f3\u0142 i wielu go\u015bci zbiera si\u0119, aby rozpali\u0107 ogniska, dzieli\u0107 si\u0119 jedzeniem i napojami oraz cieszy\u0107 si\u0119 muzyk\u0105 pod gwiazdami. To magiczna noc, podczas kt\u00f3rej tradycje i \u015bwi\u0105teczna atmosfera \u0142\u0105cz\u0105 si\u0119 z rado\u015bci\u0105 pocz\u0105tku lata.<\/p>\n<div><\/div>\n<\/div><\/div>[vc_empty_space][vc_single_image image=&#8221;18671&#8243; img_size=&#8221;full&#8221;][vc_empty_space]<div class=\"text-block\" ><div class=\"simple-text \"><h3>Pochodzenie festiwalu<\/h3>\n<p>\u015awi\u0119to \u015bw. Jana ma z\u0142o\u017cone pochodzenie, \u0142\u0105cz\u0105c poga\u0144skie i chrze\u015bcija\u0144skie uroczysto\u015bci religijne. Pierwotnie data ta oznacza\u0142a przesilenie letnie i by\u0142a obchodzona ogniskami, aby uczci\u0107 s\u0142o\u0144ce i zapewni\u0107 dobre zbiory. Chrze\u015bcija\u0144stwo zaadaptowa\u0142o to \u015bwi\u0119to, wi\u0105\u017c\u0105c je z narodzinami \u015bw. Jana Chrzciciela, kt\u00f3ry urodzi\u0142 si\u0119 sze\u015b\u0107 miesi\u0119cy przed Jezusem Chrystusem.<\/p>\n<\/div><\/div>[vc_empty_space][vc_single_image image=&#8221;18676&#8243; img_size=&#8221;full&#8221;][vc_empty_space]<div class=\"text-block\" ><div class=\"simple-text \"><h3>Przepisy i zalecenia<\/h3>\n<p>Aby zapewni\u0107 bezpiecze\u0144stwo i poszanowanie \u015brodowiska, Rada Miasta Almu\u00f1\u00e9car wydaje coroczne og\u0142oszenie ze szczeg\u00f3\u0142owymi zasadami obchod\u00f3w. Monta\u017c ruchomych konstrukcji, takich jak markizy i parasole, jest dozwolony od godziny 10:00 23 czerwca i musi zosta\u0107 usuni\u0119ty do godziny 22:00 24 czerwca. Je\u015bli chodzi o ogniska, dozwolone jest wy\u0142\u0105cznie drewno bez gwo\u017adzi, a materia\u0142y takie jak opony, tworzywa sztuczne lub aerozole, kt\u00f3re mog\u0105 by\u0107 niebezpieczne lub zanieczyszczaj\u0105ce, s\u0105 zabronione. Ponadto Rada Miasta podkre\u015bla znaczenie ca\u0142kowitego gaszenia ognisk przed opuszczeniem pla\u017cy i niezakopywania ich, co u\u0142atwia p\u00f3\u017aniejsze sprz\u0105tanie.<\/p>\n<\/div><\/div>[vc_empty_space][vc_single_image image=&#8221;18681&#8243; img_size=&#8221;full&#8221;][vc_empty_space]<div class=\"text-block\" ><div class=\"simple-text \"><h3>\u015arodki bezpiecze\u0144stwa i sprz\u0105tania<\/h3>\n<p>Bezpiecze\u0144stwo jest priorytetem podczas tego festiwalu. W poprzednich latach w operacji wzi\u0119\u0142o udzia\u0142 oko\u0142o 100 funkcjonariuszy Gwardii Cywilnej i Policji Lokalnej, wspieranych przez wolontariuszy z Obrony Cywilnej, Stra\u017cy Po\u017carnej i Andaluzyjskiej S\u0142u\u017cby Zdrowia. Celem tej akcji jest zapewnienie dobrego samopoczucia wszystkich uczestnik\u00f3w i przestrzeganie ustalonych przepis\u00f3w.<\/p>\n<p>Je\u015bli chodzi o sprz\u0105tanie, Rada Miasta koordynuje specjaln\u0105 operacj\u0119 zbierania odpad\u00f3w wytworzonych w nocy. Na przyk\u0142ad podczas edycji w 2024 r. z pla\u017c i okolic usuni\u0119to oko\u0142o 100 ton odpad\u00f3w. Zesp\u00f3\u0142 ponad 30 os\u00f3b, wspierany przez specjalistyczny sprz\u0119t, pracowa\u0142 od wczesnego ranka, aby pozostawi\u0107 pla\u017ce w idealnym stanie.<\/p>\n<p>Dlatego zaleca si\u0119, aby wszyscy starali si\u0119 jak najbardziej opu\u015bci\u0107 pla\u017c\u0119 w takim stanie, w jakim j\u0105 zastali.<\/p>\n<\/div><\/div>[vc_empty_space][vc_single_image image=&#8221;18686&#8243; img_size=&#8221;full&#8221;][vc_empty_space]<div class=\"text-block\" ><div class=\"simple-text \"><h3>Udzia\u0142 obywateli i zr\u00f3wnowa\u017cony rozw\u00f3j<\/h3>\n<p>Sukces Nocy San Juan w Almu\u00f1\u00e9car zale\u017cy r\u00f3wnie\u017c od wsp\u00f3\u0142pracy uczestnik\u00f3w. Rada Miasta wzywa do indywidualnej odpowiedzialno\u015bci, wzywaj\u0105c obywateli i go\u015bci do przestrzegania zasad, korzystania z pojemnik\u00f3w nadaj\u0105cych si\u0119 do recyklingu i wyrzucania odpad\u00f3w do odpowiednich pojemnik\u00f3w, kt\u00f3rych wi\u0119cej zostanie zainstalowanych podczas tego festiwalu. Ta postawa obywatelska przyczynia si\u0119 do zachowania naturalnego pi\u0119kna pla\u017c i ochrony \u015brodowiska. Ostatecznie przynosi to korzy\u015bci wszystkim, zar\u00f3wno mieszka\u0144com Almu\u00f1\u00e9car, jak i wszystkim odwiedzaj\u0105cym.<\/p>\n<\/div><\/div>[vc_empty_space][vc_single_image image=&#8221;18691&#8243; img_size=&#8221;full&#8221;][vc_empty_space]<div class=\"text-block\" ><div class=\"simple-text \"><h3>Oczekiwania na rok 2025<\/h3>\n<p>Chocia\u017c szczeg\u00f3\u0142owe informacje na temat Nocy San Juan 2025 nie zosta\u0142y jeszcze opublikowane, oczekuje si\u0119, \u017ce Rada Miasta utrzyma \u015brodki, kt\u00f3re okaza\u0142y si\u0119 skuteczne w poprzednich latach. Oczekuje si\u0119 wysokiej frekwencji, dlatego zaleca si\u0119 planowanie z wyprzedzeniem i przestrzeganie oficjalnych wytycznych, kt\u00f3re zostan\u0105 opublikowane w miar\u0119 zbli\u017cania si\u0119 daty.<\/p>\n<p>Kr\u00f3tko m\u00f3wi\u0105c, Noc San Juan w Almu\u00f1\u00e9car to \u015bwi\u0119to \u0142\u0105cz\u0105ce tradycj\u0119, rado\u015b\u0107 i szacunek dla \u015brodowiska. Dzi\u0119ki wsp\u00f3\u0142pracy wszystkich mo\u017cesz cieszy\u0107 si\u0119 niezapomnianym wieczorem, kt\u00f3ry wita lato w bezpiecznym i zr\u00f3wnowa\u017conym \u015brodowisku.<\/p>\n<\/div><\/div>[vc_empty_space][vc_single_image image=&#8221;18696&#8243; img_size=&#8221;full&#8221;][vc_empty_space]<div class=\"text-block\" ><div class=\"simple-text \"><h3>Przyjd\u017a i ciesz si\u0119 magiczn\u0105 noc\u0105 San Juan<\/h3>\n<p>Nie wahaj si\u0119 d\u0142u\u017cej i przyjed\u017a i ciesz si\u0119 magiczn\u0105 noc\u0105 San Juan w Almu\u00f1\u00e9car, najstarszym \u015br\u00f3dziemnomorskim mie\u015bcie w Hiszpanii. To b\u0119dzie fantastyczna noc, pe\u0142na zabawy, tradycji, pierwszej k\u0105pieli w roku, pocz\u0105tku sezonu letniego i wielu innych niespodzianek, kt\u00f3re na Ciebie czekaj\u0105. Nie przegap tego<\/p>\n<h3><span style=\"font-size: 16px;\">.<\/span><\/h3>\n<\/div><\/div>[\/vc_column][\/vc_row]<\/p>\n","protected":false},"excerpt":{"rendered":"<p>[vc_row][vc_column][vc_empty_space][vc_empty_space][vc_single_image image=&#8221;18671&#8243; img_size=&#8221;full&#8221;][vc_empty_space][vc_empty_space][vc_single_image image=&#8221;18676&#8243; img_size=&#8221;full&#8221;][vc_empty_space][vc_empty_space][vc_single_image image=&#8221;18681&#8243; img_size=&#8221;full&#8221;][vc_empty_space][vc_empty_space][vc_single_image image=&#8221;18686&#8243; img_size=&#8221;full&#8221;][vc_empty_space][vc_empty_space][vc_single_image image=&#8221;18691&#8243; img_size=&#8221;full&#8221;][vc_empty_space][vc_empty_space][vc_single_image image=&#8221;18696&#8243; img_size=&#8221;full&#8221;][vc_empty_space][\/vc_column][\/vc_row]<\/p>\n","protected":false},"author":2,"featured_media":18785,"comment_status":"open","ping_status":"closed","sticky":false,"template":"","format":"standard","meta":{"footnotes":""},"categories":[190,194,191],"tags":[],"class_list":["post-18713","post","type-post","status-publish","format-standard","has-post-thumbnail","hentry","category-kultura-almunecar","category-program-kulturalny-almunecar","category-wydarzenia-w-almunecar"],"yoast_head":"<!-- This site is optimized with the Yoast SEO plugin v27.3 - https:\/\/yoast.com\/product\/yoast-seo-wordpress\/ -->\n<title>Magiczna Noc San Juan w Almu\u00f1\u00e9car -<\/title>\n<meta name=\"robots\" content=\"index, follow, max-snippet:-1, max-image-preview:large, max-video-preview:-1\" \/>\n<link rel=\"canonical\" href=\"https:\/\/discoveralmunecar.com\/pl\/magiczna-noc-san-juan-w-almunecar\/\" \/>\n<meta property=\"og:locale\" content=\"pl_PL\" \/>\n<meta property=\"og:type\" content=\"article\" \/>\n<meta property=\"og:title\" content=\"Magiczna Noc San Juan w Almu\u00f1\u00e9car -\" \/>\n<meta property=\"og:description\" content=\"[vc_row][vc_column][vc_empty_space][vc_empty_space][vc_single_image image=&#8221;18671&#8243; img_size=&#8221;full&#8221;][vc_empty_space][vc_empty_space][vc_single_image image=&#8221;18676&#8243; img_size=&#8221;full&#8221;][vc_empty_space][vc_empty_space][vc_single_image image=&#8221;18681&#8243; img_size=&#8221;full&#8221;][vc_empty_space][vc_empty_space][vc_single_image image=&#8221;18686&#8243; img_size=&#8221;full&#8221;][vc_empty_space][vc_empty_space][vc_single_image image=&#8221;18691&#8243; img_size=&#8221;full&#8221;][vc_empty_space][vc_empty_space][vc_single_image image=&#8221;18696&#8243; img_size=&#8221;full&#8221;][vc_empty_space][\/vc_column][\/vc_row]\" \/>\n<meta property=\"og:url\" content=\"https:\/\/discoveralmunecar.com\/pl\/magiczna-noc-san-juan-w-almunecar\/\" \/>\n<meta property=\"article:published_time\" content=\"2025-06-17T11:37:33+00:00\" \/>\n<meta property=\"article:modified_time\" content=\"2025-06-17T11:37:34+00:00\" \/>\n<meta property=\"og:image\" content=\"https:\/\/discoveralmunecar.com\/wp-content\/uploads\/2025\/05\/Sin-titulo@0.5x.webp\" \/>\n\t<meta property=\"og:image:width\" content=\"1920\" \/>\n\t<meta property=\"og:image:height\" content=\"1080\" \/>\n\t<meta property=\"og:image:type\" content=\"image\/webp\" \/>\n<meta name=\"author\" content=\"Admin\" \/>\n<meta name=\"twitter:card\" content=\"summary_large_image\" \/>\n<meta name=\"twitter:label1\" content=\"Napisane przez\" \/>\n\t<meta name=\"twitter:data1\" content=\"Admin\" \/>\n\t<meta name=\"twitter:label2\" content=\"Szacowany czas czytania\" \/>\n\t<meta name=\"twitter:data2\" content=\"4 minuty\" \/>\n<script type=\"application\/ld+json\" class=\"yoast-schema-graph\">{\"@context\":\"https:\\\/\\\/schema.org\",\"@graph\":[{\"@type\":\"Article\",\"@id\":\"https:\\\/\\\/discoveralmunecar.com\\\/pl\\\/magiczna-noc-san-juan-w-almunecar\\\/#article\",\"isPartOf\":{\"@id\":\"https:\\\/\\\/discoveralmunecar.com\\\/pl\\\/magiczna-noc-san-juan-w-almunecar\\\/\"},\"author\":{\"name\":\"Admin\",\"@id\":\"https:\\\/\\\/discoveralmunecar.com\\\/pl\\\/#\\\/schema\\\/person\\\/7d931359380d442b7e8832cd0d6a2db0\"},\"headline\":\"Magiczna Noc San Juan w Almu\u00f1\u00e9car\",\"datePublished\":\"2025-06-17T11:37:33+00:00\",\"dateModified\":\"2025-06-17T11:37:34+00:00\",\"mainEntityOfPage\":{\"@id\":\"https:\\\/\\\/discoveralmunecar.com\\\/pl\\\/magiczna-noc-san-juan-w-almunecar\\\/\"},\"wordCount\":858,\"commentCount\":0,\"image\":{\"@id\":\"https:\\\/\\\/discoveralmunecar.com\\\/pl\\\/magiczna-noc-san-juan-w-almunecar\\\/#primaryimage\"},\"thumbnailUrl\":\"https:\\\/\\\/discoveralmunecar.com\\\/wp-content\\\/uploads\\\/2025\\\/05\\\/Sin-titulo@0.5x.webp\",\"articleSection\":[\"Kultura Almu\u00f1\u00e9car\",\"Program kulturalny Almu\u00f1\u00e9car\",\"Wydarzenia w Almu\u00f1\u00e9car\"],\"inLanguage\":\"pl-PL\",\"potentialAction\":[{\"@type\":\"CommentAction\",\"name\":\"Comment\",\"target\":[\"https:\\\/\\\/discoveralmunecar.com\\\/pl\\\/magiczna-noc-san-juan-w-almunecar\\\/#respond\"]}]},{\"@type\":\"WebPage\",\"@id\":\"https:\\\/\\\/discoveralmunecar.com\\\/pl\\\/magiczna-noc-san-juan-w-almunecar\\\/\",\"url\":\"https:\\\/\\\/discoveralmunecar.com\\\/pl\\\/magiczna-noc-san-juan-w-almunecar\\\/\",\"name\":\"Magiczna Noc San Juan w Almu\u00f1\u00e9car -\",\"isPartOf\":{\"@id\":\"https:\\\/\\\/discoveralmunecar.com\\\/pl\\\/#website\"},\"primaryImageOfPage\":{\"@id\":\"https:\\\/\\\/discoveralmunecar.com\\\/pl\\\/magiczna-noc-san-juan-w-almunecar\\\/#primaryimage\"},\"image\":{\"@id\":\"https:\\\/\\\/discoveralmunecar.com\\\/pl\\\/magiczna-noc-san-juan-w-almunecar\\\/#primaryimage\"},\"thumbnailUrl\":\"https:\\\/\\\/discoveralmunecar.com\\\/wp-content\\\/uploads\\\/2025\\\/05\\\/Sin-titulo@0.5x.webp\",\"datePublished\":\"2025-06-17T11:37:33+00:00\",\"dateModified\":\"2025-06-17T11:37:34+00:00\",\"author\":{\"@id\":\"https:\\\/\\\/discoveralmunecar.com\\\/pl\\\/#\\\/schema\\\/person\\\/7d931359380d442b7e8832cd0d6a2db0\"},\"breadcrumb\":{\"@id\":\"https:\\\/\\\/discoveralmunecar.com\\\/pl\\\/magiczna-noc-san-juan-w-almunecar\\\/#breadcrumb\"},\"inLanguage\":\"pl-PL\",\"potentialAction\":[{\"@type\":\"ReadAction\",\"target\":[\"https:\\\/\\\/discoveralmunecar.com\\\/pl\\\/magiczna-noc-san-juan-w-almunecar\\\/\"]}]},{\"@type\":\"ImageObject\",\"inLanguage\":\"pl-PL\",\"@id\":\"https:\\\/\\\/discoveralmunecar.com\\\/pl\\\/magiczna-noc-san-juan-w-almunecar\\\/#primaryimage\",\"url\":\"https:\\\/\\\/discoveralmunecar.com\\\/wp-content\\\/uploads\\\/2025\\\/05\\\/Sin-titulo@0.5x.webp\",\"contentUrl\":\"https:\\\/\\\/discoveralmunecar.com\\\/wp-content\\\/uploads\\\/2025\\\/05\\\/Sin-titulo@0.5x.webp\",\"width\":1920,\"height\":1080},{\"@type\":\"BreadcrumbList\",\"@id\":\"https:\\\/\\\/discoveralmunecar.com\\\/pl\\\/magiczna-noc-san-juan-w-almunecar\\\/#breadcrumb\",\"itemListElement\":[{\"@type\":\"ListItem\",\"position\":1,\"name\":\"Home\",\"item\":\"https:\\\/\\\/discoveralmunecar.com\\\/pl\\\/\"},{\"@type\":\"ListItem\",\"position\":2,\"name\":\"Magiczna Noc San Juan w Almu\u00f1\u00e9car\"}]},{\"@type\":\"WebSite\",\"@id\":\"https:\\\/\\\/discoveralmunecar.com\\\/pl\\\/#website\",\"url\":\"https:\\\/\\\/discoveralmunecar.com\\\/pl\\\/\",\"name\":\"\",\"description\":\"Just another WordPress site\\n\",\"potentialAction\":[{\"@type\":\"SearchAction\",\"target\":{\"@type\":\"EntryPoint\",\"urlTemplate\":\"https:\\\/\\\/discoveralmunecar.com\\\/pl\\\/?s={search_term_string}\"},\"query-input\":{\"@type\":\"PropertyValueSpecification\",\"valueRequired\":true,\"valueName\":\"search_term_string\"}}],\"inLanguage\":\"pl-PL\"},{\"@type\":\"Person\",\"@id\":\"https:\\\/\\\/discoveralmunecar.com\\\/pl\\\/#\\\/schema\\\/person\\\/7d931359380d442b7e8832cd0d6a2db0\",\"name\":\"Admin\",\"image\":{\"@type\":\"ImageObject\",\"inLanguage\":\"pl-PL\",\"@id\":\"https:\\\/\\\/secure.gravatar.com\\\/avatar\\\/87aff11e22fb9eda78c606aa27a60cd99fc49aac3a2cf4688b14253df494fd22?s=96&d=mm&r=g\",\"url\":\"https:\\\/\\\/secure.gravatar.com\\\/avatar\\\/87aff11e22fb9eda78c606aa27a60cd99fc49aac3a2cf4688b14253df494fd22?s=96&d=mm&r=g\",\"contentUrl\":\"https:\\\/\\\/secure.gravatar.com\\\/avatar\\\/87aff11e22fb9eda78c606aa27a60cd99fc49aac3a2cf4688b14253df494fd22?s=96&d=mm&r=g\",\"caption\":\"Admin\"},\"url\":\"https:\\\/\\\/discoveralmunecar.com\\\/pl\\\/author\\\/pedro-espinosa\\\/\"}]}<\/script>\n<!-- \/ Yoast SEO plugin. -->","yoast_head_json":{"title":"Magiczna Noc San Juan w Almu\u00f1\u00e9car -","robots":{"index":"index","follow":"follow","max-snippet":"max-snippet:-1","max-image-preview":"max-image-preview:large","max-video-preview":"max-video-preview:-1"},"canonical":"https:\/\/discoveralmunecar.com\/pl\/magiczna-noc-san-juan-w-almunecar\/","og_locale":"pl_PL","og_type":"article","og_title":"Magiczna Noc San Juan w Almu\u00f1\u00e9car -","og_description":"[vc_row][vc_column][vc_empty_space][vc_empty_space][vc_single_image image=&#8221;18671&#8243; img_size=&#8221;full&#8221;][vc_empty_space][vc_empty_space][vc_single_image image=&#8221;18676&#8243; img_size=&#8221;full&#8221;][vc_empty_space][vc_empty_space][vc_single_image image=&#8221;18681&#8243; img_size=&#8221;full&#8221;][vc_empty_space][vc_empty_space][vc_single_image image=&#8221;18686&#8243; img_size=&#8221;full&#8221;][vc_empty_space][vc_empty_space][vc_single_image image=&#8221;18691&#8243; img_size=&#8221;full&#8221;][vc_empty_space][vc_empty_space][vc_single_image image=&#8221;18696&#8243; img_size=&#8221;full&#8221;][vc_empty_space][\/vc_column][\/vc_row]","og_url":"https:\/\/discoveralmunecar.com\/pl\/magiczna-noc-san-juan-w-almunecar\/","article_published_time":"2025-06-17T11:37:33+00:00","article_modified_time":"2025-06-17T11:37:34+00:00","og_image":[{"width":1920,"height":1080,"url":"https:\/\/discoveralmunecar.com\/wp-content\/uploads\/2025\/05\/Sin-titulo@0.5x.webp","type":"image\/webp"}],"author":"Admin","twitter_card":"summary_large_image","twitter_misc":{"Napisane przez":"Admin","Szacowany czas czytania":"4 minuty"},"schema":{"@context":"https:\/\/schema.org","@graph":[{"@type":"Article","@id":"https:\/\/discoveralmunecar.com\/pl\/magiczna-noc-san-juan-w-almunecar\/#article","isPartOf":{"@id":"https:\/\/discoveralmunecar.com\/pl\/magiczna-noc-san-juan-w-almunecar\/"},"author":{"name":"Admin","@id":"https:\/\/discoveralmunecar.com\/pl\/#\/schema\/person\/7d931359380d442b7e8832cd0d6a2db0"},"headline":"Magiczna Noc San Juan w Almu\u00f1\u00e9car","datePublished":"2025-06-17T11:37:33+00:00","dateModified":"2025-06-17T11:37:34+00:00","mainEntityOfPage":{"@id":"https:\/\/discoveralmunecar.com\/pl\/magiczna-noc-san-juan-w-almunecar\/"},"wordCount":858,"commentCount":0,"image":{"@id":"https:\/\/discoveralmunecar.com\/pl\/magiczna-noc-san-juan-w-almunecar\/#primaryimage"},"thumbnailUrl":"https:\/\/discoveralmunecar.com\/wp-content\/uploads\/2025\/05\/Sin-titulo@0.5x.webp","articleSection":["Kultura Almu\u00f1\u00e9car","Program kulturalny Almu\u00f1\u00e9car","Wydarzenia w Almu\u00f1\u00e9car"],"inLanguage":"pl-PL","potentialAction":[{"@type":"CommentAction","name":"Comment","target":["https:\/\/discoveralmunecar.com\/pl\/magiczna-noc-san-juan-w-almunecar\/#respond"]}]},{"@type":"WebPage","@id":"https:\/\/discoveralmunecar.com\/pl\/magiczna-noc-san-juan-w-almunecar\/","url":"https:\/\/discoveralmunecar.com\/pl\/magiczna-noc-san-juan-w-almunecar\/","name":"Magiczna Noc San Juan w Almu\u00f1\u00e9car -","isPartOf":{"@id":"https:\/\/discoveralmunecar.com\/pl\/#website"},"primaryImageOfPage":{"@id":"https:\/\/discoveralmunecar.com\/pl\/magiczna-noc-san-juan-w-almunecar\/#primaryimage"},"image":{"@id":"https:\/\/discoveralmunecar.com\/pl\/magiczna-noc-san-juan-w-almunecar\/#primaryimage"},"thumbnailUrl":"https:\/\/discoveralmunecar.com\/wp-content\/uploads\/2025\/05\/Sin-titulo@0.5x.webp","datePublished":"2025-06-17T11:37:33+00:00","dateModified":"2025-06-17T11:37:34+00:00","author":{"@id":"https:\/\/discoveralmunecar.com\/pl\/#\/schema\/person\/7d931359380d442b7e8832cd0d6a2db0"},"breadcrumb":{"@id":"https:\/\/discoveralmunecar.com\/pl\/magiczna-noc-san-juan-w-almunecar\/#breadcrumb"},"inLanguage":"pl-PL","potentialAction":[{"@type":"ReadAction","target":["https:\/\/discoveralmunecar.com\/pl\/magiczna-noc-san-juan-w-almunecar\/"]}]},{"@type":"ImageObject","inLanguage":"pl-PL","@id":"https:\/\/discoveralmunecar.com\/pl\/magiczna-noc-san-juan-w-almunecar\/#primaryimage","url":"https:\/\/discoveralmunecar.com\/wp-content\/uploads\/2025\/05\/Sin-titulo@0.5x.webp","contentUrl":"https:\/\/discoveralmunecar.com\/wp-content\/uploads\/2025\/05\/Sin-titulo@0.5x.webp","width":1920,"height":1080},{"@type":"BreadcrumbList","@id":"https:\/\/discoveralmunecar.com\/pl\/magiczna-noc-san-juan-w-almunecar\/#breadcrumb","itemListElement":[{"@type":"ListItem","position":1,"name":"Home","item":"https:\/\/discoveralmunecar.com\/pl\/"},{"@type":"ListItem","position":2,"name":"Magiczna Noc San Juan w Almu\u00f1\u00e9car"}]},{"@type":"WebSite","@id":"https:\/\/discoveralmunecar.com\/pl\/#website","url":"https:\/\/discoveralmunecar.com\/pl\/","name":"","description":"Just another WordPress site\n","potentialAction":[{"@type":"SearchAction","target":{"@type":"EntryPoint","urlTemplate":"https:\/\/discoveralmunecar.com\/pl\/?s={search_term_string}"},"query-input":{"@type":"PropertyValueSpecification","valueRequired":true,"valueName":"search_term_string"}}],"inLanguage":"pl-PL"},{"@type":"Person","@id":"https:\/\/discoveralmunecar.com\/pl\/#\/schema\/person\/7d931359380d442b7e8832cd0d6a2db0","name":"Admin","image":{"@type":"ImageObject","inLanguage":"pl-PL","@id":"https:\/\/secure.gravatar.com\/avatar\/87aff11e22fb9eda78c606aa27a60cd99fc49aac3a2cf4688b14253df494fd22?s=96&d=mm&r=g","url":"https:\/\/secure.gravatar.com\/avatar\/87aff11e22fb9eda78c606aa27a60cd99fc49aac3a2cf4688b14253df494fd22?s=96&d=mm&r=g","contentUrl":"https:\/\/secure.gravatar.com\/avatar\/87aff11e22fb9eda78c606aa27a60cd99fc49aac3a2cf4688b14253df494fd22?s=96&d=mm&r=g","caption":"Admin"},"url":"https:\/\/discoveralmunecar.com\/pl\/author\/pedro-espinosa\/"}]}},"_links":{"self":[{"href":"https:\/\/discoveralmunecar.com\/pl\/wp-json\/wp\/v2\/posts\/18713","targetHints":{"allow":["GET"]}}],"collection":[{"href":"https:\/\/discoveralmunecar.com\/pl\/wp-json\/wp\/v2\/posts"}],"about":[{"href":"https:\/\/discoveralmunecar.com\/pl\/wp-json\/wp\/v2\/types\/post"}],"author":[{"embeddable":true,"href":"https:\/\/discoveralmunecar.com\/pl\/wp-json\/wp\/v2\/users\/2"}],"replies":[{"embeddable":true,"href":"https:\/\/discoveralmunecar.com\/pl\/wp-json\/wp\/v2\/comments?post=18713"}],"version-history":[{"count":2,"href":"https:\/\/discoveralmunecar.com\/pl\/wp-json\/wp\/v2\/posts\/18713\/revisions"}],"predecessor-version":[{"id":18715,"href":"https:\/\/discoveralmunecar.com\/pl\/wp-json\/wp\/v2\/posts\/18713\/revisions\/18715"}],"wp:featuredmedia":[{"embeddable":true,"href":"https:\/\/discoveralmunecar.com\/pl\/wp-json\/wp\/v2\/media\/18785"}],"wp:attachment":[{"href":"https:\/\/discoveralmunecar.com\/pl\/wp-json\/wp\/v2\/media?parent=18713"}],"wp:term":[{"taxonomy":"category","embeddable":true,"href":"https:\/\/discoveralmunecar.com\/pl\/wp-json\/wp\/v2\/categories?post=18713"},{"taxonomy":"post_tag","embeddable":true,"href":"https:\/\/discoveralmunecar.com\/pl\/wp-json\/wp\/v2\/tags?post=18713"}],"curies":[{"name":"wp","href":"https:\/\/api.w.org\/{rel}","templated":true}]}}