{"id":22516,"date":"2026-09-01T15:04:25","date_gmt":"2026-09-01T15:04:25","guid":{"rendered":"https:\/\/discoveralmunecar.com\/?p=22516"},"modified":"2026-09-01T15:04:25","modified_gmt":"2026-09-01T15:04:25","slug":"teatr-grecko-rzymski-w-almunecar-2026-program-i-repertuar","status":"publish","type":"post","link":"https:\/\/discoveralmunecar.com\/pl\/teatr-grecko-rzymski-w-almunecar-2026-program-i-repertuar\/","title":{"rendered":"Teatr grecko-rzymski w Almu\u00f1\u00e9car 2026: program i repertuar"},"content":{"rendered":"<p>[vc_row][vc_column][vc_single_image image=&#8221;22486&#8243; img_size=&#8221;full&#8221;][vc_empty_space]<div class=\"text-block\" ><div class=\"simple-text \"><p class=\"PDq2pG_selectionAnchorContainer\" data-start=\"62\" data-end=\"614\"><strong data-start=\"62\" data-end=\"103\">Teatr grecko-rzymski w Almu\u00f1\u00e9car 2026<\/strong> powraca do <strong data-start=\"115\" data-end=\"136\">Parque El Majuelo<\/strong> wraz z XVIII edycj\u0105 <strong data-start=\"157\" data-end=\"216\">Festiwalu Teatru Grecko-Rzymskiego \u201eSexi Firmum Iulium\u201d<\/strong>, jednego z najwa\u017cniejszych wydarze\u0144 kulturalnych na Costa Tropical. Almu\u00f1\u00e9car jest silnie zwi\u0105zane ze staro\u017cytno\u015bci\u0105 i swoj\u0105 histori\u0105 jako <em data-start=\"356\" data-end=\"376\">Sexi Firmum Iulium<\/em>, rzymskie miasto, kt\u00f3rego dziedzictwo do dzi\u015b stanowi wa\u017cn\u0105 cz\u0119\u015b\u0107 to\u017csamo\u015bci miejscowo\u015bci. Przez pi\u0119\u0107 wieczor\u00f3w teatr klasyczny o\u017cyje w wyj\u0105tkowej scenerii, \u0142\u0105cz\u0105c histori\u0119, dziedzictwo kulturowe, sztuk\u0119 i \u015br\u00f3dziemnomorsk\u0105 atmosfer\u0119. \ud83c\udffa\u2728<\/p>\n<h3 data-section-id=\"shuevl\" data-start=\"616\" data-end=\"653\">\ud83c\udf1f\ud83c\udfad Wyj\u0105tkowa edycja w 2026 roku<\/h3>\n<p data-start=\"655\" data-end=\"1165\">Od <strong data-start=\"658\" data-end=\"687\">2 do 6 wrze\u015bnia 2026 roku<\/strong> <strong data-start=\"688\" data-end=\"719\">Festiwal Sexi Firmum Iulium<\/strong> zaprezentuje w Almu\u00f1\u00e9car pi\u0119\u0107 spektakli inspirowanych wielkimi dzie\u0142ami staro\u017cytnej Grecji. Tegoroczna edycja przynosi r\u00f3wnie\u017c wa\u017cn\u0105 nowo\u015b\u0107: udzia\u0142 <strong data-start=\"868\" data-end=\"902\">lokalnych zespo\u0142\u00f3w teatralnych<\/strong>, kt\u00f3re wyst\u0105pi\u0105 obok profesjonalnych produkcji zwi\u0105zanych z <strong data-start=\"963\" data-end=\"1023\">Mi\u0119dzynarodowym Festiwalem Teatru Klasycznego w M\u00e9ridzie<\/strong>. Eurypides, Arystofanes oraz wielkie postacie klasycznej mitologii stan\u0105 si\u0119 bohaterami wyj\u0105tkowych wieczor\u00f3w teatralnych pod gwiazdami. \ud83c\udf19\ud83c\udfad<\/p>\n<h3 data-section-id=\"131pmsq\" data-start=\"1167\" data-end=\"1226\">\ud83d\udcdc\ud83c\udf9f\ufe0f Program Teatru Grecko-Rzymskiego w Almu\u00f1\u00e9car 2026<\/h3>\n<p data-start=\"1228\" data-end=\"1445\"><strong data-start=\"1228\" data-end=\"1263\">1\ufe0f\u20e3 \u015aroda, 2 wrze\u015bnia \u2014 <em data-start=\"1254\" data-end=\"1261\">Medea<\/em><\/strong><br data-start=\"1263\" data-end=\"1266\" \/>\ud83c\udfad <em data-start=\"1269\" data-end=\"1296\">Elenco Teatro | Almu\u00f1\u00e9car<\/em><br data-start=\"1296\" data-end=\"1299\" \/>Lokalny zesp\u00f3\u0142 teatralny otworzy festiwal s\u0142ynn\u0105 tragedi\u0105 <strong data-start=\"1357\" data-end=\"1371\">Eurypidesa<\/strong> \u2013 histori\u0105 mi\u0142o\u015bci, zdrady i zemsty, kt\u00f3ra od wiek\u00f3w porusza publiczno\u015b\u0107.<\/p>\n<p data-start=\"1447\" data-end=\"1708\"><strong data-start=\"1447\" data-end=\"1490\">2\ufe0f\u20e3 Czwartek, 3 wrze\u015bnia \u2014 <em data-start=\"1476\" data-end=\"1488\">Tesmoforie<\/em><\/strong><br data-start=\"1490\" data-end=\"1493\" \/>\ud83c\udfad <em data-start=\"1496\" data-end=\"1529\">Segundo Acto Teatro | Almu\u00f1\u00e9car<\/em><br data-start=\"1529\" data-end=\"1532\" \/>Komedia <strong data-start=\"1540\" data-end=\"1556\">Arystofanesa<\/strong> zostanie zaprezentowana przez kolejny lokalny zesp\u00f3\u0142 teatralny, wprowadzaj\u0105c do festiwalu humor, satyr\u0119 i pe\u0142ne dystansu spojrzenie na \u015bwiat klasyczny.<\/p>\n<p class=\"\" data-start=\"1710\" data-end=\"1922\"><strong data-start=\"1710\" data-end=\"1754\">3\ufe0f\u20e3 Pi\u0105tek, 4 wrze\u015bnia \u2014 <em data-start=\"1737\" data-end=\"1752\">Jazon i Furie<\/em><\/strong><br data-start=\"1754\" data-end=\"1757\" \/>\ud83c\udfad <em data-start=\"1760\" data-end=\"1783\">Teatro del Noct\u00e1mbulo<\/em><br data-start=\"1783\" data-end=\"1786\" \/>Mity zwi\u0105zane z Jazonem pojawi\u0105 si\u0119 na scenie El Majuelo w tej profesjonalnej produkcji, b\u0119d\u0105cej cz\u0119\u015bci\u0105 programu festiwalu w 2026 roku.<\/p>\n<p data-start=\"1924\" data-end=\"2169\"><strong data-start=\"1924\" data-end=\"1974\">4\ufe0f\u20e3 Sobota, 5 wrze\u015bnia \u2014 <em data-start=\"1951\" data-end=\"1972\">Fedra w podziemiach<\/em><\/strong><br data-start=\"1974\" data-end=\"1977\" \/>\ud83c\udfad <em data-start=\"1980\" data-end=\"2028\">Lidia Bosch, Julio Pe\u00f1a i Alejandro Albarrac\u00edn<\/em><br data-start=\"2028\" data-end=\"2031\" \/>Jedna z najwa\u017cniejszych propozycji tegorocznego festiwalu, kt\u00f3ra trafi do Almu\u00f1\u00e9car zaledwie kilka tygodni po swojej premierze w M\u00e9ridzie.<\/p>\n<p data-start=\"2171\" data-end=\"2376\"><strong data-start=\"2171\" data-end=\"2228\">5\ufe0f\u20e3 Niedziela, 6 wrze\u015bnia \u2014 <em data-start=\"2201\" data-end=\"2226\">Antygona, przekl\u0119ty r\u00f3d<\/em><\/strong><br data-start=\"2228\" data-end=\"2231\" \/>\ud83c\udfad <em data-start=\"2234\" data-end=\"2268\">Atalaya Teatro | Ricardo Iniesta<\/em><br data-start=\"2268\" data-end=\"2271\" \/>Tragedia Antygony zako\u0144czy festiwal now\u0105 produkcj\u0105 teatru Atalaya Teatro w re\u017cyserii Ricardo Iniesty. \ud83c\udfdb\ufe0f<\/p>\n<h3 data-section-id=\"1a9ioq4\" data-start=\"2378\" data-end=\"2416\">\ud83d\udccd\ud83c\udf0a Teatr klasyczny pod gwiazdami<\/h3>\n<p data-start=\"2418\" data-end=\"2805\"><strong data-start=\"2418\" data-end=\"2439\">Parque El Majuelo<\/strong> po raz kolejny stanie si\u0119 wyj\u0105tkow\u0105 scen\u0105 dla teatru klasycznego w Almu\u00f1\u00e9car. Dla os\u00f3b szukaj\u0105cych <strong data-start=\"2539\" data-end=\"2575\">co robi\u0107 w Almu\u00f1\u00e9car we wrze\u015bniu<\/strong>, festiwal oferuje niezwyk\u0142e po\u0142\u0105czenie kultury, historii i rozrywki w samym sercu miasta. Wyj\u0105tkowa sceneria El Majuelo pozwala po\u0142\u0105czy\u0107 wielkie historie staro\u017cytno\u015bci z charakterystyczn\u0105 \u015br\u00f3dziemnomorsk\u0105 atmosfer\u0105 Almu\u00f1\u00e9car. \u2728\ud83c\udf0a<\/p>\n<h3 data-section-id=\"km9qke\" data-start=\"2454\" data-end=\"2496\"><img fetchpriority=\"high\" decoding=\"async\" class=\"alignnone size-large wp-image-22478\" src=\"https:\/\/discoveralmunecar.com\/wp-content\/uploads\/2026\/08\/DSC8587Teatro-Grecolatino-2025@0.5x-1620x1080.webp\" alt=\"\" width=\"1140\" height=\"760\" srcset=\"https:\/\/discoveralmunecar.com\/wp-content\/uploads\/2026\/08\/DSC8587Teatro-Grecolatino-2025@0.5x-1620x1080.webp 1620w, https:\/\/discoveralmunecar.com\/wp-content\/uploads\/2026\/08\/DSC8587Teatro-Grecolatino-2025@0.5x-300x200.webp 300w, https:\/\/discoveralmunecar.com\/wp-content\/uploads\/2026\/08\/DSC8587Teatro-Grecolatino-2025@0.5x-768x512.webp 768w, https:\/\/discoveralmunecar.com\/wp-content\/uploads\/2026\/08\/DSC8587Teatro-Grecolatino-2025@0.5x-1536x1024.webp 1536w, https:\/\/discoveralmunecar.com\/wp-content\/uploads\/2026\/08\/DSC8587Teatro-Grecolatino-2025@0.5x-2048x1365.webp 2048w, https:\/\/discoveralmunecar.com\/wp-content\/uploads\/2026\/08\/DSC8587Teatro-Grecolatino-2025@0.5x-500x333.webp 500w, https:\/\/discoveralmunecar.com\/wp-content\/uploads\/2026\/08\/DSC8587Teatro-Grecolatino-2025@0.5x-800x533.webp 800w, https:\/\/discoveralmunecar.com\/wp-content\/uploads\/2026\/08\/DSC8587Teatro-Grecolatino-2025@0.5x-1280x853.webp 1280w, https:\/\/discoveralmunecar.com\/wp-content\/uploads\/2026\/08\/DSC8587Teatro-Grecolatino-2025@0.5x-1920x1280.webp 1920w\" sizes=\"(max-width: 1140px) 100vw, 1140px\" \/><\/h3>\n<div class=\"flex max-w-full flex-col gap-4 grow\">\n<div class=\"min-h-8 text-message relative flex w-full flex-col items-end gap-2 text-start break-words whitespace-normal outline-none keyboard-focused:focus-ring [.text-message+&amp;]:mt-1\" dir=\"auto\" tabindex=\"0\" data-message-author-role=\"assistant\" data-message-id=\"ebea8d50-76bc-45a7-967e-24acc3a87a31\" data-message-model-slug=\"gpt-5-6-mini\" data-turn-start-message=\"true\">\n<div class=\"flex w-full flex-col gap-1 empty:hidden\">\n<div class=\"markdown prose dark:prose-invert wrap-break-word w-full light markdown-new-styling\">\n<p class=\"PDq2pG_selectionAnchorContainer\" data-start=\"2418\" data-end=\"2805\">\ud83c\udf0a<\/p>\n<h3 data-section-id=\"1p4gnws\" data-start=\"2807\" data-end=\"2840\">\ud83c\udf9f\ufe0f\ud83c\udffa Daty, ceny i informacje<\/h3>\n<p data-start=\"2842\" data-end=\"3059\">\ud83d\udcc5 <strong data-start=\"2845\" data-end=\"2866\">2\u20136 wrze\u015bnia 2026<\/strong><br data-start=\"2866\" data-end=\"2869\" \/>\ud83d\udccd <strong data-start=\"2872\" data-end=\"2915\">Audytorium Parque El Majuelo, Almu\u00f1\u00e9car<\/strong><br data-start=\"2915\" data-end=\"2918\" \/>\ud83c\udf9f\ufe0f <strong data-start=\"2922\" data-end=\"2966\">Karnet na wszystkie pi\u0119\u0107 spektakli: 40 \u20ac<\/strong><br data-start=\"2966\" data-end=\"2969\" \/>\ud83c\udfab <strong data-start=\"2972\" data-end=\"3016\">Spektakle profesjonalnych zespo\u0142\u00f3w: 15 \u20ac<\/strong><br data-start=\"3016\" data-end=\"3019\" \/>\ud83c\udfad <strong data-start=\"3022\" data-end=\"3059\">Spektakle lokalnych zespo\u0142\u00f3w: 5 \u20ac<\/strong><\/p>\n<p data-start=\"3061\" data-end=\"3364\" data-is-last-node=\"\" data-is-only-node=\"\"><strong data-start=\"3061\" data-end=\"3102\">Teatr grecko-rzymski w Almu\u00f1\u00e9car 2026<\/strong> to wyj\u0105tkowa okazja dla wszystkich, kt\u00f3rzy chc\u0105 odkrywa\u0107 kultur\u0119 i dziedzictwo miasta w niecodzienny spos\u00f3b. Pi\u0119\u0107 wieczor\u00f3w, pi\u0119\u0107 spektakli i tysi\u0105ce lat historii spotkaj\u0105 si\u0119 w El Majuelo, pokazuj\u0105c, \u017ce wielkie dzie\u0142a klasyczne s\u0105 wci\u0105\u017c \u017cywe i aktualne. \ud83c\udfdb\ufe0f\ud83c\udfad\u2728<\/p>\n<\/div>\n<\/div>\n<\/div>\n<\/div>\n<\/div><\/div>[\/vc_column][\/vc_row]<\/p>\n","protected":false},"excerpt":{"rendered":"<p>[vc_row][vc_column][vc_single_image image=&#8221;22486&#8243; img_size=&#8221;full&#8221;][vc_empty_space][\/vc_column][\/vc_row]<\/p>\n","protected":false},"author":2,"featured_media":22501,"comment_status":"open","ping_status":"closed","sticky":false,"template":"","format":"standard","meta":{"footnotes":""},"categories":[190],"tags":[],"class_list":["post-22516","post","type-post","status-publish","format-standard","has-post-thumbnail","hentry","category-kultura-almunecar"],"yoast_head":"<!-- This site is optimized with the Yoast SEO plugin v27.8 - https:\/\/yoast.com\/product\/yoast-seo-wordpress\/ -->\n<title>Teatr grecko-rzymski w Almu\u00f1\u00e9car 2026: program i repertuar -<\/title>\n<meta name=\"robots\" content=\"index, follow, max-snippet:-1, max-image-preview:large, max-video-preview:-1\" \/>\n<link rel=\"canonical\" href=\"https:\/\/discoveralmunecar.com\/pl\/teatr-grecko-rzymski-w-almunecar-2026-program-i-repertuar\/\" \/>\n<meta property=\"og:locale\" content=\"pl_PL\" \/>\n<meta property=\"og:type\" content=\"article\" \/>\n<meta property=\"og:title\" content=\"Teatr grecko-rzymski w Almu\u00f1\u00e9car 2026: program i repertuar -\" \/>\n<meta property=\"og:description\" content=\"[vc_row][vc_column][vc_single_image image=&#8221;22486&#8243; img_size=&#8221;full&#8221;][vc_empty_space][\/vc_column][\/vc_row]\" \/>\n<meta property=\"og:url\" content=\"https:\/\/discoveralmunecar.com\/pl\/teatr-grecko-rzymski-w-almunecar-2026-program-i-repertuar\/\" \/>\n<meta property=\"article:published_time\" content=\"2026-09-01T15:04:25+00:00\" \/>\n<meta property=\"og:image\" content=\"https:\/\/discoveralmunecar.com\/wp-content\/uploads\/2026\/08\/DSC8586Teatro-Grecolatino-2025@0.5x-2.webp\" \/>\n\t<meta property=\"og:image:width\" content=\"2331\" \/>\n\t<meta property=\"og:image:height\" content=\"1311\" \/>\n\t<meta property=\"og:image:type\" content=\"image\/webp\" \/>\n<meta name=\"author\" content=\"Admin\" \/>\n<meta name=\"twitter:card\" content=\"summary_large_image\" \/>\n<meta name=\"twitter:label1\" content=\"Napisane przez\" \/>\n\t<meta name=\"twitter:data1\" content=\"Admin\" \/>\n\t<meta name=\"twitter:label2\" content=\"Szacowany czas czytania\" \/>\n\t<meta name=\"twitter:data2\" content=\"3 minuty\" \/>\n<script type=\"application\/ld+json\" class=\"yoast-schema-graph\">{\"@context\":\"https:\\\/\\\/schema.org\",\"@graph\":[{\"@type\":\"Article\",\"@id\":\"https:\\\/\\\/discoveralmunecar.com\\\/pl\\\/teatr-grecko-rzymski-w-almunecar-2026-program-i-repertuar\\\/#article\",\"isPartOf\":{\"@id\":\"https:\\\/\\\/discoveralmunecar.com\\\/pl\\\/teatr-grecko-rzymski-w-almunecar-2026-program-i-repertuar\\\/\"},\"author\":{\"name\":\"Admin\",\"@id\":\"https:\\\/\\\/discoveralmunecar.com\\\/pl\\\/#\\\/schema\\\/person\\\/7d931359380d442b7e8832cd0d6a2db0\"},\"headline\":\"Teatr grecko-rzymski w Almu\u00f1\u00e9car 2026: program i repertuar\",\"datePublished\":\"2026-09-01T15:04:25+00:00\",\"mainEntityOfPage\":{\"@id\":\"https:\\\/\\\/discoveralmunecar.com\\\/pl\\\/teatr-grecko-rzymski-w-almunecar-2026-program-i-repertuar\\\/\"},\"wordCount\":502,\"commentCount\":0,\"image\":{\"@id\":\"https:\\\/\\\/discoveralmunecar.com\\\/pl\\\/teatr-grecko-rzymski-w-almunecar-2026-program-i-repertuar\\\/#primaryimage\"},\"thumbnailUrl\":\"https:\\\/\\\/discoveralmunecar.com\\\/wp-content\\\/uploads\\\/2026\\\/08\\\/DSC8586Teatro-Grecolatino-2025@0.5x-2.webp\",\"articleSection\":[\"Kultura Almu\u00f1\u00e9car\"],\"inLanguage\":\"pl-PL\",\"potentialAction\":[{\"@type\":\"CommentAction\",\"name\":\"Comment\",\"target\":[\"https:\\\/\\\/discoveralmunecar.com\\\/pl\\\/teatr-grecko-rzymski-w-almunecar-2026-program-i-repertuar\\\/#respond\"]}]},{\"@type\":\"WebPage\",\"@id\":\"https:\\\/\\\/discoveralmunecar.com\\\/pl\\\/teatr-grecko-rzymski-w-almunecar-2026-program-i-repertuar\\\/\",\"url\":\"https:\\\/\\\/discoveralmunecar.com\\\/pl\\\/teatr-grecko-rzymski-w-almunecar-2026-program-i-repertuar\\\/\",\"name\":\"Teatr grecko-rzymski w Almu\u00f1\u00e9car 2026: program i repertuar -\",\"isPartOf\":{\"@id\":\"https:\\\/\\\/discoveralmunecar.com\\\/pl\\\/#website\"},\"primaryImageOfPage\":{\"@id\":\"https:\\\/\\\/discoveralmunecar.com\\\/pl\\\/teatr-grecko-rzymski-w-almunecar-2026-program-i-repertuar\\\/#primaryimage\"},\"image\":{\"@id\":\"https:\\\/\\\/discoveralmunecar.com\\\/pl\\\/teatr-grecko-rzymski-w-almunecar-2026-program-i-repertuar\\\/#primaryimage\"},\"thumbnailUrl\":\"https:\\\/\\\/discoveralmunecar.com\\\/wp-content\\\/uploads\\\/2026\\\/08\\\/DSC8586Teatro-Grecolatino-2025@0.5x-2.webp\",\"datePublished\":\"2026-09-01T15:04:25+00:00\",\"author\":{\"@id\":\"https:\\\/\\\/discoveralmunecar.com\\\/pl\\\/#\\\/schema\\\/person\\\/7d931359380d442b7e8832cd0d6a2db0\"},\"breadcrumb\":{\"@id\":\"https:\\\/\\\/discoveralmunecar.com\\\/pl\\\/teatr-grecko-rzymski-w-almunecar-2026-program-i-repertuar\\\/#breadcrumb\"},\"inLanguage\":\"pl-PL\",\"potentialAction\":[{\"@type\":\"ReadAction\",\"target\":[\"https:\\\/\\\/discoveralmunecar.com\\\/pl\\\/teatr-grecko-rzymski-w-almunecar-2026-program-i-repertuar\\\/\"]}]},{\"@type\":\"ImageObject\",\"inLanguage\":\"pl-PL\",\"@id\":\"https:\\\/\\\/discoveralmunecar.com\\\/pl\\\/teatr-grecko-rzymski-w-almunecar-2026-program-i-repertuar\\\/#primaryimage\",\"url\":\"https:\\\/\\\/discoveralmunecar.com\\\/wp-content\\\/uploads\\\/2026\\\/08\\\/DSC8586Teatro-Grecolatino-2025@0.5x-2.webp\",\"contentUrl\":\"https:\\\/\\\/discoveralmunecar.com\\\/wp-content\\\/uploads\\\/2026\\\/08\\\/DSC8586Teatro-Grecolatino-2025@0.5x-2.webp\",\"width\":2331,\"height\":1311},{\"@type\":\"BreadcrumbList\",\"@id\":\"https:\\\/\\\/discoveralmunecar.com\\\/pl\\\/teatr-grecko-rzymski-w-almunecar-2026-program-i-repertuar\\\/#breadcrumb\",\"itemListElement\":[{\"@type\":\"ListItem\",\"position\":1,\"name\":\"Home\",\"item\":\"https:\\\/\\\/discoveralmunecar.com\\\/pl\\\/\"},{\"@type\":\"ListItem\",\"position\":2,\"name\":\"Teatr grecko-rzymski w Almu\u00f1\u00e9car 2026: program i repertuar\"}]},{\"@type\":\"WebSite\",\"@id\":\"https:\\\/\\\/discoveralmunecar.com\\\/pl\\\/#website\",\"url\":\"https:\\\/\\\/discoveralmunecar.com\\\/pl\\\/\",\"name\":\"\",\"description\":\"Just another WordPress site\\n\",\"potentialAction\":[{\"@type\":\"SearchAction\",\"target\":{\"@type\":\"EntryPoint\",\"urlTemplate\":\"https:\\\/\\\/discoveralmunecar.com\\\/pl\\\/?s={search_term_string}\"},\"query-input\":{\"@type\":\"PropertyValueSpecification\",\"valueRequired\":true,\"valueName\":\"search_term_string\"}}],\"inLanguage\":\"pl-PL\"},{\"@type\":\"Person\",\"@id\":\"https:\\\/\\\/discoveralmunecar.com\\\/pl\\\/#\\\/schema\\\/person\\\/7d931359380d442b7e8832cd0d6a2db0\",\"name\":\"Admin\",\"image\":{\"@type\":\"ImageObject\",\"inLanguage\":\"pl-PL\",\"@id\":\"https:\\\/\\\/secure.gravatar.com\\\/avatar\\\/87aff11e22fb9eda78c606aa27a60cd99fc49aac3a2cf4688b14253df494fd22?s=96&d=mm&r=g\",\"url\":\"https:\\\/\\\/secure.gravatar.com\\\/avatar\\\/87aff11e22fb9eda78c606aa27a60cd99fc49aac3a2cf4688b14253df494fd22?s=96&d=mm&r=g\",\"contentUrl\":\"https:\\\/\\\/secure.gravatar.com\\\/avatar\\\/87aff11e22fb9eda78c606aa27a60cd99fc49aac3a2cf4688b14253df494fd22?s=96&d=mm&r=g\",\"caption\":\"Admin\"},\"url\":\"https:\\\/\\\/discoveralmunecar.com\\\/pl\\\/author\\\/pedro-espinosa\\\/\"}]}<\/script>\n<!-- \/ Yoast SEO plugin. -->","yoast_head_json":{"title":"Teatr grecko-rzymski w Almu\u00f1\u00e9car 2026: program i repertuar -","robots":{"index":"index","follow":"follow","max-snippet":"max-snippet:-1","max-image-preview":"max-image-preview:large","max-video-preview":"max-video-preview:-1"},"canonical":"https:\/\/discoveralmunecar.com\/pl\/teatr-grecko-rzymski-w-almunecar-2026-program-i-repertuar\/","og_locale":"pl_PL","og_type":"article","og_title":"Teatr grecko-rzymski w Almu\u00f1\u00e9car 2026: program i repertuar -","og_description":"[vc_row][vc_column][vc_single_image image=&#8221;22486&#8243; img_size=&#8221;full&#8221;][vc_empty_space][\/vc_column][\/vc_row]","og_url":"https:\/\/discoveralmunecar.com\/pl\/teatr-grecko-rzymski-w-almunecar-2026-program-i-repertuar\/","article_published_time":"2026-09-01T15:04:25+00:00","og_image":[{"width":2331,"height":1311,"url":"https:\/\/discoveralmunecar.com\/wp-content\/uploads\/2026\/08\/DSC8586Teatro-Grecolatino-2025@0.5x-2.webp","type":"image\/webp"}],"author":"Admin","twitter_card":"summary_large_image","twitter_misc":{"Napisane przez":"Admin","Szacowany czas czytania":"3 minuty"},"schema":{"@context":"https:\/\/schema.org","@graph":[{"@type":"Article","@id":"https:\/\/discoveralmunecar.com\/pl\/teatr-grecko-rzymski-w-almunecar-2026-program-i-repertuar\/#article","isPartOf":{"@id":"https:\/\/discoveralmunecar.com\/pl\/teatr-grecko-rzymski-w-almunecar-2026-program-i-repertuar\/"},"author":{"name":"Admin","@id":"https:\/\/discoveralmunecar.com\/pl\/#\/schema\/person\/7d931359380d442b7e8832cd0d6a2db0"},"headline":"Teatr grecko-rzymski w Almu\u00f1\u00e9car 2026: program i repertuar","datePublished":"2026-09-01T15:04:25+00:00","mainEntityOfPage":{"@id":"https:\/\/discoveralmunecar.com\/pl\/teatr-grecko-rzymski-w-almunecar-2026-program-i-repertuar\/"},"wordCount":502,"commentCount":0,"image":{"@id":"https:\/\/discoveralmunecar.com\/pl\/teatr-grecko-rzymski-w-almunecar-2026-program-i-repertuar\/#primaryimage"},"thumbnailUrl":"https:\/\/discoveralmunecar.com\/wp-content\/uploads\/2026\/08\/DSC8586Teatro-Grecolatino-2025@0.5x-2.webp","articleSection":["Kultura Almu\u00f1\u00e9car"],"inLanguage":"pl-PL","potentialAction":[{"@type":"CommentAction","name":"Comment","target":["https:\/\/discoveralmunecar.com\/pl\/teatr-grecko-rzymski-w-almunecar-2026-program-i-repertuar\/#respond"]}]},{"@type":"WebPage","@id":"https:\/\/discoveralmunecar.com\/pl\/teatr-grecko-rzymski-w-almunecar-2026-program-i-repertuar\/","url":"https:\/\/discoveralmunecar.com\/pl\/teatr-grecko-rzymski-w-almunecar-2026-program-i-repertuar\/","name":"Teatr grecko-rzymski w Almu\u00f1\u00e9car 2026: program i repertuar -","isPartOf":{"@id":"https:\/\/discoveralmunecar.com\/pl\/#website"},"primaryImageOfPage":{"@id":"https:\/\/discoveralmunecar.com\/pl\/teatr-grecko-rzymski-w-almunecar-2026-program-i-repertuar\/#primaryimage"},"image":{"@id":"https:\/\/discoveralmunecar.com\/pl\/teatr-grecko-rzymski-w-almunecar-2026-program-i-repertuar\/#primaryimage"},"thumbnailUrl":"https:\/\/discoveralmunecar.com\/wp-content\/uploads\/2026\/08\/DSC8586Teatro-Grecolatino-2025@0.5x-2.webp","datePublished":"2026-09-01T15:04:25+00:00","author":{"@id":"https:\/\/discoveralmunecar.com\/pl\/#\/schema\/person\/7d931359380d442b7e8832cd0d6a2db0"},"breadcrumb":{"@id":"https:\/\/discoveralmunecar.com\/pl\/teatr-grecko-rzymski-w-almunecar-2026-program-i-repertuar\/#breadcrumb"},"inLanguage":"pl-PL","potentialAction":[{"@type":"ReadAction","target":["https:\/\/discoveralmunecar.com\/pl\/teatr-grecko-rzymski-w-almunecar-2026-program-i-repertuar\/"]}]},{"@type":"ImageObject","inLanguage":"pl-PL","@id":"https:\/\/discoveralmunecar.com\/pl\/teatr-grecko-rzymski-w-almunecar-2026-program-i-repertuar\/#primaryimage","url":"https:\/\/discoveralmunecar.com\/wp-content\/uploads\/2026\/08\/DSC8586Teatro-Grecolatino-2025@0.5x-2.webp","contentUrl":"https:\/\/discoveralmunecar.com\/wp-content\/uploads\/2026\/08\/DSC8586Teatro-Grecolatino-2025@0.5x-2.webp","width":2331,"height":1311},{"@type":"BreadcrumbList","@id":"https:\/\/discoveralmunecar.com\/pl\/teatr-grecko-rzymski-w-almunecar-2026-program-i-repertuar\/#breadcrumb","itemListElement":[{"@type":"ListItem","position":1,"name":"Home","item":"https:\/\/discoveralmunecar.com\/pl\/"},{"@type":"ListItem","position":2,"name":"Teatr grecko-rzymski w Almu\u00f1\u00e9car 2026: program i repertuar"}]},{"@type":"WebSite","@id":"https:\/\/discoveralmunecar.com\/pl\/#website","url":"https:\/\/discoveralmunecar.com\/pl\/","name":"","description":"Just another WordPress site\n","potentialAction":[{"@type":"SearchAction","target":{"@type":"EntryPoint","urlTemplate":"https:\/\/discoveralmunecar.com\/pl\/?s={search_term_string}"},"query-input":{"@type":"PropertyValueSpecification","valueRequired":true,"valueName":"search_term_string"}}],"inLanguage":"pl-PL"},{"@type":"Person","@id":"https:\/\/discoveralmunecar.com\/pl\/#\/schema\/person\/7d931359380d442b7e8832cd0d6a2db0","name":"Admin","image":{"@type":"ImageObject","inLanguage":"pl-PL","@id":"https:\/\/secure.gravatar.com\/avatar\/87aff11e22fb9eda78c606aa27a60cd99fc49aac3a2cf4688b14253df494fd22?s=96&d=mm&r=g","url":"https:\/\/secure.gravatar.com\/avatar\/87aff11e22fb9eda78c606aa27a60cd99fc49aac3a2cf4688b14253df494fd22?s=96&d=mm&r=g","contentUrl":"https:\/\/secure.gravatar.com\/avatar\/87aff11e22fb9eda78c606aa27a60cd99fc49aac3a2cf4688b14253df494fd22?s=96&d=mm&r=g","caption":"Admin"},"url":"https:\/\/discoveralmunecar.com\/pl\/author\/pedro-espinosa\/"}]}},"_links":{"self":[{"href":"https:\/\/discoveralmunecar.com\/pl\/wp-json\/wp\/v2\/posts\/22516","targetHints":{"allow":["GET"]}}],"collection":[{"href":"https:\/\/discoveralmunecar.com\/pl\/wp-json\/wp\/v2\/posts"}],"about":[{"href":"https:\/\/discoveralmunecar.com\/pl\/wp-json\/wp\/v2\/types\/post"}],"author":[{"embeddable":true,"href":"https:\/\/discoveralmunecar.com\/pl\/wp-json\/wp\/v2\/users\/2"}],"replies":[{"embeddable":true,"href":"https:\/\/discoveralmunecar.com\/pl\/wp-json\/wp\/v2\/comments?post=22516"}],"version-history":[{"count":2,"href":"https:\/\/discoveralmunecar.com\/pl\/wp-json\/wp\/v2\/posts\/22516\/revisions"}],"predecessor-version":[{"id":22518,"href":"https:\/\/discoveralmunecar.com\/pl\/wp-json\/wp\/v2\/posts\/22516\/revisions\/22518"}],"wp:featuredmedia":[{"embeddable":true,"href":"https:\/\/discoveralmunecar.com\/pl\/wp-json\/wp\/v2\/media\/22501"}],"wp:attachment":[{"href":"https:\/\/discoveralmunecar.com\/pl\/wp-json\/wp\/v2\/media?parent=22516"}],"wp:term":[{"taxonomy":"category","embeddable":true,"href":"https:\/\/discoveralmunecar.com\/pl\/wp-json\/wp\/v2\/categories?post=22516"},{"taxonomy":"post_tag","embeddable":true,"href":"https:\/\/discoveralmunecar.com\/pl\/wp-json\/wp\/v2\/tags?post=22516"}],"curies":[{"name":"wp","href":"https:\/\/api.w.org\/{rel}","templated":true}]}}