{"id":22633,"date":"2026-09-02T13:14:50","date_gmt":"2026-09-02T13:14:50","guid":{"rendered":"https:\/\/discoveralmunecar.com\/?p=22633"},"modified":"2026-09-02T13:14:50","modified_gmt":"2026-09-02T13:14:50","slug":"vuelta-a-espana-2026-startuje-w-almunecar-lew-costa-tropical-sciga-sie-u-siebie","status":"publish","type":"post","link":"https:\/\/discoveralmunecar.com\/pl\/vuelta-a-espana-2026-startuje-w-almunecar-lew-costa-tropical-sciga-sie-u-siebie\/","title":{"rendered":"Vuelta a Espa\u00f1a 2026 startuje w Almu\u00f1\u00e9car: Lew Costa Tropical \u015bciga si\u0119 u siebie"},"content":{"rendered":"<p class=\"PDq2pG_selectionAnchorContainer\" data-start=\"200\" data-end=\"428\"><strong data-start=\"200\" data-end=\"224\">Vuelta a Espa\u00f1a 2026<\/strong> wystartuje w <strong data-start=\"238\" data-end=\"251\">Almu\u00f1\u00e9car<\/strong> w pi\u0105tek 4 wrze\u015bnia. Dla miasta i jednego z jego najwa\u017cniejszych sportowc\u00f3w b\u0119dzie to wyj\u0105tkowy dzie\u0144: <strong data-start=\"355\" data-end=\"375\">Carlos Rodr\u00edguez<\/strong>, urodzony w Almu\u00f1\u00e9car, rozpocznie tutaj rywalizacj\u0119.<\/p>\n<p data-start=\"430\" data-end=\"676\">Po raz pierwszy Almu\u00f1\u00e9car b\u0119dzie miejscem startu etapu Vuelty. Dla <strong data-start=\"497\" data-end=\"533\">kolarza pochodz\u0105cego z Almu\u00f1\u00e9car<\/strong> b\u0119dzie to szczeg\u00f3lna chwila, poniewa\u017c etap wielkiego touru rozpocznie w swoim rodzinnym mie\u015bcie, w\u015br\u00f3d rodziny, przyjaci\u00f3\u0142 i licznych kibic\u00f3w.<\/p>\n<h3 data-section-id=\"3f8zth\" data-start=\"679\" data-end=\"723\">\ud83d\udeb4 Lew Costa Tropical \u015bciga si\u0119 u siebie<\/h3>\n<p data-start=\"725\" data-end=\"974\"><strong data-start=\"725\" data-end=\"743\">Lokalny kolarz<\/strong> jest jedn\u0105 z najwa\u017cniejszych postaci sportowych Almu\u00f1\u00e9car. Jego profesjonalna kariera zaprowadzi\u0142a go na najwi\u0119ksze mi\u0119dzynarodowe wy\u015bcigi kolarskie, dzi\u0119ki czemu sta\u0142 si\u0119 jednym z najbardziej rozpoznawalnych hiszpa\u0144skich kolarzy.<\/p>\n<p data-start=\"976\" data-end=\"1074\">Vuelta a Espa\u00f1a 2026 zaoferuje mu teraz wyj\u0105tkowy moment: start z ulic jego <strong data-start=\"1052\" data-end=\"1073\">rodzinnego miasta<\/strong>.<\/p>\n<h3 data-section-id=\"5jtbqt\" data-start=\"1077\" data-end=\"1133\">\ud83d\udccc Wszystkie informacje o starcie Vuelty w Almu\u00f1\u00e9car<\/h3>\n<blockquote data-start=\"1135\" data-end=\"1742\">\n<p data-start=\"1137\" data-end=\"1179\"><strong data-start=\"1137\" data-end=\"1179\">\ud83d\udeb4 LA VUELTA A ESPA\u00d1A 2026 W ALMU\u00d1\u00c9CAR<\/strong><\/p>\n<p data-start=\"1184\" data-end=\"1510\">\ud83d\udcc5 <strong data-start=\"1187\" data-end=\"1196\">Data:<\/strong> pi\u0105tek, 4 wrze\u015bnia 2026 r.<br data-start=\"1223\" data-end=\"1226\" \/>\ud83d\udeb4 <strong data-start=\"1231\" data-end=\"1240\">Etap:<\/strong> 13. etap<br data-start=\"1249\" data-end=\"1252\" \/>\ud83d\udccd <strong data-start=\"1257\" data-end=\"1267\">Start:<\/strong> Almu\u00f1\u00e9car<br data-start=\"1277\" data-end=\"1280\" \/>\ud83c\udfc1 <strong data-start=\"1285\" data-end=\"1294\">Meta:<\/strong> Loja<br data-start=\"1299\" data-end=\"1302\" \/>\ud83d\udccf <strong data-start=\"1307\" data-end=\"1319\">Dystans:<\/strong> 192,8 km<br data-start=\"1328\" data-end=\"1331\" \/>\u23f0 <strong data-start=\"1335\" data-end=\"1355\">Start neutralny:<\/strong> 12:20<br data-start=\"1361\" data-end=\"1364\" \/>\ud83d\udea6 <strong data-start=\"1369\" data-end=\"1389\">Start oficjalny:<\/strong> oko\u0142o 12:41<br data-start=\"1401\" data-end=\"1404\" \/>\ud83d\udee3\ufe0f <strong data-start=\"1410\" data-end=\"1434\">Pocz\u0105tkowy kierunek:<\/strong> N-340 w stron\u0119 Motril<br data-start=\"1456\" data-end=\"1459\" \/>\ud83c\udfc1 <strong data-start=\"1464\" data-end=\"1498\">Przewidywany przyjazd do Loja:<\/strong> oko\u0142o 17:16<\/p>\n<p data-start=\"1515\" data-end=\"1742\">\ud83d\udc40 <strong data-start=\"1518\" data-end=\"1532\">Wskaz\u00f3wka:<\/strong> Je\u015bli chcesz zobaczy\u0107 kolarzy na \u017cywo, przyjed\u017a wcze\u015bniej. Spodziewana jest du\u017ca liczba kibic\u00f3w, a tak\u017ce mo\u017cliwe s\u0105 ograniczenia w ruchu, zmiany w dost\u0119pie do poszczeg\u00f3lnych miejsc oraz problemy z parkowaniem.<\/p>\n<\/blockquote>\n<h3 data-section-id=\"1fgp6sg\" data-start=\"1745\" data-end=\"1794\">\u2764\ufe0f Miasto gotowe uhonorowa\u0107 jednego ze swoich<\/h3>\n<p data-start=\"1796\" data-end=\"2034\">Przyjazd Vuelty jest r\u00f3wnie\u017c kolejn\u0105 okazj\u0105 do uhonorowania <strong data-start=\"1856\" data-end=\"1879\">kolarza z Almu\u00f1\u00e9car<\/strong>. Miasto ju\u017c wcze\u015bniej docenia\u0142o jego sukcesy sportowe, a teraz b\u0119dzie mog\u0142o \u015bwi\u0119towa\u0107 jego udzia\u0142 w etapie rozpoczynaj\u0105cym si\u0119 w jego rodzinnych stronach.<\/p>\n<p data-start=\"2036\" data-end=\"2197\">B\u0119dzie to wyj\u0105tkowy dzie\u0144 dla zawodnika i ca\u0142ej <strong data-start=\"2084\" data-end=\"2102\">Costa Tropical<\/strong>, a ulice Almu\u00f1\u00e9car stan\u0105 si\u0119 sceneri\u0105 jednego z najwa\u017cniejszych wydarze\u0144 sportowych tego roku.<\/p>\n<h3 data-section-id=\"1wj9vo8\" data-start=\"2200\" data-end=\"2239\">\ud83c\udf34 Almu\u00f1\u00e9car w centrum uwagi Vuelty<\/h3>\n<p data-start=\"2241\" data-end=\"2350\">Przez kilka godzin <strong data-start=\"2260\" data-end=\"2273\">Almu\u00f1\u00e9car<\/strong> znajdzie si\u0119 w centrum uwagi krajowych i mi\u0119dzynarodowych kibic\u00f3w kolarstwa.<\/p>\n<p data-start=\"2352\" data-end=\"2548\">Start etapu b\u0119dzie r\u00f3wnie\u017c okazj\u0105 do pokazania najwi\u0119kszych atrakcji miasta: Morza \u015ar\u00f3dziemnego, pla\u017c, historycznego centrum, <strong data-start=\"2478\" data-end=\"2498\">zamku San Miguel<\/strong>, lokalnej kuchni oraz krajobraz\u00f3w Costa Tropical.<\/p>\n<p data-start=\"2550\" data-end=\"2704\">Dla os\u00f3b, kt\u00f3re przyjad\u0105 do Almu\u00f1\u00e9car z okazji Vuelty, b\u0119dzie to r\u00f3wnie\u017c \u015bwietna okazja, aby zosta\u0107 na kilka dni d\u0142u\u017cej i spokojnie odkry\u0107 t\u0119 miejscowo\u015b\u0107.<\/p>\n<h3 data-section-id=\"1m4aq4q\" data-start=\"2707\" data-end=\"2733\">\ud83d\udeb5 Z Almu\u00f1\u00e9car do Loja<\/h3>\n<p data-start=\"2735\" data-end=\"2796\">Kolarze pokonaj\u0105 <strong data-start=\"2752\" data-end=\"2771\">192,8 kilometra<\/strong> mi\u0119dzy Almu\u00f1\u00e9car a Loja.<\/p>\n<p data-start=\"2798\" data-end=\"3006\">Wy\u015bcig opu\u015bci Costa Tropical w kierunku Motril, a nast\u0119pnie skieruje si\u0119 w g\u0142\u0105b prowincji Granada. Na trasie znajdzie si\u0119 kilka podjazd\u00f3w oraz odcinki o zmiennym profilu, zanim zawodnicy dotr\u0105 do mety w Loja.<\/p>\n<h3 data-section-id=\"gsf4no\" data-start=\"3009\" data-end=\"3063\">\ud83d\udccd Co zobaczy\u0107 i zrobi\u0107 w Almu\u00f1\u00e9car podczas Vuelty<\/h3>\n<h4 data-start=\"3066\" data-end=\"3105\">\ud83c\udfd8\ufe0f Spacer po historycznym centrum<\/h4>\n<p data-start=\"3107\" data-end=\"3232\">Przejd\u017a si\u0119 uliczkami historycznego centrum i odkryj niekt\u00f3re z najbardziej tradycyjnych i urokliwych zak\u0105tk\u00f3w <strong data-start=\"3218\" data-end=\"3231\">Almu\u00f1\u00e9car<\/strong>.<\/p>\n<h4 data-start=\"3235\" data-end=\"3267\">\ud83c\udff0 Odwied\u017a zamek San Miguel<\/h4>\n<p data-start=\"3269\" data-end=\"3397\"><strong data-start=\"3269\" data-end=\"3289\">Zamek San Miguel<\/strong> jest jednym z najwa\u017cniejszych symboli miasta i oferuje wspania\u0142e widoki na Almu\u00f1\u00e9car oraz Morze \u015ar\u00f3dziemne.<\/p>\n<h4 data-start=\"3400\" data-end=\"3446\">\ud83c\udfd6\ufe0f Odkryj pla\u017ce Almu\u00f1\u00e9car i La Herradura<\/h4>\n<p data-start=\"3448\" data-end=\"3543\">Po obejrzeniu startu etapu warto po\u015bwi\u0119ci\u0107 troch\u0119 czasu na <strong data-start=\"3507\" data-end=\"3542\">pla\u017ce i zatoczki Costa Tropical<\/strong>.<\/p>\n<h4 data-start=\"3546\" data-end=\"3578\">\ud83c\udf7d\ufe0f Spr\u00f3buj lokalnej kuchni<\/h4>\n<p data-start=\"3580\" data-end=\"3703\">\u015awie\u017ce ryby, tropikalne owoce i tradycyjne dania s\u0105 wa\u017cn\u0105 cz\u0119\u015bci\u0105 kulinarnego do\u015bwiadczenia podczas pobytu w <strong data-start=\"3689\" data-end=\"3702\">Almu\u00f1\u00e9car<\/strong>.<\/p>\n<h3 data-section-id=\"1326v7y\" data-start=\"3706\" data-end=\"3739\">\ud83d\udeb4 Region przyjazny kolarstwu<\/h3>\n<p data-start=\"3741\" data-end=\"3886\">Po\u0142\u0105czenie <strong data-start=\"3752\" data-end=\"3797\">morza, g\u00f3r i dr\u00f3g o zr\u00f3\u017cnicowanym profilu<\/strong> sprawia, \u017ce Almu\u00f1\u00e9car i Costa Tropical s\u0105 atrakcyjnym miejscem dla mi\u0142o\u015bnik\u00f3w kolarstwa.<\/p>\n<p data-start=\"3888\" data-end=\"4006\">Start etapu Vuelty dodatkowo wzmacnia wizerunek <strong data-start=\"3936\" data-end=\"3990\">Almu\u00f1\u00e9car jako kierunku sportowego i turystycznego<\/strong> przez ca\u0142y rok.<\/p>\n<h3 data-section-id=\"19ax15d\" data-start=\"4009\" data-end=\"4047\">\ud83c\udf05 Historyczny dzie\u0144 dla Almu\u00f1\u00e9car<\/h3>\n<p data-start=\"4049\" data-end=\"4116\"><strong data-start=\"4049\" data-end=\"4073\">4 wrze\u015bnia 2026 roku<\/strong> pozostanie wa\u017cn\u0105 dat\u0105 w kalendarzu miasta.<\/p>\n<p data-start=\"4118\" data-end=\"4378\">Vuelta a Espa\u00f1a po raz pierwszy wystartuje z Almu\u00f1\u00e9car, a w peletonie znajdzie si\u0119 jeden z jego mieszka\u0144c\u00f3w. Widok <strong data-start=\"4233\" data-end=\"4269\">kolarza pochodz\u0105cego z Almu\u00f1\u00e9car<\/strong> rozpoczynaj\u0105cego etap w swoim rodzinnym mie\u015bcie b\u0119dzie jednym z najbardziej wyj\u0105tkowych moment\u00f3w tej edycji.<\/p>\n<p data-start=\"4380\" data-end=\"4467\">Je\u015bli chcesz odkry\u0107 <strong data-start=\"4400\" data-end=\"4430\">Almu\u00f1\u00e9car i Costa Tropical<\/strong>, to doskona\u0142y moment, aby to zrobi\u0107.<\/p>\n","protected":false},"excerpt":{"rendered":"<p>Vuelta a Espa\u00f1a 2026 wystartuje w Almu\u00f1\u00e9car w pi\u0105tek 4 wrze\u015bnia. Dla miasta i jednego z jego najwa\u017cniejszych sportowc\u00f3w b\u0119dzie to wyj\u0105tkowy dzie\u0144: Carlos Rodr\u00edguez, urodzony w Almu\u00f1\u00e9car, rozpocznie tutaj rywalizacj\u0119. Po raz pierwszy Almu\u00f1\u00e9car b\u0119dzie miejscem startu etapu Vuelty. Dla kolarza pochodz\u0105cego z Almu\u00f1\u00e9car b\u0119dzie to szczeg\u00f3lna chwila, poniewa\u017c etap wielkiego touru rozpocznie w [&hellip;]<\/p>\n","protected":false},"author":2,"featured_media":22543,"comment_status":"open","ping_status":"closed","sticky":false,"template":"","format":"standard","meta":{"footnotes":""},"categories":[190,194],"tags":[],"class_list":["post-22633","post","type-post","status-publish","format-standard","has-post-thumbnail","hentry","category-kultura-almunecar","category-program-kulturalny-almunecar"],"yoast_head":"<!-- This site is optimized with the Yoast SEO plugin v27.8 - https:\/\/yoast.com\/product\/yoast-seo-wordpress\/ -->\n<title>Vuelta a Espa\u00f1a 2026 startuje w Almu\u00f1\u00e9car: Lew Costa Tropical \u015bciga si\u0119 u siebie -<\/title>\n<meta name=\"robots\" content=\"index, follow, max-snippet:-1, max-image-preview:large, max-video-preview:-1\" \/>\n<link rel=\"canonical\" href=\"https:\/\/discoveralmunecar.com\/pl\/vuelta-a-espana-2026-startuje-w-almunecar-lew-costa-tropical-sciga-sie-u-siebie\/\" \/>\n<meta property=\"og:locale\" content=\"pl_PL\" \/>\n<meta property=\"og:type\" content=\"article\" \/>\n<meta property=\"og:title\" content=\"Vuelta a Espa\u00f1a 2026 startuje w Almu\u00f1\u00e9car: Lew Costa Tropical \u015bciga si\u0119 u siebie -\" \/>\n<meta property=\"og:description\" content=\"Vuelta a Espa\u00f1a 2026 wystartuje w Almu\u00f1\u00e9car w pi\u0105tek 4 wrze\u015bnia. Dla miasta i jednego z jego najwa\u017cniejszych sportowc\u00f3w b\u0119dzie to wyj\u0105tkowy dzie\u0144: Carlos Rodr\u00edguez, urodzony w Almu\u00f1\u00e9car, rozpocznie tutaj rywalizacj\u0119. Po raz pierwszy Almu\u00f1\u00e9car b\u0119dzie miejscem startu etapu Vuelty. Dla kolarza pochodz\u0105cego z Almu\u00f1\u00e9car b\u0119dzie to szczeg\u00f3lna chwila, poniewa\u017c etap wielkiego touru rozpocznie w [&hellip;]\" \/>\n<meta property=\"og:url\" content=\"https:\/\/discoveralmunecar.com\/pl\/vuelta-a-espana-2026-startuje-w-almunecar-lew-costa-tropical-sciga-sie-u-siebie\/\" \/>\n<meta property=\"article:published_time\" content=\"2026-09-02T13:14:50+00:00\" \/>\n<meta property=\"og:image\" content=\"https:\/\/discoveralmunecar.com\/wp-content\/uploads\/2026\/08\/Ciclismo.webp\" \/>\n\t<meta property=\"og:image:width\" content=\"1584\" \/>\n\t<meta property=\"og:image:height\" content=\"672\" \/>\n\t<meta property=\"og:image:type\" content=\"image\/webp\" \/>\n<meta name=\"author\" content=\"Admin\" \/>\n<meta name=\"twitter:card\" content=\"summary_large_image\" \/>\n<meta name=\"twitter:label1\" content=\"Napisane przez\" \/>\n\t<meta name=\"twitter:data1\" content=\"Admin\" \/>\n\t<meta name=\"twitter:label2\" content=\"Szacowany czas czytania\" \/>\n\t<meta name=\"twitter:data2\" content=\"3 minuty\" \/>\n<script type=\"application\/ld+json\" class=\"yoast-schema-graph\">{\"@context\":\"https:\\\/\\\/schema.org\",\"@graph\":[{\"@type\":\"Article\",\"@id\":\"https:\\\/\\\/discoveralmunecar.com\\\/pl\\\/vuelta-a-espana-2026-startuje-w-almunecar-lew-costa-tropical-sciga-sie-u-siebie\\\/#article\",\"isPartOf\":{\"@id\":\"https:\\\/\\\/discoveralmunecar.com\\\/pl\\\/vuelta-a-espana-2026-startuje-w-almunecar-lew-costa-tropical-sciga-sie-u-siebie\\\/\"},\"author\":{\"name\":\"Admin\",\"@id\":\"https:\\\/\\\/discoveralmunecar.com\\\/pl\\\/#\\\/schema\\\/person\\\/7d931359380d442b7e8832cd0d6a2db0\"},\"headline\":\"Vuelta a Espa\u00f1a 2026 startuje w Almu\u00f1\u00e9car: Lew Costa Tropical \u015bciga si\u0119 u siebie\",\"datePublished\":\"2026-09-02T13:14:50+00:00\",\"mainEntityOfPage\":{\"@id\":\"https:\\\/\\\/discoveralmunecar.com\\\/pl\\\/vuelta-a-espana-2026-startuje-w-almunecar-lew-costa-tropical-sciga-sie-u-siebie\\\/\"},\"wordCount\":693,\"commentCount\":0,\"image\":{\"@id\":\"https:\\\/\\\/discoveralmunecar.com\\\/pl\\\/vuelta-a-espana-2026-startuje-w-almunecar-lew-costa-tropical-sciga-sie-u-siebie\\\/#primaryimage\"},\"thumbnailUrl\":\"https:\\\/\\\/discoveralmunecar.com\\\/wp-content\\\/uploads\\\/2026\\\/08\\\/Ciclismo.webp\",\"articleSection\":[\"Kultura Almu\u00f1\u00e9car\",\"Program kulturalny Almu\u00f1\u00e9car\"],\"inLanguage\":\"pl-PL\",\"potentialAction\":[{\"@type\":\"CommentAction\",\"name\":\"Comment\",\"target\":[\"https:\\\/\\\/discoveralmunecar.com\\\/pl\\\/vuelta-a-espana-2026-startuje-w-almunecar-lew-costa-tropical-sciga-sie-u-siebie\\\/#respond\"]}]},{\"@type\":\"WebPage\",\"@id\":\"https:\\\/\\\/discoveralmunecar.com\\\/pl\\\/vuelta-a-espana-2026-startuje-w-almunecar-lew-costa-tropical-sciga-sie-u-siebie\\\/\",\"url\":\"https:\\\/\\\/discoveralmunecar.com\\\/pl\\\/vuelta-a-espana-2026-startuje-w-almunecar-lew-costa-tropical-sciga-sie-u-siebie\\\/\",\"name\":\"Vuelta a Espa\u00f1a 2026 startuje w Almu\u00f1\u00e9car: Lew Costa Tropical \u015bciga si\u0119 u siebie -\",\"isPartOf\":{\"@id\":\"https:\\\/\\\/discoveralmunecar.com\\\/pl\\\/#website\"},\"primaryImageOfPage\":{\"@id\":\"https:\\\/\\\/discoveralmunecar.com\\\/pl\\\/vuelta-a-espana-2026-startuje-w-almunecar-lew-costa-tropical-sciga-sie-u-siebie\\\/#primaryimage\"},\"image\":{\"@id\":\"https:\\\/\\\/discoveralmunecar.com\\\/pl\\\/vuelta-a-espana-2026-startuje-w-almunecar-lew-costa-tropical-sciga-sie-u-siebie\\\/#primaryimage\"},\"thumbnailUrl\":\"https:\\\/\\\/discoveralmunecar.com\\\/wp-content\\\/uploads\\\/2026\\\/08\\\/Ciclismo.webp\",\"datePublished\":\"2026-09-02T13:14:50+00:00\",\"author\":{\"@id\":\"https:\\\/\\\/discoveralmunecar.com\\\/pl\\\/#\\\/schema\\\/person\\\/7d931359380d442b7e8832cd0d6a2db0\"},\"breadcrumb\":{\"@id\":\"https:\\\/\\\/discoveralmunecar.com\\\/pl\\\/vuelta-a-espana-2026-startuje-w-almunecar-lew-costa-tropical-sciga-sie-u-siebie\\\/#breadcrumb\"},\"inLanguage\":\"pl-PL\",\"potentialAction\":[{\"@type\":\"ReadAction\",\"target\":[\"https:\\\/\\\/discoveralmunecar.com\\\/pl\\\/vuelta-a-espana-2026-startuje-w-almunecar-lew-costa-tropical-sciga-sie-u-siebie\\\/\"]}]},{\"@type\":\"ImageObject\",\"inLanguage\":\"pl-PL\",\"@id\":\"https:\\\/\\\/discoveralmunecar.com\\\/pl\\\/vuelta-a-espana-2026-startuje-w-almunecar-lew-costa-tropical-sciga-sie-u-siebie\\\/#primaryimage\",\"url\":\"https:\\\/\\\/discoveralmunecar.com\\\/wp-content\\\/uploads\\\/2026\\\/08\\\/Ciclismo.webp\",\"contentUrl\":\"https:\\\/\\\/discoveralmunecar.com\\\/wp-content\\\/uploads\\\/2026\\\/08\\\/Ciclismo.webp\",\"width\":1584,\"height\":672},{\"@type\":\"BreadcrumbList\",\"@id\":\"https:\\\/\\\/discoveralmunecar.com\\\/pl\\\/vuelta-a-espana-2026-startuje-w-almunecar-lew-costa-tropical-sciga-sie-u-siebie\\\/#breadcrumb\",\"itemListElement\":[{\"@type\":\"ListItem\",\"position\":1,\"name\":\"Home\",\"item\":\"https:\\\/\\\/discoveralmunecar.com\\\/pl\\\/\"},{\"@type\":\"ListItem\",\"position\":2,\"name\":\"Vuelta a Espa\u00f1a 2026 startuje w Almu\u00f1\u00e9car: Lew Costa Tropical \u015bciga si\u0119 u siebie\"}]},{\"@type\":\"WebSite\",\"@id\":\"https:\\\/\\\/discoveralmunecar.com\\\/pl\\\/#website\",\"url\":\"https:\\\/\\\/discoveralmunecar.com\\\/pl\\\/\",\"name\":\"\",\"description\":\"Just another WordPress site\\n\",\"potentialAction\":[{\"@type\":\"SearchAction\",\"target\":{\"@type\":\"EntryPoint\",\"urlTemplate\":\"https:\\\/\\\/discoveralmunecar.com\\\/pl\\\/?s={search_term_string}\"},\"query-input\":{\"@type\":\"PropertyValueSpecification\",\"valueRequired\":true,\"valueName\":\"search_term_string\"}}],\"inLanguage\":\"pl-PL\"},{\"@type\":\"Person\",\"@id\":\"https:\\\/\\\/discoveralmunecar.com\\\/pl\\\/#\\\/schema\\\/person\\\/7d931359380d442b7e8832cd0d6a2db0\",\"name\":\"Admin\",\"image\":{\"@type\":\"ImageObject\",\"inLanguage\":\"pl-PL\",\"@id\":\"https:\\\/\\\/secure.gravatar.com\\\/avatar\\\/87aff11e22fb9eda78c606aa27a60cd99fc49aac3a2cf4688b14253df494fd22?s=96&d=mm&r=g\",\"url\":\"https:\\\/\\\/secure.gravatar.com\\\/avatar\\\/87aff11e22fb9eda78c606aa27a60cd99fc49aac3a2cf4688b14253df494fd22?s=96&d=mm&r=g\",\"contentUrl\":\"https:\\\/\\\/secure.gravatar.com\\\/avatar\\\/87aff11e22fb9eda78c606aa27a60cd99fc49aac3a2cf4688b14253df494fd22?s=96&d=mm&r=g\",\"caption\":\"Admin\"},\"url\":\"https:\\\/\\\/discoveralmunecar.com\\\/pl\\\/author\\\/pedro-espinosa\\\/\"}]}<\/script>\n<!-- \/ Yoast SEO plugin. -->","yoast_head_json":{"title":"Vuelta a Espa\u00f1a 2026 startuje w Almu\u00f1\u00e9car: Lew Costa Tropical \u015bciga si\u0119 u siebie -","robots":{"index":"index","follow":"follow","max-snippet":"max-snippet:-1","max-image-preview":"max-image-preview:large","max-video-preview":"max-video-preview:-1"},"canonical":"https:\/\/discoveralmunecar.com\/pl\/vuelta-a-espana-2026-startuje-w-almunecar-lew-costa-tropical-sciga-sie-u-siebie\/","og_locale":"pl_PL","og_type":"article","og_title":"Vuelta a Espa\u00f1a 2026 startuje w Almu\u00f1\u00e9car: Lew Costa Tropical \u015bciga si\u0119 u siebie -","og_description":"Vuelta a Espa\u00f1a 2026 wystartuje w Almu\u00f1\u00e9car w pi\u0105tek 4 wrze\u015bnia. Dla miasta i jednego z jego najwa\u017cniejszych sportowc\u00f3w b\u0119dzie to wyj\u0105tkowy dzie\u0144: Carlos Rodr\u00edguez, urodzony w Almu\u00f1\u00e9car, rozpocznie tutaj rywalizacj\u0119. Po raz pierwszy Almu\u00f1\u00e9car b\u0119dzie miejscem startu etapu Vuelty. Dla kolarza pochodz\u0105cego z Almu\u00f1\u00e9car b\u0119dzie to szczeg\u00f3lna chwila, poniewa\u017c etap wielkiego touru rozpocznie w [&hellip;]","og_url":"https:\/\/discoveralmunecar.com\/pl\/vuelta-a-espana-2026-startuje-w-almunecar-lew-costa-tropical-sciga-sie-u-siebie\/","article_published_time":"2026-09-02T13:14:50+00:00","og_image":[{"width":1584,"height":672,"url":"https:\/\/discoveralmunecar.com\/wp-content\/uploads\/2026\/08\/Ciclismo.webp","type":"image\/webp"}],"author":"Admin","twitter_card":"summary_large_image","twitter_misc":{"Napisane przez":"Admin","Szacowany czas czytania":"3 minuty"},"schema":{"@context":"https:\/\/schema.org","@graph":[{"@type":"Article","@id":"https:\/\/discoveralmunecar.com\/pl\/vuelta-a-espana-2026-startuje-w-almunecar-lew-costa-tropical-sciga-sie-u-siebie\/#article","isPartOf":{"@id":"https:\/\/discoveralmunecar.com\/pl\/vuelta-a-espana-2026-startuje-w-almunecar-lew-costa-tropical-sciga-sie-u-siebie\/"},"author":{"name":"Admin","@id":"https:\/\/discoveralmunecar.com\/pl\/#\/schema\/person\/7d931359380d442b7e8832cd0d6a2db0"},"headline":"Vuelta a Espa\u00f1a 2026 startuje w Almu\u00f1\u00e9car: Lew Costa Tropical \u015bciga si\u0119 u siebie","datePublished":"2026-09-02T13:14:50+00:00","mainEntityOfPage":{"@id":"https:\/\/discoveralmunecar.com\/pl\/vuelta-a-espana-2026-startuje-w-almunecar-lew-costa-tropical-sciga-sie-u-siebie\/"},"wordCount":693,"commentCount":0,"image":{"@id":"https:\/\/discoveralmunecar.com\/pl\/vuelta-a-espana-2026-startuje-w-almunecar-lew-costa-tropical-sciga-sie-u-siebie\/#primaryimage"},"thumbnailUrl":"https:\/\/discoveralmunecar.com\/wp-content\/uploads\/2026\/08\/Ciclismo.webp","articleSection":["Kultura Almu\u00f1\u00e9car","Program kulturalny Almu\u00f1\u00e9car"],"inLanguage":"pl-PL","potentialAction":[{"@type":"CommentAction","name":"Comment","target":["https:\/\/discoveralmunecar.com\/pl\/vuelta-a-espana-2026-startuje-w-almunecar-lew-costa-tropical-sciga-sie-u-siebie\/#respond"]}]},{"@type":"WebPage","@id":"https:\/\/discoveralmunecar.com\/pl\/vuelta-a-espana-2026-startuje-w-almunecar-lew-costa-tropical-sciga-sie-u-siebie\/","url":"https:\/\/discoveralmunecar.com\/pl\/vuelta-a-espana-2026-startuje-w-almunecar-lew-costa-tropical-sciga-sie-u-siebie\/","name":"Vuelta a Espa\u00f1a 2026 startuje w Almu\u00f1\u00e9car: Lew Costa Tropical \u015bciga si\u0119 u siebie -","isPartOf":{"@id":"https:\/\/discoveralmunecar.com\/pl\/#website"},"primaryImageOfPage":{"@id":"https:\/\/discoveralmunecar.com\/pl\/vuelta-a-espana-2026-startuje-w-almunecar-lew-costa-tropical-sciga-sie-u-siebie\/#primaryimage"},"image":{"@id":"https:\/\/discoveralmunecar.com\/pl\/vuelta-a-espana-2026-startuje-w-almunecar-lew-costa-tropical-sciga-sie-u-siebie\/#primaryimage"},"thumbnailUrl":"https:\/\/discoveralmunecar.com\/wp-content\/uploads\/2026\/08\/Ciclismo.webp","datePublished":"2026-09-02T13:14:50+00:00","author":{"@id":"https:\/\/discoveralmunecar.com\/pl\/#\/schema\/person\/7d931359380d442b7e8832cd0d6a2db0"},"breadcrumb":{"@id":"https:\/\/discoveralmunecar.com\/pl\/vuelta-a-espana-2026-startuje-w-almunecar-lew-costa-tropical-sciga-sie-u-siebie\/#breadcrumb"},"inLanguage":"pl-PL","potentialAction":[{"@type":"ReadAction","target":["https:\/\/discoveralmunecar.com\/pl\/vuelta-a-espana-2026-startuje-w-almunecar-lew-costa-tropical-sciga-sie-u-siebie\/"]}]},{"@type":"ImageObject","inLanguage":"pl-PL","@id":"https:\/\/discoveralmunecar.com\/pl\/vuelta-a-espana-2026-startuje-w-almunecar-lew-costa-tropical-sciga-sie-u-siebie\/#primaryimage","url":"https:\/\/discoveralmunecar.com\/wp-content\/uploads\/2026\/08\/Ciclismo.webp","contentUrl":"https:\/\/discoveralmunecar.com\/wp-content\/uploads\/2026\/08\/Ciclismo.webp","width":1584,"height":672},{"@type":"BreadcrumbList","@id":"https:\/\/discoveralmunecar.com\/pl\/vuelta-a-espana-2026-startuje-w-almunecar-lew-costa-tropical-sciga-sie-u-siebie\/#breadcrumb","itemListElement":[{"@type":"ListItem","position":1,"name":"Home","item":"https:\/\/discoveralmunecar.com\/pl\/"},{"@type":"ListItem","position":2,"name":"Vuelta a Espa\u00f1a 2026 startuje w Almu\u00f1\u00e9car: Lew Costa Tropical \u015bciga si\u0119 u siebie"}]},{"@type":"WebSite","@id":"https:\/\/discoveralmunecar.com\/pl\/#website","url":"https:\/\/discoveralmunecar.com\/pl\/","name":"","description":"Just another WordPress site\n","potentialAction":[{"@type":"SearchAction","target":{"@type":"EntryPoint","urlTemplate":"https:\/\/discoveralmunecar.com\/pl\/?s={search_term_string}"},"query-input":{"@type":"PropertyValueSpecification","valueRequired":true,"valueName":"search_term_string"}}],"inLanguage":"pl-PL"},{"@type":"Person","@id":"https:\/\/discoveralmunecar.com\/pl\/#\/schema\/person\/7d931359380d442b7e8832cd0d6a2db0","name":"Admin","image":{"@type":"ImageObject","inLanguage":"pl-PL","@id":"https:\/\/secure.gravatar.com\/avatar\/87aff11e22fb9eda78c606aa27a60cd99fc49aac3a2cf4688b14253df494fd22?s=96&d=mm&r=g","url":"https:\/\/secure.gravatar.com\/avatar\/87aff11e22fb9eda78c606aa27a60cd99fc49aac3a2cf4688b14253df494fd22?s=96&d=mm&r=g","contentUrl":"https:\/\/secure.gravatar.com\/avatar\/87aff11e22fb9eda78c606aa27a60cd99fc49aac3a2cf4688b14253df494fd22?s=96&d=mm&r=g","caption":"Admin"},"url":"https:\/\/discoveralmunecar.com\/pl\/author\/pedro-espinosa\/"}]}},"_links":{"self":[{"href":"https:\/\/discoveralmunecar.com\/pl\/wp-json\/wp\/v2\/posts\/22633","targetHints":{"allow":["GET"]}}],"collection":[{"href":"https:\/\/discoveralmunecar.com\/pl\/wp-json\/wp\/v2\/posts"}],"about":[{"href":"https:\/\/discoveralmunecar.com\/pl\/wp-json\/wp\/v2\/types\/post"}],"author":[{"embeddable":true,"href":"https:\/\/discoveralmunecar.com\/pl\/wp-json\/wp\/v2\/users\/2"}],"replies":[{"embeddable":true,"href":"https:\/\/discoveralmunecar.com\/pl\/wp-json\/wp\/v2\/comments?post=22633"}],"version-history":[{"count":1,"href":"https:\/\/discoveralmunecar.com\/pl\/wp-json\/wp\/v2\/posts\/22633\/revisions"}],"predecessor-version":[{"id":22634,"href":"https:\/\/discoveralmunecar.com\/pl\/wp-json\/wp\/v2\/posts\/22633\/revisions\/22634"}],"wp:featuredmedia":[{"embeddable":true,"href":"https:\/\/discoveralmunecar.com\/pl\/wp-json\/wp\/v2\/media\/22543"}],"wp:attachment":[{"href":"https:\/\/discoveralmunecar.com\/pl\/wp-json\/wp\/v2\/media?parent=22633"}],"wp:term":[{"taxonomy":"category","embeddable":true,"href":"https:\/\/discoveralmunecar.com\/pl\/wp-json\/wp\/v2\/categories?post=22633"},{"taxonomy":"post_tag","embeddable":true,"href":"https:\/\/discoveralmunecar.com\/pl\/wp-json\/wp\/v2\/tags?post=22633"}],"curies":[{"name":"wp","href":"https:\/\/api.w.org\/{rel}","templated":true}]}}