{"id":7795,"date":"2022-04-07T04:33:14","date_gmt":"2022-04-07T04:33:14","guid":{"rendered":"https:\/\/discoveralmunecar.com\/?p=7795"},"modified":"2022-04-12T10:40:22","modified_gmt":"2022-04-12T10:40:22","slug":"tydzien-wielkanocny-w-almunecar-2022","status":"publish","type":"post","link":"https:\/\/discoveralmunecar.com\/pl\/tydzien-wielkanocny-w-almunecar-2022\/","title":{"rendered":"Tydzie\u0144 Wielkanocny w Almu\u00f1\u00e9car 2022"},"content":{"rendered":"<p>[vc_row][vc_column][vc_video link=&#8221;https:\/\/youtu.be\/4KZmtzzceIU&#8221;]<div class=\"text-block\" ><div class=\"simple-text \"><p><strong>Poni\u017cej, w pliku PDF, znajduje si\u0119 plan podr\u00f3\u017cy na Wielki Tydzie\u0144.<\/strong><\/p>\n<p>Je\u015bli jest jakie\u015b miejsce na \u015bwiecie, gdzie Wielki Tydzie\u0144 jest prze\u017cywany ze szczeg\u00f3ln\u0105 pobo\u017cno\u015bci\u0105 i intensywno\u015bci\u0105, to bez w\u0105tpienia jest to Andaluzja, a Almu\u00f1\u00e9car, jedno z najstarszych i najbardziej tradycyjnych miast tego regionu, nie jest tu wyj\u0105tkiem. Z tego powodu, po dw\u00f3ch latach, w kt\u00f3rych nie mo\u017cna by\u0142o cieszy\u0107 si\u0119 tym \u015bwi\u0119tem uznanym za wa\u017cne turystycznie w Andaluzji z powodu pandemii COVID19, w tym roku Wielki Tydzie\u0144 powraca do Almu\u00f1\u00e9car z wi\u0119kszym entuzjazmem ni\u017c kiedykolwiek.<\/p>\n<p>Discover Almu\u00f1\u00e9car prezentuje Tydzie\u0144 Wielkanocny w Almu\u00f1\u00e9car, w tym oczekiwanym 2.022 miejscu obchody M\u0119ki Pa\u0144skiej b\u0119d\u0105 trwa\u0142y od 10 kwietnia, co zbiega si\u0119 z Niedziel\u0105 Palmow\u0105, do Niedzieli Wielkanocnej, kt\u00f3ra przypada 17 dnia tego samego miesi\u0105ca. W ci\u0105gu tego tygodnia odwiedzaj\u0105cy i mieszka\u0144cy Almu\u00f1\u00e9car b\u0119d\u0105 mogli podziwia\u0107 16 procesji prowadzonych przez 15 bractw z Almu\u00f1\u00e9car, kt\u00f3re b\u0119d\u0105 paradowa\u0107 ze swoimi tronami na ramionach swoich nosicieli, zalewaj\u0105c wszystkie ulice i place historycznego centrum Almu\u00f1\u00e9car intensywn\u0105 pobo\u017cno\u015bci\u0105, ca\u0142\u0105 pasj\u0105 i tradycj\u0105 zwi\u0105zan\u0105 z tym g\u0142\u0119boko zakorzenionym \u015bwi\u0119tem religijnym.<\/p>\n<p>Ponadto ka\u017cdej procesji do p\u00f3\u017anych godzin nocnych towarzyszy\u0107 b\u0119d\u0105 okazali pokutnicy, mantylki i inni wierni.<\/p>\n<p>Wielki Czwartek to popo\u0142udnie, kiedy mo\u017cemy podziwia\u0107 trzy najwa\u017cniejsze bractwa w mie\u015bcie: Nazarejczyk\u00f3w, Dziewic\u0119 Bolesn\u0105 i Dziewic\u0119 Nadziei. Jednak nast\u0119pnego dnia, w Wielki Pi\u0105tek, zgodnie z tradycj\u0105 miasta, obchodzone jest &#8220;el Paso&#8221; (Przej\u015bcie), czyli autosakramentalne wydarzenie, w kt\u00f3rym setki mieszka\u0144c\u00f3w Almu\u00f1\u00e9car, przemienionych w aktor\u00f3w, przedstawiaj\u0105 drog\u0119 Chrystusa wzd\u0142u\u017c Calle de la Amargura, co jest jedn\u0105 z ciekawostek wyr\u00f3\u017cniaj\u0105cych Wielki Tydzie\u0144 w Almu\u00f1\u00e9car spo\u015br\u00f3d innych.<\/p>\n<p>Jej pocz\u0105tki si\u0119gaj\u0105 przybycia rze\u017aby Nuestro Padre Jes\u00fas Nazareno y Nuestra Se\u00f1ora Virgen de los Dolores (Nasz Ojciec Jezus z Nazaretu i Matka Bo\u017ca Bolesna) w XVI wieku, co czyni j\u0105 tradycj\u0105 si\u0119gaj\u0105c\u0105 ponad pi\u0119ciu wiek\u00f3w.<br \/>\nChocia\u017c w historii gminy zdarza\u0142y si\u0119 te\u017c wpadki, na przyk\u0142ad podczas hiszpa\u0144skiej wojny domowej (1936-1939) spalono wiele obraz\u00f3w, z wyj\u0105tkiem r\u0105k i g\u0142owy Virgen de los Dolores. Pi\u0119\u0107 lat po wojnie \u00f3wczesny arcybiskup Granady, Don Agust\u00edn Parrado Garc\u00eda, zach\u0119ca\u0142 wszystkie miasta prowincji do wznowienia obchod\u00f3w Wielkiego Tygodnia. Szczeg\u00f3lnie w Almu\u00f1\u00e9car, z inicjatywy proboszcza Jos\u00e9 L\u00f3peza Fern\u00e1ndeza, utworzono Zarz\u0105d Tymczasowy, a kilka lat p\u00f3\u017aniej powsta\u0142o Stowarzyszenie Bractw i Wsp\u00f3lnot Braterskich.<br \/>\nPod koniec XX wieku powsta\u0142o wiele bractw i siostrzanych wsp\u00f3lnot, z kt\u00f3rych wszystkie s\u0105 regulowane przez Stowarzyszenie Bractw i Si\u00f3str Wielkiego Tygodnia w Almu\u00f1\u00e9car, w kt\u00f3rym zarejestrowane s\u0105 wszystkie bractwa z wyj\u0105tkiem Bractwa La Soledad. W 2008 roku uroczysto\u015b\u0107 &#8220;El Paso&#8221; zosta\u0142a uhonorowana nagrod\u0105 Turystyki Granady, a tak\u017ce uznana za festiwal o znaczeniu turystycznym w Andaluzji.<\/p>\n<p>Je\u015bli chcesz prze\u017cy\u0107 M\u0119k\u0119, \u015amier\u0107 i Zmartwychwstanie Chrystusa tak, jak nigdy wcze\u015bniej, poczu\u0107 ca\u0142\u0105 pobo\u017cno\u015b\u0107 i pozna\u0107 staro\u017cytne zwyczaje zwi\u0105zane z czym\u015b wi\u0119cej ni\u017c tylko \u015bwi\u0119tem religijnym, nie zapomnij odwiedzi\u0107 Almu\u00f1\u00e9car, najstarszego miasta hiszpa\u0144skiego basenu Morza \u015ar\u00f3dziemnego, w czasie tej Wielkanocy.<\/p>\n<\/div><\/div>[vc_empty_space][\/vc_column][\/vc_row][vc_row][vc_column]<div class=\"text-block\" ><div class=\"simple-text \"><a href=\"https:\/\/discoveralmunecar.com\/wp-content\/uploads\/2022\/04\/guia-procesiones-2022.pdf\" class=\"pdfemb-viewer\" style=\"\" data-width=\"max\" data-height=\"max\" data-toolbar=\"bottom\" data-toolbar-fixed=\"off\">guia procesiones Almu\u00f1ecar 2022<\/a>\n<\/div><\/div>[\/vc_column][\/vc_row]<\/p>\n","protected":false},"excerpt":{"rendered":"<p>[vc_row][vc_column][vc_video link=&#8221;https:\/\/youtu.be\/4KZmtzzceIU&#8221;][vc_empty_space][\/vc_column][\/vc_row][vc_row][vc_column][\/vc_column][\/vc_row]<\/p>\n","protected":false},"author":2,"featured_media":7823,"comment_status":"open","ping_status":"closed","sticky":false,"template":"","format":"standard","meta":{"footnotes":""},"categories":[174],"tags":[],"class_list":["post-7795","post","type-post","status-publish","format-standard","has-post-thumbnail","hentry","category-bez-kategorii"],"yoast_head":"<!-- This site is optimized with the Yoast SEO plugin v27.3 - https:\/\/yoast.com\/product\/yoast-seo-wordpress\/ -->\n<title>Tydzie\u0144 Wielkanocny w Almu\u00f1\u00e9car 2022 -<\/title>\n<meta name=\"robots\" content=\"index, follow, max-snippet:-1, max-image-preview:large, max-video-preview:-1\" \/>\n<link rel=\"canonical\" href=\"https:\/\/discoveralmunecar.com\/pl\/tydzien-wielkanocny-w-almunecar-2022\/\" \/>\n<meta property=\"og:locale\" content=\"pl_PL\" \/>\n<meta property=\"og:type\" content=\"article\" \/>\n<meta property=\"og:title\" content=\"Tydzie\u0144 Wielkanocny w Almu\u00f1\u00e9car 2022 -\" \/>\n<meta property=\"og:description\" content=\"[vc_row][vc_column][vc_video link=&#8221;https:\/\/youtu.be\/4KZmtzzceIU&#8221;][vc_empty_space][\/vc_column][\/vc_row][vc_row][vc_column][\/vc_column][\/vc_row]\" \/>\n<meta property=\"og:url\" content=\"https:\/\/discoveralmunecar.com\/pl\/tydzien-wielkanocny-w-almunecar-2022\/\" \/>\n<meta property=\"article:published_time\" content=\"2022-04-07T04:33:14+00:00\" \/>\n<meta property=\"article:modified_time\" content=\"2022-04-12T10:40:22+00:00\" \/>\n<meta property=\"og:image\" content=\"https:\/\/discoveralmunecar.com\/wp-content\/uploads\/2022\/04\/C01031@0.5x.jpg\" \/>\n\t<meta property=\"og:image:width\" content=\"1920\" \/>\n\t<meta property=\"og:image:height\" content=\"1080\" \/>\n\t<meta property=\"og:image:type\" content=\"image\/jpeg\" \/>\n<meta name=\"author\" content=\"Admin\" \/>\n<meta name=\"twitter:card\" content=\"summary_large_image\" \/>\n<meta name=\"twitter:label1\" content=\"Napisane przez\" \/>\n\t<meta name=\"twitter:data1\" content=\"Admin\" \/>\n\t<meta name=\"twitter:label2\" content=\"Szacowany czas czytania\" \/>\n\t<meta name=\"twitter:data2\" content=\"3 minuty\" \/>\n<script type=\"application\/ld+json\" class=\"yoast-schema-graph\">{\"@context\":\"https:\\\/\\\/schema.org\",\"@graph\":[{\"@type\":\"Article\",\"@id\":\"https:\\\/\\\/discoveralmunecar.com\\\/pl\\\/tydzien-wielkanocny-w-almunecar-2022\\\/#article\",\"isPartOf\":{\"@id\":\"https:\\\/\\\/discoveralmunecar.com\\\/pl\\\/tydzien-wielkanocny-w-almunecar-2022\\\/\"},\"author\":{\"name\":\"Admin\",\"@id\":\"https:\\\/\\\/discoveralmunecar.com\\\/pl\\\/#\\\/schema\\\/person\\\/7d931359380d442b7e8832cd0d6a2db0\"},\"headline\":\"Tydzie\u0144 Wielkanocny w Almu\u00f1\u00e9car 2022\",\"datePublished\":\"2022-04-07T04:33:14+00:00\",\"dateModified\":\"2022-04-12T10:40:22+00:00\",\"mainEntityOfPage\":{\"@id\":\"https:\\\/\\\/discoveralmunecar.com\\\/pl\\\/tydzien-wielkanocny-w-almunecar-2022\\\/\"},\"wordCount\":618,\"commentCount\":0,\"image\":{\"@id\":\"https:\\\/\\\/discoveralmunecar.com\\\/pl\\\/tydzien-wielkanocny-w-almunecar-2022\\\/#primaryimage\"},\"thumbnailUrl\":\"https:\\\/\\\/discoveralmunecar.com\\\/wp-content\\\/uploads\\\/2022\\\/04\\\/C01031@0.5x.jpg\",\"inLanguage\":\"pl-PL\",\"potentialAction\":[{\"@type\":\"CommentAction\",\"name\":\"Comment\",\"target\":[\"https:\\\/\\\/discoveralmunecar.com\\\/pl\\\/tydzien-wielkanocny-w-almunecar-2022\\\/#respond\"]}]},{\"@type\":\"WebPage\",\"@id\":\"https:\\\/\\\/discoveralmunecar.com\\\/pl\\\/tydzien-wielkanocny-w-almunecar-2022\\\/\",\"url\":\"https:\\\/\\\/discoveralmunecar.com\\\/pl\\\/tydzien-wielkanocny-w-almunecar-2022\\\/\",\"name\":\"Tydzie\u0144 Wielkanocny w Almu\u00f1\u00e9car 2022 -\",\"isPartOf\":{\"@id\":\"https:\\\/\\\/discoveralmunecar.com\\\/pl\\\/#website\"},\"primaryImageOfPage\":{\"@id\":\"https:\\\/\\\/discoveralmunecar.com\\\/pl\\\/tydzien-wielkanocny-w-almunecar-2022\\\/#primaryimage\"},\"image\":{\"@id\":\"https:\\\/\\\/discoveralmunecar.com\\\/pl\\\/tydzien-wielkanocny-w-almunecar-2022\\\/#primaryimage\"},\"thumbnailUrl\":\"https:\\\/\\\/discoveralmunecar.com\\\/wp-content\\\/uploads\\\/2022\\\/04\\\/C01031@0.5x.jpg\",\"datePublished\":\"2022-04-07T04:33:14+00:00\",\"dateModified\":\"2022-04-12T10:40:22+00:00\",\"author\":{\"@id\":\"https:\\\/\\\/discoveralmunecar.com\\\/pl\\\/#\\\/schema\\\/person\\\/7d931359380d442b7e8832cd0d6a2db0\"},\"breadcrumb\":{\"@id\":\"https:\\\/\\\/discoveralmunecar.com\\\/pl\\\/tydzien-wielkanocny-w-almunecar-2022\\\/#breadcrumb\"},\"inLanguage\":\"pl-PL\",\"potentialAction\":[{\"@type\":\"ReadAction\",\"target\":[\"https:\\\/\\\/discoveralmunecar.com\\\/pl\\\/tydzien-wielkanocny-w-almunecar-2022\\\/\"]}]},{\"@type\":\"ImageObject\",\"inLanguage\":\"pl-PL\",\"@id\":\"https:\\\/\\\/discoveralmunecar.com\\\/pl\\\/tydzien-wielkanocny-w-almunecar-2022\\\/#primaryimage\",\"url\":\"https:\\\/\\\/discoveralmunecar.com\\\/wp-content\\\/uploads\\\/2022\\\/04\\\/C01031@0.5x.jpg\",\"contentUrl\":\"https:\\\/\\\/discoveralmunecar.com\\\/wp-content\\\/uploads\\\/2022\\\/04\\\/C01031@0.5x.jpg\",\"width\":1920,\"height\":1080,\"caption\":\"Semana Santa Almu\u00f1\u00e9car\"},{\"@type\":\"BreadcrumbList\",\"@id\":\"https:\\\/\\\/discoveralmunecar.com\\\/pl\\\/tydzien-wielkanocny-w-almunecar-2022\\\/#breadcrumb\",\"itemListElement\":[{\"@type\":\"ListItem\",\"position\":1,\"name\":\"Home\",\"item\":\"https:\\\/\\\/discoveralmunecar.com\\\/pl\\\/\"},{\"@type\":\"ListItem\",\"position\":2,\"name\":\"Tydzie\u0144 Wielkanocny w Almu\u00f1\u00e9car 2022\"}]},{\"@type\":\"WebSite\",\"@id\":\"https:\\\/\\\/discoveralmunecar.com\\\/pl\\\/#website\",\"url\":\"https:\\\/\\\/discoveralmunecar.com\\\/pl\\\/\",\"name\":\"\",\"description\":\"Just another WordPress site\\n\",\"potentialAction\":[{\"@type\":\"SearchAction\",\"target\":{\"@type\":\"EntryPoint\",\"urlTemplate\":\"https:\\\/\\\/discoveralmunecar.com\\\/pl\\\/?s={search_term_string}\"},\"query-input\":{\"@type\":\"PropertyValueSpecification\",\"valueRequired\":true,\"valueName\":\"search_term_string\"}}],\"inLanguage\":\"pl-PL\"},{\"@type\":\"Person\",\"@id\":\"https:\\\/\\\/discoveralmunecar.com\\\/pl\\\/#\\\/schema\\\/person\\\/7d931359380d442b7e8832cd0d6a2db0\",\"name\":\"Admin\",\"image\":{\"@type\":\"ImageObject\",\"inLanguage\":\"pl-PL\",\"@id\":\"https:\\\/\\\/secure.gravatar.com\\\/avatar\\\/87aff11e22fb9eda78c606aa27a60cd99fc49aac3a2cf4688b14253df494fd22?s=96&d=mm&r=g\",\"url\":\"https:\\\/\\\/secure.gravatar.com\\\/avatar\\\/87aff11e22fb9eda78c606aa27a60cd99fc49aac3a2cf4688b14253df494fd22?s=96&d=mm&r=g\",\"contentUrl\":\"https:\\\/\\\/secure.gravatar.com\\\/avatar\\\/87aff11e22fb9eda78c606aa27a60cd99fc49aac3a2cf4688b14253df494fd22?s=96&d=mm&r=g\",\"caption\":\"Admin\"},\"url\":\"https:\\\/\\\/discoveralmunecar.com\\\/pl\\\/author\\\/pedro-espinosa\\\/\"}]}<\/script>\n<!-- \/ Yoast SEO plugin. -->","yoast_head_json":{"title":"Tydzie\u0144 Wielkanocny w Almu\u00f1\u00e9car 2022 -","robots":{"index":"index","follow":"follow","max-snippet":"max-snippet:-1","max-image-preview":"max-image-preview:large","max-video-preview":"max-video-preview:-1"},"canonical":"https:\/\/discoveralmunecar.com\/pl\/tydzien-wielkanocny-w-almunecar-2022\/","og_locale":"pl_PL","og_type":"article","og_title":"Tydzie\u0144 Wielkanocny w Almu\u00f1\u00e9car 2022 -","og_description":"[vc_row][vc_column][vc_video link=&#8221;https:\/\/youtu.be\/4KZmtzzceIU&#8221;][vc_empty_space][\/vc_column][\/vc_row][vc_row][vc_column][\/vc_column][\/vc_row]","og_url":"https:\/\/discoveralmunecar.com\/pl\/tydzien-wielkanocny-w-almunecar-2022\/","article_published_time":"2022-04-07T04:33:14+00:00","article_modified_time":"2022-04-12T10:40:22+00:00","og_image":[{"width":1920,"height":1080,"url":"https:\/\/discoveralmunecar.com\/wp-content\/uploads\/2022\/04\/C01031@0.5x.jpg","type":"image\/jpeg"}],"author":"Admin","twitter_card":"summary_large_image","twitter_misc":{"Napisane przez":"Admin","Szacowany czas czytania":"3 minuty"},"schema":{"@context":"https:\/\/schema.org","@graph":[{"@type":"Article","@id":"https:\/\/discoveralmunecar.com\/pl\/tydzien-wielkanocny-w-almunecar-2022\/#article","isPartOf":{"@id":"https:\/\/discoveralmunecar.com\/pl\/tydzien-wielkanocny-w-almunecar-2022\/"},"author":{"name":"Admin","@id":"https:\/\/discoveralmunecar.com\/pl\/#\/schema\/person\/7d931359380d442b7e8832cd0d6a2db0"},"headline":"Tydzie\u0144 Wielkanocny w Almu\u00f1\u00e9car 2022","datePublished":"2022-04-07T04:33:14+00:00","dateModified":"2022-04-12T10:40:22+00:00","mainEntityOfPage":{"@id":"https:\/\/discoveralmunecar.com\/pl\/tydzien-wielkanocny-w-almunecar-2022\/"},"wordCount":618,"commentCount":0,"image":{"@id":"https:\/\/discoveralmunecar.com\/pl\/tydzien-wielkanocny-w-almunecar-2022\/#primaryimage"},"thumbnailUrl":"https:\/\/discoveralmunecar.com\/wp-content\/uploads\/2022\/04\/C01031@0.5x.jpg","inLanguage":"pl-PL","potentialAction":[{"@type":"CommentAction","name":"Comment","target":["https:\/\/discoveralmunecar.com\/pl\/tydzien-wielkanocny-w-almunecar-2022\/#respond"]}]},{"@type":"WebPage","@id":"https:\/\/discoveralmunecar.com\/pl\/tydzien-wielkanocny-w-almunecar-2022\/","url":"https:\/\/discoveralmunecar.com\/pl\/tydzien-wielkanocny-w-almunecar-2022\/","name":"Tydzie\u0144 Wielkanocny w Almu\u00f1\u00e9car 2022 -","isPartOf":{"@id":"https:\/\/discoveralmunecar.com\/pl\/#website"},"primaryImageOfPage":{"@id":"https:\/\/discoveralmunecar.com\/pl\/tydzien-wielkanocny-w-almunecar-2022\/#primaryimage"},"image":{"@id":"https:\/\/discoveralmunecar.com\/pl\/tydzien-wielkanocny-w-almunecar-2022\/#primaryimage"},"thumbnailUrl":"https:\/\/discoveralmunecar.com\/wp-content\/uploads\/2022\/04\/C01031@0.5x.jpg","datePublished":"2022-04-07T04:33:14+00:00","dateModified":"2022-04-12T10:40:22+00:00","author":{"@id":"https:\/\/discoveralmunecar.com\/pl\/#\/schema\/person\/7d931359380d442b7e8832cd0d6a2db0"},"breadcrumb":{"@id":"https:\/\/discoveralmunecar.com\/pl\/tydzien-wielkanocny-w-almunecar-2022\/#breadcrumb"},"inLanguage":"pl-PL","potentialAction":[{"@type":"ReadAction","target":["https:\/\/discoveralmunecar.com\/pl\/tydzien-wielkanocny-w-almunecar-2022\/"]}]},{"@type":"ImageObject","inLanguage":"pl-PL","@id":"https:\/\/discoveralmunecar.com\/pl\/tydzien-wielkanocny-w-almunecar-2022\/#primaryimage","url":"https:\/\/discoveralmunecar.com\/wp-content\/uploads\/2022\/04\/C01031@0.5x.jpg","contentUrl":"https:\/\/discoveralmunecar.com\/wp-content\/uploads\/2022\/04\/C01031@0.5x.jpg","width":1920,"height":1080,"caption":"Semana Santa Almu\u00f1\u00e9car"},{"@type":"BreadcrumbList","@id":"https:\/\/discoveralmunecar.com\/pl\/tydzien-wielkanocny-w-almunecar-2022\/#breadcrumb","itemListElement":[{"@type":"ListItem","position":1,"name":"Home","item":"https:\/\/discoveralmunecar.com\/pl\/"},{"@type":"ListItem","position":2,"name":"Tydzie\u0144 Wielkanocny w Almu\u00f1\u00e9car 2022"}]},{"@type":"WebSite","@id":"https:\/\/discoveralmunecar.com\/pl\/#website","url":"https:\/\/discoveralmunecar.com\/pl\/","name":"","description":"Just another WordPress site\n","potentialAction":[{"@type":"SearchAction","target":{"@type":"EntryPoint","urlTemplate":"https:\/\/discoveralmunecar.com\/pl\/?s={search_term_string}"},"query-input":{"@type":"PropertyValueSpecification","valueRequired":true,"valueName":"search_term_string"}}],"inLanguage":"pl-PL"},{"@type":"Person","@id":"https:\/\/discoveralmunecar.com\/pl\/#\/schema\/person\/7d931359380d442b7e8832cd0d6a2db0","name":"Admin","image":{"@type":"ImageObject","inLanguage":"pl-PL","@id":"https:\/\/secure.gravatar.com\/avatar\/87aff11e22fb9eda78c606aa27a60cd99fc49aac3a2cf4688b14253df494fd22?s=96&d=mm&r=g","url":"https:\/\/secure.gravatar.com\/avatar\/87aff11e22fb9eda78c606aa27a60cd99fc49aac3a2cf4688b14253df494fd22?s=96&d=mm&r=g","contentUrl":"https:\/\/secure.gravatar.com\/avatar\/87aff11e22fb9eda78c606aa27a60cd99fc49aac3a2cf4688b14253df494fd22?s=96&d=mm&r=g","caption":"Admin"},"url":"https:\/\/discoveralmunecar.com\/pl\/author\/pedro-espinosa\/"}]}},"_links":{"self":[{"href":"https:\/\/discoveralmunecar.com\/pl\/wp-json\/wp\/v2\/posts\/7795","targetHints":{"allow":["GET"]}}],"collection":[{"href":"https:\/\/discoveralmunecar.com\/pl\/wp-json\/wp\/v2\/posts"}],"about":[{"href":"https:\/\/discoveralmunecar.com\/pl\/wp-json\/wp\/v2\/types\/post"}],"author":[{"embeddable":true,"href":"https:\/\/discoveralmunecar.com\/pl\/wp-json\/wp\/v2\/users\/2"}],"replies":[{"embeddable":true,"href":"https:\/\/discoveralmunecar.com\/pl\/wp-json\/wp\/v2\/comments?post=7795"}],"version-history":[{"count":3,"href":"https:\/\/discoveralmunecar.com\/pl\/wp-json\/wp\/v2\/posts\/7795\/revisions"}],"predecessor-version":[{"id":7832,"href":"https:\/\/discoveralmunecar.com\/pl\/wp-json\/wp\/v2\/posts\/7795\/revisions\/7832"}],"wp:featuredmedia":[{"embeddable":true,"href":"https:\/\/discoveralmunecar.com\/pl\/wp-json\/wp\/v2\/media\/7823"}],"wp:attachment":[{"href":"https:\/\/discoveralmunecar.com\/pl\/wp-json\/wp\/v2\/media?parent=7795"}],"wp:term":[{"taxonomy":"category","embeddable":true,"href":"https:\/\/discoveralmunecar.com\/pl\/wp-json\/wp\/v2\/categories?post=7795"},{"taxonomy":"post_tag","embeddable":true,"href":"https:\/\/discoveralmunecar.com\/pl\/wp-json\/wp\/v2\/tags?post=7795"}],"curies":[{"name":"wp","href":"https:\/\/api.w.org\/{rel}","templated":true}]}}